{"id":9204,"date":"2026-09-02T14:10:26","date_gmt":"2026-09-02T14:10:26","guid":{"rendered":"https:\/\/challengeseconomiques.com\/?p=9204"},"modified":"2026-09-02T14:11:36","modified_gmt":"2026-09-02T14:11:36","slug":"senegal-ptds-et-accord-avec-le-fmi-le-retour-au-realisme-economique-apres-deux-annees-perdues","status":"publish","type":"post","link":"https:\/\/challengeseconomiques.com\/?p=9204","title":{"rendered":"S\u00c9N\u00c9GAL : PTDS ET ACCORD AVEC LE FMI, LE RETOUR AU R\u00c9ALISME \u00c9CONOMIQUE APR\u00c8S DEUX ANN\u00c9ES PERDUES"},"content":{"rendered":"<p><strong>Par Pr Amath Ndiaye<\/strong><\/p>\n<p><strong>Le lancement du Plan de traitement de la dette du S\u00e9n\u00e9gal (PTDS) et l&rsquo;accord conclu au niveau des services avec le Fonds mon\u00e9taire international constituent un tournant majeur dans la gestion de la crise financi\u00e8re s\u00e9n\u00e9galaise. Elles consacrent surtout une rupture avec le \u00ab souverainisme \u00e9conomique utopique \u00bb qui avait marqu\u00e9 les premi\u00e8res orientations du r\u00e9gime du pr\u00e9sident Bassirou Diomaye Faye.<\/strong><\/p>\n<p><strong>\u00a0Le retour au principe de r\u00e9alit\u00e9\u00a0<\/strong><\/p>\n<p>Le communiqu\u00e9 du FMI du 1er septembre 2026 marque un changement important. L&rsquo;institution indique explicitement que \u00ab les autorit\u00e9s ont annonc\u00e9 leur intention de solliciter un traitement de la dette afin de r\u00e9tablir sa viabilit\u00e9 \u00bb. La question n&rsquo;est donc plus simplement d&rsquo;am\u00e9liorer la gestion des \u00e9ch\u00e9ances ou d&rsquo;optimiser le portefeuille de dette : il s&rsquo;agit d\u00e9sormais de restaurer sa soutenabilit\u00e9.<\/p>\n<p>Dans le m\u00eame temps, les autorit\u00e9s s\u00e9n\u00e9galaises et les services du FMI sont parvenus \u00e0 un accord technique sur un programme de 36 mois, pour un financement d&rsquo;environ 2,2 milliards de dollars, soit quelque 1 245 milliards de FCFA. Cet accord reste soumis \u00e0 l&rsquo;approbation de la direction puis du Conseil d&rsquo;administration du FMI.<\/p>\n<p>Ce rapprochement constitue une rupture bienvenue avec le souverainisme \u00e9conomique utopique qui avait largement inspir\u00e9 le premier gouvernement du pr\u00e9sident Diomaye Faye. Cette approche, qui tendait \u00e0 sous-estimer les contraintes financi\u00e8res ext\u00e9rieures et la n\u00e9cessit\u00e9 de restaurer rapidement la confiance des partenaires, aura fait perdre au pays pr\u00e8s de deux pr\u00e9cieuses ann\u00e9es.<\/p>\n<p>La souverainet\u00e9 \u00e9conomique ne consiste pas \u00e0 se couper du FMI, de la Banque mondiale, des march\u00e9s ou des investisseurs internationaux. Elle consiste \u00e0 \u00eatre capable de n\u00e9gocier avec eux dans l&rsquo;int\u00e9r\u00eat national tout en renfor\u00e7ant ses propres capacit\u00e9s \u00e9conomiques et financi\u00e8res.<\/p>\n<p>Les 1 245 milliards de FCFA sur trois ans ne doivent cependant pas faire illusion : ils restent tr\u00e8s inf\u00e9rieurs aux besoins de financement de l&rsquo;\u00c9tat, qui d\u00e9passent 6 000 milliards de FCFA pour la seule ann\u00e9e 2026. L&rsquo;int\u00e9r\u00eat strat\u00e9gique de l&rsquo;accord r\u00e9side donc moins dans son montant que dans l&rsquo;effet de confiance et de levier qu&rsquo;il peut produire aupr\u00e8s des bailleurs, cr\u00e9anciers et investisseurs.<\/p>\n<p><strong>\u00a0Un ajustement budg\u00e9taire in\u00e9vitable, mais pas un ajustement structurel\u00a0<\/strong><\/p>\n<p>Le traitement de la dette ne pourra produire des r\u00e9sultats durables sans un redressement parall\u00e8le des finances publiques. L&rsquo;accord pr\u00e9voit une augmentation des ressources int\u00e9rieures et une rationalisation des d\u00e9penses publiques.<\/p>\n<p>L&rsquo;\u00e9quation est simple : restructurer aujourd&rsquo;hui une dette devenue difficilement soutenable tout en maintenant durablement des d\u00e9ficits excessifs conduirait \u00e0 reconstituer, quelques ann\u00e9es plus tard, un nouveau stock de dette insoutenable.<\/p>\n<p>Il faut toutefois \u00e9viter une confusion. Il ne s&rsquo;agit pas d&rsquo;un Programme d&rsquo;ajustement structurel comparable \u00e0 ceux des ann\u00e9es 1980 et 1990. Nous sommes principalement dans une logique de stabilisation macro\u00e9conomique et financi\u00e8re : r\u00e9duction progressive du d\u00e9ficit budg\u00e9taire, restauration de la viabilit\u00e9 de la dette, am\u00e9lioration de la gestion des finances publiques et r\u00e9formes destin\u00e9es \u00e0 renforcer l&rsquo;efficacit\u00e9 de l&rsquo;\u00e9conomie.<\/p>\n<p>&nbsp;<\/p>\n","protected":false},"excerpt":{"rendered":"<p>Par Pr Amath Ndiaye Le lancement du Plan de traitement de la dette du S\u00e9n\u00e9gal (PTDS) et l&rsquo;accord conclu au niveau des services avec le&#8230;<\/p>\n","protected":false},"author":1,"featured_media":9205,"comment_status":"closed","ping_status":"open","sticky":false,"template":"","format":"standard","meta":{"_jetpack_newsletter_access":"","_jetpack_dont_email_post_to_subs":false,"_jetpack_newsletter_tier_id":0,"_jetpack_memberships_contains_paywalled_content":false,"_jetpack_memberships_contains_paid_content":false,"footnotes":""},"categories":[23,15],"tags":[],"class_list":["post-9204","post","type-post","status-publish","format-standard","has-post-thumbnail","hentry","category-a-la-une","category-analyse","wpcat-23-id","wpcat-15-id"],"yoast_head":"<!-- This site is optimized with the Yoast SEO plugin v27.1.1 - https:\/\/yoast.com\/product\/yoast-seo-wordpress\/ -->\n<title>S\u00c9N\u00c9GAL : PTDS ET ACCORD AVEC LE FMI, LE RETOUR AU R\u00c9ALISME \u00c9CONOMIQUE APR\u00c8S DEUX ANN\u00c9ES PERDUES - challenges economiques<\/title>\n<meta name=\"robots\" content=\"index, follow, max-snippet:-1, max-image-preview:large, max-video-preview:-1\" \/>\n<link rel=\"canonical\" href=\"https:\/\/challengeseconomiques.com\/?p=9204\" \/>\n<meta property=\"og:locale\" content=\"fr_FR\" \/>\n<meta property=\"og:type\" content=\"article\" \/>\n<meta property=\"og:title\" content=\"S\u00c9N\u00c9GAL : PTDS ET ACCORD AVEC LE FMI, LE RETOUR AU R\u00c9ALISME \u00c9CONOMIQUE APR\u00c8S DEUX ANN\u00c9ES PERDUES - challenges economiques\" \/>\n<meta property=\"og:description\" content=\"Par Pr Amath Ndiaye Le lancement du Plan de traitement de la dette du S\u00e9n\u00e9gal (PTDS) et l&rsquo;accord conclu au niveau des services avec le...\" \/>\n<meta property=\"og:url\" content=\"https:\/\/challengeseconomiques.com\/?p=9204\" \/>\n<meta property=\"og:site_name\" content=\"challenges economiques\" \/>\n<meta property=\"article:published_time\" content=\"2026-09-02T14:10:26+00:00\" \/>\n<meta property=\"article:modified_time\" content=\"2026-09-02T14:11:36+00:00\" \/>\n<meta property=\"og:image\" content=\"https:\/\/challengeseconomiques.com\/wp-content\/uploads\/2026\/09\/dibageorgeva.jpg\" \/>\n\t<meta property=\"og:image:width\" content=\"1260\" \/>\n\t<meta property=\"og:image:height\" content=\"800\" \/>\n\t<meta property=\"og:image:type\" content=\"image\/jpeg\" \/>\n<meta name=\"author\" content=\"admin\" \/>\n<meta name=\"twitter:card\" content=\"summary_large_image\" \/>\n<meta name=\"twitter:label1\" content=\"\u00c9crit par\" \/>\n\t<meta name=\"twitter:data1\" content=\"admin\" \/>\n\t<meta name=\"twitter:label2\" content=\"Dur\u00e9e de lecture estim\u00e9e\" \/>\n\t<meta name=\"twitter:data2\" content=\"3 minutes\" \/>\n<script type=\"application\/ld+json\" class=\"yoast-schema-graph\">{\"@context\":\"https:\/\/schema.org\",\"@graph\":[{\"@type\":\"Article\",\"@id\":\"https:\/\/challengeseconomiques.com\/?p=9204#article\",\"isPartOf\":{\"@id\":\"https:\/\/challengeseconomiques.com\/?p=9204\"},\"author\":{\"name\":\"admin\",\"@id\":\"https:\/\/challengeseconomiques.com\/#\/schema\/person\/b4568c9afebc5a9238a771873801e349\"},\"headline\":\"S\u00c9N\u00c9GAL : PTDS ET ACCORD AVEC LE FMI, LE RETOUR AU R\u00c9ALISME \u00c9CONOMIQUE APR\u00c8S DEUX ANN\u00c9ES PERDUES\",\"datePublished\":\"2026-09-02T14:10:26+00:00\",\"dateModified\":\"2026-09-02T14:11:36+00:00\",\"mainEntityOfPage\":{\"@id\":\"https:\/\/challengeseconomiques.com\/?p=9204\"},\"wordCount\":555,\"image\":{\"@id\":\"https:\/\/challengeseconomiques.com\/?p=9204#primaryimage\"},\"thumbnailUrl\":\"https:\/\/challengeseconomiques.com\/wp-content\/uploads\/2026\/09\/dibageorgeva.jpg\",\"articleSection\":[\"A la une\",\"Analyse\"],\"inLanguage\":\"fr-FR\"},{\"@type\":\"WebPage\",\"@id\":\"https:\/\/challengeseconomiques.com\/?p=9204\",\"url\":\"https:\/\/challengeseconomiques.com\/?p=9204\",\"name\":\"S\u00c9N\u00c9GAL : PTDS ET ACCORD AVEC LE FMI, LE RETOUR AU R\u00c9ALISME \u00c9CONOMIQUE APR\u00c8S DEUX ANN\u00c9ES PERDUES - challenges economiques\",\"isPartOf\":{\"@id\":\"https:\/\/challengeseconomiques.com\/#website\"},\"primaryImageOfPage\":{\"@id\":\"https:\/\/challengeseconomiques.com\/?p=9204#primaryimage\"},\"image\":{\"@id\":\"https:\/\/challengeseconomiques.com\/?p=9204#primaryimage\"},\"thumbnailUrl\":\"https:\/\/challengeseconomiques.com\/wp-content\/uploads\/2026\/09\/dibageorgeva.jpg\",\"datePublished\":\"2026-09-02T14:10:26+00:00\",\"dateModified\":\"2026-09-02T14:11:36+00:00\",\"author\":{\"@id\":\"https:\/\/challengeseconomiques.com\/#\/schema\/person\/b4568c9afebc5a9238a771873801e349\"},\"breadcrumb\":{\"@id\":\"https:\/\/challengeseconomiques.com\/?p=9204#breadcrumb\"},\"inLanguage\":\"fr-FR\",\"potentialAction\":[{\"@type\":\"ReadAction\",\"target\":[\"https:\/\/challengeseconomiques.com\/?p=9204\"]}]},{\"@type\":\"ImageObject\",\"inLanguage\":\"fr-FR\",\"@id\":\"https:\/\/challengeseconomiques.com\/?p=9204#primaryimage\",\"url\":\"https:\/\/challengeseconomiques.com\/wp-content\/uploads\/2026\/09\/dibageorgeva.jpg\",\"contentUrl\":\"https:\/\/challengeseconomiques.com\/wp-content\/uploads\/2026\/09\/dibageorgeva.jpg\",\"width\":1260,\"height\":800},{\"@type\":\"BreadcrumbList\",\"@id\":\"https:\/\/challengeseconomiques.com\/?p=9204#breadcrumb\",\"itemListElement\":[{\"@type\":\"ListItem\",\"position\":1,\"name\":\"Home\",\"item\":\"https:\/\/challengeseconomiques.com\/\"},{\"@type\":\"ListItem\",\"position\":2,\"name\":\"S\u00c9N\u00c9GAL : PTDS ET ACCORD AVEC LE FMI, LE RETOUR AU R\u00c9ALISME \u00c9CONOMIQUE APR\u00c8S DEUX ANN\u00c9ES PERDUES\"}]},{\"@type\":\"WebSite\",\"@id\":\"https:\/\/challengeseconomiques.com\/#website\",\"url\":\"https:\/\/challengeseconomiques.com\/\",\"name\":\"challenges economiques\",\"description\":\"\",\"potentialAction\":[{\"@type\":\"SearchAction\",\"target\":{\"@type\":\"EntryPoint\",\"urlTemplate\":\"https:\/\/challengeseconomiques.com\/?s={search_term_string}\"},\"query-input\":{\"@type\":\"PropertyValueSpecification\",\"valueRequired\":true,\"valueName\":\"search_term_string\"}}],\"inLanguage\":\"fr-FR\"},{\"@type\":\"Person\",\"@id\":\"https:\/\/challengeseconomiques.com\/#\/schema\/person\/b4568c9afebc5a9238a771873801e349\",\"name\":\"admin\",\"image\":{\"@type\":\"ImageObject\",\"inLanguage\":\"fr-FR\",\"@id\":\"https:\/\/challengeseconomiques.com\/#\/schema\/person\/image\/\",\"url\":\"https:\/\/secure.gravatar.com\/avatar\/099e42240b5eea11acdb72751fcce0dd918603f0749d24974b7984ea47ed9fd9?s=96&d=mm&r=g\",\"contentUrl\":\"https:\/\/secure.gravatar.com\/avatar\/099e42240b5eea11acdb72751fcce0dd918603f0749d24974b7984ea47ed9fd9?s=96&d=mm&r=g\",\"caption\":\"admin\"},\"sameAs\":[\"https:\/\/challengeseconomiques.com\"],\"url\":\"https:\/\/challengeseconomiques.com\/?author=1\"}]}<\/script>\n<!-- \/ Yoast SEO plugin. -->","yoast_head_json":{"title":"S\u00c9N\u00c9GAL : PTDS ET ACCORD AVEC LE FMI, LE RETOUR AU R\u00c9ALISME \u00c9CONOMIQUE APR\u00c8S DEUX ANN\u00c9ES PERDUES - challenges economiques","robots":{"index":"index","follow":"follow","max-snippet":"max-snippet:-1","max-image-preview":"max-image-preview:large","max-video-preview":"max-video-preview:-1"},"canonical":"https:\/\/challengeseconomiques.com\/?p=9204","og_locale":"fr_FR","og_type":"article","og_title":"S\u00c9N\u00c9GAL : PTDS ET ACCORD AVEC LE FMI, LE RETOUR AU R\u00c9ALISME \u00c9CONOMIQUE APR\u00c8S DEUX ANN\u00c9ES PERDUES - challenges economiques","og_description":"Par Pr Amath Ndiaye Le lancement du Plan de traitement de la dette du S\u00e9n\u00e9gal (PTDS) et l&rsquo;accord conclu au niveau des services avec le...","og_url":"https:\/\/challengeseconomiques.com\/?p=9204","og_site_name":"challenges economiques","article_published_time":"2026-09-02T14:10:26+00:00","article_modified_time":"2026-09-02T14:11:36+00:00","og_image":[{"width":1260,"height":800,"url":"https:\/\/challengeseconomiques.com\/wp-content\/uploads\/2026\/09\/dibageorgeva.jpg","type":"image\/jpeg"}],"author":"admin","twitter_card":"summary_large_image","twitter_misc":{"\u00c9crit par":"admin","Dur\u00e9e de lecture estim\u00e9e":"3 minutes"},"schema":{"@context":"https:\/\/schema.org","@graph":[{"@type":"Article","@id":"https:\/\/challengeseconomiques.com\/?p=9204#article","isPartOf":{"@id":"https:\/\/challengeseconomiques.com\/?p=9204"},"author":{"name":"admin","@id":"https:\/\/challengeseconomiques.com\/#\/schema\/person\/b4568c9afebc5a9238a771873801e349"},"headline":"S\u00c9N\u00c9GAL : PTDS ET ACCORD AVEC LE FMI, LE RETOUR AU R\u00c9ALISME \u00c9CONOMIQUE APR\u00c8S DEUX ANN\u00c9ES PERDUES","datePublished":"2026-09-02T14:10:26+00:00","dateModified":"2026-09-02T14:11:36+00:00","mainEntityOfPage":{"@id":"https:\/\/challengeseconomiques.com\/?p=9204"},"wordCount":555,"image":{"@id":"https:\/\/challengeseconomiques.com\/?p=9204#primaryimage"},"thumbnailUrl":"https:\/\/challengeseconomiques.com\/wp-content\/uploads\/2026\/09\/dibageorgeva.jpg","articleSection":["A la une","Analyse"],"inLanguage":"fr-FR"},{"@type":"WebPage","@id":"https:\/\/challengeseconomiques.com\/?p=9204","url":"https:\/\/challengeseconomiques.com\/?p=9204","name":"S\u00c9N\u00c9GAL : PTDS ET ACCORD AVEC LE FMI, LE RETOUR AU R\u00c9ALISME \u00c9CONOMIQUE APR\u00c8S DEUX ANN\u00c9ES PERDUES - challenges economiques","isPartOf":{"@id":"https:\/\/challengeseconomiques.com\/#website"},"primaryImageOfPage":{"@id":"https:\/\/challengeseconomiques.com\/?p=9204#primaryimage"},"image":{"@id":"https:\/\/challengeseconomiques.com\/?p=9204#primaryimage"},"thumbnailUrl":"https:\/\/challengeseconomiques.com\/wp-content\/uploads\/2026\/09\/dibageorgeva.jpg","datePublished":"2026-09-02T14:10:26+00:00","dateModified":"2026-09-02T14:11:36+00:00","author":{"@id":"https:\/\/challengeseconomiques.com\/#\/schema\/person\/b4568c9afebc5a9238a771873801e349"},"breadcrumb":{"@id":"https:\/\/challengeseconomiques.com\/?p=9204#breadcrumb"},"inLanguage":"fr-FR","potentialAction":[{"@type":"ReadAction","target":["https:\/\/challengeseconomiques.com\/?p=9204"]}]},{"@type":"ImageObject","inLanguage":"fr-FR","@id":"https:\/\/challengeseconomiques.com\/?p=9204#primaryimage","url":"https:\/\/challengeseconomiques.com\/wp-content\/uploads\/2026\/09\/dibageorgeva.jpg","contentUrl":"https:\/\/challengeseconomiques.com\/wp-content\/uploads\/2026\/09\/dibageorgeva.jpg","width":1260,"height":800},{"@type":"BreadcrumbList","@id":"https:\/\/challengeseconomiques.com\/?p=9204#breadcrumb","itemListElement":[{"@type":"ListItem","position":1,"name":"Home","item":"https:\/\/challengeseconomiques.com\/"},{"@type":"ListItem","position":2,"name":"S\u00c9N\u00c9GAL : PTDS ET ACCORD AVEC LE FMI, LE RETOUR AU R\u00c9ALISME \u00c9CONOMIQUE APR\u00c8S DEUX ANN\u00c9ES PERDUES"}]},{"@type":"WebSite","@id":"https:\/\/challengeseconomiques.com\/#website","url":"https:\/\/challengeseconomiques.com\/","name":"challenges economiques","description":"","potentialAction":[{"@type":"SearchAction","target":{"@type":"EntryPoint","urlTemplate":"https:\/\/challengeseconomiques.com\/?s={search_term_string}"},"query-input":{"@type":"PropertyValueSpecification","valueRequired":true,"valueName":"search_term_string"}}],"inLanguage":"fr-FR"},{"@type":"Person","@id":"https:\/\/challengeseconomiques.com\/#\/schema\/person\/b4568c9afebc5a9238a771873801e349","name":"admin","image":{"@type":"ImageObject","inLanguage":"fr-FR","@id":"https:\/\/challengeseconomiques.com\/#\/schema\/person\/image\/","url":"https:\/\/secure.gravatar.com\/avatar\/099e42240b5eea11acdb72751fcce0dd918603f0749d24974b7984ea47ed9fd9?s=96&d=mm&r=g","contentUrl":"https:\/\/secure.gravatar.com\/avatar\/099e42240b5eea11acdb72751fcce0dd918603f0749d24974b7984ea47ed9fd9?s=96&d=mm&r=g","caption":"admin"},"sameAs":["https:\/\/challengeseconomiques.com"],"url":"https:\/\/challengeseconomiques.com\/?author=1"}]}},"jetpack_sharing_enabled":true,"jetpack_featured_media_url":"https:\/\/challengeseconomiques.com\/wp-content\/uploads\/2026\/09\/dibageorgeva.jpg","_links":{"self":[{"href":"https:\/\/challengeseconomiques.com\/index.php?rest_route=\/wp\/v2\/posts\/9204","targetHints":{"allow":["GET"]}}],"collection":[{"href":"https:\/\/challengeseconomiques.com\/index.php?rest_route=\/wp\/v2\/posts"}],"about":[{"href":"https:\/\/challengeseconomiques.com\/index.php?rest_route=\/wp\/v2\/types\/post"}],"author":[{"embeddable":true,"href":"https:\/\/challengeseconomiques.com\/index.php?rest_route=\/wp\/v2\/users\/1"}],"replies":[{"embeddable":true,"href":"https:\/\/challengeseconomiques.com\/index.php?rest_route=%2Fwp%2Fv2%2Fcomments&post=9204"}],"version-history":[{"count":1,"href":"https:\/\/challengeseconomiques.com\/index.php?rest_route=\/wp\/v2\/posts\/9204\/revisions"}],"predecessor-version":[{"id":9206,"href":"https:\/\/challengeseconomiques.com\/index.php?rest_route=\/wp\/v2\/posts\/9204\/revisions\/9206"}],"wp:featuredmedia":[{"embeddable":true,"href":"https:\/\/challengeseconomiques.com\/index.php?rest_route=\/wp\/v2\/media\/9205"}],"wp:attachment":[{"href":"https:\/\/challengeseconomiques.com\/index.php?rest_route=%2Fwp%2Fv2%2Fmedia&parent=9204"}],"wp:term":[{"taxonomy":"category","embeddable":true,"href":"https:\/\/challengeseconomiques.com\/index.php?rest_route=%2Fwp%2Fv2%2Fcategories&post=9204"},{"taxonomy":"post_tag","embeddable":true,"href":"https:\/\/challengeseconomiques.com\/index.php?rest_route=%2Fwp%2Fv2%2Ftags&post=9204"}],"curies":[{"name":"wp","href":"https:\/\/api.w.org\/{rel}","templated":true}]}}