{"id":9200,"date":"2026-09-01T21:26:47","date_gmt":"2026-09-01T21:26:47","guid":{"rendered":"https:\/\/challengeseconomiques.com\/?p=9200"},"modified":"2026-09-01T21:28:20","modified_gmt":"2026-09-01T21:28:20","slug":"accord-de-22-milliards-de-dollars-avec-le-fmi-un-soulagement-sous-conditions-pour-le-senegal","status":"publish","type":"post","link":"https:\/\/challengeseconomiques.com\/?p=9200","title":{"rendered":"Accord de 2,2 milliards de dollars avec le FMI : Un soulagement sous conditions pour le S\u00e9n\u00e9gal"},"content":{"rendered":"<p><strong>Le Pr\u00e9sident du S\u00e9n\u00e9gal avec la Directrice g\u00e9n\u00e9rale du FMI<\/strong><\/p>\n<p><strong>Quelques jours apr\u00e8s l&rsquo;alerte de l&rsquo;agence Moody&rsquo;s, le S\u00e9n\u00e9gal d\u00e9croche un accord crucial de 2,2 milliards de dollars avec le FMI. Un ballon d&rsquo;oxyg\u00e8ne financier majeur pour Dakar, mais qui s&rsquo;accompagne d&rsquo;une stricte cure de rigueur budg\u00e9taire et d&rsquo;une r\u00e9organisation attendue de la dette publique.<\/strong><\/p>\n<p>Le S\u00e9n\u00e9gal et les \u00e9quipes du Fonds mon\u00e9taire international (FMI) viennent de franchir une \u00e9tape cruciale. Selon un communiqu\u00e9 officiel publi\u00e9 par le d\u00e9partement de la communication du FMI, les deux parties ont trouv\u00e9 un terrain d&rsquo;entente pour la mise en place d&rsquo;un plan d&rsquo;aide financi\u00e8re sur trois ans, baptis\u00e9 Facilit\u00e9 \u00e9largie de cr\u00e9dit . Ce soutien financier s&rsquo;\u00e9l\u00e8ve \u00e0 environ 2,2 milliards de dollars . Pour le gouvernement s\u00e9n\u00e9galais, cette annonce est une excellente nouvelle qui permet de redonner de la cr\u00e9dibilit\u00e9 au pays sur la sc\u00e8ne internationale, surtout apr\u00e8s la r\u00e9cente d\u00e9cision de l&rsquo;agence Moody&rsquo;s de baisser la note financi\u00e8re du S\u00e9n\u00e9gal.<\/p>\n<p>D&rsquo;apr\u00e8s les d\u00e9tails fournis par la responsable de la mission du FMI, Mme Mercedes Vera Martin, cet accord de principe doit encore recevoir le feu vert de la direction g\u00e9n\u00e9rale et du Conseil d&rsquo;administration de l&rsquo;organisation \u00e0 Washington. De plus, le FMI pr\u00e9cise que l&rsquo;argent ne sera pas vers\u00e9 sans de s\u00e9rieuses garanties . Le gouvernement s\u00e9n\u00e9galais s&rsquo;est engag\u00e9 \u00e0 corriger rapidement des erreurs de d\u00e9claration constat\u00e9es par le pass\u00e9 dans les chiffres transmis \u00e0 l&rsquo;institution. Le S\u00e9n\u00e9gal devra aussi obtenir des promesses de financements compl\u00e9mentaires de la part d&rsquo;autres partenaires, comme la Banque mondiale ou la Banque africaine de d\u00e9veloppement, pour que le plan du FMI soit d\u00e9finitivement valid\u00e9.<\/p>\n<p>Sur le plan purement \u00e9conomique, les donn\u00e9es partag\u00e9es par le FMI montrent une situation \u00e0 deux vitesses. L&rsquo;\u00e9conomie s\u00e9n\u00e9galaise a enregistr\u00e9 une forte croissance de 6,7 % en 2025 gr\u00e2ce au d\u00e9marrage de la production de p\u00e9trole, mais le reste de l&rsquo;\u00e9conomie traditionnelle a fortement ralenti pour n&rsquo;augmenter que de 2,2 % . Heureusement, le premier trimestre de l&rsquo;ann\u00e9e 2026 montre des signes de reprise avec un rebond de l&rsquo;activit\u00e9 hors p\u00e9trole \u00e0 4,7 %, soutenu par les d\u00e9penses des m\u00e9nages, tandis que la hausse des prix (l&rsquo;inflation) reste tr\u00e8s faible et ma\u00eetris\u00e9e \u00e0 1,4 %.<\/p>\n<p>Pour redresser les comptes de l&rsquo;\u00c9tat tout en \u00e9vitant une crise sociale, les autorit\u00e9s s\u00e9n\u00e9galaises ont accept\u00e9 de mener plusieurs grandes r\u00e9formes. Le communiqu\u00e9 du FMI indique que le pays va mettre en place, d\u00e8s 2027, une nouvelle strat\u00e9gie pour mieux collecter les imp\u00f4ts \u00e0 l&rsquo;int\u00e9rieur du pays et ainsi trouver de l&rsquo;argent frais. L&rsquo;\u00c9tat va \u00e9galement surveiller de beaucoup plus pr\u00e8s les d\u00e9penses des entreprises publiques et le paiement de ses dettes aux entreprises locales . Surtout, le FMI annonce que le S\u00e9n\u00e9gal a l&rsquo;intention de demander une r\u00e9organisation de sa dette (un traitement de la dette) pour la rendre plus facile \u00e0 rembourser, tout en promettant de donner plus d&rsquo;aides financi\u00e8res directes aux familles les plus pauvres pour les prot\u00e9ger.<\/p>\n<p>Pour d\u00e9crocher cet accord, les \u00e9quipes du FMI ont men\u00e9 des discussions intenses au plus haut niveau \u00e0 Dakar, en rencontrant notamment le Pr\u00e9sident Bassirou Diomaye Diakhar Faye, le Premier ministre Ahmadou Al Aminou Lo, le ministre des Finances Cheikh Diba, ainsi que les responsables de la Banque centrale (BCEAO). Si ce partenariat offre un r\u00e9pit financier tr\u00e8s attendu pour soulager les caisses de l&rsquo;\u00c9tat, il marque aussi le d\u00e9but d&rsquo;une p\u00e9riode de grande discipline budg\u00e9taire pour le S\u00e9n\u00e9gal. Le grand test des prochains mois sera de voir si le gouvernement r\u00e9ussit \u00e0 appliquer ces r\u00e9formes de transparence avant la validation finale du FMI.<\/p>\n<p>&nbsp;<\/p>\n","protected":false},"excerpt":{"rendered":"<p>Le Pr\u00e9sident du S\u00e9n\u00e9gal avec la Directrice g\u00e9n\u00e9rale du FMI Quelques jours apr\u00e8s l&rsquo;alerte de l&rsquo;agence Moody&rsquo;s, le S\u00e9n\u00e9gal d\u00e9croche un accord crucial de 2,2&#8230;<\/p>\n","protected":false},"author":1,"featured_media":9202,"comment_status":"closed","ping_status":"open","sticky":false,"template":"","format":"standard","meta":{"_jetpack_newsletter_access":"","_jetpack_dont_email_post_to_subs":false,"_jetpack_newsletter_tier_id":0,"_jetpack_memberships_contains_paywalled_content":false,"_jetpack_memberships_contains_paid_content":false,"footnotes":""},"categories":[23],"tags":[],"class_list":["post-9200","post","type-post","status-publish","format-standard","has-post-thumbnail","hentry","category-a-la-une","wpcat-23-id"],"yoast_head":"<!-- This site is optimized with the Yoast SEO plugin v27.1.1 - https:\/\/yoast.com\/product\/yoast-seo-wordpress\/ -->\n<title>Accord de 2,2 milliards de dollars avec le FMI : Un soulagement sous conditions pour le S\u00e9n\u00e9gal - challenges economiques<\/title>\n<meta name=\"robots\" content=\"index, follow, max-snippet:-1, max-image-preview:large, max-video-preview:-1\" \/>\n<link rel=\"canonical\" href=\"https:\/\/challengeseconomiques.com\/?p=9200\" \/>\n<meta property=\"og:locale\" content=\"fr_FR\" \/>\n<meta property=\"og:type\" content=\"article\" \/>\n<meta property=\"og:title\" content=\"Accord de 2,2 milliards de dollars avec le FMI : Un soulagement sous conditions pour le S\u00e9n\u00e9gal - challenges economiques\" \/>\n<meta property=\"og:description\" content=\"Le Pr\u00e9sident du S\u00e9n\u00e9gal avec la Directrice g\u00e9n\u00e9rale du FMI Quelques jours apr\u00e8s l&rsquo;alerte de l&rsquo;agence Moody&rsquo;s, le S\u00e9n\u00e9gal d\u00e9croche un accord crucial de 2,2...\" \/>\n<meta property=\"og:url\" content=\"https:\/\/challengeseconomiques.com\/?p=9200\" \/>\n<meta property=\"og:site_name\" content=\"challenges economiques\" \/>\n<meta property=\"article:published_time\" content=\"2026-09-01T21:26:47+00:00\" \/>\n<meta property=\"article:modified_time\" content=\"2026-09-01T21:28:20+00:00\" \/>\n<meta property=\"og:image\" content=\"https:\/\/challengeseconomiques.com\/wp-content\/uploads\/2026\/09\/Fmisenegalbon.jpeg\" \/>\n\t<meta property=\"og:image:width\" content=\"1260\" \/>\n\t<meta property=\"og:image:height\" content=\"800\" \/>\n\t<meta property=\"og:image:type\" content=\"image\/jpeg\" \/>\n<meta name=\"author\" content=\"admin\" \/>\n<meta name=\"twitter:card\" content=\"summary_large_image\" \/>\n<meta name=\"twitter:label1\" content=\"\u00c9crit par\" \/>\n\t<meta name=\"twitter:data1\" content=\"admin\" \/>\n\t<meta name=\"twitter:label2\" content=\"Dur\u00e9e de lecture estim\u00e9e\" \/>\n\t<meta name=\"twitter:data2\" content=\"3 minutes\" \/>\n<script type=\"application\/ld+json\" class=\"yoast-schema-graph\">{\"@context\":\"https:\/\/schema.org\",\"@graph\":[{\"@type\":\"Article\",\"@id\":\"https:\/\/challengeseconomiques.com\/?p=9200#article\",\"isPartOf\":{\"@id\":\"https:\/\/challengeseconomiques.com\/?p=9200\"},\"author\":{\"name\":\"admin\",\"@id\":\"https:\/\/challengeseconomiques.com\/#\/schema\/person\/b4568c9afebc5a9238a771873801e349\"},\"headline\":\"Accord de 2,2 milliards de dollars avec le FMI : Un soulagement sous conditions pour le S\u00e9n\u00e9gal\",\"datePublished\":\"2026-09-01T21:26:47+00:00\",\"dateModified\":\"2026-09-01T21:28:20+00:00\",\"mainEntityOfPage\":{\"@id\":\"https:\/\/challengeseconomiques.com\/?p=9200\"},\"wordCount\":698,\"image\":{\"@id\":\"https:\/\/challengeseconomiques.com\/?p=9200#primaryimage\"},\"thumbnailUrl\":\"https:\/\/challengeseconomiques.com\/wp-content\/uploads\/2026\/09\/Fmisenegalbon.jpeg\",\"articleSection\":[\"A la une\"],\"inLanguage\":\"fr-FR\"},{\"@type\":\"WebPage\",\"@id\":\"https:\/\/challengeseconomiques.com\/?p=9200\",\"url\":\"https:\/\/challengeseconomiques.com\/?p=9200\",\"name\":\"Accord de 2,2 milliards de dollars avec le FMI : Un soulagement sous conditions pour le S\u00e9n\u00e9gal - challenges economiques\",\"isPartOf\":{\"@id\":\"https:\/\/challengeseconomiques.com\/#website\"},\"primaryImageOfPage\":{\"@id\":\"https:\/\/challengeseconomiques.com\/?p=9200#primaryimage\"},\"image\":{\"@id\":\"https:\/\/challengeseconomiques.com\/?p=9200#primaryimage\"},\"thumbnailUrl\":\"https:\/\/challengeseconomiques.com\/wp-content\/uploads\/2026\/09\/Fmisenegalbon.jpeg\",\"datePublished\":\"2026-09-01T21:26:47+00:00\",\"dateModified\":\"2026-09-01T21:28:20+00:00\",\"author\":{\"@id\":\"https:\/\/challengeseconomiques.com\/#\/schema\/person\/b4568c9afebc5a9238a771873801e349\"},\"breadcrumb\":{\"@id\":\"https:\/\/challengeseconomiques.com\/?p=9200#breadcrumb\"},\"inLanguage\":\"fr-FR\",\"potentialAction\":[{\"@type\":\"ReadAction\",\"target\":[\"https:\/\/challengeseconomiques.com\/?p=9200\"]}]},{\"@type\":\"ImageObject\",\"inLanguage\":\"fr-FR\",\"@id\":\"https:\/\/challengeseconomiques.com\/?p=9200#primaryimage\",\"url\":\"https:\/\/challengeseconomiques.com\/wp-content\/uploads\/2026\/09\/Fmisenegalbon.jpeg\",\"contentUrl\":\"https:\/\/challengeseconomiques.com\/wp-content\/uploads\/2026\/09\/Fmisenegalbon.jpeg\",\"width\":1260,\"height\":800},{\"@type\":\"BreadcrumbList\",\"@id\":\"https:\/\/challengeseconomiques.com\/?p=9200#breadcrumb\",\"itemListElement\":[{\"@type\":\"ListItem\",\"position\":1,\"name\":\"Home\",\"item\":\"https:\/\/challengeseconomiques.com\/\"},{\"@type\":\"ListItem\",\"position\":2,\"name\":\"Accord de 2,2 milliards de dollars avec le FMI : Un soulagement sous conditions pour le S\u00e9n\u00e9gal\"}]},{\"@type\":\"WebSite\",\"@id\":\"https:\/\/challengeseconomiques.com\/#website\",\"url\":\"https:\/\/challengeseconomiques.com\/\",\"name\":\"challenges economiques\",\"description\":\"\",\"potentialAction\":[{\"@type\":\"SearchAction\",\"target\":{\"@type\":\"EntryPoint\",\"urlTemplate\":\"https:\/\/challengeseconomiques.com\/?s={search_term_string}\"},\"query-input\":{\"@type\":\"PropertyValueSpecification\",\"valueRequired\":true,\"valueName\":\"search_term_string\"}}],\"inLanguage\":\"fr-FR\"},{\"@type\":\"Person\",\"@id\":\"https:\/\/challengeseconomiques.com\/#\/schema\/person\/b4568c9afebc5a9238a771873801e349\",\"name\":\"admin\",\"image\":{\"@type\":\"ImageObject\",\"inLanguage\":\"fr-FR\",\"@id\":\"https:\/\/challengeseconomiques.com\/#\/schema\/person\/image\/\",\"url\":\"https:\/\/secure.gravatar.com\/avatar\/099e42240b5eea11acdb72751fcce0dd918603f0749d24974b7984ea47ed9fd9?s=96&d=mm&r=g\",\"contentUrl\":\"https:\/\/secure.gravatar.com\/avatar\/099e42240b5eea11acdb72751fcce0dd918603f0749d24974b7984ea47ed9fd9?s=96&d=mm&r=g\",\"caption\":\"admin\"},\"sameAs\":[\"https:\/\/challengeseconomiques.com\"],\"url\":\"https:\/\/challengeseconomiques.com\/?author=1\"}]}<\/script>\n<!-- \/ Yoast SEO plugin. -->","yoast_head_json":{"title":"Accord de 2,2 milliards de dollars avec le FMI : Un soulagement sous conditions pour le S\u00e9n\u00e9gal - challenges economiques","robots":{"index":"index","follow":"follow","max-snippet":"max-snippet:-1","max-image-preview":"max-image-preview:large","max-video-preview":"max-video-preview:-1"},"canonical":"https:\/\/challengeseconomiques.com\/?p=9200","og_locale":"fr_FR","og_type":"article","og_title":"Accord de 2,2 milliards de dollars avec le FMI : Un soulagement sous conditions pour le S\u00e9n\u00e9gal - challenges economiques","og_description":"Le Pr\u00e9sident du S\u00e9n\u00e9gal avec la Directrice g\u00e9n\u00e9rale du FMI Quelques jours apr\u00e8s l&rsquo;alerte de l&rsquo;agence Moody&rsquo;s, le S\u00e9n\u00e9gal d\u00e9croche un accord crucial de 2,2...","og_url":"https:\/\/challengeseconomiques.com\/?p=9200","og_site_name":"challenges economiques","article_published_time":"2026-09-01T21:26:47+00:00","article_modified_time":"2026-09-01T21:28:20+00:00","og_image":[{"width":1260,"height":800,"url":"https:\/\/challengeseconomiques.com\/wp-content\/uploads\/2026\/09\/Fmisenegalbon.jpeg","type":"image\/jpeg"}],"author":"admin","twitter_card":"summary_large_image","twitter_misc":{"\u00c9crit par":"admin","Dur\u00e9e de lecture estim\u00e9e":"3 minutes"},"schema":{"@context":"https:\/\/schema.org","@graph":[{"@type":"Article","@id":"https:\/\/challengeseconomiques.com\/?p=9200#article","isPartOf":{"@id":"https:\/\/challengeseconomiques.com\/?p=9200"},"author":{"name":"admin","@id":"https:\/\/challengeseconomiques.com\/#\/schema\/person\/b4568c9afebc5a9238a771873801e349"},"headline":"Accord de 2,2 milliards de dollars avec le FMI : Un soulagement sous conditions pour le S\u00e9n\u00e9gal","datePublished":"2026-09-01T21:26:47+00:00","dateModified":"2026-09-01T21:28:20+00:00","mainEntityOfPage":{"@id":"https:\/\/challengeseconomiques.com\/?p=9200"},"wordCount":698,"image":{"@id":"https:\/\/challengeseconomiques.com\/?p=9200#primaryimage"},"thumbnailUrl":"https:\/\/challengeseconomiques.com\/wp-content\/uploads\/2026\/09\/Fmisenegalbon.jpeg","articleSection":["A la une"],"inLanguage":"fr-FR"},{"@type":"WebPage","@id":"https:\/\/challengeseconomiques.com\/?p=9200","url":"https:\/\/challengeseconomiques.com\/?p=9200","name":"Accord de 2,2 milliards de dollars avec le FMI : Un soulagement sous conditions pour le S\u00e9n\u00e9gal - challenges economiques","isPartOf":{"@id":"https:\/\/challengeseconomiques.com\/#website"},"primaryImageOfPage":{"@id":"https:\/\/challengeseconomiques.com\/?p=9200#primaryimage"},"image":{"@id":"https:\/\/challengeseconomiques.com\/?p=9200#primaryimage"},"thumbnailUrl":"https:\/\/challengeseconomiques.com\/wp-content\/uploads\/2026\/09\/Fmisenegalbon.jpeg","datePublished":"2026-09-01T21:26:47+00:00","dateModified":"2026-09-01T21:28:20+00:00","author":{"@id":"https:\/\/challengeseconomiques.com\/#\/schema\/person\/b4568c9afebc5a9238a771873801e349"},"breadcrumb":{"@id":"https:\/\/challengeseconomiques.com\/?p=9200#breadcrumb"},"inLanguage":"fr-FR","potentialAction":[{"@type":"ReadAction","target":["https:\/\/challengeseconomiques.com\/?p=9200"]}]},{"@type":"ImageObject","inLanguage":"fr-FR","@id":"https:\/\/challengeseconomiques.com\/?p=9200#primaryimage","url":"https:\/\/challengeseconomiques.com\/wp-content\/uploads\/2026\/09\/Fmisenegalbon.jpeg","contentUrl":"https:\/\/challengeseconomiques.com\/wp-content\/uploads\/2026\/09\/Fmisenegalbon.jpeg","width":1260,"height":800},{"@type":"BreadcrumbList","@id":"https:\/\/challengeseconomiques.com\/?p=9200#breadcrumb","itemListElement":[{"@type":"ListItem","position":1,"name":"Home","item":"https:\/\/challengeseconomiques.com\/"},{"@type":"ListItem","position":2,"name":"Accord de 2,2 milliards de dollars avec le FMI : Un soulagement sous conditions pour le S\u00e9n\u00e9gal"}]},{"@type":"WebSite","@id":"https:\/\/challengeseconomiques.com\/#website","url":"https:\/\/challengeseconomiques.com\/","name":"challenges economiques","description":"","potentialAction":[{"@type":"SearchAction","target":{"@type":"EntryPoint","urlTemplate":"https:\/\/challengeseconomiques.com\/?s={search_term_string}"},"query-input":{"@type":"PropertyValueSpecification","valueRequired":true,"valueName":"search_term_string"}}],"inLanguage":"fr-FR"},{"@type":"Person","@id":"https:\/\/challengeseconomiques.com\/#\/schema\/person\/b4568c9afebc5a9238a771873801e349","name":"admin","image":{"@type":"ImageObject","inLanguage":"fr-FR","@id":"https:\/\/challengeseconomiques.com\/#\/schema\/person\/image\/","url":"https:\/\/secure.gravatar.com\/avatar\/099e42240b5eea11acdb72751fcce0dd918603f0749d24974b7984ea47ed9fd9?s=96&d=mm&r=g","contentUrl":"https:\/\/secure.gravatar.com\/avatar\/099e42240b5eea11acdb72751fcce0dd918603f0749d24974b7984ea47ed9fd9?s=96&d=mm&r=g","caption":"admin"},"sameAs":["https:\/\/challengeseconomiques.com"],"url":"https:\/\/challengeseconomiques.com\/?author=1"}]}},"jetpack_sharing_enabled":true,"jetpack_featured_media_url":"https:\/\/challengeseconomiques.com\/wp-content\/uploads\/2026\/09\/Fmisenegalbon.jpeg","_links":{"self":[{"href":"https:\/\/challengeseconomiques.com\/index.php?rest_route=\/wp\/v2\/posts\/9200","targetHints":{"allow":["GET"]}}],"collection":[{"href":"https:\/\/challengeseconomiques.com\/index.php?rest_route=\/wp\/v2\/posts"}],"about":[{"href":"https:\/\/challengeseconomiques.com\/index.php?rest_route=\/wp\/v2\/types\/post"}],"author":[{"embeddable":true,"href":"https:\/\/challengeseconomiques.com\/index.php?rest_route=\/wp\/v2\/users\/1"}],"replies":[{"embeddable":true,"href":"https:\/\/challengeseconomiques.com\/index.php?rest_route=%2Fwp%2Fv2%2Fcomments&post=9200"}],"version-history":[{"count":1,"href":"https:\/\/challengeseconomiques.com\/index.php?rest_route=\/wp\/v2\/posts\/9200\/revisions"}],"predecessor-version":[{"id":9203,"href":"https:\/\/challengeseconomiques.com\/index.php?rest_route=\/wp\/v2\/posts\/9200\/revisions\/9203"}],"wp:featuredmedia":[{"embeddable":true,"href":"https:\/\/challengeseconomiques.com\/index.php?rest_route=\/wp\/v2\/media\/9202"}],"wp:attachment":[{"href":"https:\/\/challengeseconomiques.com\/index.php?rest_route=%2Fwp%2Fv2%2Fmedia&parent=9200"}],"wp:term":[{"taxonomy":"category","embeddable":true,"href":"https:\/\/challengeseconomiques.com\/index.php?rest_route=%2Fwp%2Fv2%2Fcategories&post=9200"},{"taxonomy":"post_tag","embeddable":true,"href":"https:\/\/challengeseconomiques.com\/index.php?rest_route=%2Fwp%2Fv2%2Ftags&post=9200"}],"curies":[{"name":"wp","href":"https:\/\/api.w.org\/{rel}","templated":true}]}}