{"id":9055,"date":"2026-04-30T13:00:06","date_gmt":"2026-04-30T13:00:06","guid":{"rendered":"https:\/\/challengeseconomiques.com\/?p=9055"},"modified":"2026-04-30T12:42:53","modified_gmt":"2026-04-30T12:42:53","slug":"la-fin-de-laide-au-developpement-lafrique-face-au-defi-de-la-souverainete-financiere","status":"publish","type":"post","link":"https:\/\/challengeseconomiques.com\/?p=9055","title":{"rendered":"La fin de l\u2019Aide au D\u00e9veloppement : L&rsquo;Afrique face au d\u00e9fi de la souverainet\u00e9 financi\u00e8re"},"content":{"rendered":"<p><strong>Le patron sortant\u00a0 de l&rsquo;Agence fran\u00e7aise de d\u00e9veloppement (AFD)\u00a0<\/strong><\/p>\n<p><strong>Alors que R\u00e9my Rioux s&rsquo;appr\u00eate \u00e0 quitter la direction de l&rsquo;Agence Fran\u00e7aise de D\u00e9veloppement (AFD), son d\u00e9part symbolise la fin d&rsquo;une \u00e8re. Entre la dissolution de l\u2019USAID par Donald Trump et les promesses jamais tenues des \u00ab 0,7 % \u00bb, le mod\u00e8le de l\u2019aide publique s\u2019effondre. Pour l\u2019Afrique, cette crise impose une rupture brutale avec la d\u00e9pendance.<\/strong><\/p>\n<p>Le d\u00e9part annonc\u00e9 de R\u00e9my Rioux de la t\u00eate de l&rsquo;AFD, apr\u00e8s une d\u00e9cennie marqu\u00e9e par une volont\u00e9 de transformer l&rsquo;aide en \u00ab investissement solidaire \u00bb, sonne comme le glas d&rsquo;un certain mod\u00e8le de coop\u00e9ration. Ce changement de cycle intervient au moment o\u00f9 l&rsquo;Aide Publique au D\u00e9veloppement (APD) traverse une chute libre historique. Alors que les Nations Unies fixaient d\u00e8s 1970 l\u2019objectif de consacrer 0,7 % du RNB au d\u00e9veloppement, cet engagement est rest\u00e9 une chim\u00e8re pour l&rsquo;Occident, la moyenne plafonnant \u00e0 0,34 %.<\/p>\n<p><strong>Le s\u00e9isme Trump : La mort de l\u2019USAID<\/strong><\/p>\n<p>Le pivot de cet effondrement se situe \u00e0 Washington. D\u00e8s son retour, Donald Trump a act\u00e9 la fermeture administrative de l&rsquo;<strong>USAID<\/strong> au 1er juillet 2025. Cette institution, qui g\u00e9rait 40 milliards de dollars annuels, voit la quasi-totalit\u00e9 de ses programmes supprim\u00e9s. Pour l\u2019Afrique, l\u2019impact est d\u00e9vastateur : le retrait am\u00e9ricain, qui finan\u00e7ait par exemple <strong>60 % des antir\u00e9troviraux au Malawi<\/strong>, menace de faire reculer la lutte contre les grandes pand\u00e9mies de 30 ans.<\/p>\n<p><strong>Le bilan contrast\u00e9 de l\u2019\u00e8re Rioux \u00e0 l\u2019AFD<\/strong><\/p>\n<p>Sous le magist\u00e8re de R\u00e9my Rioux (2016-2026), l&rsquo;AFD a doubl\u00e9 de taille, mais son orientation a suscit\u00e9 des d\u00e9bats croissants. Si la France a affich\u00e9 des efforts budg\u00e9taires, la r\u00e9alit\u00e9 du terrain montre une aide de plus en plus orient\u00e9e et assortie de conditionnalit\u00e9s.<\/p>\n<p>Le portefeuille de l&rsquo;agence, majoritairement constitu\u00e9 de pr\u00eats plut\u00f4t que de dons, s&rsquo;est progressivement d\u00e9tourn\u00e9 des pays les plus pauvres au profit des pays \u00e9mergents. En 2025, la part de l&rsquo;Afrique dans les activit\u00e9s de l&rsquo;AFD est tomb\u00e9e \u00e0 <strong>30 %<\/strong>, contre 50 % par le pass\u00e9. Les critiques pointent une aide souvent li\u00e9e \u00e0 des int\u00e9r\u00eats diplomatiques ou \u00e0 des r\u00e9formes lib\u00e9rales strictes, limitant la souverainet\u00e9 des \u00c9tats b\u00e9n\u00e9ficiaires.<\/p>\n<p><strong>Sant\u00e9 et Transports : Sortir de la perfusion<\/strong><\/p>\n<p>Face \u00e0 ces coupes, la d\u00e9pendance aux fonds ext\u00e9rieurs devient un risque de s\u00e9curit\u00e9 nationale. Le Kenya, par exemple, pourrait perdre jusqu&rsquo;\u00e0 15 % de son secteur technologique li\u00e9 \u00e0 la sant\u00e9 en trois ans.<\/p>\n<p>Dans le secteur des transports et des infrastructures, le mod\u00e8le change radicalement. Faute de subventions occidentales, les pays africains se tournent massivement vers les Partenariats Public-Priv\u00e9 (PPP<strong>)<\/strong> et de nouveaux bailleurs comme les Emirats arabes unis ou l&rsquo;Arabie saoudite pour combler le vide.<\/p>\n<p><strong>L\u2019heure de la \u00ab Souverainet\u00e9 de financement \u00bb<\/strong><\/p>\n<p>L&rsquo;effondrement de l&rsquo;APD et le changement de leadership \u00e0 l&rsquo;AFD agissent comme un \u00e9lectrochoc. Pour ne plus \u00eatre les victimes collat\u00e9rales des changements de majorit\u00e9 \u00e0 Washington ou Paris, les \u00e9conomistes africains plaident pour une strat\u00e9gie endog\u00e8ne :mobilisation des ressources domestiques et lutte contre l&rsquo;\u00e9vasion fiscale ;cr\u00e9ation de m\u00e9canismes financiers propres (banques de d\u00e9veloppement r\u00e9gionales, fonds souverains) ; investissement technique et institutionnel privil\u00e9giant la croissance de long terme au d\u00e9triment des dons pr\u00e9caires.<\/p>\n<p>Le monde de l&rsquo;aide, n\u00e9 apr\u00e8s la Seconde Guerre mondiale, s&rsquo;\u00e9teint avec le d\u00e9part de ses figures historiques. Pour l&rsquo;Afrique, ce sevrage forc\u00e9 est douloureux, mais il repr\u00e9sente l&rsquo;ultime opportunit\u00e9 de reprendre en main les leviers de son propre d\u00e9veloppement.<\/p>\n<p>&nbsp;<\/p>\n","protected":false},"excerpt":{"rendered":"<p>Le patron sortant\u00a0 de l&rsquo;Agence fran\u00e7aise de d\u00e9veloppement (AFD)\u00a0 Alors que R\u00e9my Rioux s&rsquo;appr\u00eate \u00e0 quitter la direction de l&rsquo;Agence Fran\u00e7aise de D\u00e9veloppement (AFD), son&#8230;<\/p>\n","protected":false},"author":1,"featured_media":390,"comment_status":"closed","ping_status":"open","sticky":false,"template":"","format":"standard","meta":{"_jetpack_memberships_contains_paid_content":false,"footnotes":""},"categories":[23,15],"tags":[],"class_list":["post-9055","post","type-post","status-publish","format-standard","has-post-thumbnail","hentry","category-a-la-une","category-analyse","wpcat-23-id","wpcat-15-id"],"yoast_head":"<!-- This site is optimized with the Yoast SEO plugin v27.1.1 - https:\/\/yoast.com\/product\/yoast-seo-wordpress\/ -->\n<title>La fin de l\u2019Aide au D\u00e9veloppement : L&#039;Afrique face au d\u00e9fi de la souverainet\u00e9 financi\u00e8re - challenges economiques<\/title>\n<meta name=\"robots\" content=\"index, follow, max-snippet:-1, max-image-preview:large, max-video-preview:-1\" \/>\n<link rel=\"canonical\" href=\"https:\/\/challengeseconomiques.com\/?p=9055\" \/>\n<meta property=\"og:locale\" content=\"fr_FR\" \/>\n<meta property=\"og:type\" content=\"article\" \/>\n<meta property=\"og:title\" content=\"La fin de l\u2019Aide au D\u00e9veloppement : L&#039;Afrique face au d\u00e9fi de la souverainet\u00e9 financi\u00e8re - challenges economiques\" \/>\n<meta property=\"og:description\" content=\"Le patron sortant\u00a0 de l&rsquo;Agence fran\u00e7aise de d\u00e9veloppement (AFD)\u00a0 Alors que R\u00e9my Rioux s&rsquo;appr\u00eate \u00e0 quitter la direction de l&rsquo;Agence Fran\u00e7aise de D\u00e9veloppement (AFD), son...\" \/>\n<meta property=\"og:url\" content=\"https:\/\/challengeseconomiques.com\/?p=9055\" \/>\n<meta property=\"og:site_name\" content=\"challenges economiques\" \/>\n<meta property=\"article:published_time\" content=\"2026-04-30T13:00:06+00:00\" \/>\n<meta property=\"og:image\" content=\"https:\/\/challengeseconomiques.com\/wp-content\/uploads\/2020\/12\/remy-rioux-portrait.jpg\" \/>\n\t<meta property=\"og:image:width\" content=\"1680\" \/>\n\t<meta property=\"og:image:height\" content=\"750\" \/>\n\t<meta property=\"og:image:type\" content=\"image\/jpeg\" \/>\n<meta name=\"author\" content=\"admin\" \/>\n<meta name=\"twitter:card\" content=\"summary_large_image\" \/>\n<meta name=\"twitter:label1\" content=\"\u00c9crit par\" \/>\n\t<meta name=\"twitter:data1\" content=\"admin\" \/>\n\t<meta name=\"twitter:label2\" content=\"Dur\u00e9e de lecture estim\u00e9e\" \/>\n\t<meta name=\"twitter:data2\" content=\"3 minutes\" \/>\n<script type=\"application\/ld+json\" class=\"yoast-schema-graph\">{\"@context\":\"https:\/\/schema.org\",\"@graph\":[{\"@type\":\"Article\",\"@id\":\"https:\/\/challengeseconomiques.com\/?p=9055#article\",\"isPartOf\":{\"@id\":\"https:\/\/challengeseconomiques.com\/?p=9055\"},\"author\":{\"name\":\"admin\",\"@id\":\"https:\/\/challengeseconomiques.com\/#\/schema\/person\/b4568c9afebc5a9238a771873801e349\"},\"headline\":\"La fin de l\u2019Aide au D\u00e9veloppement : L&rsquo;Afrique face au d\u00e9fi de la souverainet\u00e9 financi\u00e8re\",\"datePublished\":\"2026-04-30T13:00:06+00:00\",\"mainEntityOfPage\":{\"@id\":\"https:\/\/challengeseconomiques.com\/?p=9055\"},\"wordCount\":642,\"image\":{\"@id\":\"https:\/\/challengeseconomiques.com\/?p=9055#primaryimage\"},\"thumbnailUrl\":\"https:\/\/challengeseconomiques.com\/wp-content\/uploads\/2020\/12\/remy-rioux-portrait.jpg\",\"articleSection\":[\"A la une\",\"Analyse\"],\"inLanguage\":\"fr-FR\"},{\"@type\":\"WebPage\",\"@id\":\"https:\/\/challengeseconomiques.com\/?p=9055\",\"url\":\"https:\/\/challengeseconomiques.com\/?p=9055\",\"name\":\"La fin de l\u2019Aide au D\u00e9veloppement : L'Afrique face au d\u00e9fi de la souverainet\u00e9 financi\u00e8re - challenges economiques\",\"isPartOf\":{\"@id\":\"https:\/\/challengeseconomiques.com\/#website\"},\"primaryImageOfPage\":{\"@id\":\"https:\/\/challengeseconomiques.com\/?p=9055#primaryimage\"},\"image\":{\"@id\":\"https:\/\/challengeseconomiques.com\/?p=9055#primaryimage\"},\"thumbnailUrl\":\"https:\/\/challengeseconomiques.com\/wp-content\/uploads\/2020\/12\/remy-rioux-portrait.jpg\",\"datePublished\":\"2026-04-30T13:00:06+00:00\",\"author\":{\"@id\":\"https:\/\/challengeseconomiques.com\/#\/schema\/person\/b4568c9afebc5a9238a771873801e349\"},\"breadcrumb\":{\"@id\":\"https:\/\/challengeseconomiques.com\/?p=9055#breadcrumb\"},\"inLanguage\":\"fr-FR\",\"potentialAction\":[{\"@type\":\"ReadAction\",\"target\":[\"https:\/\/challengeseconomiques.com\/?p=9055\"]}]},{\"@type\":\"ImageObject\",\"inLanguage\":\"fr-FR\",\"@id\":\"https:\/\/challengeseconomiques.com\/?p=9055#primaryimage\",\"url\":\"https:\/\/challengeseconomiques.com\/wp-content\/uploads\/2020\/12\/remy-rioux-portrait.jpg\",\"contentUrl\":\"https:\/\/challengeseconomiques.com\/wp-content\/uploads\/2020\/12\/remy-rioux-portrait.jpg\",\"width\":1680,\"height\":750},{\"@type\":\"BreadcrumbList\",\"@id\":\"https:\/\/challengeseconomiques.com\/?p=9055#breadcrumb\",\"itemListElement\":[{\"@type\":\"ListItem\",\"position\":1,\"name\":\"Home\",\"item\":\"https:\/\/challengeseconomiques.com\/\"},{\"@type\":\"ListItem\",\"position\":2,\"name\":\"La fin de l\u2019Aide au D\u00e9veloppement : L&rsquo;Afrique face au d\u00e9fi de la souverainet\u00e9 financi\u00e8re\"}]},{\"@type\":\"WebSite\",\"@id\":\"https:\/\/challengeseconomiques.com\/#website\",\"url\":\"https:\/\/challengeseconomiques.com\/\",\"name\":\"challenges economiques\",\"description\":\"\",\"potentialAction\":[{\"@type\":\"SearchAction\",\"target\":{\"@type\":\"EntryPoint\",\"urlTemplate\":\"https:\/\/challengeseconomiques.com\/?s={search_term_string}\"},\"query-input\":{\"@type\":\"PropertyValueSpecification\",\"valueRequired\":true,\"valueName\":\"search_term_string\"}}],\"inLanguage\":\"fr-FR\"},{\"@type\":\"Person\",\"@id\":\"https:\/\/challengeseconomiques.com\/#\/schema\/person\/b4568c9afebc5a9238a771873801e349\",\"name\":\"admin\",\"image\":{\"@type\":\"ImageObject\",\"inLanguage\":\"fr-FR\",\"@id\":\"https:\/\/challengeseconomiques.com\/#\/schema\/person\/image\/\",\"url\":\"https:\/\/secure.gravatar.com\/avatar\/099e42240b5eea11acdb72751fcce0dd918603f0749d24974b7984ea47ed9fd9?s=96&d=mm&r=g\",\"contentUrl\":\"https:\/\/secure.gravatar.com\/avatar\/099e42240b5eea11acdb72751fcce0dd918603f0749d24974b7984ea47ed9fd9?s=96&d=mm&r=g\",\"caption\":\"admin\"},\"sameAs\":[\"https:\/\/challengeseconomiques.com\"],\"url\":\"https:\/\/challengeseconomiques.com\/?author=1\"}]}<\/script>\n<!-- \/ Yoast SEO plugin. -->","yoast_head_json":{"title":"La fin de l\u2019Aide au D\u00e9veloppement : L'Afrique face au d\u00e9fi de la souverainet\u00e9 financi\u00e8re - challenges economiques","robots":{"index":"index","follow":"follow","max-snippet":"max-snippet:-1","max-image-preview":"max-image-preview:large","max-video-preview":"max-video-preview:-1"},"canonical":"https:\/\/challengeseconomiques.com\/?p=9055","og_locale":"fr_FR","og_type":"article","og_title":"La fin de l\u2019Aide au D\u00e9veloppement : L'Afrique face au d\u00e9fi de la souverainet\u00e9 financi\u00e8re - challenges economiques","og_description":"Le patron sortant\u00a0 de l&rsquo;Agence fran\u00e7aise de d\u00e9veloppement (AFD)\u00a0 Alors que R\u00e9my Rioux s&rsquo;appr\u00eate \u00e0 quitter la direction de l&rsquo;Agence Fran\u00e7aise de D\u00e9veloppement (AFD), son...","og_url":"https:\/\/challengeseconomiques.com\/?p=9055","og_site_name":"challenges economiques","article_published_time":"2026-04-30T13:00:06+00:00","og_image":[{"width":1680,"height":750,"url":"https:\/\/challengeseconomiques.com\/wp-content\/uploads\/2020\/12\/remy-rioux-portrait.jpg","type":"image\/jpeg"}],"author":"admin","twitter_card":"summary_large_image","twitter_misc":{"\u00c9crit par":"admin","Dur\u00e9e de lecture estim\u00e9e":"3 minutes"},"schema":{"@context":"https:\/\/schema.org","@graph":[{"@type":"Article","@id":"https:\/\/challengeseconomiques.com\/?p=9055#article","isPartOf":{"@id":"https:\/\/challengeseconomiques.com\/?p=9055"},"author":{"name":"admin","@id":"https:\/\/challengeseconomiques.com\/#\/schema\/person\/b4568c9afebc5a9238a771873801e349"},"headline":"La fin de l\u2019Aide au D\u00e9veloppement : L&rsquo;Afrique face au d\u00e9fi de la souverainet\u00e9 financi\u00e8re","datePublished":"2026-04-30T13:00:06+00:00","mainEntityOfPage":{"@id":"https:\/\/challengeseconomiques.com\/?p=9055"},"wordCount":642,"image":{"@id":"https:\/\/challengeseconomiques.com\/?p=9055#primaryimage"},"thumbnailUrl":"https:\/\/challengeseconomiques.com\/wp-content\/uploads\/2020\/12\/remy-rioux-portrait.jpg","articleSection":["A la une","Analyse"],"inLanguage":"fr-FR"},{"@type":"WebPage","@id":"https:\/\/challengeseconomiques.com\/?p=9055","url":"https:\/\/challengeseconomiques.com\/?p=9055","name":"La fin de l\u2019Aide au D\u00e9veloppement : L'Afrique face au d\u00e9fi de la souverainet\u00e9 financi\u00e8re - challenges economiques","isPartOf":{"@id":"https:\/\/challengeseconomiques.com\/#website"},"primaryImageOfPage":{"@id":"https:\/\/challengeseconomiques.com\/?p=9055#primaryimage"},"image":{"@id":"https:\/\/challengeseconomiques.com\/?p=9055#primaryimage"},"thumbnailUrl":"https:\/\/challengeseconomiques.com\/wp-content\/uploads\/2020\/12\/remy-rioux-portrait.jpg","datePublished":"2026-04-30T13:00:06+00:00","author":{"@id":"https:\/\/challengeseconomiques.com\/#\/schema\/person\/b4568c9afebc5a9238a771873801e349"},"breadcrumb":{"@id":"https:\/\/challengeseconomiques.com\/?p=9055#breadcrumb"},"inLanguage":"fr-FR","potentialAction":[{"@type":"ReadAction","target":["https:\/\/challengeseconomiques.com\/?p=9055"]}]},{"@type":"ImageObject","inLanguage":"fr-FR","@id":"https:\/\/challengeseconomiques.com\/?p=9055#primaryimage","url":"https:\/\/challengeseconomiques.com\/wp-content\/uploads\/2020\/12\/remy-rioux-portrait.jpg","contentUrl":"https:\/\/challengeseconomiques.com\/wp-content\/uploads\/2020\/12\/remy-rioux-portrait.jpg","width":1680,"height":750},{"@type":"BreadcrumbList","@id":"https:\/\/challengeseconomiques.com\/?p=9055#breadcrumb","itemListElement":[{"@type":"ListItem","position":1,"name":"Home","item":"https:\/\/challengeseconomiques.com\/"},{"@type":"ListItem","position":2,"name":"La fin de l\u2019Aide au D\u00e9veloppement : L&rsquo;Afrique face au d\u00e9fi de la souverainet\u00e9 financi\u00e8re"}]},{"@type":"WebSite","@id":"https:\/\/challengeseconomiques.com\/#website","url":"https:\/\/challengeseconomiques.com\/","name":"challenges economiques","description":"","potentialAction":[{"@type":"SearchAction","target":{"@type":"EntryPoint","urlTemplate":"https:\/\/challengeseconomiques.com\/?s={search_term_string}"},"query-input":{"@type":"PropertyValueSpecification","valueRequired":true,"valueName":"search_term_string"}}],"inLanguage":"fr-FR"},{"@type":"Person","@id":"https:\/\/challengeseconomiques.com\/#\/schema\/person\/b4568c9afebc5a9238a771873801e349","name":"admin","image":{"@type":"ImageObject","inLanguage":"fr-FR","@id":"https:\/\/challengeseconomiques.com\/#\/schema\/person\/image\/","url":"https:\/\/secure.gravatar.com\/avatar\/099e42240b5eea11acdb72751fcce0dd918603f0749d24974b7984ea47ed9fd9?s=96&d=mm&r=g","contentUrl":"https:\/\/secure.gravatar.com\/avatar\/099e42240b5eea11acdb72751fcce0dd918603f0749d24974b7984ea47ed9fd9?s=96&d=mm&r=g","caption":"admin"},"sameAs":["https:\/\/challengeseconomiques.com"],"url":"https:\/\/challengeseconomiques.com\/?author=1"}]}},"jetpack_featured_media_url":"https:\/\/challengeseconomiques.com\/wp-content\/uploads\/2020\/12\/remy-rioux-portrait.jpg","jetpack_sharing_enabled":true,"_links":{"self":[{"href":"https:\/\/challengeseconomiques.com\/index.php?rest_route=\/wp\/v2\/posts\/9055","targetHints":{"allow":["GET"]}}],"collection":[{"href":"https:\/\/challengeseconomiques.com\/index.php?rest_route=\/wp\/v2\/posts"}],"about":[{"href":"https:\/\/challengeseconomiques.com\/index.php?rest_route=\/wp\/v2\/types\/post"}],"author":[{"embeddable":true,"href":"https:\/\/challengeseconomiques.com\/index.php?rest_route=\/wp\/v2\/users\/1"}],"replies":[{"embeddable":true,"href":"https:\/\/challengeseconomiques.com\/index.php?rest_route=%2Fwp%2Fv2%2Fcomments&post=9055"}],"version-history":[{"count":1,"href":"https:\/\/challengeseconomiques.com\/index.php?rest_route=\/wp\/v2\/posts\/9055\/revisions"}],"predecessor-version":[{"id":9056,"href":"https:\/\/challengeseconomiques.com\/index.php?rest_route=\/wp\/v2\/posts\/9055\/revisions\/9056"}],"wp:featuredmedia":[{"embeddable":true,"href":"https:\/\/challengeseconomiques.com\/index.php?rest_route=\/wp\/v2\/media\/390"}],"wp:attachment":[{"href":"https:\/\/challengeseconomiques.com\/index.php?rest_route=%2Fwp%2Fv2%2Fmedia&parent=9055"}],"wp:term":[{"taxonomy":"category","embeddable":true,"href":"https:\/\/challengeseconomiques.com\/index.php?rest_route=%2Fwp%2Fv2%2Fcategories&post=9055"},{"taxonomy":"post_tag","embeddable":true,"href":"https:\/\/challengeseconomiques.com\/index.php?rest_route=%2Fwp%2Fv2%2Ftags&post=9055"}],"curies":[{"name":"wp","href":"https:\/\/api.w.org\/{rel}","templated":true}]}}