{"id":9050,"date":"2026-04-28T13:44:15","date_gmt":"2026-04-28T13:44:15","guid":{"rendered":"https:\/\/challengeseconomiques.com\/?p=9050"},"modified":"2026-04-28T13:44:46","modified_gmt":"2026-04-28T13:44:46","slug":"cooperation-sino-africaine-lena-de-dakar-au-coeur-des-enjeux-de-gouvernance-et-de-modernisation-administrative","status":"publish","type":"post","link":"https:\/\/challengeseconomiques.com\/?p=9050","title":{"rendered":"Coop\u00e9ration sino-africaine : l\u2019ENA de Dakar au c\u0153ur des enjeux de gouvernance et de modernisation administrative"},"content":{"rendered":"<p>Le Deuxi\u00e8me Forum de l\u2019Afrique de l\u2019Ouest s\u2019est tenu ce lundi 27 avril \u00e0 l\u2019amphith\u00e9\u00e2tre Bruno Diatta de l\u2019\u00e9cole nationale d\u2019administration (ENA) du S\u00e9n\u00e9gal. La c\u00e9r\u00e9monie d\u2019ouverture a \u00e9t\u00e9 pr\u00e9sid\u00e9e par\u00a0M. Ibrahima Gueye, ministre, directeur de cabinet du Premier ministre Ousmane Sonko, en pr\u00e9sence de\u00a0Li Zhigang, Ambassadeur de la R\u00e9publique populaire de Chine, et de\u00a0M. Ye Hailing, Pr\u00e9sident de l\u2019institut Chine-Afrique (ICA).Co-organis\u00e9e avec l\u2019Acad\u00e9mie chinoise des Sciences sociales (CASS), cette rencontre a port\u00e9 sur le th\u00e8me : \u00ab \u00c9changes d\u2019exp\u00e9riences sur la Gouvernance des relations de coop\u00e9ration Chine-Afrique \u00bb.<\/p>\n<p>Dans son discours, l\u2019Ambassadeur Li Zhigang a rappel\u00e9 que la Chine demeure le premier partenaire commercial de l\u2019Afrique. Il a annonc\u00e9 une mesure \u00e9conomique majeure : l\u2019application de\u00a0droits de douane \u00e0 taux z\u00e9ro\u00a0pour les produits de pays africains \u00e0 partir du\u00a01er mai prochain. Le diplomate a soulign\u00e9 que la coop\u00e9ration ne doit plus se limiter au seul secteur des infrastructures, mais doit d\u00e9sormais \u00e9voluer vers de nouveaux domaines strat\u00e9giques. Sa pr\u00e9sence a r\u00e9affirm\u00e9 la volont\u00e9 de P\u00e9kin d\u2019accompagner le S\u00e9n\u00e9gal dans ses r\u00e9formes de modernisation institutionnelle et technologique.<\/p>\n<p>Le Directeur g\u00e9n\u00e9ral de l\u2019ENA,\u00a0M. Mor Fall, a pr\u00e9cis\u00e9 que la gouvernance des relations de coop\u00e9ration est un axe central de la vision 2050 \u00ab JUB, JUBBAL, JUBANTI \u00bb. Selon lui, cette approche guide les choix politiques et les r\u00e9formes diplomatiques pour assurer la pr\u00e9servation des int\u00e9r\u00eats du pays et la stabilit\u00e9 \u00e9conomique. Ce forum s&rsquo;est inscrit dans la continuit\u00e9 des symposiums de 2018 et 2019 consacr\u00e9s \u00e0 la r\u00e9duction de la pauvret\u00e9 et \u00e0 l\u2019Initiative \u00ab La Ceinture et la Route \u00bb, dont le S\u00e9n\u00e9gal fut le premier signataire en Afrique de l&rsquo;Ouest.<\/p>\n<p>Le partenariat entre l\u2019ENA et la Chine s&rsquo;est traduit par des r\u00e9alisations concr\u00e8tes au sein de l&rsquo;institution. M. Mor Fall a mentionn\u00e9 l\u2019amphith\u00e9\u00e2tre Bruno Diatta, l\u2019am\u00e9nagement de la biblioth\u00e8que moderne de Chine et la r\u00e9novation de l\u2019Institut de formation \u00e0 distance, d\u00e9sormais dot\u00e9 d&rsquo;\u00e9quipements technologiques haut de gamme. Ces infrastructures servent de support \u00e0 la recherche pour produire une pens\u00e9e administrative adapt\u00e9e aux r\u00e9alit\u00e9s ouest-africaines.<\/p>\n<p>Le Directeur de Cabinet, Ibrahima Gueye, a r\u00e9affirm\u00e9 le soutien du Gouvernement \u00e0 ces \u00e9changes acad\u00e9miques et techniques qui ont mobilis\u00e9 plus de cent experts et chercheurs. Les travaux se sont structur\u00e9s autour de deux panels majeurs : le premier sur la gouvernance et le partenariat strat\u00e9gique, le second sur la gestion des investissements et des projets durables. L&rsquo;objectif \u00e9tait de renforcer la coordination des politiques et les liens entre les peuples pour optimiser l&rsquo;ex\u00e9cution des projets de d\u00e9veloppement.<\/p>\n<p>En cl\u00f4ture de cette c\u00e9r\u00e9monie d&rsquo;ouverture, les autorit\u00e9s ont pris trois engagements pour p\u00e9renniser ce cadre d&rsquo;\u00e9change : un soutien politique \u00e0 la modernisation de l\u2019\u00c9tat, un appui \u00e0 la production scientifique originale et une ouverture r\u00e9gionale vers la CEDEAO et l\u2019Union africaine. Ce forum a marqu\u00e9 une \u00e9tape dans la structuration d&rsquo;un mod\u00e8le de coop\u00e9ration Sud-Sud fond\u00e9 sur le partage d&rsquo;expertises institutionnelles.<\/p>\n<p>&nbsp;<\/p>\n","protected":false},"excerpt":{"rendered":"<p>Le Deuxi\u00e8me Forum de l\u2019Afrique de l\u2019Ouest s\u2019est tenu ce lundi 27 avril \u00e0 l\u2019amphith\u00e9\u00e2tre Bruno Diatta de l\u2019\u00e9cole nationale d\u2019administration (ENA) du S\u00e9n\u00e9gal. La&#8230;<\/p>\n","protected":false},"author":1,"featured_media":9051,"comment_status":"closed","ping_status":"open","sticky":false,"template":"","format":"standard","meta":{"_jetpack_memberships_contains_paid_content":false,"footnotes":""},"categories":[23,8],"tags":[],"class_list":["post-9050","post","type-post","status-publish","format-standard","has-post-thumbnail","hentry","category-a-la-une","category-actualite-economique","wpcat-23-id","wpcat-8-id"],"yoast_head":"<!-- This site is optimized with the Yoast SEO plugin v27.1.1 - https:\/\/yoast.com\/product\/yoast-seo-wordpress\/ -->\n<title>Coop\u00e9ration sino-africaine : l\u2019ENA de Dakar au c\u0153ur des enjeux de gouvernance et de modernisation administrative - challenges economiques<\/title>\n<meta name=\"robots\" content=\"index, follow, max-snippet:-1, max-image-preview:large, max-video-preview:-1\" \/>\n<link rel=\"canonical\" href=\"https:\/\/challengeseconomiques.com\/?p=9050\" \/>\n<meta property=\"og:locale\" content=\"fr_FR\" \/>\n<meta property=\"og:type\" content=\"article\" \/>\n<meta property=\"og:title\" content=\"Coop\u00e9ration sino-africaine : l\u2019ENA de Dakar au c\u0153ur des enjeux de gouvernance et de modernisation administrative - challenges economiques\" \/>\n<meta property=\"og:description\" content=\"Le Deuxi\u00e8me Forum de l\u2019Afrique de l\u2019Ouest s\u2019est tenu ce lundi 27 avril \u00e0 l\u2019amphith\u00e9\u00e2tre Bruno Diatta de l\u2019\u00e9cole nationale d\u2019administration (ENA) du S\u00e9n\u00e9gal. La...\" \/>\n<meta property=\"og:url\" content=\"https:\/\/challengeseconomiques.com\/?p=9050\" \/>\n<meta property=\"og:site_name\" content=\"challenges economiques\" \/>\n<meta property=\"article:published_time\" content=\"2026-04-28T13:44:15+00:00\" \/>\n<meta property=\"article:modified_time\" content=\"2026-04-28T13:44:46+00:00\" \/>\n<meta property=\"og:image\" content=\"https:\/\/challengeseconomiques.com\/wp-content\/uploads\/2026\/04\/Chinesenegal.jpg\" \/>\n\t<meta property=\"og:image:width\" content=\"1080\" \/>\n\t<meta property=\"og:image:height\" content=\"629\" \/>\n\t<meta property=\"og:image:type\" content=\"image\/jpeg\" \/>\n<meta name=\"author\" content=\"admin\" \/>\n<meta name=\"twitter:card\" content=\"summary_large_image\" \/>\n<meta name=\"twitter:label1\" content=\"\u00c9crit par\" \/>\n\t<meta name=\"twitter:data1\" content=\"admin\" \/>\n\t<meta name=\"twitter:label2\" content=\"Dur\u00e9e de lecture estim\u00e9e\" \/>\n\t<meta name=\"twitter:data2\" content=\"3 minutes\" \/>\n<script type=\"application\/ld+json\" class=\"yoast-schema-graph\">{\"@context\":\"https:\/\/schema.org\",\"@graph\":[{\"@type\":\"Article\",\"@id\":\"https:\/\/challengeseconomiques.com\/?p=9050#article\",\"isPartOf\":{\"@id\":\"https:\/\/challengeseconomiques.com\/?p=9050\"},\"author\":{\"name\":\"admin\",\"@id\":\"https:\/\/challengeseconomiques.com\/#\/schema\/person\/b4568c9afebc5a9238a771873801e349\"},\"headline\":\"Coop\u00e9ration sino-africaine : l\u2019ENA de Dakar au c\u0153ur des enjeux de gouvernance et de modernisation administrative\",\"datePublished\":\"2026-04-28T13:44:15+00:00\",\"dateModified\":\"2026-04-28T13:44:46+00:00\",\"mainEntityOfPage\":{\"@id\":\"https:\/\/challengeseconomiques.com\/?p=9050\"},\"wordCount\":577,\"image\":{\"@id\":\"https:\/\/challengeseconomiques.com\/?p=9050#primaryimage\"},\"thumbnailUrl\":\"https:\/\/challengeseconomiques.com\/wp-content\/uploads\/2026\/04\/Chinesenegal.jpg\",\"articleSection\":[\"A la une\",\"Actualit\u00e9 \u00e9conomique\"],\"inLanguage\":\"fr-FR\"},{\"@type\":\"WebPage\",\"@id\":\"https:\/\/challengeseconomiques.com\/?p=9050\",\"url\":\"https:\/\/challengeseconomiques.com\/?p=9050\",\"name\":\"Coop\u00e9ration sino-africaine : l\u2019ENA de Dakar au c\u0153ur des enjeux de gouvernance et de modernisation administrative - challenges economiques\",\"isPartOf\":{\"@id\":\"https:\/\/challengeseconomiques.com\/#website\"},\"primaryImageOfPage\":{\"@id\":\"https:\/\/challengeseconomiques.com\/?p=9050#primaryimage\"},\"image\":{\"@id\":\"https:\/\/challengeseconomiques.com\/?p=9050#primaryimage\"},\"thumbnailUrl\":\"https:\/\/challengeseconomiques.com\/wp-content\/uploads\/2026\/04\/Chinesenegal.jpg\",\"datePublished\":\"2026-04-28T13:44:15+00:00\",\"dateModified\":\"2026-04-28T13:44:46+00:00\",\"author\":{\"@id\":\"https:\/\/challengeseconomiques.com\/#\/schema\/person\/b4568c9afebc5a9238a771873801e349\"},\"breadcrumb\":{\"@id\":\"https:\/\/challengeseconomiques.com\/?p=9050#breadcrumb\"},\"inLanguage\":\"fr-FR\",\"potentialAction\":[{\"@type\":\"ReadAction\",\"target\":[\"https:\/\/challengeseconomiques.com\/?p=9050\"]}]},{\"@type\":\"ImageObject\",\"inLanguage\":\"fr-FR\",\"@id\":\"https:\/\/challengeseconomiques.com\/?p=9050#primaryimage\",\"url\":\"https:\/\/challengeseconomiques.com\/wp-content\/uploads\/2026\/04\/Chinesenegal.jpg\",\"contentUrl\":\"https:\/\/challengeseconomiques.com\/wp-content\/uploads\/2026\/04\/Chinesenegal.jpg\",\"width\":1080,\"height\":629},{\"@type\":\"BreadcrumbList\",\"@id\":\"https:\/\/challengeseconomiques.com\/?p=9050#breadcrumb\",\"itemListElement\":[{\"@type\":\"ListItem\",\"position\":1,\"name\":\"Home\",\"item\":\"https:\/\/challengeseconomiques.com\/\"},{\"@type\":\"ListItem\",\"position\":2,\"name\":\"Coop\u00e9ration sino-africaine : l\u2019ENA de Dakar au c\u0153ur des enjeux de gouvernance et de modernisation administrative\"}]},{\"@type\":\"WebSite\",\"@id\":\"https:\/\/challengeseconomiques.com\/#website\",\"url\":\"https:\/\/challengeseconomiques.com\/\",\"name\":\"challenges economiques\",\"description\":\"\",\"potentialAction\":[{\"@type\":\"SearchAction\",\"target\":{\"@type\":\"EntryPoint\",\"urlTemplate\":\"https:\/\/challengeseconomiques.com\/?s={search_term_string}\"},\"query-input\":{\"@type\":\"PropertyValueSpecification\",\"valueRequired\":true,\"valueName\":\"search_term_string\"}}],\"inLanguage\":\"fr-FR\"},{\"@type\":\"Person\",\"@id\":\"https:\/\/challengeseconomiques.com\/#\/schema\/person\/b4568c9afebc5a9238a771873801e349\",\"name\":\"admin\",\"image\":{\"@type\":\"ImageObject\",\"inLanguage\":\"fr-FR\",\"@id\":\"https:\/\/challengeseconomiques.com\/#\/schema\/person\/image\/\",\"url\":\"https:\/\/secure.gravatar.com\/avatar\/099e42240b5eea11acdb72751fcce0dd918603f0749d24974b7984ea47ed9fd9?s=96&d=mm&r=g\",\"contentUrl\":\"https:\/\/secure.gravatar.com\/avatar\/099e42240b5eea11acdb72751fcce0dd918603f0749d24974b7984ea47ed9fd9?s=96&d=mm&r=g\",\"caption\":\"admin\"},\"sameAs\":[\"https:\/\/challengeseconomiques.com\"],\"url\":\"https:\/\/challengeseconomiques.com\/?author=1\"}]}<\/script>\n<!-- \/ Yoast SEO plugin. -->","yoast_head_json":{"title":"Coop\u00e9ration sino-africaine : l\u2019ENA de Dakar au c\u0153ur des enjeux de gouvernance et de modernisation administrative - challenges economiques","robots":{"index":"index","follow":"follow","max-snippet":"max-snippet:-1","max-image-preview":"max-image-preview:large","max-video-preview":"max-video-preview:-1"},"canonical":"https:\/\/challengeseconomiques.com\/?p=9050","og_locale":"fr_FR","og_type":"article","og_title":"Coop\u00e9ration sino-africaine : l\u2019ENA de Dakar au c\u0153ur des enjeux de gouvernance et de modernisation administrative - challenges economiques","og_description":"Le Deuxi\u00e8me Forum de l\u2019Afrique de l\u2019Ouest s\u2019est tenu ce lundi 27 avril \u00e0 l\u2019amphith\u00e9\u00e2tre Bruno Diatta de l\u2019\u00e9cole nationale d\u2019administration (ENA) du S\u00e9n\u00e9gal. La...","og_url":"https:\/\/challengeseconomiques.com\/?p=9050","og_site_name":"challenges economiques","article_published_time":"2026-04-28T13:44:15+00:00","article_modified_time":"2026-04-28T13:44:46+00:00","og_image":[{"width":1080,"height":629,"url":"https:\/\/challengeseconomiques.com\/wp-content\/uploads\/2026\/04\/Chinesenegal.jpg","type":"image\/jpeg"}],"author":"admin","twitter_card":"summary_large_image","twitter_misc":{"\u00c9crit par":"admin","Dur\u00e9e de lecture estim\u00e9e":"3 minutes"},"schema":{"@context":"https:\/\/schema.org","@graph":[{"@type":"Article","@id":"https:\/\/challengeseconomiques.com\/?p=9050#article","isPartOf":{"@id":"https:\/\/challengeseconomiques.com\/?p=9050"},"author":{"name":"admin","@id":"https:\/\/challengeseconomiques.com\/#\/schema\/person\/b4568c9afebc5a9238a771873801e349"},"headline":"Coop\u00e9ration sino-africaine : l\u2019ENA de Dakar au c\u0153ur des enjeux de gouvernance et de modernisation administrative","datePublished":"2026-04-28T13:44:15+00:00","dateModified":"2026-04-28T13:44:46+00:00","mainEntityOfPage":{"@id":"https:\/\/challengeseconomiques.com\/?p=9050"},"wordCount":577,"image":{"@id":"https:\/\/challengeseconomiques.com\/?p=9050#primaryimage"},"thumbnailUrl":"https:\/\/challengeseconomiques.com\/wp-content\/uploads\/2026\/04\/Chinesenegal.jpg","articleSection":["A la une","Actualit\u00e9 \u00e9conomique"],"inLanguage":"fr-FR"},{"@type":"WebPage","@id":"https:\/\/challengeseconomiques.com\/?p=9050","url":"https:\/\/challengeseconomiques.com\/?p=9050","name":"Coop\u00e9ration sino-africaine : l\u2019ENA de Dakar au c\u0153ur des enjeux de gouvernance et de modernisation administrative - challenges economiques","isPartOf":{"@id":"https:\/\/challengeseconomiques.com\/#website"},"primaryImageOfPage":{"@id":"https:\/\/challengeseconomiques.com\/?p=9050#primaryimage"},"image":{"@id":"https:\/\/challengeseconomiques.com\/?p=9050#primaryimage"},"thumbnailUrl":"https:\/\/challengeseconomiques.com\/wp-content\/uploads\/2026\/04\/Chinesenegal.jpg","datePublished":"2026-04-28T13:44:15+00:00","dateModified":"2026-04-28T13:44:46+00:00","author":{"@id":"https:\/\/challengeseconomiques.com\/#\/schema\/person\/b4568c9afebc5a9238a771873801e349"},"breadcrumb":{"@id":"https:\/\/challengeseconomiques.com\/?p=9050#breadcrumb"},"inLanguage":"fr-FR","potentialAction":[{"@type":"ReadAction","target":["https:\/\/challengeseconomiques.com\/?p=9050"]}]},{"@type":"ImageObject","inLanguage":"fr-FR","@id":"https:\/\/challengeseconomiques.com\/?p=9050#primaryimage","url":"https:\/\/challengeseconomiques.com\/wp-content\/uploads\/2026\/04\/Chinesenegal.jpg","contentUrl":"https:\/\/challengeseconomiques.com\/wp-content\/uploads\/2026\/04\/Chinesenegal.jpg","width":1080,"height":629},{"@type":"BreadcrumbList","@id":"https:\/\/challengeseconomiques.com\/?p=9050#breadcrumb","itemListElement":[{"@type":"ListItem","position":1,"name":"Home","item":"https:\/\/challengeseconomiques.com\/"},{"@type":"ListItem","position":2,"name":"Coop\u00e9ration sino-africaine : l\u2019ENA de Dakar au c\u0153ur des enjeux de gouvernance et de modernisation administrative"}]},{"@type":"WebSite","@id":"https:\/\/challengeseconomiques.com\/#website","url":"https:\/\/challengeseconomiques.com\/","name":"challenges economiques","description":"","potentialAction":[{"@type":"SearchAction","target":{"@type":"EntryPoint","urlTemplate":"https:\/\/challengeseconomiques.com\/?s={search_term_string}"},"query-input":{"@type":"PropertyValueSpecification","valueRequired":true,"valueName":"search_term_string"}}],"inLanguage":"fr-FR"},{"@type":"Person","@id":"https:\/\/challengeseconomiques.com\/#\/schema\/person\/b4568c9afebc5a9238a771873801e349","name":"admin","image":{"@type":"ImageObject","inLanguage":"fr-FR","@id":"https:\/\/challengeseconomiques.com\/#\/schema\/person\/image\/","url":"https:\/\/secure.gravatar.com\/avatar\/099e42240b5eea11acdb72751fcce0dd918603f0749d24974b7984ea47ed9fd9?s=96&d=mm&r=g","contentUrl":"https:\/\/secure.gravatar.com\/avatar\/099e42240b5eea11acdb72751fcce0dd918603f0749d24974b7984ea47ed9fd9?s=96&d=mm&r=g","caption":"admin"},"sameAs":["https:\/\/challengeseconomiques.com"],"url":"https:\/\/challengeseconomiques.com\/?author=1"}]}},"jetpack_featured_media_url":"https:\/\/challengeseconomiques.com\/wp-content\/uploads\/2026\/04\/Chinesenegal.jpg","jetpack_sharing_enabled":true,"_links":{"self":[{"href":"https:\/\/challengeseconomiques.com\/index.php?rest_route=\/wp\/v2\/posts\/9050","targetHints":{"allow":["GET"]}}],"collection":[{"href":"https:\/\/challengeseconomiques.com\/index.php?rest_route=\/wp\/v2\/posts"}],"about":[{"href":"https:\/\/challengeseconomiques.com\/index.php?rest_route=\/wp\/v2\/types\/post"}],"author":[{"embeddable":true,"href":"https:\/\/challengeseconomiques.com\/index.php?rest_route=\/wp\/v2\/users\/1"}],"replies":[{"embeddable":true,"href":"https:\/\/challengeseconomiques.com\/index.php?rest_route=%2Fwp%2Fv2%2Fcomments&post=9050"}],"version-history":[{"count":1,"href":"https:\/\/challengeseconomiques.com\/index.php?rest_route=\/wp\/v2\/posts\/9050\/revisions"}],"predecessor-version":[{"id":9052,"href":"https:\/\/challengeseconomiques.com\/index.php?rest_route=\/wp\/v2\/posts\/9050\/revisions\/9052"}],"wp:featuredmedia":[{"embeddable":true,"href":"https:\/\/challengeseconomiques.com\/index.php?rest_route=\/wp\/v2\/media\/9051"}],"wp:attachment":[{"href":"https:\/\/challengeseconomiques.com\/index.php?rest_route=%2Fwp%2Fv2%2Fmedia&parent=9050"}],"wp:term":[{"taxonomy":"category","embeddable":true,"href":"https:\/\/challengeseconomiques.com\/index.php?rest_route=%2Fwp%2Fv2%2Fcategories&post=9050"},{"taxonomy":"post_tag","embeddable":true,"href":"https:\/\/challengeseconomiques.com\/index.php?rest_route=%2Fwp%2Fv2%2Ftags&post=9050"}],"curies":[{"name":"wp","href":"https:\/\/api.w.org\/{rel}","templated":true}]}}