{"id":8919,"date":"2026-03-17T15:24:31","date_gmt":"2026-03-17T15:24:31","guid":{"rendered":"https:\/\/challengeseconomiques.com\/?p=8919"},"modified":"2026-03-17T15:25:03","modified_gmt":"2026-03-17T15:25:03","slug":"cooperation-senegal-bad-la-vice-presidente-nnenna-nwabufo-en-visite-a-dakar","status":"publish","type":"post","link":"https:\/\/challengeseconomiques.com\/?p=8919","title":{"rendered":"Coop\u00e9ration S\u00e9n\u00e9gal-BAD : la Vice-Pr\u00e9sidente Nnenna Nwabufo en visite \u00e0 Dakar"},"content":{"rendered":"<p><strong>Le ministre de l\u2019\u00c9conomie, du Plan et de la Coop\u00e9ration, a re\u00e7u ce lundi 16 mars 2026, une mission de la Banque Africaine de D\u00e9veloppement (BAD), dirig\u00e9e par Nnenna Nwabufo, Vice-Pr\u00e9sidente charg\u00e9e du D\u00e9veloppement r\u00e9gional, de l\u2019Int\u00e9gration et de la Prestation de services.<\/strong><\/p>\n<p>\u00ab Cette rencontre a \u00e9t\u00e9 l\u2019occasion de discuter de l\u2019\u00e9tat de la coop\u00e9ration entre le S\u00e9n\u00e9gal et le Groupe de la BAD, qui est un partenaire privil\u00e9gi\u00e9 de notre pays. Les \u00e9changes ont \u00e9galement port\u00e9 sur le cadrage macro\u00e9conomique, les r\u00e9formes aff\u00e9rentes \u00e0 la situation des finances publiques, mais aussi sur le recyclage d\u2019actifs\u00a0\u00bb, renseigne une note du minist\u00e8re de l\u2019Economie.<\/p>\n<p>D\u2019apr\u00e8s la m\u00eame source, le ministre Abdourahmane Sarr s\u2019est r\u00e9joui des convergences de vue avec la BAD et des perspectives de collaboration annonc\u00e9es, afin d\u2019accompagner la prise en charge des priorit\u00e9s nationales de l\u2019agenda 2050 et de la SND 2025-2029.<\/p>\n<p><strong>M. DIEME ( lesoleil.sn)<\/strong><\/p>\n","protected":false},"excerpt":{"rendered":"<p>Le ministre de l\u2019\u00c9conomie, du Plan et de la Coop\u00e9ration, a re\u00e7u ce lundi 16 mars 2026, une mission de la Banque Africaine de D\u00e9veloppement&#8230;<\/p>\n","protected":false},"author":1,"featured_media":8920,"comment_status":"closed","ping_status":"open","sticky":false,"template":"","format":"standard","meta":{"_jetpack_memberships_contains_paid_content":false,"footnotes":""},"categories":[8,10],"tags":[],"class_list":["post-8919","post","type-post","status-publish","format-standard","has-post-thumbnail","hentry","category-actualite-economique","category-infos-eco","wpcat-8-id","wpcat-10-id"],"yoast_head":"<!-- This site is optimized with the Yoast SEO plugin v27.1.1 - https:\/\/yoast.com\/product\/yoast-seo-wordpress\/ -->\n<title>Coop\u00e9ration S\u00e9n\u00e9gal-BAD : la Vice-Pr\u00e9sidente Nnenna Nwabufo en visite \u00e0 Dakar - challenges economiques<\/title>\n<meta name=\"robots\" content=\"index, follow, max-snippet:-1, max-image-preview:large, max-video-preview:-1\" \/>\n<link rel=\"canonical\" href=\"https:\/\/challengeseconomiques.com\/?p=8919\" \/>\n<meta property=\"og:locale\" content=\"fr_FR\" \/>\n<meta property=\"og:type\" content=\"article\" \/>\n<meta property=\"og:title\" content=\"Coop\u00e9ration S\u00e9n\u00e9gal-BAD : la Vice-Pr\u00e9sidente Nnenna Nwabufo en visite \u00e0 Dakar - challenges economiques\" \/>\n<meta property=\"og:description\" content=\"Le ministre de l\u2019\u00c9conomie, du Plan et de la Coop\u00e9ration, a re\u00e7u ce lundi 16 mars 2026, une mission de la Banque Africaine de D\u00e9veloppement...\" \/>\n<meta property=\"og:url\" content=\"https:\/\/challengeseconomiques.com\/?p=8919\" \/>\n<meta property=\"og:site_name\" content=\"challenges economiques\" \/>\n<meta property=\"article:published_time\" content=\"2026-03-17T15:24:31+00:00\" \/>\n<meta property=\"article:modified_time\" content=\"2026-03-17T15:25:03+00:00\" \/>\n<meta property=\"og:image\" content=\"https:\/\/challengeseconomiques.com\/wp-content\/uploads\/2026\/03\/badsoleil.webp\" \/>\n\t<meta property=\"og:image:width\" content=\"900\" \/>\n\t<meta property=\"og:image:height\" content=\"555\" \/>\n\t<meta property=\"og:image:type\" content=\"image\/webp\" \/>\n<meta name=\"author\" content=\"admin\" \/>\n<meta name=\"twitter:card\" content=\"summary_large_image\" \/>\n<meta name=\"twitter:label1\" content=\"\u00c9crit par\" \/>\n\t<meta name=\"twitter:data1\" content=\"admin\" \/>\n\t<meta name=\"twitter:label2\" content=\"Dur\u00e9e de lecture estim\u00e9e\" \/>\n\t<meta name=\"twitter:data2\" content=\"1 minute\" \/>\n<script type=\"application\/ld+json\" class=\"yoast-schema-graph\">{\"@context\":\"https:\/\/schema.org\",\"@graph\":[{\"@type\":\"Article\",\"@id\":\"https:\/\/challengeseconomiques.com\/?p=8919#article\",\"isPartOf\":{\"@id\":\"https:\/\/challengeseconomiques.com\/?p=8919\"},\"author\":{\"name\":\"admin\",\"@id\":\"https:\/\/challengeseconomiques.com\/#\/schema\/person\/b4568c9afebc5a9238a771873801e349\"},\"headline\":\"Coop\u00e9ration S\u00e9n\u00e9gal-BAD : la Vice-Pr\u00e9sidente Nnenna Nwabufo en visite \u00e0 Dakar\",\"datePublished\":\"2026-03-17T15:24:31+00:00\",\"dateModified\":\"2026-03-17T15:25:03+00:00\",\"mainEntityOfPage\":{\"@id\":\"https:\/\/challengeseconomiques.com\/?p=8919\"},\"wordCount\":188,\"image\":{\"@id\":\"https:\/\/challengeseconomiques.com\/?p=8919#primaryimage\"},\"thumbnailUrl\":\"https:\/\/challengeseconomiques.com\/wp-content\/uploads\/2026\/03\/badsoleil.webp\",\"articleSection\":[\"Actualit\u00e9 \u00e9conomique\",\"Infos \u00e9co\"],\"inLanguage\":\"fr-FR\"},{\"@type\":\"WebPage\",\"@id\":\"https:\/\/challengeseconomiques.com\/?p=8919\",\"url\":\"https:\/\/challengeseconomiques.com\/?p=8919\",\"name\":\"Coop\u00e9ration S\u00e9n\u00e9gal-BAD : la Vice-Pr\u00e9sidente Nnenna Nwabufo en visite \u00e0 Dakar - challenges economiques\",\"isPartOf\":{\"@id\":\"https:\/\/challengeseconomiques.com\/#website\"},\"primaryImageOfPage\":{\"@id\":\"https:\/\/challengeseconomiques.com\/?p=8919#primaryimage\"},\"image\":{\"@id\":\"https:\/\/challengeseconomiques.com\/?p=8919#primaryimage\"},\"thumbnailUrl\":\"https:\/\/challengeseconomiques.com\/wp-content\/uploads\/2026\/03\/badsoleil.webp\",\"datePublished\":\"2026-03-17T15:24:31+00:00\",\"dateModified\":\"2026-03-17T15:25:03+00:00\",\"author\":{\"@id\":\"https:\/\/challengeseconomiques.com\/#\/schema\/person\/b4568c9afebc5a9238a771873801e349\"},\"breadcrumb\":{\"@id\":\"https:\/\/challengeseconomiques.com\/?p=8919#breadcrumb\"},\"inLanguage\":\"fr-FR\",\"potentialAction\":[{\"@type\":\"ReadAction\",\"target\":[\"https:\/\/challengeseconomiques.com\/?p=8919\"]}]},{\"@type\":\"ImageObject\",\"inLanguage\":\"fr-FR\",\"@id\":\"https:\/\/challengeseconomiques.com\/?p=8919#primaryimage\",\"url\":\"https:\/\/challengeseconomiques.com\/wp-content\/uploads\/2026\/03\/badsoleil.webp\",\"contentUrl\":\"https:\/\/challengeseconomiques.com\/wp-content\/uploads\/2026\/03\/badsoleil.webp\",\"width\":900,\"height\":555},{\"@type\":\"BreadcrumbList\",\"@id\":\"https:\/\/challengeseconomiques.com\/?p=8919#breadcrumb\",\"itemListElement\":[{\"@type\":\"ListItem\",\"position\":1,\"name\":\"Home\",\"item\":\"https:\/\/challengeseconomiques.com\/\"},{\"@type\":\"ListItem\",\"position\":2,\"name\":\"Coop\u00e9ration S\u00e9n\u00e9gal-BAD : la Vice-Pr\u00e9sidente Nnenna Nwabufo en visite \u00e0 Dakar\"}]},{\"@type\":\"WebSite\",\"@id\":\"https:\/\/challengeseconomiques.com\/#website\",\"url\":\"https:\/\/challengeseconomiques.com\/\",\"name\":\"challenges economiques\",\"description\":\"\",\"potentialAction\":[{\"@type\":\"SearchAction\",\"target\":{\"@type\":\"EntryPoint\",\"urlTemplate\":\"https:\/\/challengeseconomiques.com\/?s={search_term_string}\"},\"query-input\":{\"@type\":\"PropertyValueSpecification\",\"valueRequired\":true,\"valueName\":\"search_term_string\"}}],\"inLanguage\":\"fr-FR\"},{\"@type\":\"Person\",\"@id\":\"https:\/\/challengeseconomiques.com\/#\/schema\/person\/b4568c9afebc5a9238a771873801e349\",\"name\":\"admin\",\"image\":{\"@type\":\"ImageObject\",\"inLanguage\":\"fr-FR\",\"@id\":\"https:\/\/challengeseconomiques.com\/#\/schema\/person\/image\/\",\"url\":\"https:\/\/secure.gravatar.com\/avatar\/099e42240b5eea11acdb72751fcce0dd918603f0749d24974b7984ea47ed9fd9?s=96&d=mm&r=g\",\"contentUrl\":\"https:\/\/secure.gravatar.com\/avatar\/099e42240b5eea11acdb72751fcce0dd918603f0749d24974b7984ea47ed9fd9?s=96&d=mm&r=g\",\"caption\":\"admin\"},\"sameAs\":[\"https:\/\/challengeseconomiques.com\"],\"url\":\"https:\/\/challengeseconomiques.com\/?author=1\"}]}<\/script>\n<!-- \/ Yoast SEO plugin. -->","yoast_head_json":{"title":"Coop\u00e9ration S\u00e9n\u00e9gal-BAD : la Vice-Pr\u00e9sidente Nnenna Nwabufo en visite \u00e0 Dakar - challenges economiques","robots":{"index":"index","follow":"follow","max-snippet":"max-snippet:-1","max-image-preview":"max-image-preview:large","max-video-preview":"max-video-preview:-1"},"canonical":"https:\/\/challengeseconomiques.com\/?p=8919","og_locale":"fr_FR","og_type":"article","og_title":"Coop\u00e9ration S\u00e9n\u00e9gal-BAD : la Vice-Pr\u00e9sidente Nnenna Nwabufo en visite \u00e0 Dakar - challenges economiques","og_description":"Le ministre de l\u2019\u00c9conomie, du Plan et de la Coop\u00e9ration, a re\u00e7u ce lundi 16 mars 2026, une mission de la Banque Africaine de D\u00e9veloppement...","og_url":"https:\/\/challengeseconomiques.com\/?p=8919","og_site_name":"challenges economiques","article_published_time":"2026-03-17T15:24:31+00:00","article_modified_time":"2026-03-17T15:25:03+00:00","og_image":[{"width":900,"height":555,"url":"https:\/\/challengeseconomiques.com\/wp-content\/uploads\/2026\/03\/badsoleil.webp","type":"image\/webp"}],"author":"admin","twitter_card":"summary_large_image","twitter_misc":{"\u00c9crit par":"admin","Dur\u00e9e de lecture estim\u00e9e":"1 minute"},"schema":{"@context":"https:\/\/schema.org","@graph":[{"@type":"Article","@id":"https:\/\/challengeseconomiques.com\/?p=8919#article","isPartOf":{"@id":"https:\/\/challengeseconomiques.com\/?p=8919"},"author":{"name":"admin","@id":"https:\/\/challengeseconomiques.com\/#\/schema\/person\/b4568c9afebc5a9238a771873801e349"},"headline":"Coop\u00e9ration S\u00e9n\u00e9gal-BAD : la Vice-Pr\u00e9sidente Nnenna Nwabufo en visite \u00e0 Dakar","datePublished":"2026-03-17T15:24:31+00:00","dateModified":"2026-03-17T15:25:03+00:00","mainEntityOfPage":{"@id":"https:\/\/challengeseconomiques.com\/?p=8919"},"wordCount":188,"image":{"@id":"https:\/\/challengeseconomiques.com\/?p=8919#primaryimage"},"thumbnailUrl":"https:\/\/challengeseconomiques.com\/wp-content\/uploads\/2026\/03\/badsoleil.webp","articleSection":["Actualit\u00e9 \u00e9conomique","Infos \u00e9co"],"inLanguage":"fr-FR"},{"@type":"WebPage","@id":"https:\/\/challengeseconomiques.com\/?p=8919","url":"https:\/\/challengeseconomiques.com\/?p=8919","name":"Coop\u00e9ration S\u00e9n\u00e9gal-BAD : la Vice-Pr\u00e9sidente Nnenna Nwabufo en visite \u00e0 Dakar - challenges economiques","isPartOf":{"@id":"https:\/\/challengeseconomiques.com\/#website"},"primaryImageOfPage":{"@id":"https:\/\/challengeseconomiques.com\/?p=8919#primaryimage"},"image":{"@id":"https:\/\/challengeseconomiques.com\/?p=8919#primaryimage"},"thumbnailUrl":"https:\/\/challengeseconomiques.com\/wp-content\/uploads\/2026\/03\/badsoleil.webp","datePublished":"2026-03-17T15:24:31+00:00","dateModified":"2026-03-17T15:25:03+00:00","author":{"@id":"https:\/\/challengeseconomiques.com\/#\/schema\/person\/b4568c9afebc5a9238a771873801e349"},"breadcrumb":{"@id":"https:\/\/challengeseconomiques.com\/?p=8919#breadcrumb"},"inLanguage":"fr-FR","potentialAction":[{"@type":"ReadAction","target":["https:\/\/challengeseconomiques.com\/?p=8919"]}]},{"@type":"ImageObject","inLanguage":"fr-FR","@id":"https:\/\/challengeseconomiques.com\/?p=8919#primaryimage","url":"https:\/\/challengeseconomiques.com\/wp-content\/uploads\/2026\/03\/badsoleil.webp","contentUrl":"https:\/\/challengeseconomiques.com\/wp-content\/uploads\/2026\/03\/badsoleil.webp","width":900,"height":555},{"@type":"BreadcrumbList","@id":"https:\/\/challengeseconomiques.com\/?p=8919#breadcrumb","itemListElement":[{"@type":"ListItem","position":1,"name":"Home","item":"https:\/\/challengeseconomiques.com\/"},{"@type":"ListItem","position":2,"name":"Coop\u00e9ration S\u00e9n\u00e9gal-BAD : la Vice-Pr\u00e9sidente Nnenna Nwabufo en visite \u00e0 Dakar"}]},{"@type":"WebSite","@id":"https:\/\/challengeseconomiques.com\/#website","url":"https:\/\/challengeseconomiques.com\/","name":"challenges economiques","description":"","potentialAction":[{"@type":"SearchAction","target":{"@type":"EntryPoint","urlTemplate":"https:\/\/challengeseconomiques.com\/?s={search_term_string}"},"query-input":{"@type":"PropertyValueSpecification","valueRequired":true,"valueName":"search_term_string"}}],"inLanguage":"fr-FR"},{"@type":"Person","@id":"https:\/\/challengeseconomiques.com\/#\/schema\/person\/b4568c9afebc5a9238a771873801e349","name":"admin","image":{"@type":"ImageObject","inLanguage":"fr-FR","@id":"https:\/\/challengeseconomiques.com\/#\/schema\/person\/image\/","url":"https:\/\/secure.gravatar.com\/avatar\/099e42240b5eea11acdb72751fcce0dd918603f0749d24974b7984ea47ed9fd9?s=96&d=mm&r=g","contentUrl":"https:\/\/secure.gravatar.com\/avatar\/099e42240b5eea11acdb72751fcce0dd918603f0749d24974b7984ea47ed9fd9?s=96&d=mm&r=g","caption":"admin"},"sameAs":["https:\/\/challengeseconomiques.com"],"url":"https:\/\/challengeseconomiques.com\/?author=1"}]}},"jetpack_featured_media_url":"https:\/\/challengeseconomiques.com\/wp-content\/uploads\/2026\/03\/badsoleil.webp","jetpack_sharing_enabled":true,"_links":{"self":[{"href":"https:\/\/challengeseconomiques.com\/index.php?rest_route=\/wp\/v2\/posts\/8919","targetHints":{"allow":["GET"]}}],"collection":[{"href":"https:\/\/challengeseconomiques.com\/index.php?rest_route=\/wp\/v2\/posts"}],"about":[{"href":"https:\/\/challengeseconomiques.com\/index.php?rest_route=\/wp\/v2\/types\/post"}],"author":[{"embeddable":true,"href":"https:\/\/challengeseconomiques.com\/index.php?rest_route=\/wp\/v2\/users\/1"}],"replies":[{"embeddable":true,"href":"https:\/\/challengeseconomiques.com\/index.php?rest_route=%2Fwp%2Fv2%2Fcomments&post=8919"}],"version-history":[{"count":1,"href":"https:\/\/challengeseconomiques.com\/index.php?rest_route=\/wp\/v2\/posts\/8919\/revisions"}],"predecessor-version":[{"id":8921,"href":"https:\/\/challengeseconomiques.com\/index.php?rest_route=\/wp\/v2\/posts\/8919\/revisions\/8921"}],"wp:featuredmedia":[{"embeddable":true,"href":"https:\/\/challengeseconomiques.com\/index.php?rest_route=\/wp\/v2\/media\/8920"}],"wp:attachment":[{"href":"https:\/\/challengeseconomiques.com\/index.php?rest_route=%2Fwp%2Fv2%2Fmedia&parent=8919"}],"wp:term":[{"taxonomy":"category","embeddable":true,"href":"https:\/\/challengeseconomiques.com\/index.php?rest_route=%2Fwp%2Fv2%2Fcategories&post=8919"},{"taxonomy":"post_tag","embeddable":true,"href":"https:\/\/challengeseconomiques.com\/index.php?rest_route=%2Fwp%2Fv2%2Ftags&post=8919"}],"curies":[{"name":"wp","href":"https:\/\/api.w.org\/{rel}","templated":true}]}}