{"id":8910,"date":"2026-03-15T12:36:15","date_gmt":"2026-03-15T12:36:15","guid":{"rendered":"https:\/\/challengeseconomiques.com\/?p=8910"},"modified":"2026-03-15T12:36:40","modified_gmt":"2026-03-15T12:36:40","slug":"le-senegal-leve110-milliards-de-fcfa-sur-le-marche-des-titres-publics-de-lumoa","status":"publish","type":"post","link":"https:\/\/challengeseconomiques.com\/?p=8910","title":{"rendered":"Le S\u00e9n\u00e9gal l\u00e9ve110 milliards de FCFA sur le march\u00e9 des titres publics de l\u2019UMOA"},"content":{"rendered":"<p><strong>Amadou Tidiane Gaye, Directeur de la comptabilit\u00e9 publique et du tr\u00e9sor<\/strong><\/p>\n<p>Le Tr\u00e9sor public du S\u00e9n\u00e9gal a r\u00e9alis\u00e9, le 13 mars 2026, une \u00e9mission de Bons Assimilables du Tr\u00e9sor (BAT) sur le march\u00e9 de l&rsquo;UMOA. L&rsquo;op\u00e9ration a permis de lever 110 milliards de FCFA pour une \u00e9ch\u00e9ance de 11 mois. L&rsquo;appel d&rsquo;offres (r\u00e9f\u00e9rence ADJ-SN0000004706-BAT11M-2026) visait un montant initial de 100 milliards de FCFA. Le march\u00e9 a r\u00e9pondu avec des soumissions globales de 149,039 milliards de FCFA, soit un taux de couverture de 149,04 %. Sur les 26 soumissions re\u00e7ues de la part de 15 participants, l&rsquo;\u00c9tat a retenu 110 milliards de FCFA, affichant un taux d&rsquo;absorption de 73,81 %.<\/p>\n<p>Les titres, d&rsquo;une valeur nominale unitaire de 1 million de FCFA, pr\u00e9sentent un rendement moyen pond\u00e9r\u00e9 de 6,84 %. Le taux moyen pond\u00e9r\u00e9 s&rsquo;\u00e9tablit \u00e0 6,4115 % et le taux marginal \u00e0 6,60 %. L&rsquo;\u00e9ch\u00e9ance des titres est fix\u00e9e au 28 f\u00e9vrier 2027, pour une dur\u00e9e totale de 350 jours.<\/p>\n<p>Le financement a \u00e9t\u00e9 principalement port\u00e9 par deux places financi\u00e8res : la C\u00f4te d\u2019Ivoire avec 59,35 milliards de FCFA retenus (sur 62,98 milliards propos\u00e9s) et le S\u00e9n\u00e9gal avec 49,61 milliards de FCFA retenus (sur 62,31 milliards propos\u00e9s). Le reste des fonds provient du B\u00e9nin (0,92 milliard retenu) et du Burkina Faso (0,10 milliard retenu). Les offres provenant du Togo n&rsquo;ont pas \u00e9t\u00e9 retenues par l&rsquo;\u00e9metteur. Les investisseurs du Mali, du Niger et de la Guin\u00e9e-Bissau n&rsquo;ont pas particip\u00e9 \u00e0 cette adjudication.<\/p>\n<p>&nbsp;<\/p>\n","protected":false},"excerpt":{"rendered":"<p>Amadou Tidiane Gaye, Directeur de la comptabilit\u00e9 publique et du tr\u00e9sor Le Tr\u00e9sor public du S\u00e9n\u00e9gal a r\u00e9alis\u00e9, le 13 mars 2026, une \u00e9mission de&#8230;<\/p>\n","protected":false},"author":1,"featured_media":8815,"comment_status":"closed","ping_status":"open","sticky":false,"template":"","format":"standard","meta":{"_jetpack_memberships_contains_paid_content":false,"footnotes":""},"categories":[23,8],"tags":[],"class_list":["post-8910","post","type-post","status-publish","format-standard","has-post-thumbnail","hentry","category-a-la-une","category-actualite-economique","wpcat-23-id","wpcat-8-id"],"yoast_head":"<!-- This site is optimized with the Yoast SEO plugin v27.1.1 - https:\/\/yoast.com\/product\/yoast-seo-wordpress\/ -->\n<title>Le S\u00e9n\u00e9gal l\u00e9ve110 milliards de FCFA sur le march\u00e9 des titres publics de l\u2019UMOA - challenges economiques<\/title>\n<meta name=\"robots\" content=\"index, follow, max-snippet:-1, max-image-preview:large, max-video-preview:-1\" \/>\n<link rel=\"canonical\" href=\"https:\/\/challengeseconomiques.com\/?p=8910\" \/>\n<meta property=\"og:locale\" content=\"fr_FR\" \/>\n<meta property=\"og:type\" content=\"article\" \/>\n<meta property=\"og:title\" content=\"Le S\u00e9n\u00e9gal l\u00e9ve110 milliards de FCFA sur le march\u00e9 des titres publics de l\u2019UMOA - challenges economiques\" \/>\n<meta property=\"og:description\" content=\"Amadou Tidiane Gaye, Directeur de la comptabilit\u00e9 publique et du tr\u00e9sor Le Tr\u00e9sor public du S\u00e9n\u00e9gal a r\u00e9alis\u00e9, le 13 mars 2026, une \u00e9mission de...\" \/>\n<meta property=\"og:url\" content=\"https:\/\/challengeseconomiques.com\/?p=8910\" \/>\n<meta property=\"og:site_name\" content=\"challenges economiques\" \/>\n<meta property=\"article:published_time\" content=\"2026-03-15T12:36:15+00:00\" \/>\n<meta property=\"article:modified_time\" content=\"2026-03-15T12:36:40+00:00\" \/>\n<meta property=\"og:image\" content=\"https:\/\/challengeseconomiques.com\/wp-content\/uploads\/2026\/02\/DG-tresor-Amadou-Tidiane-Gaye-500x245-ok.jpg\" \/>\n\t<meta property=\"og:image:width\" content=\"2083\" \/>\n\t<meta property=\"og:image:height\" content=\"1041\" \/>\n\t<meta property=\"og:image:type\" content=\"image\/jpeg\" \/>\n<meta name=\"author\" content=\"admin\" \/>\n<meta name=\"twitter:card\" content=\"summary_large_image\" \/>\n<meta name=\"twitter:label1\" content=\"\u00c9crit par\" \/>\n\t<meta name=\"twitter:data1\" content=\"admin\" \/>\n\t<meta name=\"twitter:label2\" content=\"Dur\u00e9e de lecture estim\u00e9e\" \/>\n\t<meta name=\"twitter:data2\" content=\"1 minute\" \/>\n<script type=\"application\/ld+json\" class=\"yoast-schema-graph\">{\"@context\":\"https:\/\/schema.org\",\"@graph\":[{\"@type\":\"Article\",\"@id\":\"https:\/\/challengeseconomiques.com\/?p=8910#article\",\"isPartOf\":{\"@id\":\"https:\/\/challengeseconomiques.com\/?p=8910\"},\"author\":{\"name\":\"admin\",\"@id\":\"https:\/\/challengeseconomiques.com\/#\/schema\/person\/b4568c9afebc5a9238a771873801e349\"},\"headline\":\"Le S\u00e9n\u00e9gal l\u00e9ve110 milliards de FCFA sur le march\u00e9 des titres publics de l\u2019UMOA\",\"datePublished\":\"2026-03-15T12:36:15+00:00\",\"dateModified\":\"2026-03-15T12:36:40+00:00\",\"mainEntityOfPage\":{\"@id\":\"https:\/\/challengeseconomiques.com\/?p=8910\"},\"wordCount\":268,\"image\":{\"@id\":\"https:\/\/challengeseconomiques.com\/?p=8910#primaryimage\"},\"thumbnailUrl\":\"https:\/\/challengeseconomiques.com\/wp-content\/uploads\/2026\/02\/DG-tresor-Amadou-Tidiane-Gaye-500x245-ok.jpg\",\"articleSection\":[\"A la une\",\"Actualit\u00e9 \u00e9conomique\"],\"inLanguage\":\"fr-FR\"},{\"@type\":\"WebPage\",\"@id\":\"https:\/\/challengeseconomiques.com\/?p=8910\",\"url\":\"https:\/\/challengeseconomiques.com\/?p=8910\",\"name\":\"Le S\u00e9n\u00e9gal l\u00e9ve110 milliards de FCFA sur le march\u00e9 des titres publics de l\u2019UMOA - challenges economiques\",\"isPartOf\":{\"@id\":\"https:\/\/challengeseconomiques.com\/#website\"},\"primaryImageOfPage\":{\"@id\":\"https:\/\/challengeseconomiques.com\/?p=8910#primaryimage\"},\"image\":{\"@id\":\"https:\/\/challengeseconomiques.com\/?p=8910#primaryimage\"},\"thumbnailUrl\":\"https:\/\/challengeseconomiques.com\/wp-content\/uploads\/2026\/02\/DG-tresor-Amadou-Tidiane-Gaye-500x245-ok.jpg\",\"datePublished\":\"2026-03-15T12:36:15+00:00\",\"dateModified\":\"2026-03-15T12:36:40+00:00\",\"author\":{\"@id\":\"https:\/\/challengeseconomiques.com\/#\/schema\/person\/b4568c9afebc5a9238a771873801e349\"},\"breadcrumb\":{\"@id\":\"https:\/\/challengeseconomiques.com\/?p=8910#breadcrumb\"},\"inLanguage\":\"fr-FR\",\"potentialAction\":[{\"@type\":\"ReadAction\",\"target\":[\"https:\/\/challengeseconomiques.com\/?p=8910\"]}]},{\"@type\":\"ImageObject\",\"inLanguage\":\"fr-FR\",\"@id\":\"https:\/\/challengeseconomiques.com\/?p=8910#primaryimage\",\"url\":\"https:\/\/challengeseconomiques.com\/wp-content\/uploads\/2026\/02\/DG-tresor-Amadou-Tidiane-Gaye-500x245-ok.jpg\",\"contentUrl\":\"https:\/\/challengeseconomiques.com\/wp-content\/uploads\/2026\/02\/DG-tresor-Amadou-Tidiane-Gaye-500x245-ok.jpg\",\"width\":2083,\"height\":1041},{\"@type\":\"BreadcrumbList\",\"@id\":\"https:\/\/challengeseconomiques.com\/?p=8910#breadcrumb\",\"itemListElement\":[{\"@type\":\"ListItem\",\"position\":1,\"name\":\"Home\",\"item\":\"https:\/\/challengeseconomiques.com\/\"},{\"@type\":\"ListItem\",\"position\":2,\"name\":\"Le S\u00e9n\u00e9gal l\u00e9ve110 milliards de FCFA sur le march\u00e9 des titres publics de l\u2019UMOA\"}]},{\"@type\":\"WebSite\",\"@id\":\"https:\/\/challengeseconomiques.com\/#website\",\"url\":\"https:\/\/challengeseconomiques.com\/\",\"name\":\"challenges economiques\",\"description\":\"\",\"potentialAction\":[{\"@type\":\"SearchAction\",\"target\":{\"@type\":\"EntryPoint\",\"urlTemplate\":\"https:\/\/challengeseconomiques.com\/?s={search_term_string}\"},\"query-input\":{\"@type\":\"PropertyValueSpecification\",\"valueRequired\":true,\"valueName\":\"search_term_string\"}}],\"inLanguage\":\"fr-FR\"},{\"@type\":\"Person\",\"@id\":\"https:\/\/challengeseconomiques.com\/#\/schema\/person\/b4568c9afebc5a9238a771873801e349\",\"name\":\"admin\",\"image\":{\"@type\":\"ImageObject\",\"inLanguage\":\"fr-FR\",\"@id\":\"https:\/\/challengeseconomiques.com\/#\/schema\/person\/image\/\",\"url\":\"https:\/\/secure.gravatar.com\/avatar\/099e42240b5eea11acdb72751fcce0dd918603f0749d24974b7984ea47ed9fd9?s=96&d=mm&r=g\",\"contentUrl\":\"https:\/\/secure.gravatar.com\/avatar\/099e42240b5eea11acdb72751fcce0dd918603f0749d24974b7984ea47ed9fd9?s=96&d=mm&r=g\",\"caption\":\"admin\"},\"sameAs\":[\"https:\/\/challengeseconomiques.com\"],\"url\":\"https:\/\/challengeseconomiques.com\/?author=1\"}]}<\/script>\n<!-- \/ Yoast SEO plugin. -->","yoast_head_json":{"title":"Le S\u00e9n\u00e9gal l\u00e9ve110 milliards de FCFA sur le march\u00e9 des titres publics de l\u2019UMOA - challenges economiques","robots":{"index":"index","follow":"follow","max-snippet":"max-snippet:-1","max-image-preview":"max-image-preview:large","max-video-preview":"max-video-preview:-1"},"canonical":"https:\/\/challengeseconomiques.com\/?p=8910","og_locale":"fr_FR","og_type":"article","og_title":"Le S\u00e9n\u00e9gal l\u00e9ve110 milliards de FCFA sur le march\u00e9 des titres publics de l\u2019UMOA - challenges economiques","og_description":"Amadou Tidiane Gaye, Directeur de la comptabilit\u00e9 publique et du tr\u00e9sor Le Tr\u00e9sor public du S\u00e9n\u00e9gal a r\u00e9alis\u00e9, le 13 mars 2026, une \u00e9mission de...","og_url":"https:\/\/challengeseconomiques.com\/?p=8910","og_site_name":"challenges economiques","article_published_time":"2026-03-15T12:36:15+00:00","article_modified_time":"2026-03-15T12:36:40+00:00","og_image":[{"width":2083,"height":1041,"url":"https:\/\/challengeseconomiques.com\/wp-content\/uploads\/2026\/02\/DG-tresor-Amadou-Tidiane-Gaye-500x245-ok.jpg","type":"image\/jpeg"}],"author":"admin","twitter_card":"summary_large_image","twitter_misc":{"\u00c9crit par":"admin","Dur\u00e9e de lecture estim\u00e9e":"1 minute"},"schema":{"@context":"https:\/\/schema.org","@graph":[{"@type":"Article","@id":"https:\/\/challengeseconomiques.com\/?p=8910#article","isPartOf":{"@id":"https:\/\/challengeseconomiques.com\/?p=8910"},"author":{"name":"admin","@id":"https:\/\/challengeseconomiques.com\/#\/schema\/person\/b4568c9afebc5a9238a771873801e349"},"headline":"Le S\u00e9n\u00e9gal l\u00e9ve110 milliards de FCFA sur le march\u00e9 des titres publics de l\u2019UMOA","datePublished":"2026-03-15T12:36:15+00:00","dateModified":"2026-03-15T12:36:40+00:00","mainEntityOfPage":{"@id":"https:\/\/challengeseconomiques.com\/?p=8910"},"wordCount":268,"image":{"@id":"https:\/\/challengeseconomiques.com\/?p=8910#primaryimage"},"thumbnailUrl":"https:\/\/challengeseconomiques.com\/wp-content\/uploads\/2026\/02\/DG-tresor-Amadou-Tidiane-Gaye-500x245-ok.jpg","articleSection":["A la une","Actualit\u00e9 \u00e9conomique"],"inLanguage":"fr-FR"},{"@type":"WebPage","@id":"https:\/\/challengeseconomiques.com\/?p=8910","url":"https:\/\/challengeseconomiques.com\/?p=8910","name":"Le S\u00e9n\u00e9gal l\u00e9ve110 milliards de FCFA sur le march\u00e9 des titres publics de l\u2019UMOA - challenges economiques","isPartOf":{"@id":"https:\/\/challengeseconomiques.com\/#website"},"primaryImageOfPage":{"@id":"https:\/\/challengeseconomiques.com\/?p=8910#primaryimage"},"image":{"@id":"https:\/\/challengeseconomiques.com\/?p=8910#primaryimage"},"thumbnailUrl":"https:\/\/challengeseconomiques.com\/wp-content\/uploads\/2026\/02\/DG-tresor-Amadou-Tidiane-Gaye-500x245-ok.jpg","datePublished":"2026-03-15T12:36:15+00:00","dateModified":"2026-03-15T12:36:40+00:00","author":{"@id":"https:\/\/challengeseconomiques.com\/#\/schema\/person\/b4568c9afebc5a9238a771873801e349"},"breadcrumb":{"@id":"https:\/\/challengeseconomiques.com\/?p=8910#breadcrumb"},"inLanguage":"fr-FR","potentialAction":[{"@type":"ReadAction","target":["https:\/\/challengeseconomiques.com\/?p=8910"]}]},{"@type":"ImageObject","inLanguage":"fr-FR","@id":"https:\/\/challengeseconomiques.com\/?p=8910#primaryimage","url":"https:\/\/challengeseconomiques.com\/wp-content\/uploads\/2026\/02\/DG-tresor-Amadou-Tidiane-Gaye-500x245-ok.jpg","contentUrl":"https:\/\/challengeseconomiques.com\/wp-content\/uploads\/2026\/02\/DG-tresor-Amadou-Tidiane-Gaye-500x245-ok.jpg","width":2083,"height":1041},{"@type":"BreadcrumbList","@id":"https:\/\/challengeseconomiques.com\/?p=8910#breadcrumb","itemListElement":[{"@type":"ListItem","position":1,"name":"Home","item":"https:\/\/challengeseconomiques.com\/"},{"@type":"ListItem","position":2,"name":"Le S\u00e9n\u00e9gal l\u00e9ve110 milliards de FCFA sur le march\u00e9 des titres publics de l\u2019UMOA"}]},{"@type":"WebSite","@id":"https:\/\/challengeseconomiques.com\/#website","url":"https:\/\/challengeseconomiques.com\/","name":"challenges economiques","description":"","potentialAction":[{"@type":"SearchAction","target":{"@type":"EntryPoint","urlTemplate":"https:\/\/challengeseconomiques.com\/?s={search_term_string}"},"query-input":{"@type":"PropertyValueSpecification","valueRequired":true,"valueName":"search_term_string"}}],"inLanguage":"fr-FR"},{"@type":"Person","@id":"https:\/\/challengeseconomiques.com\/#\/schema\/person\/b4568c9afebc5a9238a771873801e349","name":"admin","image":{"@type":"ImageObject","inLanguage":"fr-FR","@id":"https:\/\/challengeseconomiques.com\/#\/schema\/person\/image\/","url":"https:\/\/secure.gravatar.com\/avatar\/099e42240b5eea11acdb72751fcce0dd918603f0749d24974b7984ea47ed9fd9?s=96&d=mm&r=g","contentUrl":"https:\/\/secure.gravatar.com\/avatar\/099e42240b5eea11acdb72751fcce0dd918603f0749d24974b7984ea47ed9fd9?s=96&d=mm&r=g","caption":"admin"},"sameAs":["https:\/\/challengeseconomiques.com"],"url":"https:\/\/challengeseconomiques.com\/?author=1"}]}},"jetpack_featured_media_url":"https:\/\/challengeseconomiques.com\/wp-content\/uploads\/2026\/02\/DG-tresor-Amadou-Tidiane-Gaye-500x245-ok.jpg","jetpack_sharing_enabled":true,"_links":{"self":[{"href":"https:\/\/challengeseconomiques.com\/index.php?rest_route=\/wp\/v2\/posts\/8910","targetHints":{"allow":["GET"]}}],"collection":[{"href":"https:\/\/challengeseconomiques.com\/index.php?rest_route=\/wp\/v2\/posts"}],"about":[{"href":"https:\/\/challengeseconomiques.com\/index.php?rest_route=\/wp\/v2\/types\/post"}],"author":[{"embeddable":true,"href":"https:\/\/challengeseconomiques.com\/index.php?rest_route=\/wp\/v2\/users\/1"}],"replies":[{"embeddable":true,"href":"https:\/\/challengeseconomiques.com\/index.php?rest_route=%2Fwp%2Fv2%2Fcomments&post=8910"}],"version-history":[{"count":1,"href":"https:\/\/challengeseconomiques.com\/index.php?rest_route=\/wp\/v2\/posts\/8910\/revisions"}],"predecessor-version":[{"id":8911,"href":"https:\/\/challengeseconomiques.com\/index.php?rest_route=\/wp\/v2\/posts\/8910\/revisions\/8911"}],"wp:featuredmedia":[{"embeddable":true,"href":"https:\/\/challengeseconomiques.com\/index.php?rest_route=\/wp\/v2\/media\/8815"}],"wp:attachment":[{"href":"https:\/\/challengeseconomiques.com\/index.php?rest_route=%2Fwp%2Fv2%2Fmedia&parent=8910"}],"wp:term":[{"taxonomy":"category","embeddable":true,"href":"https:\/\/challengeseconomiques.com\/index.php?rest_route=%2Fwp%2Fv2%2Fcategories&post=8910"},{"taxonomy":"post_tag","embeddable":true,"href":"https:\/\/challengeseconomiques.com\/index.php?rest_route=%2Fwp%2Fv2%2Ftags&post=8910"}],"curies":[{"name":"wp","href":"https:\/\/api.w.org\/{rel}","templated":true}]}}