{"id":8908,"date":"2026-03-15T12:06:59","date_gmt":"2026-03-15T12:06:59","guid":{"rendered":"https:\/\/challengeseconomiques.com\/?p=8908"},"modified":"2026-03-15T12:07:27","modified_gmt":"2026-03-15T12:07:27","slug":"secteur-cimentier-au-senegal-les-industriels-appellent-a-la-stabilite-du-cadre-economique","status":"publish","type":"post","link":"https:\/\/challengeseconomiques.com\/?p=8908","title":{"rendered":"Secteur cimentier au S\u00e9n\u00e9gal : les industriels appellent \u00e0 la stabilit\u00e9 du cadre \u00e9conomique"},"content":{"rendered":"<p><strong>Dans un communiqu\u00e9 conjoint transmis \u00e0 la presse, les quatre cimenteries install\u00e9es au S\u00e9n\u00e9gal (Sococim Industries, Les Cimenteries du Sahel, Dangote Cement S\u00e9n\u00e9gal et Ciments de l\u2019Afrique S\u00e9n\u00e9gal) dressent un \u00e9tat des lieux du secteur. Entre investissements massifs et audits administratifs, les industriels pr\u00e9conisent un dialogue transparent pour soutenir la croissance nationale.<\/strong><\/p>\n<p>Selon le\u00a0communiqu\u00e9 des industries cimenti\u00e8res, le secteur du b\u00e2timent et des travaux publics (BTP) au S\u00e9n\u00e9gal conna\u00eet un ralentissement significatif depuis pr\u00e8s de deux ans. Cette tendance locale contraste avec les dynamiques observ\u00e9es dans plusieurs pays de la sous-r\u00e9gion, o\u00f9 la croissance des secteurs industriels et de la construction d\u00e9passe parfois les 20 %. Dans ce contexte de baisse d&rsquo;activit\u00e9, les cimentiers soulignent \u00e9galement une pression croissante sur les co\u00fbts de l&rsquo;\u00e9nergie, du transport et des intrants, aliment\u00e9e par les tensions g\u00e9opolitiques mondiales.<\/p>\n<p>Malgr\u00e9 cette conjoncture, l\u2019effort d\u2019investissement industriel s&rsquo;est maintenu. Le\u00a0document cosign\u00e9 par les quatre op\u00e9rateurs\u00a0pr\u00e9cise que plus de 600 milliards de FCFA ont \u00e9t\u00e9 inject\u00e9s au cours des cinq derni\u00e8res ann\u00e9es. Ces capitaux visent \u00e0 moderniser l&rsquo;appareil productif tout en garantissant des prix de vente pr\u00e9sent\u00e9s comme les plus bas d&rsquo;Afrique de l&rsquo;Ouest. Sur le plan social, le secteur soutient plus de 10 000 emplois directs et indirects, particuli\u00e8rement dans les branches du transport, de la distribution et de la construction d&rsquo;infrastructures publiques.<\/p>\n<p>Concernant le d\u00e9bat public sur les incitations fiscales,\u00a0les signataires du communiqu\u00e9\u00a0indiquent que les m\u00e9canismes en vigueur d\u00e9coulent de conventions sign\u00e9es avec l\u2019\u00c9tat pour encourager l&rsquo;implantation de grands projets. Ces dispositifs, conformes aux codes miniers successifs, incluent des clauses de stabilisation destin\u00e9es \u00e0 s\u00e9curiser les investissements lourds.<\/p>\n<p>Enfin, au sujet des r\u00e9cents audits de leurs contrats, les cimenteries indiquent avoir pleinement coop\u00e9r\u00e9 \u00e0 la transmission des informations n\u00e9cessaires. Bien que les rapports finaux n&rsquo;aient pas encore fait l&rsquo;objet d&rsquo;une restitution officielle, les op\u00e9rateurs pr\u00e9cisent dans leur\u00a0d\u00e9claration commune\u00a0qu&rsquo;il s&rsquo;agit d&rsquo;un \u00ab d\u00e9bat administratif \u00bb qui ne doit pas affecter les projets industriels engag\u00e9s. Les industries r\u00e9affirment leur volont\u00e9 de poursuivre un dialogue constructif avec les autorit\u00e9s pour pr\u00e9server un environnement propice \u00e0 l&rsquo;investissement durable.<\/p>\n<p>&nbsp;<\/p>\n","protected":false},"excerpt":{"rendered":"<p>Dans un communiqu\u00e9 conjoint transmis \u00e0 la presse, les quatre cimenteries install\u00e9es au S\u00e9n\u00e9gal (Sococim Industries, Les Cimenteries du Sahel, Dangote Cement S\u00e9n\u00e9gal et Ciments&#8230;<\/p>\n","protected":false},"author":1,"featured_media":3300,"comment_status":"closed","ping_status":"open","sticky":false,"template":"","format":"standard","meta":{"_jetpack_memberships_contains_paid_content":false,"footnotes":""},"categories":[23,8],"tags":[],"class_list":["post-8908","post","type-post","status-publish","format-standard","has-post-thumbnail","hentry","category-a-la-une","category-actualite-economique","wpcat-23-id","wpcat-8-id"],"yoast_head":"<!-- This site is optimized with the Yoast SEO plugin v27.1.1 - https:\/\/yoast.com\/product\/yoast-seo-wordpress\/ -->\n<title>Secteur cimentier au S\u00e9n\u00e9gal : les industriels appellent \u00e0 la stabilit\u00e9 du cadre \u00e9conomique - challenges economiques<\/title>\n<meta name=\"robots\" content=\"index, follow, max-snippet:-1, max-image-preview:large, max-video-preview:-1\" \/>\n<link rel=\"canonical\" href=\"https:\/\/challengeseconomiques.com\/?p=8908\" \/>\n<meta property=\"og:locale\" content=\"fr_FR\" \/>\n<meta property=\"og:type\" content=\"article\" \/>\n<meta property=\"og:title\" content=\"Secteur cimentier au S\u00e9n\u00e9gal : les industriels appellent \u00e0 la stabilit\u00e9 du cadre \u00e9conomique - challenges economiques\" \/>\n<meta property=\"og:description\" content=\"Dans un communiqu\u00e9 conjoint transmis \u00e0 la presse, les quatre cimenteries install\u00e9es au S\u00e9n\u00e9gal (Sococim Industries, Les Cimenteries du Sahel, Dangote Cement S\u00e9n\u00e9gal et Ciments...\" \/>\n<meta property=\"og:url\" content=\"https:\/\/challengeseconomiques.com\/?p=8908\" \/>\n<meta property=\"og:site_name\" content=\"challenges economiques\" \/>\n<meta property=\"article:published_time\" content=\"2026-03-15T12:06:59+00:00\" \/>\n<meta property=\"article:modified_time\" content=\"2026-03-15T12:07:27+00:00\" \/>\n<meta property=\"og:image\" content=\"https:\/\/challengeseconomiques.com\/wp-content\/uploads\/2022\/05\/Ciment-.jpg\" \/>\n\t<meta property=\"og:image:width\" content=\"591\" \/>\n\t<meta property=\"og:image:height\" content=\"395\" \/>\n\t<meta property=\"og:image:type\" content=\"image\/jpeg\" \/>\n<meta name=\"author\" content=\"admin\" \/>\n<meta name=\"twitter:card\" content=\"summary_large_image\" \/>\n<meta name=\"twitter:label1\" content=\"\u00c9crit par\" \/>\n\t<meta name=\"twitter:data1\" content=\"admin\" \/>\n\t<meta name=\"twitter:label2\" content=\"Dur\u00e9e de lecture estim\u00e9e\" \/>\n\t<meta name=\"twitter:data2\" content=\"2 minutes\" \/>\n<script type=\"application\/ld+json\" class=\"yoast-schema-graph\">{\"@context\":\"https:\/\/schema.org\",\"@graph\":[{\"@type\":\"Article\",\"@id\":\"https:\/\/challengeseconomiques.com\/?p=8908#article\",\"isPartOf\":{\"@id\":\"https:\/\/challengeseconomiques.com\/?p=8908\"},\"author\":{\"name\":\"admin\",\"@id\":\"https:\/\/challengeseconomiques.com\/#\/schema\/person\/b4568c9afebc5a9238a771873801e349\"},\"headline\":\"Secteur cimentier au S\u00e9n\u00e9gal : les industriels appellent \u00e0 la stabilit\u00e9 du cadre \u00e9conomique\",\"datePublished\":\"2026-03-15T12:06:59+00:00\",\"dateModified\":\"2026-03-15T12:07:27+00:00\",\"mainEntityOfPage\":{\"@id\":\"https:\/\/challengeseconomiques.com\/?p=8908\"},\"wordCount\":413,\"image\":{\"@id\":\"https:\/\/challengeseconomiques.com\/?p=8908#primaryimage\"},\"thumbnailUrl\":\"https:\/\/challengeseconomiques.com\/wp-content\/uploads\/2022\/05\/Ciment-.jpg\",\"articleSection\":[\"A la une\",\"Actualit\u00e9 \u00e9conomique\"],\"inLanguage\":\"fr-FR\"},{\"@type\":\"WebPage\",\"@id\":\"https:\/\/challengeseconomiques.com\/?p=8908\",\"url\":\"https:\/\/challengeseconomiques.com\/?p=8908\",\"name\":\"Secteur cimentier au S\u00e9n\u00e9gal : les industriels appellent \u00e0 la stabilit\u00e9 du cadre \u00e9conomique - challenges economiques\",\"isPartOf\":{\"@id\":\"https:\/\/challengeseconomiques.com\/#website\"},\"primaryImageOfPage\":{\"@id\":\"https:\/\/challengeseconomiques.com\/?p=8908#primaryimage\"},\"image\":{\"@id\":\"https:\/\/challengeseconomiques.com\/?p=8908#primaryimage\"},\"thumbnailUrl\":\"https:\/\/challengeseconomiques.com\/wp-content\/uploads\/2022\/05\/Ciment-.jpg\",\"datePublished\":\"2026-03-15T12:06:59+00:00\",\"dateModified\":\"2026-03-15T12:07:27+00:00\",\"author\":{\"@id\":\"https:\/\/challengeseconomiques.com\/#\/schema\/person\/b4568c9afebc5a9238a771873801e349\"},\"breadcrumb\":{\"@id\":\"https:\/\/challengeseconomiques.com\/?p=8908#breadcrumb\"},\"inLanguage\":\"fr-FR\",\"potentialAction\":[{\"@type\":\"ReadAction\",\"target\":[\"https:\/\/challengeseconomiques.com\/?p=8908\"]}]},{\"@type\":\"ImageObject\",\"inLanguage\":\"fr-FR\",\"@id\":\"https:\/\/challengeseconomiques.com\/?p=8908#primaryimage\",\"url\":\"https:\/\/challengeseconomiques.com\/wp-content\/uploads\/2022\/05\/Ciment-.jpg\",\"contentUrl\":\"https:\/\/challengeseconomiques.com\/wp-content\/uploads\/2022\/05\/Ciment-.jpg\",\"width\":591,\"height\":395},{\"@type\":\"BreadcrumbList\",\"@id\":\"https:\/\/challengeseconomiques.com\/?p=8908#breadcrumb\",\"itemListElement\":[{\"@type\":\"ListItem\",\"position\":1,\"name\":\"Home\",\"item\":\"https:\/\/challengeseconomiques.com\/\"},{\"@type\":\"ListItem\",\"position\":2,\"name\":\"Secteur cimentier au S\u00e9n\u00e9gal : les industriels appellent \u00e0 la stabilit\u00e9 du cadre \u00e9conomique\"}]},{\"@type\":\"WebSite\",\"@id\":\"https:\/\/challengeseconomiques.com\/#website\",\"url\":\"https:\/\/challengeseconomiques.com\/\",\"name\":\"challenges economiques\",\"description\":\"\",\"potentialAction\":[{\"@type\":\"SearchAction\",\"target\":{\"@type\":\"EntryPoint\",\"urlTemplate\":\"https:\/\/challengeseconomiques.com\/?s={search_term_string}\"},\"query-input\":{\"@type\":\"PropertyValueSpecification\",\"valueRequired\":true,\"valueName\":\"search_term_string\"}}],\"inLanguage\":\"fr-FR\"},{\"@type\":\"Person\",\"@id\":\"https:\/\/challengeseconomiques.com\/#\/schema\/person\/b4568c9afebc5a9238a771873801e349\",\"name\":\"admin\",\"image\":{\"@type\":\"ImageObject\",\"inLanguage\":\"fr-FR\",\"@id\":\"https:\/\/challengeseconomiques.com\/#\/schema\/person\/image\/\",\"url\":\"https:\/\/secure.gravatar.com\/avatar\/099e42240b5eea11acdb72751fcce0dd918603f0749d24974b7984ea47ed9fd9?s=96&d=mm&r=g\",\"contentUrl\":\"https:\/\/secure.gravatar.com\/avatar\/099e42240b5eea11acdb72751fcce0dd918603f0749d24974b7984ea47ed9fd9?s=96&d=mm&r=g\",\"caption\":\"admin\"},\"sameAs\":[\"https:\/\/challengeseconomiques.com\"],\"url\":\"https:\/\/challengeseconomiques.com\/?author=1\"}]}<\/script>\n<!-- \/ Yoast SEO plugin. -->","yoast_head_json":{"title":"Secteur cimentier au S\u00e9n\u00e9gal : les industriels appellent \u00e0 la stabilit\u00e9 du cadre \u00e9conomique - challenges economiques","robots":{"index":"index","follow":"follow","max-snippet":"max-snippet:-1","max-image-preview":"max-image-preview:large","max-video-preview":"max-video-preview:-1"},"canonical":"https:\/\/challengeseconomiques.com\/?p=8908","og_locale":"fr_FR","og_type":"article","og_title":"Secteur cimentier au S\u00e9n\u00e9gal : les industriels appellent \u00e0 la stabilit\u00e9 du cadre \u00e9conomique - challenges economiques","og_description":"Dans un communiqu\u00e9 conjoint transmis \u00e0 la presse, les quatre cimenteries install\u00e9es au S\u00e9n\u00e9gal (Sococim Industries, Les Cimenteries du Sahel, Dangote Cement S\u00e9n\u00e9gal et Ciments...","og_url":"https:\/\/challengeseconomiques.com\/?p=8908","og_site_name":"challenges economiques","article_published_time":"2026-03-15T12:06:59+00:00","article_modified_time":"2026-03-15T12:07:27+00:00","og_image":[{"width":591,"height":395,"url":"https:\/\/challengeseconomiques.com\/wp-content\/uploads\/2022\/05\/Ciment-.jpg","type":"image\/jpeg"}],"author":"admin","twitter_card":"summary_large_image","twitter_misc":{"\u00c9crit par":"admin","Dur\u00e9e de lecture estim\u00e9e":"2 minutes"},"schema":{"@context":"https:\/\/schema.org","@graph":[{"@type":"Article","@id":"https:\/\/challengeseconomiques.com\/?p=8908#article","isPartOf":{"@id":"https:\/\/challengeseconomiques.com\/?p=8908"},"author":{"name":"admin","@id":"https:\/\/challengeseconomiques.com\/#\/schema\/person\/b4568c9afebc5a9238a771873801e349"},"headline":"Secteur cimentier au S\u00e9n\u00e9gal : les industriels appellent \u00e0 la stabilit\u00e9 du cadre \u00e9conomique","datePublished":"2026-03-15T12:06:59+00:00","dateModified":"2026-03-15T12:07:27+00:00","mainEntityOfPage":{"@id":"https:\/\/challengeseconomiques.com\/?p=8908"},"wordCount":413,"image":{"@id":"https:\/\/challengeseconomiques.com\/?p=8908#primaryimage"},"thumbnailUrl":"https:\/\/challengeseconomiques.com\/wp-content\/uploads\/2022\/05\/Ciment-.jpg","articleSection":["A la une","Actualit\u00e9 \u00e9conomique"],"inLanguage":"fr-FR"},{"@type":"WebPage","@id":"https:\/\/challengeseconomiques.com\/?p=8908","url":"https:\/\/challengeseconomiques.com\/?p=8908","name":"Secteur cimentier au S\u00e9n\u00e9gal : les industriels appellent \u00e0 la stabilit\u00e9 du cadre \u00e9conomique - challenges economiques","isPartOf":{"@id":"https:\/\/challengeseconomiques.com\/#website"},"primaryImageOfPage":{"@id":"https:\/\/challengeseconomiques.com\/?p=8908#primaryimage"},"image":{"@id":"https:\/\/challengeseconomiques.com\/?p=8908#primaryimage"},"thumbnailUrl":"https:\/\/challengeseconomiques.com\/wp-content\/uploads\/2022\/05\/Ciment-.jpg","datePublished":"2026-03-15T12:06:59+00:00","dateModified":"2026-03-15T12:07:27+00:00","author":{"@id":"https:\/\/challengeseconomiques.com\/#\/schema\/person\/b4568c9afebc5a9238a771873801e349"},"breadcrumb":{"@id":"https:\/\/challengeseconomiques.com\/?p=8908#breadcrumb"},"inLanguage":"fr-FR","potentialAction":[{"@type":"ReadAction","target":["https:\/\/challengeseconomiques.com\/?p=8908"]}]},{"@type":"ImageObject","inLanguage":"fr-FR","@id":"https:\/\/challengeseconomiques.com\/?p=8908#primaryimage","url":"https:\/\/challengeseconomiques.com\/wp-content\/uploads\/2022\/05\/Ciment-.jpg","contentUrl":"https:\/\/challengeseconomiques.com\/wp-content\/uploads\/2022\/05\/Ciment-.jpg","width":591,"height":395},{"@type":"BreadcrumbList","@id":"https:\/\/challengeseconomiques.com\/?p=8908#breadcrumb","itemListElement":[{"@type":"ListItem","position":1,"name":"Home","item":"https:\/\/challengeseconomiques.com\/"},{"@type":"ListItem","position":2,"name":"Secteur cimentier au S\u00e9n\u00e9gal : les industriels appellent \u00e0 la stabilit\u00e9 du cadre \u00e9conomique"}]},{"@type":"WebSite","@id":"https:\/\/challengeseconomiques.com\/#website","url":"https:\/\/challengeseconomiques.com\/","name":"challenges economiques","description":"","potentialAction":[{"@type":"SearchAction","target":{"@type":"EntryPoint","urlTemplate":"https:\/\/challengeseconomiques.com\/?s={search_term_string}"},"query-input":{"@type":"PropertyValueSpecification","valueRequired":true,"valueName":"search_term_string"}}],"inLanguage":"fr-FR"},{"@type":"Person","@id":"https:\/\/challengeseconomiques.com\/#\/schema\/person\/b4568c9afebc5a9238a771873801e349","name":"admin","image":{"@type":"ImageObject","inLanguage":"fr-FR","@id":"https:\/\/challengeseconomiques.com\/#\/schema\/person\/image\/","url":"https:\/\/secure.gravatar.com\/avatar\/099e42240b5eea11acdb72751fcce0dd918603f0749d24974b7984ea47ed9fd9?s=96&d=mm&r=g","contentUrl":"https:\/\/secure.gravatar.com\/avatar\/099e42240b5eea11acdb72751fcce0dd918603f0749d24974b7984ea47ed9fd9?s=96&d=mm&r=g","caption":"admin"},"sameAs":["https:\/\/challengeseconomiques.com"],"url":"https:\/\/challengeseconomiques.com\/?author=1"}]}},"jetpack_featured_media_url":"https:\/\/challengeseconomiques.com\/wp-content\/uploads\/2022\/05\/Ciment-.jpg","jetpack_sharing_enabled":true,"_links":{"self":[{"href":"https:\/\/challengeseconomiques.com\/index.php?rest_route=\/wp\/v2\/posts\/8908","targetHints":{"allow":["GET"]}}],"collection":[{"href":"https:\/\/challengeseconomiques.com\/index.php?rest_route=\/wp\/v2\/posts"}],"about":[{"href":"https:\/\/challengeseconomiques.com\/index.php?rest_route=\/wp\/v2\/types\/post"}],"author":[{"embeddable":true,"href":"https:\/\/challengeseconomiques.com\/index.php?rest_route=\/wp\/v2\/users\/1"}],"replies":[{"embeddable":true,"href":"https:\/\/challengeseconomiques.com\/index.php?rest_route=%2Fwp%2Fv2%2Fcomments&post=8908"}],"version-history":[{"count":1,"href":"https:\/\/challengeseconomiques.com\/index.php?rest_route=\/wp\/v2\/posts\/8908\/revisions"}],"predecessor-version":[{"id":8909,"href":"https:\/\/challengeseconomiques.com\/index.php?rest_route=\/wp\/v2\/posts\/8908\/revisions\/8909"}],"wp:featuredmedia":[{"embeddable":true,"href":"https:\/\/challengeseconomiques.com\/index.php?rest_route=\/wp\/v2\/media\/3300"}],"wp:attachment":[{"href":"https:\/\/challengeseconomiques.com\/index.php?rest_route=%2Fwp%2Fv2%2Fmedia&parent=8908"}],"wp:term":[{"taxonomy":"category","embeddable":true,"href":"https:\/\/challengeseconomiques.com\/index.php?rest_route=%2Fwp%2Fv2%2Fcategories&post=8908"},{"taxonomy":"post_tag","embeddable":true,"href":"https:\/\/challengeseconomiques.com\/index.php?rest_route=%2Fwp%2Fv2%2Ftags&post=8908"}],"curies":[{"name":"wp","href":"https:\/\/api.w.org\/{rel}","templated":true}]}}