{"id":8784,"date":"2026-01-29T12:36:08","date_gmt":"2026-01-29T12:36:08","guid":{"rendered":"https:\/\/challengeseconomiques.com\/?p=8784"},"modified":"2026-01-29T12:36:44","modified_gmt":"2026-01-29T12:36:44","slug":"marche-financier-umoa-le-senegal-vise-120-milliards-fcfa-ce-30-janvier","status":"publish","type":"post","link":"https:\/\/challengeseconomiques.com\/?p=8784","title":{"rendered":"March\u00e9 financier UMOA : Le S\u00e9n\u00e9gal vise 120 milliards FCFA ce 30 janvier"},"content":{"rendered":"<p>Le Tr\u00e9sor public s\u00e9n\u00e9galais sollicite le march\u00e9 r\u00e9gional pour une lev\u00e9e de fonds de\u00a0120 milliards de FCFA. L&rsquo;op\u00e9ration, pr\u00e9vue ce\u00a030 janvier 2026, d\u00e9ploie une strat\u00e9gie multi-maturit\u00e9s, incluant des Bons du Tr\u00e9sor (BAT) \u00e0 364 jours et des Obligations (OAT) de 3, 5 et 7 ans.<\/p>\n<p>Cette adjudication teste la cote de Dakar dans un contexte de taux orient\u00e9s \u00e0 la hausse. C&rsquo;est le premier retour du S\u00e9n\u00e9gal sur le segment des 7 ans depuis 2022. L&rsquo;enjeu est de mobiliser des ressources tout en g\u00e9rant les co\u00fbts d&#8217;emprunt, face aux rendements \u00e9lev\u00e9s r\u00e9cemment observ\u00e9s dans l&rsquo;Union, notamment au Burkina Faso.<\/p>\n<p>&nbsp;<\/p>\n","protected":false},"excerpt":{"rendered":"<p>Le Tr\u00e9sor public s\u00e9n\u00e9galais sollicite le march\u00e9 r\u00e9gional pour une lev\u00e9e de fonds de\u00a0120 milliards de FCFA. L&rsquo;op\u00e9ration, pr\u00e9vue ce\u00a030 janvier 2026, d\u00e9ploie une strat\u00e9gie&#8230;<\/p>\n","protected":false},"author":1,"featured_media":2711,"comment_status":"closed","ping_status":"open","sticky":false,"template":"","format":"standard","meta":{"_jetpack_memberships_contains_paid_content":false,"footnotes":""},"categories":[23,10],"tags":[],"class_list":["post-8784","post","type-post","status-publish","format-standard","has-post-thumbnail","hentry","category-a-la-une","category-infos-eco","wpcat-23-id","wpcat-10-id"],"yoast_head":"<!-- This site is optimized with the Yoast SEO plugin v27.1.1 - https:\/\/yoast.com\/product\/yoast-seo-wordpress\/ -->\n<title>March\u00e9 financier UMOA : Le S\u00e9n\u00e9gal vise 120 milliards FCFA ce 30 janvier - challenges economiques<\/title>\n<meta name=\"robots\" content=\"index, follow, max-snippet:-1, max-image-preview:large, max-video-preview:-1\" \/>\n<link rel=\"canonical\" href=\"https:\/\/challengeseconomiques.com\/?p=8784\" \/>\n<meta property=\"og:locale\" content=\"fr_FR\" \/>\n<meta property=\"og:type\" content=\"article\" \/>\n<meta property=\"og:title\" content=\"March\u00e9 financier UMOA : Le S\u00e9n\u00e9gal vise 120 milliards FCFA ce 30 janvier - challenges economiques\" \/>\n<meta property=\"og:description\" content=\"Le Tr\u00e9sor public s\u00e9n\u00e9galais sollicite le march\u00e9 r\u00e9gional pour une lev\u00e9e de fonds de\u00a0120 milliards de FCFA. L&rsquo;op\u00e9ration, pr\u00e9vue ce\u00a030 janvier 2026, d\u00e9ploie une strat\u00e9gie...\" \/>\n<meta property=\"og:url\" content=\"https:\/\/challengeseconomiques.com\/?p=8784\" \/>\n<meta property=\"og:site_name\" content=\"challenges economiques\" \/>\n<meta property=\"article:published_time\" content=\"2026-01-29T12:36:08+00:00\" \/>\n<meta property=\"article:modified_time\" content=\"2026-01-29T12:36:44+00:00\" \/>\n<meta property=\"og:image\" content=\"https:\/\/challengeseconomiques.com\/wp-content\/uploads\/2022\/02\/Tresor-Public-du-Senegal.jpg\" \/>\n\t<meta property=\"og:image:width\" content=\"600\" \/>\n\t<meta property=\"og:image:height\" content=\"400\" \/>\n\t<meta property=\"og:image:type\" content=\"image\/jpeg\" \/>\n<meta name=\"author\" content=\"admin\" \/>\n<meta name=\"twitter:card\" content=\"summary_large_image\" \/>\n<meta name=\"twitter:label1\" content=\"\u00c9crit par\" \/>\n\t<meta name=\"twitter:data1\" content=\"admin\" \/>\n\t<meta name=\"twitter:label2\" content=\"Dur\u00e9e de lecture estim\u00e9e\" \/>\n\t<meta name=\"twitter:data2\" content=\"1 minute\" \/>\n<script type=\"application\/ld+json\" class=\"yoast-schema-graph\">{\"@context\":\"https:\/\/schema.org\",\"@graph\":[{\"@type\":\"Article\",\"@id\":\"https:\/\/challengeseconomiques.com\/?p=8784#article\",\"isPartOf\":{\"@id\":\"https:\/\/challengeseconomiques.com\/?p=8784\"},\"author\":{\"name\":\"admin\",\"@id\":\"https:\/\/challengeseconomiques.com\/#\/schema\/person\/b4568c9afebc5a9238a771873801e349\"},\"headline\":\"March\u00e9 financier UMOA : Le S\u00e9n\u00e9gal vise 120 milliards FCFA ce 30 janvier\",\"datePublished\":\"2026-01-29T12:36:08+00:00\",\"dateModified\":\"2026-01-29T12:36:44+00:00\",\"mainEntityOfPage\":{\"@id\":\"https:\/\/challengeseconomiques.com\/?p=8784\"},\"wordCount\":127,\"image\":{\"@id\":\"https:\/\/challengeseconomiques.com\/?p=8784#primaryimage\"},\"thumbnailUrl\":\"https:\/\/challengeseconomiques.com\/wp-content\/uploads\/2022\/02\/Tresor-Public-du-Senegal.jpg\",\"articleSection\":[\"A la une\",\"Infos \u00e9co\"],\"inLanguage\":\"fr-FR\"},{\"@type\":\"WebPage\",\"@id\":\"https:\/\/challengeseconomiques.com\/?p=8784\",\"url\":\"https:\/\/challengeseconomiques.com\/?p=8784\",\"name\":\"March\u00e9 financier UMOA : Le S\u00e9n\u00e9gal vise 120 milliards FCFA ce 30 janvier - challenges economiques\",\"isPartOf\":{\"@id\":\"https:\/\/challengeseconomiques.com\/#website\"},\"primaryImageOfPage\":{\"@id\":\"https:\/\/challengeseconomiques.com\/?p=8784#primaryimage\"},\"image\":{\"@id\":\"https:\/\/challengeseconomiques.com\/?p=8784#primaryimage\"},\"thumbnailUrl\":\"https:\/\/challengeseconomiques.com\/wp-content\/uploads\/2022\/02\/Tresor-Public-du-Senegal.jpg\",\"datePublished\":\"2026-01-29T12:36:08+00:00\",\"dateModified\":\"2026-01-29T12:36:44+00:00\",\"author\":{\"@id\":\"https:\/\/challengeseconomiques.com\/#\/schema\/person\/b4568c9afebc5a9238a771873801e349\"},\"breadcrumb\":{\"@id\":\"https:\/\/challengeseconomiques.com\/?p=8784#breadcrumb\"},\"inLanguage\":\"fr-FR\",\"potentialAction\":[{\"@type\":\"ReadAction\",\"target\":[\"https:\/\/challengeseconomiques.com\/?p=8784\"]}]},{\"@type\":\"ImageObject\",\"inLanguage\":\"fr-FR\",\"@id\":\"https:\/\/challengeseconomiques.com\/?p=8784#primaryimage\",\"url\":\"https:\/\/challengeseconomiques.com\/wp-content\/uploads\/2022\/02\/Tresor-Public-du-Senegal.jpg\",\"contentUrl\":\"https:\/\/challengeseconomiques.com\/wp-content\/uploads\/2022\/02\/Tresor-Public-du-Senegal.jpg\",\"width\":600,\"height\":400},{\"@type\":\"BreadcrumbList\",\"@id\":\"https:\/\/challengeseconomiques.com\/?p=8784#breadcrumb\",\"itemListElement\":[{\"@type\":\"ListItem\",\"position\":1,\"name\":\"Home\",\"item\":\"https:\/\/challengeseconomiques.com\/\"},{\"@type\":\"ListItem\",\"position\":2,\"name\":\"March\u00e9 financier UMOA : Le S\u00e9n\u00e9gal vise 120 milliards FCFA ce 30 janvier\"}]},{\"@type\":\"WebSite\",\"@id\":\"https:\/\/challengeseconomiques.com\/#website\",\"url\":\"https:\/\/challengeseconomiques.com\/\",\"name\":\"challenges economiques\",\"description\":\"\",\"potentialAction\":[{\"@type\":\"SearchAction\",\"target\":{\"@type\":\"EntryPoint\",\"urlTemplate\":\"https:\/\/challengeseconomiques.com\/?s={search_term_string}\"},\"query-input\":{\"@type\":\"PropertyValueSpecification\",\"valueRequired\":true,\"valueName\":\"search_term_string\"}}],\"inLanguage\":\"fr-FR\"},{\"@type\":\"Person\",\"@id\":\"https:\/\/challengeseconomiques.com\/#\/schema\/person\/b4568c9afebc5a9238a771873801e349\",\"name\":\"admin\",\"image\":{\"@type\":\"ImageObject\",\"inLanguage\":\"fr-FR\",\"@id\":\"https:\/\/challengeseconomiques.com\/#\/schema\/person\/image\/\",\"url\":\"https:\/\/secure.gravatar.com\/avatar\/099e42240b5eea11acdb72751fcce0dd918603f0749d24974b7984ea47ed9fd9?s=96&d=mm&r=g\",\"contentUrl\":\"https:\/\/secure.gravatar.com\/avatar\/099e42240b5eea11acdb72751fcce0dd918603f0749d24974b7984ea47ed9fd9?s=96&d=mm&r=g\",\"caption\":\"admin\"},\"sameAs\":[\"https:\/\/challengeseconomiques.com\"],\"url\":\"https:\/\/challengeseconomiques.com\/?author=1\"}]}<\/script>\n<!-- \/ Yoast SEO plugin. -->","yoast_head_json":{"title":"March\u00e9 financier UMOA : Le S\u00e9n\u00e9gal vise 120 milliards FCFA ce 30 janvier - challenges economiques","robots":{"index":"index","follow":"follow","max-snippet":"max-snippet:-1","max-image-preview":"max-image-preview:large","max-video-preview":"max-video-preview:-1"},"canonical":"https:\/\/challengeseconomiques.com\/?p=8784","og_locale":"fr_FR","og_type":"article","og_title":"March\u00e9 financier UMOA : Le S\u00e9n\u00e9gal vise 120 milliards FCFA ce 30 janvier - challenges economiques","og_description":"Le Tr\u00e9sor public s\u00e9n\u00e9galais sollicite le march\u00e9 r\u00e9gional pour une lev\u00e9e de fonds de\u00a0120 milliards de FCFA. L&rsquo;op\u00e9ration, pr\u00e9vue ce\u00a030 janvier 2026, d\u00e9ploie une strat\u00e9gie...","og_url":"https:\/\/challengeseconomiques.com\/?p=8784","og_site_name":"challenges economiques","article_published_time":"2026-01-29T12:36:08+00:00","article_modified_time":"2026-01-29T12:36:44+00:00","og_image":[{"width":600,"height":400,"url":"https:\/\/challengeseconomiques.com\/wp-content\/uploads\/2022\/02\/Tresor-Public-du-Senegal.jpg","type":"image\/jpeg"}],"author":"admin","twitter_card":"summary_large_image","twitter_misc":{"\u00c9crit par":"admin","Dur\u00e9e de lecture estim\u00e9e":"1 minute"},"schema":{"@context":"https:\/\/schema.org","@graph":[{"@type":"Article","@id":"https:\/\/challengeseconomiques.com\/?p=8784#article","isPartOf":{"@id":"https:\/\/challengeseconomiques.com\/?p=8784"},"author":{"name":"admin","@id":"https:\/\/challengeseconomiques.com\/#\/schema\/person\/b4568c9afebc5a9238a771873801e349"},"headline":"March\u00e9 financier UMOA : Le S\u00e9n\u00e9gal vise 120 milliards FCFA ce 30 janvier","datePublished":"2026-01-29T12:36:08+00:00","dateModified":"2026-01-29T12:36:44+00:00","mainEntityOfPage":{"@id":"https:\/\/challengeseconomiques.com\/?p=8784"},"wordCount":127,"image":{"@id":"https:\/\/challengeseconomiques.com\/?p=8784#primaryimage"},"thumbnailUrl":"https:\/\/challengeseconomiques.com\/wp-content\/uploads\/2022\/02\/Tresor-Public-du-Senegal.jpg","articleSection":["A la une","Infos \u00e9co"],"inLanguage":"fr-FR"},{"@type":"WebPage","@id":"https:\/\/challengeseconomiques.com\/?p=8784","url":"https:\/\/challengeseconomiques.com\/?p=8784","name":"March\u00e9 financier UMOA : Le S\u00e9n\u00e9gal vise 120 milliards FCFA ce 30 janvier - challenges economiques","isPartOf":{"@id":"https:\/\/challengeseconomiques.com\/#website"},"primaryImageOfPage":{"@id":"https:\/\/challengeseconomiques.com\/?p=8784#primaryimage"},"image":{"@id":"https:\/\/challengeseconomiques.com\/?p=8784#primaryimage"},"thumbnailUrl":"https:\/\/challengeseconomiques.com\/wp-content\/uploads\/2022\/02\/Tresor-Public-du-Senegal.jpg","datePublished":"2026-01-29T12:36:08+00:00","dateModified":"2026-01-29T12:36:44+00:00","author":{"@id":"https:\/\/challengeseconomiques.com\/#\/schema\/person\/b4568c9afebc5a9238a771873801e349"},"breadcrumb":{"@id":"https:\/\/challengeseconomiques.com\/?p=8784#breadcrumb"},"inLanguage":"fr-FR","potentialAction":[{"@type":"ReadAction","target":["https:\/\/challengeseconomiques.com\/?p=8784"]}]},{"@type":"ImageObject","inLanguage":"fr-FR","@id":"https:\/\/challengeseconomiques.com\/?p=8784#primaryimage","url":"https:\/\/challengeseconomiques.com\/wp-content\/uploads\/2022\/02\/Tresor-Public-du-Senegal.jpg","contentUrl":"https:\/\/challengeseconomiques.com\/wp-content\/uploads\/2022\/02\/Tresor-Public-du-Senegal.jpg","width":600,"height":400},{"@type":"BreadcrumbList","@id":"https:\/\/challengeseconomiques.com\/?p=8784#breadcrumb","itemListElement":[{"@type":"ListItem","position":1,"name":"Home","item":"https:\/\/challengeseconomiques.com\/"},{"@type":"ListItem","position":2,"name":"March\u00e9 financier UMOA : Le S\u00e9n\u00e9gal vise 120 milliards FCFA ce 30 janvier"}]},{"@type":"WebSite","@id":"https:\/\/challengeseconomiques.com\/#website","url":"https:\/\/challengeseconomiques.com\/","name":"challenges economiques","description":"","potentialAction":[{"@type":"SearchAction","target":{"@type":"EntryPoint","urlTemplate":"https:\/\/challengeseconomiques.com\/?s={search_term_string}"},"query-input":{"@type":"PropertyValueSpecification","valueRequired":true,"valueName":"search_term_string"}}],"inLanguage":"fr-FR"},{"@type":"Person","@id":"https:\/\/challengeseconomiques.com\/#\/schema\/person\/b4568c9afebc5a9238a771873801e349","name":"admin","image":{"@type":"ImageObject","inLanguage":"fr-FR","@id":"https:\/\/challengeseconomiques.com\/#\/schema\/person\/image\/","url":"https:\/\/secure.gravatar.com\/avatar\/099e42240b5eea11acdb72751fcce0dd918603f0749d24974b7984ea47ed9fd9?s=96&d=mm&r=g","contentUrl":"https:\/\/secure.gravatar.com\/avatar\/099e42240b5eea11acdb72751fcce0dd918603f0749d24974b7984ea47ed9fd9?s=96&d=mm&r=g","caption":"admin"},"sameAs":["https:\/\/challengeseconomiques.com"],"url":"https:\/\/challengeseconomiques.com\/?author=1"}]}},"jetpack_featured_media_url":"https:\/\/challengeseconomiques.com\/wp-content\/uploads\/2022\/02\/Tresor-Public-du-Senegal.jpg","jetpack_sharing_enabled":true,"_links":{"self":[{"href":"https:\/\/challengeseconomiques.com\/index.php?rest_route=\/wp\/v2\/posts\/8784","targetHints":{"allow":["GET"]}}],"collection":[{"href":"https:\/\/challengeseconomiques.com\/index.php?rest_route=\/wp\/v2\/posts"}],"about":[{"href":"https:\/\/challengeseconomiques.com\/index.php?rest_route=\/wp\/v2\/types\/post"}],"author":[{"embeddable":true,"href":"https:\/\/challengeseconomiques.com\/index.php?rest_route=\/wp\/v2\/users\/1"}],"replies":[{"embeddable":true,"href":"https:\/\/challengeseconomiques.com\/index.php?rest_route=%2Fwp%2Fv2%2Fcomments&post=8784"}],"version-history":[{"count":1,"href":"https:\/\/challengeseconomiques.com\/index.php?rest_route=\/wp\/v2\/posts\/8784\/revisions"}],"predecessor-version":[{"id":8785,"href":"https:\/\/challengeseconomiques.com\/index.php?rest_route=\/wp\/v2\/posts\/8784\/revisions\/8785"}],"wp:featuredmedia":[{"embeddable":true,"href":"https:\/\/challengeseconomiques.com\/index.php?rest_route=\/wp\/v2\/media\/2711"}],"wp:attachment":[{"href":"https:\/\/challengeseconomiques.com\/index.php?rest_route=%2Fwp%2Fv2%2Fmedia&parent=8784"}],"wp:term":[{"taxonomy":"category","embeddable":true,"href":"https:\/\/challengeseconomiques.com\/index.php?rest_route=%2Fwp%2Fv2%2Fcategories&post=8784"},{"taxonomy":"post_tag","embeddable":true,"href":"https:\/\/challengeseconomiques.com\/index.php?rest_route=%2Fwp%2Fv2%2Ftags&post=8784"}],"curies":[{"name":"wp","href":"https:\/\/api.w.org\/{rel}","templated":true}]}}