{"id":8776,"date":"2026-01-27T19:35:14","date_gmt":"2026-01-27T19:35:14","guid":{"rendered":"https:\/\/challengeseconomiques.com\/?p=8776"},"modified":"2026-01-27T18:39:05","modified_gmt":"2026-01-27T18:39:05","slug":"marche-financier-de-lumoa-la-cote-divoire-mobilise-949-milliards-fcfa-malgre-une-selectivite-accrue-des-investisseurs","status":"publish","type":"post","link":"https:\/\/challengeseconomiques.com\/?p=8776","title":{"rendered":"March\u00e9 financier de l\u2019UMOA : La C\u00f4te d&rsquo;Ivoire mobilise 94,9 milliards FCFA malgr\u00e9 une s\u00e9lectivit\u00e9 accrue des investisseurs"},"content":{"rendered":"<p>L&rsquo;\u00c9tat de C\u00f4te d&rsquo;Ivoire a lev\u00e9, ce mardi 27 janvier 2026, un montant total de 94,913 milliards de FCFA sur le march\u00e9 des titres publics de la zone\u00a0UMOA-Titres. Bien que l&rsquo;\u00e9metteur visait initialement une enveloppe de 150 milliards de FCFA \u00e0 travers trois tranches d&rsquo;Obligations Assimilables du Tr\u00e9sor (OAT), l&rsquo;op\u00e9ration a \u00e9t\u00e9 marqu\u00e9e par une forte s\u00e9lectivit\u00e9 du march\u00e9. Les investisseurs ont pourtant r\u00e9pondu massivement avec des soumissions globales atteignant 262,351 milliards de FCFA, soit un taux de couverture robuste de 174,90 %. Toutefois, en raison du rejet int\u00e9gral des offres sur la maturit\u00e9 de 5 ans, le taux d&rsquo;absorption final s&rsquo;est \u00e9tabli \u00e0 36,18 % des intentions de souscription, pour un montant retenu repr\u00e9sentant 63,28 % de l&rsquo;objectif initial.<\/p>\n<p>Dans le d\u00e9tail, les maturit\u00e9s courtes et longues ont capt\u00e9 l&rsquo;essentiel des faveurs. La tranche \u00e0 3 ans (taux 5,35 %) a fait carton plein avec 83,213 milliards de FCFA retenus, affichant un rendement moyen pond\u00e9r\u00e9 de 6,32 %. De m\u00eame, l\u2019OAT \u00e0 7 ans (taux 5,85 %) a \u00e9t\u00e9 int\u00e9gralement souscrite pour un montant de 11,7 milliards de FCFA, avec un rendement moyen de 6,31 %. \u00c0 l\u2019inverse, la tranche interm\u00e9diaire \u00e0 5 ans a essuy\u00e9 un revers total : malgr\u00e9 167,437 milliards de FCFA de propositions, principalement en provenance du march\u00e9 ivoirien, aucune offre n&rsquo;a \u00e9t\u00e9 valid\u00e9e, illustrant une exigence de rendement non satisfaite pour les participants.<\/p>\n<p>Le succ\u00e8s de cette lev\u00e9e repose sur une mobilisation r\u00e9gionale diversifi\u00e9e. Outre l&rsquo;apport pr\u00e9dominant des investisseurs ivoiriens (77 milliards FCFA retenus), l&rsquo;op\u00e9ration a b\u00e9n\u00e9fici\u00e9 du soutien des places financi\u00e8res du B\u00e9nin (4,1 milliards FCFA), du Mali (2,1 milliards FCFA) et du S\u00e9n\u00e9gal (3 milliards FCFA). Ce d\u00e9nouement souligne une fois de plus la dynamique s\u00e9lective du march\u00e9 financier r\u00e9gional, o\u00f9 les investisseurs arbitrent rigoureusement entre les maturit\u00e9s propos\u00e9es par les \u00c9tats membres du\u00a0BCEAO.<\/p>\n<p>&nbsp;<\/p>\n","protected":false},"excerpt":{"rendered":"<p>L&rsquo;\u00c9tat de C\u00f4te d&rsquo;Ivoire a lev\u00e9, ce mardi 27 janvier 2026, un montant total de 94,913 milliards de FCFA sur le march\u00e9 des titres publics&#8230;<\/p>\n","protected":false},"author":1,"featured_media":2681,"comment_status":"closed","ping_status":"open","sticky":false,"template":"","format":"standard","meta":{"_jetpack_memberships_contains_paid_content":false,"footnotes":""},"categories":[8,10],"tags":[],"class_list":["post-8776","post","type-post","status-publish","format-standard","has-post-thumbnail","hentry","category-actualite-economique","category-infos-eco","wpcat-8-id","wpcat-10-id"],"yoast_head":"<!-- This site is optimized with the Yoast SEO plugin v27.1.1 - https:\/\/yoast.com\/product\/yoast-seo-wordpress\/ -->\n<title>March\u00e9 financier de l\u2019UMOA : La C\u00f4te d&#039;Ivoire mobilise 94,9 milliards FCFA malgr\u00e9 une s\u00e9lectivit\u00e9 accrue des investisseurs - challenges economiques<\/title>\n<meta name=\"robots\" content=\"index, follow, max-snippet:-1, max-image-preview:large, max-video-preview:-1\" \/>\n<link rel=\"canonical\" href=\"https:\/\/challengeseconomiques.com\/?p=8776\" \/>\n<meta property=\"og:locale\" content=\"fr_FR\" \/>\n<meta property=\"og:type\" content=\"article\" \/>\n<meta property=\"og:title\" content=\"March\u00e9 financier de l\u2019UMOA : La C\u00f4te d&#039;Ivoire mobilise 94,9 milliards FCFA malgr\u00e9 une s\u00e9lectivit\u00e9 accrue des investisseurs - challenges economiques\" \/>\n<meta property=\"og:description\" content=\"L&rsquo;\u00c9tat de C\u00f4te d&rsquo;Ivoire a lev\u00e9, ce mardi 27 janvier 2026, un montant total de 94,913 milliards de FCFA sur le march\u00e9 des titres publics...\" \/>\n<meta property=\"og:url\" content=\"https:\/\/challengeseconomiques.com\/?p=8776\" \/>\n<meta property=\"og:site_name\" content=\"challenges economiques\" \/>\n<meta property=\"article:published_time\" content=\"2026-01-27T19:35:14+00:00\" \/>\n<meta property=\"og:image\" content=\"https:\/\/challengeseconomiques.com\/wp-content\/uploads\/2022\/02\/Cote-dIvoire-Le-Plateau.jpg\" \/>\n\t<meta property=\"og:image:width\" content=\"800\" \/>\n\t<meta property=\"og:image:height\" content=\"500\" \/>\n\t<meta property=\"og:image:type\" content=\"image\/jpeg\" \/>\n<meta name=\"author\" content=\"admin\" \/>\n<meta name=\"twitter:card\" content=\"summary_large_image\" \/>\n<meta name=\"twitter:label1\" content=\"\u00c9crit par\" \/>\n\t<meta name=\"twitter:data1\" content=\"admin\" \/>\n\t<meta name=\"twitter:label2\" content=\"Dur\u00e9e de lecture estim\u00e9e\" \/>\n\t<meta name=\"twitter:data2\" content=\"2 minutes\" \/>\n<script type=\"application\/ld+json\" class=\"yoast-schema-graph\">{\"@context\":\"https:\/\/schema.org\",\"@graph\":[{\"@type\":\"Article\",\"@id\":\"https:\/\/challengeseconomiques.com\/?p=8776#article\",\"isPartOf\":{\"@id\":\"https:\/\/challengeseconomiques.com\/?p=8776\"},\"author\":{\"name\":\"admin\",\"@id\":\"https:\/\/challengeseconomiques.com\/#\/schema\/person\/b4568c9afebc5a9238a771873801e349\"},\"headline\":\"March\u00e9 financier de l\u2019UMOA : La C\u00f4te d&rsquo;Ivoire mobilise 94,9 milliards FCFA malgr\u00e9 une s\u00e9lectivit\u00e9 accrue des investisseurs\",\"datePublished\":\"2026-01-27T19:35:14+00:00\",\"mainEntityOfPage\":{\"@id\":\"https:\/\/challengeseconomiques.com\/?p=8776\"},\"wordCount\":334,\"image\":{\"@id\":\"https:\/\/challengeseconomiques.com\/?p=8776#primaryimage\"},\"thumbnailUrl\":\"https:\/\/challengeseconomiques.com\/wp-content\/uploads\/2022\/02\/Cote-dIvoire-Le-Plateau.jpg\",\"articleSection\":[\"Actualit\u00e9 \u00e9conomique\",\"Infos \u00e9co\"],\"inLanguage\":\"fr-FR\"},{\"@type\":\"WebPage\",\"@id\":\"https:\/\/challengeseconomiques.com\/?p=8776\",\"url\":\"https:\/\/challengeseconomiques.com\/?p=8776\",\"name\":\"March\u00e9 financier de l\u2019UMOA : La C\u00f4te d'Ivoire mobilise 94,9 milliards FCFA malgr\u00e9 une s\u00e9lectivit\u00e9 accrue des investisseurs - challenges economiques\",\"isPartOf\":{\"@id\":\"https:\/\/challengeseconomiques.com\/#website\"},\"primaryImageOfPage\":{\"@id\":\"https:\/\/challengeseconomiques.com\/?p=8776#primaryimage\"},\"image\":{\"@id\":\"https:\/\/challengeseconomiques.com\/?p=8776#primaryimage\"},\"thumbnailUrl\":\"https:\/\/challengeseconomiques.com\/wp-content\/uploads\/2022\/02\/Cote-dIvoire-Le-Plateau.jpg\",\"datePublished\":\"2026-01-27T19:35:14+00:00\",\"author\":{\"@id\":\"https:\/\/challengeseconomiques.com\/#\/schema\/person\/b4568c9afebc5a9238a771873801e349\"},\"breadcrumb\":{\"@id\":\"https:\/\/challengeseconomiques.com\/?p=8776#breadcrumb\"},\"inLanguage\":\"fr-FR\",\"potentialAction\":[{\"@type\":\"ReadAction\",\"target\":[\"https:\/\/challengeseconomiques.com\/?p=8776\"]}]},{\"@type\":\"ImageObject\",\"inLanguage\":\"fr-FR\",\"@id\":\"https:\/\/challengeseconomiques.com\/?p=8776#primaryimage\",\"url\":\"https:\/\/challengeseconomiques.com\/wp-content\/uploads\/2022\/02\/Cote-dIvoire-Le-Plateau.jpg\",\"contentUrl\":\"https:\/\/challengeseconomiques.com\/wp-content\/uploads\/2022\/02\/Cote-dIvoire-Le-Plateau.jpg\",\"width\":800,\"height\":500},{\"@type\":\"BreadcrumbList\",\"@id\":\"https:\/\/challengeseconomiques.com\/?p=8776#breadcrumb\",\"itemListElement\":[{\"@type\":\"ListItem\",\"position\":1,\"name\":\"Home\",\"item\":\"https:\/\/challengeseconomiques.com\/\"},{\"@type\":\"ListItem\",\"position\":2,\"name\":\"March\u00e9 financier de l\u2019UMOA : La C\u00f4te d&rsquo;Ivoire mobilise 94,9 milliards FCFA malgr\u00e9 une s\u00e9lectivit\u00e9 accrue des investisseurs\"}]},{\"@type\":\"WebSite\",\"@id\":\"https:\/\/challengeseconomiques.com\/#website\",\"url\":\"https:\/\/challengeseconomiques.com\/\",\"name\":\"challenges economiques\",\"description\":\"\",\"potentialAction\":[{\"@type\":\"SearchAction\",\"target\":{\"@type\":\"EntryPoint\",\"urlTemplate\":\"https:\/\/challengeseconomiques.com\/?s={search_term_string}\"},\"query-input\":{\"@type\":\"PropertyValueSpecification\",\"valueRequired\":true,\"valueName\":\"search_term_string\"}}],\"inLanguage\":\"fr-FR\"},{\"@type\":\"Person\",\"@id\":\"https:\/\/challengeseconomiques.com\/#\/schema\/person\/b4568c9afebc5a9238a771873801e349\",\"name\":\"admin\",\"image\":{\"@type\":\"ImageObject\",\"inLanguage\":\"fr-FR\",\"@id\":\"https:\/\/challengeseconomiques.com\/#\/schema\/person\/image\/\",\"url\":\"https:\/\/secure.gravatar.com\/avatar\/099e42240b5eea11acdb72751fcce0dd918603f0749d24974b7984ea47ed9fd9?s=96&d=mm&r=g\",\"contentUrl\":\"https:\/\/secure.gravatar.com\/avatar\/099e42240b5eea11acdb72751fcce0dd918603f0749d24974b7984ea47ed9fd9?s=96&d=mm&r=g\",\"caption\":\"admin\"},\"sameAs\":[\"https:\/\/challengeseconomiques.com\"],\"url\":\"https:\/\/challengeseconomiques.com\/?author=1\"}]}<\/script>\n<!-- \/ Yoast SEO plugin. -->","yoast_head_json":{"title":"March\u00e9 financier de l\u2019UMOA : La C\u00f4te d'Ivoire mobilise 94,9 milliards FCFA malgr\u00e9 une s\u00e9lectivit\u00e9 accrue des investisseurs - challenges economiques","robots":{"index":"index","follow":"follow","max-snippet":"max-snippet:-1","max-image-preview":"max-image-preview:large","max-video-preview":"max-video-preview:-1"},"canonical":"https:\/\/challengeseconomiques.com\/?p=8776","og_locale":"fr_FR","og_type":"article","og_title":"March\u00e9 financier de l\u2019UMOA : La C\u00f4te d'Ivoire mobilise 94,9 milliards FCFA malgr\u00e9 une s\u00e9lectivit\u00e9 accrue des investisseurs - challenges economiques","og_description":"L&rsquo;\u00c9tat de C\u00f4te d&rsquo;Ivoire a lev\u00e9, ce mardi 27 janvier 2026, un montant total de 94,913 milliards de FCFA sur le march\u00e9 des titres publics...","og_url":"https:\/\/challengeseconomiques.com\/?p=8776","og_site_name":"challenges economiques","article_published_time":"2026-01-27T19:35:14+00:00","og_image":[{"width":800,"height":500,"url":"https:\/\/challengeseconomiques.com\/wp-content\/uploads\/2022\/02\/Cote-dIvoire-Le-Plateau.jpg","type":"image\/jpeg"}],"author":"admin","twitter_card":"summary_large_image","twitter_misc":{"\u00c9crit par":"admin","Dur\u00e9e de lecture estim\u00e9e":"2 minutes"},"schema":{"@context":"https:\/\/schema.org","@graph":[{"@type":"Article","@id":"https:\/\/challengeseconomiques.com\/?p=8776#article","isPartOf":{"@id":"https:\/\/challengeseconomiques.com\/?p=8776"},"author":{"name":"admin","@id":"https:\/\/challengeseconomiques.com\/#\/schema\/person\/b4568c9afebc5a9238a771873801e349"},"headline":"March\u00e9 financier de l\u2019UMOA : La C\u00f4te d&rsquo;Ivoire mobilise 94,9 milliards FCFA malgr\u00e9 une s\u00e9lectivit\u00e9 accrue des investisseurs","datePublished":"2026-01-27T19:35:14+00:00","mainEntityOfPage":{"@id":"https:\/\/challengeseconomiques.com\/?p=8776"},"wordCount":334,"image":{"@id":"https:\/\/challengeseconomiques.com\/?p=8776#primaryimage"},"thumbnailUrl":"https:\/\/challengeseconomiques.com\/wp-content\/uploads\/2022\/02\/Cote-dIvoire-Le-Plateau.jpg","articleSection":["Actualit\u00e9 \u00e9conomique","Infos \u00e9co"],"inLanguage":"fr-FR"},{"@type":"WebPage","@id":"https:\/\/challengeseconomiques.com\/?p=8776","url":"https:\/\/challengeseconomiques.com\/?p=8776","name":"March\u00e9 financier de l\u2019UMOA : La C\u00f4te d'Ivoire mobilise 94,9 milliards FCFA malgr\u00e9 une s\u00e9lectivit\u00e9 accrue des investisseurs - challenges economiques","isPartOf":{"@id":"https:\/\/challengeseconomiques.com\/#website"},"primaryImageOfPage":{"@id":"https:\/\/challengeseconomiques.com\/?p=8776#primaryimage"},"image":{"@id":"https:\/\/challengeseconomiques.com\/?p=8776#primaryimage"},"thumbnailUrl":"https:\/\/challengeseconomiques.com\/wp-content\/uploads\/2022\/02\/Cote-dIvoire-Le-Plateau.jpg","datePublished":"2026-01-27T19:35:14+00:00","author":{"@id":"https:\/\/challengeseconomiques.com\/#\/schema\/person\/b4568c9afebc5a9238a771873801e349"},"breadcrumb":{"@id":"https:\/\/challengeseconomiques.com\/?p=8776#breadcrumb"},"inLanguage":"fr-FR","potentialAction":[{"@type":"ReadAction","target":["https:\/\/challengeseconomiques.com\/?p=8776"]}]},{"@type":"ImageObject","inLanguage":"fr-FR","@id":"https:\/\/challengeseconomiques.com\/?p=8776#primaryimage","url":"https:\/\/challengeseconomiques.com\/wp-content\/uploads\/2022\/02\/Cote-dIvoire-Le-Plateau.jpg","contentUrl":"https:\/\/challengeseconomiques.com\/wp-content\/uploads\/2022\/02\/Cote-dIvoire-Le-Plateau.jpg","width":800,"height":500},{"@type":"BreadcrumbList","@id":"https:\/\/challengeseconomiques.com\/?p=8776#breadcrumb","itemListElement":[{"@type":"ListItem","position":1,"name":"Home","item":"https:\/\/challengeseconomiques.com\/"},{"@type":"ListItem","position":2,"name":"March\u00e9 financier de l\u2019UMOA : La C\u00f4te d&rsquo;Ivoire mobilise 94,9 milliards FCFA malgr\u00e9 une s\u00e9lectivit\u00e9 accrue des investisseurs"}]},{"@type":"WebSite","@id":"https:\/\/challengeseconomiques.com\/#website","url":"https:\/\/challengeseconomiques.com\/","name":"challenges economiques","description":"","potentialAction":[{"@type":"SearchAction","target":{"@type":"EntryPoint","urlTemplate":"https:\/\/challengeseconomiques.com\/?s={search_term_string}"},"query-input":{"@type":"PropertyValueSpecification","valueRequired":true,"valueName":"search_term_string"}}],"inLanguage":"fr-FR"},{"@type":"Person","@id":"https:\/\/challengeseconomiques.com\/#\/schema\/person\/b4568c9afebc5a9238a771873801e349","name":"admin","image":{"@type":"ImageObject","inLanguage":"fr-FR","@id":"https:\/\/challengeseconomiques.com\/#\/schema\/person\/image\/","url":"https:\/\/secure.gravatar.com\/avatar\/099e42240b5eea11acdb72751fcce0dd918603f0749d24974b7984ea47ed9fd9?s=96&d=mm&r=g","contentUrl":"https:\/\/secure.gravatar.com\/avatar\/099e42240b5eea11acdb72751fcce0dd918603f0749d24974b7984ea47ed9fd9?s=96&d=mm&r=g","caption":"admin"},"sameAs":["https:\/\/challengeseconomiques.com"],"url":"https:\/\/challengeseconomiques.com\/?author=1"}]}},"jetpack_featured_media_url":"https:\/\/challengeseconomiques.com\/wp-content\/uploads\/2022\/02\/Cote-dIvoire-Le-Plateau.jpg","jetpack_sharing_enabled":true,"_links":{"self":[{"href":"https:\/\/challengeseconomiques.com\/index.php?rest_route=\/wp\/v2\/posts\/8776","targetHints":{"allow":["GET"]}}],"collection":[{"href":"https:\/\/challengeseconomiques.com\/index.php?rest_route=\/wp\/v2\/posts"}],"about":[{"href":"https:\/\/challengeseconomiques.com\/index.php?rest_route=\/wp\/v2\/types\/post"}],"author":[{"embeddable":true,"href":"https:\/\/challengeseconomiques.com\/index.php?rest_route=\/wp\/v2\/users\/1"}],"replies":[{"embeddable":true,"href":"https:\/\/challengeseconomiques.com\/index.php?rest_route=%2Fwp%2Fv2%2Fcomments&post=8776"}],"version-history":[{"count":1,"href":"https:\/\/challengeseconomiques.com\/index.php?rest_route=\/wp\/v2\/posts\/8776\/revisions"}],"predecessor-version":[{"id":8777,"href":"https:\/\/challengeseconomiques.com\/index.php?rest_route=\/wp\/v2\/posts\/8776\/revisions\/8777"}],"wp:featuredmedia":[{"embeddable":true,"href":"https:\/\/challengeseconomiques.com\/index.php?rest_route=\/wp\/v2\/media\/2681"}],"wp:attachment":[{"href":"https:\/\/challengeseconomiques.com\/index.php?rest_route=%2Fwp%2Fv2%2Fmedia&parent=8776"}],"wp:term":[{"taxonomy":"category","embeddable":true,"href":"https:\/\/challengeseconomiques.com\/index.php?rest_route=%2Fwp%2Fv2%2Fcategories&post=8776"},{"taxonomy":"post_tag","embeddable":true,"href":"https:\/\/challengeseconomiques.com\/index.php?rest_route=%2Fwp%2Fv2%2Ftags&post=8776"}],"curies":[{"name":"wp","href":"https:\/\/api.w.org\/{rel}","templated":true}]}}