{"id":8645,"date":"2025-12-16T12:39:19","date_gmt":"2025-12-16T12:39:19","guid":{"rendered":"https:\/\/challengeseconomiques.com\/?p=8645"},"modified":"2025-12-16T12:40:07","modified_gmt":"2025-12-16T12:40:07","slug":"budget-senegal-2026-entre-souverainete-affirmee-defis-macroeconomiques-et-nouveaux-allies-geopolitiques","status":"publish","type":"post","link":"https:\/\/challengeseconomiques.com\/?p=8645","title":{"rendered":"Budget S\u00e9n\u00e9gal 2026 : Entre Souverainet\u00e9 affirm\u00e9e, D\u00e9fis macro\u00e9conomiques et nouveaux Alli\u00e9s g\u00e9opolitiques"},"content":{"rendered":"<p><strong>Le Premier ministre Ousmane Sonko<\/strong><\/p>\n<p>&nbsp;<\/p>\n<p><strong>Par Dr. Seydina Oumar Seye, \u00e9conomiste<\/strong><\/p>\n<p><strong>\u00a0<\/strong><\/p>\n<p>Le record de 7 434 milliards FCFA sous l\u2019\u00e8re du pr\u00e9sident Bassirou Diomaye Faye marque un virage strat\u00e9gique. Mais face \u00e0 la dette cach\u00e9e et aux turbulences mondiales, la marge de man\u0153uvre reste \u00e9troite. D\u00e9cryptage des enjeux.<\/p>\n<p>En effet, le contexte mondial est pr\u00e9sentement marqu\u00e9 par des incertitudes g\u00e9opolitiques, une inflation persistante et un resserrement mon\u00e9taire global, le S\u00e9n\u00e9gal, sous le magist\u00e8re du tandem Diomaye-Sonko, pr\u00e9sente une Loi de Finances (LFi) 2026 ambitieuse et sans pr\u00e9c\u00e9dent. Avec un budget programm\u00e9 \u00e0 7 433,9 milliards de FCFA (environ 11,3 milliards d\u2019euros), ce texte ne se contente pas de g\u00e9rer l\u2019ordinaire ; il aspire \u00e0 incarner une rupture, en posant les fondements d\u2019une nouvelle souverainet\u00e9 \u00e9conomique et d\u2019une transformation structurelle et syst\u00e9mique. Cette ambition se d\u00e9ploie pourtant sur un terrain min\u00e9 : h\u00e9ritage d\u2019une dette opaque, pression sociale forte, et d\u00e9pendance \u00e0 des bailleurs traditionnels. \u00c0 travers les quatre interrogations pos\u00e9es, cette contribution propose une analyse experte et document\u00e9e de la pertinence, des d\u00e9fis et des opportunit\u00e9s de ce budget, \u00e0 l\u2019aune des avantages comparatifs du pays et des nouvelles alliances en gestation.<\/p>\n<p>&nbsp;<\/p>\n<ol>\n<li>LFi 2026 : Appr\u00e9ciation d\u2019un budget de rupture et de consolidation sous contraintes<\/li>\n<\/ol>\n<p>&nbsp;<\/p>\n<p>Le deuxi\u00e8me budget de l\u2019administration du r\u00e9gime actuel est incontestablement un budget de \u00ab\u00a0rupture dans la continuit\u00e9\u00a0\u00bb, o\u00f9 la rupture est affich\u00e9e dans les objectifs (souverainet\u00e9, transformation) et la continuit\u00e9 dans certaines m\u00e9thodes (recours \u00e0 la fiscalit\u00e9, financement par projets).<\/p>\n<p>&nbsp;<\/p>\n<p>Pertinence et ambitions affich\u00e9es :<\/p>\n<p>&nbsp;<\/p>\n<ul>\n<li>Un budget record tourn\u00e9 vers l\u2019investissement : L\u2019enveloppe historique est principalement orient\u00e9e vers 44 projets prioritaires, couvrant des secteurs cl\u00e9s comme l\u2019agriculture (Vision S\u00e9n\u00e9gal 2050), l\u2019\u00e9nergie (transition vers le gaz et renouvelables), les infrastructures de transport et le num\u00e9rique. Cette concentration r\u00e9pond \u00e0 un imp\u00e9ratif de transformation productive et vise \u00e0 capitaliser sur les avantages comparatifs du pays : hub logistique r\u00e9gional, potentiel agricole et minier (or, phosphate, zircon, fer du projet Simandou-Sud), et capital humain jeune connect\u00e9 et impr\u00e9gn\u00e9 aux d\u00e9fis et enjeux du num\u00e9rique.<\/li>\n<li>Le mantra de la souverainet\u00e9 : L\u2019accent mis sur la souverainet\u00e9 alimentaire, \u00e9nerg\u00e9tique et financi\u00e8re est une r\u00e9ponse directe aux chocs exog\u00e8nes (guerre Ukraine-Russie, crise post COVID-19) et une volont\u00e9 politique marqu\u00e9e de r\u00e9duire les vuln\u00e9rabilit\u00e9s. Les projets sur les fertilisants locaux ou la valorisation du gaz en sont des illustrations concr\u00e8tes.<\/li>\n<li>Renforcement des recettes par la fiscalit\u00e9 : La cr\u00e9ation de nouvelles taxes (ex : taxe sur les transactions \u00e9lectroniques, \u00e9largissement de l\u2019assiette) vise \u00e0 \u00e9largir l\u2019espace budg\u00e9taire sans recourir imm\u00e9diatement \u00e0 plus de dette. C\u2019est une logique de consolidation, coh\u00e9rente avec les pr\u00e9conisations du FMI, mais qui pr\u00e9sente un d\u00e9fi de mise en \u0153uvre (risque de peser sur le pouvoir d\u2019achat et la comp\u00e9titivit\u00e9 des entreprises).<\/li>\n<\/ul>\n<p>&nbsp;<\/p>\n<p>D\u00e9fis et points de vigilance :<\/p>\n<p>&nbsp;<\/p>\n<ul>\n<li>L\u2019ex\u00e9cution, talon d\u2019Achille : L\u2019histoire budg\u00e9taire s\u00e9n\u00e9galaise est \u00e9maill\u00e9e de taux d\u2019ex\u00e9cution d\u00e9cevants des budgets d\u2019investissement. La capacit\u00e9 administrative \u00e0 conduire 44 projets de front, avec une gestion efficiente des march\u00e9s publics, sera le crit\u00e8re d\u00e9cisif de succ\u00e8s.<\/li>\n<li>Pressions inflationnistes et sociales : Dans un contexte o\u00f9 l\u2019inflation reste une pr\u00e9occupation mondiale, l\u2019injection massive de fonds dans l\u2019\u00e9conomie, si elle n\u2019est pas parfaitement cibl\u00e9e et canalis\u00e9e vers l\u2019offre productive, pourrait alimenter les prix. Les nouvelles taxes pourraient aussi cristalliser des m\u00e9contentements sociaux. Cependant, un \u00ab\u00a0civisme fiscal\u00a0\u00bb est n\u00e9cessaire.<\/li>\n<li>Appr\u00e9ciation globale : Ce budget est courageux et n\u00e9cessaire pour impulser une dynamique. Il t\u00e9moigne d\u2019une volont\u00e9 politique forte. Cependant, il place la barre tr\u00e8s haut en termes de gestion et d\u2019efficacit\u00e9. Sa r\u00e9ussite d\u00e9pendra moins du montant que de la qualit\u00e9 de sa gouvernance et de sa capacit\u00e9 \u00e0 g\u00e9n\u00e9rer une croissance inclusive et des emplois durables.<\/li>\n<\/ul>\n<p>&nbsp;<\/p>\n<ol start=\"2\">\n<li>Relance \u00e9conomique et endettement : Un \u00e9quilibre p\u00e9rilleux mais possible<\/li>\n<\/ol>\n<p>&nbsp;<\/p>\n<p>La priorit\u00e9 affich\u00e9e d\u2019assainissement (ma\u00eetrise de la masse salariale, r\u00e9forme fiscale) et de ma\u00eetrise de l\u2019endettement semble, \u00e0 premi\u00e8re vue, en tension avec l\u2019objectif de relance rapide. La question est donc l\u00e9gitime : peut-on relancer sans s\u2019endetter massivement ?<\/p>\n<p>&nbsp;<\/p>\n<p>Analyse :<\/p>\n<p>La r\u00e9ponse est nuanc\u00e9e et r\u00e9side dans la qualit\u00e9, non la quantit\u00e9, de la dette.<\/p>\n<p>&nbsp;<\/p>\n<ul>\n<li>Le pi\u00e8ge de la dette non productive : L\u2019histoire r\u00e9cente du S\u00e9n\u00e9gal, avec des emprunts contract\u00e9s pour des d\u00e9penses r\u00e9currentes ou des projets \u00e0 rentabilit\u00e9 socio-\u00e9conomique faible, a alourdi le stock de dette sans cr\u00e9er les capacit\u00e9s de remboursement. L\u2019assainissement est donc un pr\u00e9alable indispensable pour restaurer la cr\u00e9dibilit\u00e9 et la capacit\u00e9 future d\u2019emprunt.<\/li>\n<li>N\u00e9cessit\u00e9 d\u2019un endettement \u00ab\u00a0intelligent\u00a0\u00bb tourn\u00e9 vers les projets structurants : Une relance robuste n\u00e9cessite des investissements massifs que les recettes internes, m\u00eame renforc\u00e9es, ne peuvent financer seules \u00e0 court terme. La cl\u00e9 est de lier strictement tout nouvel endettement \u00e0 des projets g\u00e9n\u00e9rateurs de revenus futurs ou de gains de productivit\u00e9 (infrastructures \u00e9nerg\u00e9tiques, corridors de transport, usines de transformation). Ces projets doivent avoir une analyse co\u00fbt-b\u00e9n\u00e9fice irr\u00e9prochable et une transparence totale. Le budget 2026, en ciblant 44 projets, semble adopter cette logique. Le d\u00e9fi est de r\u00e9sister \u00e0 la pression politique et sociale pour d\u00e9vier ces fonds vers des d\u00e9penses courantes.<\/li>\n<li>En conclusion : Oui, une relance est possible sans explosion de la dette, \u00e0 condition d\u2019une rigueur budg\u00e9taire extr\u00eame sur le fonctionnement (masse salariale, subventions peu cibl\u00e9es) pour d\u00e9gager une marge de man\u0153uvre et rassurer les march\u00e9s, et d\u2019un endettement exclusivement consacr\u00e9 \u00e0 des investissements transformateurs et rentables. C\u2019est un chemin \u00e9troit, mais c\u2019est le seul durable.<\/li>\n<\/ul>\n<p>&nbsp;<\/p>\n<ol start=\"3\">\n<li>Dette cach\u00e9e et dette \u00e0 payer : Quels leviers pour une sortie de crise ?<\/li>\n<\/ol>\n<p>&nbsp;<\/p>\n<p>L\u2019\u00e9pineuse question de la dette cach\u00e9e (engagements hors bilan de l\u2019\u00c9tat, garanties accord\u00e9es \u00e0 des entreprises publiques ou PPP) et du service \u00e9lev\u00e9 de la dette (pr\u00e8s de 30% des recettes budg\u00e9taires) constitue le principal frein structurel \u00e0 la man\u0153uvre \u00e9conomique.<\/p>\n<p>&nbsp;<\/p>\n<p>Les leviers \u00e0 actionner de mani\u00e8re concert\u00e9e :<\/p>\n<p>&nbsp;<\/p>\n<ol>\n<li>Lever le voile et assainir : La premi\u00e8re \u00e9tape, d\u00e9j\u00e0 entam\u00e9e avec les audits lanc\u00e9s, est la transparence totale. Il faut cartographier l\u2019ensemble des engagements contingents, les \u00e9valuer et les int\u00e9grer dans une strat\u00e9gie de dette globale. Cela passe par un renforcement des capacit\u00e9s du Tr\u00e9sor et de la Direction de la Dette.<\/li>\n<li>Optimisation et restructuration de la dette existante : Le S\u00e9n\u00e9gal doit activement n\u00e9gocier avec ses cr\u00e9anciers (bilat\u00e9raux, commerciaux) pour :<\/li>\n<\/ol>\n<ul>\n<li>Allonger les \u00e9ch\u00e9ances (reprofiling) pour lisser la charge annuelle.<\/li>\n<li>Convertir des dettes en investissements (debt-for-nature ou debt-for-development swaps), par exemple \u00e9changer une partie de la dette contre des engagements du cr\u00e9ancier \u00e0 financer des projets verts au S\u00e9n\u00e9gal.<\/li>\n<li>Racheter de la dette \u00e0 d\u00e9cote sur les march\u00e9s secondaires si l\u2019opportunit\u00e9 se pr\u00e9sente.<\/li>\n<\/ul>\n<ol start=\"3\">\n<li>Diversification des sources de financement et mont\u00e9e en gamme :<\/li>\n<\/ol>\n<ul>\n<li>D\u00e9velopper le march\u00e9 local des capitaux (obligations en FCFA) pour r\u00e9duire le risque de change et drainer l\u2019\u00e9pargne nationale.<\/li>\n<li>Attirer davantage de Financements Priv\u00e9s (PPP bien structur\u00e9s) et de fonds d\u2019investissement longs (fonds de pension, souverains) pour les projets infrastructurels.<\/li>\n<li>Monter en comp\u00e9tence pour acc\u00e9der aux financements climatiques (Fonds Vert pour le Climat), auxquels le S\u00e9n\u00e9gal, pays vuln\u00e9rable, pourrait pr\u00e9tendre massivement.<\/li>\n<\/ul>\n<ol start=\"4\">\n<li>Acc\u00e9l\u00e9ration des r\u00e9formes pour la croissance : Le levier ultime est la croissance du PIB. Les r\u00e9formes d\u2019am\u00e9lioration du climat des affaires, de facilitation du commerce, de flexibilit\u00e9 du march\u00e9 du travail et d\u2019efficacit\u00e9 de la justice commerciale sont essentielles pour g\u00e9n\u00e9rer les recettes fiscales suppl\u00e9mentaires qui permettront de servir la dette sans aust\u00e9rit\u00e9 \u00e9touffante.<\/li>\n<\/ol>\n<p>&nbsp;<\/p>\n<ol start=\"4\">\n<li>Partenariats \u00e9mergents : Les \u00c9mirats( EAU), la Chine, la Turquie peuvent-ils se substituer au quitus du FMI ?<\/li>\n<\/ol>\n<p>&nbsp;<\/p>\n<p>La diversification des partenaires (EAU, Chine, Turquie) est une strat\u00e9gie g\u00e9opolitique et \u00e9conomique logique pour r\u00e9duire la d\u00e9pendance et obtenir des financements concessionnels et\/ou des investissements directs.<\/p>\n<p>&nbsp;<\/p>\n<p>Analyse de la coop\u00e9ration avec les EAU (Abu Dhabi) :<\/p>\n<p>Les m\u00e9morandums sign\u00e9s le 10 d\u00e9cembre 2025 couvrent probablement l\u2019\u00e9nergie, les infrastructures, l\u2019agriculture et la finance. Les EAU, via des fonds souverains comme ADQ ou Mubadala ( Fonds et finance islamique&#8230;), recherchent des actifs strat\u00e9giques et des rendements \u00e0 long terme. Ils peuvent apporter des capitaux importants, des technologies et une approche \u00ab\u00a0business\u00a0\u00bb rapide.<\/p>\n<p>&nbsp;<\/p>\n<p>R\u00e9ponse \u00e0 la question centrale : Non, ces partenariats ne peuvent pas, et ne devraient pas, se substituer au \u00ab\u00a0quitus\u00a0\u00bb du FMI. En revanche, ils peuvent compl\u00e9menter une strat\u00e9gie approuv\u00e9e par le Fonds. Voici pourquoi :<\/p>\n<p>&nbsp;<\/p>\n<ul>\n<li>Le FMI comme label de cr\u00e9dibilit\u00e9 : L\u2019accord du FMI (Facilit\u00e9 \u00c9largie de Cr\u00e9dit, etc.) est un signal de garantie pour l\u2019ensemble de la communaut\u00e9 financi\u00e8re internationale. Il certifie que les politiques \u00e9conomiques du pays sont saines, ce qui r\u00e9duit le risque per\u00e7u par tous les investisseurs, y compris les \u00c9miriens, Chinois et Turcs. Se passer du FMI reviendrait \u00e0 emprunter sans notation cr\u00e9dible, \u00e0 des co\u00fbts probablement plus \u00e9lev\u00e9s. Toutefois, le FMI doit accompagner et appuyer le S\u00e9n\u00e9gal.<\/li>\n<li>Nature diff\u00e9rente des financements :<\/li>\n<li>FMI : Pr\u00eate principalement pour le besoin de financement global, la stabilisation macro\u00e9conomique et le renforcement des r\u00e9serves. Ses pr\u00eats sont souvent \u00e0 taux concessionnel mais conditionn\u00e9s \u00e0 des r\u00e9formes structurelles (parfois douloureuses).<\/li>\n<li>EAU\/Chine\/Turquie : Financent principalement des projets sp\u00e9cifiques (ports, centrales, parcs industriels) via des pr\u00eats li\u00e9s, des investissements directs ou des contrats \u00ab\u00a0ressources contre infrastructures\u00a0\u00bb. Les conditions financi\u00e8res et la transparence varient.<\/li>\n<li>Le sc\u00e9nario optimal : Le plus avantageux pour le S\u00e9n\u00e9gal est de poursuivre un programme avec le FMI (m\u00eame de pr\u00e9caution) pour maintenir la confiance, discipliner la politique \u00e9conomique et obtenir des taux favorables. Parall\u00e8lement, il doit n\u00e9gocier dur avec les nouveaux partenaires pour :<\/li>\n<li>Obtenir des conditions transparentes et soutenables (taux d\u2019int\u00e9r\u00eat, p\u00e9riode de gr\u00e2ce).<\/li>\n<li>Lier leurs financements aux projets structurants identifi\u00e9s dans le budget, en priorisant les co-financements et les transferts de technologie.<\/li>\n<li>\u00c9viter le pi\u00e8ge des dettes collateralis\u00e9es sur les ressources naturelles qui hypoth\u00e8quent la souverainet\u00e9 future.<\/li>\n<\/ul>\n<p>&nbsp;<\/p>\n<p>Conclusion : Le S\u00e9n\u00e9gal doit jouer sur tous les tableaux, mais avec une r\u00e8gle d\u2019or : utiliser le label FMI comme un parapluie de cr\u00e9dibilit\u00e9 pour n\u00e9gocier en position de force avec tous ses partenaires, \u00e9mergents ou traditionnels.<\/p>\n<p>En sommes, la Loi de Finances 2026 du S\u00e9n\u00e9gal est un pari ambitieux sur l\u2019avenir, qui cherche \u00e0 concilier souverainet\u00e9, transformation et discipline. Dans un contexte ambivalent de turbulences \u00e9conomiques mondiales mais de potentiel national prometteur, sa r\u00e9ussite repose sur une \u00e9quation complexe :<\/p>\n<ol>\n<li>Une ex\u00e9cution irr\u00e9prochable et transparente des projets d\u2019investissement.<\/li>\n<li>Une gestion de la dette qui combine assainissement du pass\u00e9 et emprunts \u00ab\u00a0intelligents\u00a0\u00bb pour l\u2019avenir.<\/li>\n<li>Une diplomatie \u00e9conomique agile, utilisant le cadre rassurant d\u2019un possible accord avec le FMI pour attirer des financements diversifi\u00e9s et de qualit\u00e9, notamment des nouveaux partenaires comme les \u00c9mirats Arabes Unis.<\/li>\n<\/ol>\n<p>Le chemin est sem\u00e9 d\u2019emb\u00fbches, mais les atouts du S\u00e9n\u00e9gal : stabilit\u00e9 politique, d\u00e9mographie, ressources et la volont\u00e9 politique affich\u00e9e offrent une fen\u00eatre d\u2019opportunit\u00e9. La vigilance et l\u2019expertise dans la mise en \u0153uvre seront les seuls juges de paix.<\/p>\n<p>&nbsp;<\/p>\n<p>&nbsp;<\/p>\n<p><strong>Dr. Seydina Oumar Seye.<\/strong><\/p>\n<p>&nbsp;<\/p>\n","protected":false},"excerpt":{"rendered":"<p>Le Premier ministre Ousmane Sonko &nbsp; Par Dr. Seydina Oumar Seye, \u00e9conomiste \u00a0 Le record de 7 434 milliards FCFA sous l\u2019\u00e8re du pr\u00e9sident Bassirou&#8230;<\/p>\n","protected":false},"author":1,"featured_media":8646,"comment_status":"closed","ping_status":"open","sticky":false,"template":"","format":"standard","meta":{"_jetpack_memberships_contains_paid_content":false,"footnotes":""},"categories":[16],"tags":[],"class_list":["post-8645","post","type-post","status-publish","format-standard","has-post-thumbnail","hentry","category-contribution","wpcat-16-id"],"yoast_head":"<!-- This site is optimized with the Yoast SEO plugin v27.1.1 - https:\/\/yoast.com\/product\/yoast-seo-wordpress\/ -->\n<title>Budget S\u00e9n\u00e9gal 2026 : Entre Souverainet\u00e9 affirm\u00e9e, D\u00e9fis macro\u00e9conomiques et nouveaux Alli\u00e9s g\u00e9opolitiques - challenges economiques<\/title>\n<meta name=\"robots\" content=\"index, follow, max-snippet:-1, max-image-preview:large, max-video-preview:-1\" \/>\n<link rel=\"canonical\" href=\"https:\/\/challengeseconomiques.com\/?p=8645\" \/>\n<meta property=\"og:locale\" content=\"fr_FR\" \/>\n<meta property=\"og:type\" content=\"article\" \/>\n<meta property=\"og:title\" content=\"Budget S\u00e9n\u00e9gal 2026 : Entre Souverainet\u00e9 affirm\u00e9e, D\u00e9fis macro\u00e9conomiques et nouveaux Alli\u00e9s g\u00e9opolitiques - challenges economiques\" \/>\n<meta property=\"og:description\" content=\"Le Premier ministre Ousmane Sonko &nbsp; Par Dr. Seydina Oumar Seye, \u00e9conomiste \u00a0 Le record de 7 434 milliards FCFA sous l\u2019\u00e8re du pr\u00e9sident Bassirou...\" \/>\n<meta property=\"og:url\" content=\"https:\/\/challengeseconomiques.com\/?p=8645\" \/>\n<meta property=\"og:site_name\" content=\"challenges economiques\" \/>\n<meta property=\"article:published_time\" content=\"2025-12-16T12:39:19+00:00\" \/>\n<meta property=\"article:modified_time\" content=\"2025-12-16T12:40:07+00:00\" \/>\n<meta property=\"og:image\" content=\"https:\/\/challengeseconomiques.com\/wp-content\/uploads\/2025\/12\/SonkoAN.jpeg\" \/>\n\t<meta property=\"og:image:width\" content=\"480\" \/>\n\t<meta property=\"og:image:height\" content=\"320\" \/>\n\t<meta property=\"og:image:type\" content=\"image\/jpeg\" \/>\n<meta name=\"author\" content=\"admin\" \/>\n<meta name=\"twitter:card\" content=\"summary_large_image\" \/>\n<meta name=\"twitter:label1\" content=\"\u00c9crit par\" \/>\n\t<meta name=\"twitter:data1\" content=\"admin\" \/>\n\t<meta name=\"twitter:label2\" content=\"Dur\u00e9e de lecture estim\u00e9e\" \/>\n\t<meta name=\"twitter:data2\" content=\"10 minutes\" \/>\n<script type=\"application\/ld+json\" class=\"yoast-schema-graph\">{\"@context\":\"https:\/\/schema.org\",\"@graph\":[{\"@type\":\"Article\",\"@id\":\"https:\/\/challengeseconomiques.com\/?p=8645#article\",\"isPartOf\":{\"@id\":\"https:\/\/challengeseconomiques.com\/?p=8645\"},\"author\":{\"name\":\"admin\",\"@id\":\"https:\/\/challengeseconomiques.com\/#\/schema\/person\/b4568c9afebc5a9238a771873801e349\"},\"headline\":\"Budget S\u00e9n\u00e9gal 2026 : Entre Souverainet\u00e9 affirm\u00e9e, D\u00e9fis macro\u00e9conomiques et nouveaux Alli\u00e9s g\u00e9opolitiques\",\"datePublished\":\"2025-12-16T12:39:19+00:00\",\"dateModified\":\"2025-12-16T12:40:07+00:00\",\"mainEntityOfPage\":{\"@id\":\"https:\/\/challengeseconomiques.com\/?p=8645\"},\"wordCount\":2015,\"image\":{\"@id\":\"https:\/\/challengeseconomiques.com\/?p=8645#primaryimage\"},\"thumbnailUrl\":\"https:\/\/challengeseconomiques.com\/wp-content\/uploads\/2025\/12\/SonkoAN.jpeg\",\"articleSection\":[\"Contribution\"],\"inLanguage\":\"fr-FR\"},{\"@type\":\"WebPage\",\"@id\":\"https:\/\/challengeseconomiques.com\/?p=8645\",\"url\":\"https:\/\/challengeseconomiques.com\/?p=8645\",\"name\":\"Budget S\u00e9n\u00e9gal 2026 : Entre Souverainet\u00e9 affirm\u00e9e, D\u00e9fis macro\u00e9conomiques et nouveaux Alli\u00e9s g\u00e9opolitiques - challenges economiques\",\"isPartOf\":{\"@id\":\"https:\/\/challengeseconomiques.com\/#website\"},\"primaryImageOfPage\":{\"@id\":\"https:\/\/challengeseconomiques.com\/?p=8645#primaryimage\"},\"image\":{\"@id\":\"https:\/\/challengeseconomiques.com\/?p=8645#primaryimage\"},\"thumbnailUrl\":\"https:\/\/challengeseconomiques.com\/wp-content\/uploads\/2025\/12\/SonkoAN.jpeg\",\"datePublished\":\"2025-12-16T12:39:19+00:00\",\"dateModified\":\"2025-12-16T12:40:07+00:00\",\"author\":{\"@id\":\"https:\/\/challengeseconomiques.com\/#\/schema\/person\/b4568c9afebc5a9238a771873801e349\"},\"breadcrumb\":{\"@id\":\"https:\/\/challengeseconomiques.com\/?p=8645#breadcrumb\"},\"inLanguage\":\"fr-FR\",\"potentialAction\":[{\"@type\":\"ReadAction\",\"target\":[\"https:\/\/challengeseconomiques.com\/?p=8645\"]}]},{\"@type\":\"ImageObject\",\"inLanguage\":\"fr-FR\",\"@id\":\"https:\/\/challengeseconomiques.com\/?p=8645#primaryimage\",\"url\":\"https:\/\/challengeseconomiques.com\/wp-content\/uploads\/2025\/12\/SonkoAN.jpeg\",\"contentUrl\":\"https:\/\/challengeseconomiques.com\/wp-content\/uploads\/2025\/12\/SonkoAN.jpeg\",\"width\":480,\"height\":320},{\"@type\":\"BreadcrumbList\",\"@id\":\"https:\/\/challengeseconomiques.com\/?p=8645#breadcrumb\",\"itemListElement\":[{\"@type\":\"ListItem\",\"position\":1,\"name\":\"Home\",\"item\":\"https:\/\/challengeseconomiques.com\/\"},{\"@type\":\"ListItem\",\"position\":2,\"name\":\"Budget S\u00e9n\u00e9gal 2026 : Entre Souverainet\u00e9 affirm\u00e9e, D\u00e9fis macro\u00e9conomiques et nouveaux Alli\u00e9s g\u00e9opolitiques\"}]},{\"@type\":\"WebSite\",\"@id\":\"https:\/\/challengeseconomiques.com\/#website\",\"url\":\"https:\/\/challengeseconomiques.com\/\",\"name\":\"challenges economiques\",\"description\":\"\",\"potentialAction\":[{\"@type\":\"SearchAction\",\"target\":{\"@type\":\"EntryPoint\",\"urlTemplate\":\"https:\/\/challengeseconomiques.com\/?s={search_term_string}\"},\"query-input\":{\"@type\":\"PropertyValueSpecification\",\"valueRequired\":true,\"valueName\":\"search_term_string\"}}],\"inLanguage\":\"fr-FR\"},{\"@type\":\"Person\",\"@id\":\"https:\/\/challengeseconomiques.com\/#\/schema\/person\/b4568c9afebc5a9238a771873801e349\",\"name\":\"admin\",\"image\":{\"@type\":\"ImageObject\",\"inLanguage\":\"fr-FR\",\"@id\":\"https:\/\/challengeseconomiques.com\/#\/schema\/person\/image\/\",\"url\":\"https:\/\/secure.gravatar.com\/avatar\/099e42240b5eea11acdb72751fcce0dd918603f0749d24974b7984ea47ed9fd9?s=96&d=mm&r=g\",\"contentUrl\":\"https:\/\/secure.gravatar.com\/avatar\/099e42240b5eea11acdb72751fcce0dd918603f0749d24974b7984ea47ed9fd9?s=96&d=mm&r=g\",\"caption\":\"admin\"},\"sameAs\":[\"https:\/\/challengeseconomiques.com\"],\"url\":\"https:\/\/challengeseconomiques.com\/?author=1\"}]}<\/script>\n<!-- \/ Yoast SEO plugin. -->","yoast_head_json":{"title":"Budget S\u00e9n\u00e9gal 2026 : Entre Souverainet\u00e9 affirm\u00e9e, D\u00e9fis macro\u00e9conomiques et nouveaux Alli\u00e9s g\u00e9opolitiques - challenges economiques","robots":{"index":"index","follow":"follow","max-snippet":"max-snippet:-1","max-image-preview":"max-image-preview:large","max-video-preview":"max-video-preview:-1"},"canonical":"https:\/\/challengeseconomiques.com\/?p=8645","og_locale":"fr_FR","og_type":"article","og_title":"Budget S\u00e9n\u00e9gal 2026 : Entre Souverainet\u00e9 affirm\u00e9e, D\u00e9fis macro\u00e9conomiques et nouveaux Alli\u00e9s g\u00e9opolitiques - challenges economiques","og_description":"Le Premier ministre Ousmane Sonko &nbsp; Par Dr. Seydina Oumar Seye, \u00e9conomiste \u00a0 Le record de 7 434 milliards FCFA sous l\u2019\u00e8re du pr\u00e9sident Bassirou...","og_url":"https:\/\/challengeseconomiques.com\/?p=8645","og_site_name":"challenges economiques","article_published_time":"2025-12-16T12:39:19+00:00","article_modified_time":"2025-12-16T12:40:07+00:00","og_image":[{"width":480,"height":320,"url":"https:\/\/challengeseconomiques.com\/wp-content\/uploads\/2025\/12\/SonkoAN.jpeg","type":"image\/jpeg"}],"author":"admin","twitter_card":"summary_large_image","twitter_misc":{"\u00c9crit par":"admin","Dur\u00e9e de lecture estim\u00e9e":"10 minutes"},"schema":{"@context":"https:\/\/schema.org","@graph":[{"@type":"Article","@id":"https:\/\/challengeseconomiques.com\/?p=8645#article","isPartOf":{"@id":"https:\/\/challengeseconomiques.com\/?p=8645"},"author":{"name":"admin","@id":"https:\/\/challengeseconomiques.com\/#\/schema\/person\/b4568c9afebc5a9238a771873801e349"},"headline":"Budget S\u00e9n\u00e9gal 2026 : Entre Souverainet\u00e9 affirm\u00e9e, D\u00e9fis macro\u00e9conomiques et nouveaux Alli\u00e9s g\u00e9opolitiques","datePublished":"2025-12-16T12:39:19+00:00","dateModified":"2025-12-16T12:40:07+00:00","mainEntityOfPage":{"@id":"https:\/\/challengeseconomiques.com\/?p=8645"},"wordCount":2015,"image":{"@id":"https:\/\/challengeseconomiques.com\/?p=8645#primaryimage"},"thumbnailUrl":"https:\/\/challengeseconomiques.com\/wp-content\/uploads\/2025\/12\/SonkoAN.jpeg","articleSection":["Contribution"],"inLanguage":"fr-FR"},{"@type":"WebPage","@id":"https:\/\/challengeseconomiques.com\/?p=8645","url":"https:\/\/challengeseconomiques.com\/?p=8645","name":"Budget S\u00e9n\u00e9gal 2026 : Entre Souverainet\u00e9 affirm\u00e9e, D\u00e9fis macro\u00e9conomiques et nouveaux Alli\u00e9s g\u00e9opolitiques - challenges economiques","isPartOf":{"@id":"https:\/\/challengeseconomiques.com\/#website"},"primaryImageOfPage":{"@id":"https:\/\/challengeseconomiques.com\/?p=8645#primaryimage"},"image":{"@id":"https:\/\/challengeseconomiques.com\/?p=8645#primaryimage"},"thumbnailUrl":"https:\/\/challengeseconomiques.com\/wp-content\/uploads\/2025\/12\/SonkoAN.jpeg","datePublished":"2025-12-16T12:39:19+00:00","dateModified":"2025-12-16T12:40:07+00:00","author":{"@id":"https:\/\/challengeseconomiques.com\/#\/schema\/person\/b4568c9afebc5a9238a771873801e349"},"breadcrumb":{"@id":"https:\/\/challengeseconomiques.com\/?p=8645#breadcrumb"},"inLanguage":"fr-FR","potentialAction":[{"@type":"ReadAction","target":["https:\/\/challengeseconomiques.com\/?p=8645"]}]},{"@type":"ImageObject","inLanguage":"fr-FR","@id":"https:\/\/challengeseconomiques.com\/?p=8645#primaryimage","url":"https:\/\/challengeseconomiques.com\/wp-content\/uploads\/2025\/12\/SonkoAN.jpeg","contentUrl":"https:\/\/challengeseconomiques.com\/wp-content\/uploads\/2025\/12\/SonkoAN.jpeg","width":480,"height":320},{"@type":"BreadcrumbList","@id":"https:\/\/challengeseconomiques.com\/?p=8645#breadcrumb","itemListElement":[{"@type":"ListItem","position":1,"name":"Home","item":"https:\/\/challengeseconomiques.com\/"},{"@type":"ListItem","position":2,"name":"Budget S\u00e9n\u00e9gal 2026 : Entre Souverainet\u00e9 affirm\u00e9e, D\u00e9fis macro\u00e9conomiques et nouveaux Alli\u00e9s g\u00e9opolitiques"}]},{"@type":"WebSite","@id":"https:\/\/challengeseconomiques.com\/#website","url":"https:\/\/challengeseconomiques.com\/","name":"challenges economiques","description":"","potentialAction":[{"@type":"SearchAction","target":{"@type":"EntryPoint","urlTemplate":"https:\/\/challengeseconomiques.com\/?s={search_term_string}"},"query-input":{"@type":"PropertyValueSpecification","valueRequired":true,"valueName":"search_term_string"}}],"inLanguage":"fr-FR"},{"@type":"Person","@id":"https:\/\/challengeseconomiques.com\/#\/schema\/person\/b4568c9afebc5a9238a771873801e349","name":"admin","image":{"@type":"ImageObject","inLanguage":"fr-FR","@id":"https:\/\/challengeseconomiques.com\/#\/schema\/person\/image\/","url":"https:\/\/secure.gravatar.com\/avatar\/099e42240b5eea11acdb72751fcce0dd918603f0749d24974b7984ea47ed9fd9?s=96&d=mm&r=g","contentUrl":"https:\/\/secure.gravatar.com\/avatar\/099e42240b5eea11acdb72751fcce0dd918603f0749d24974b7984ea47ed9fd9?s=96&d=mm&r=g","caption":"admin"},"sameAs":["https:\/\/challengeseconomiques.com"],"url":"https:\/\/challengeseconomiques.com\/?author=1"}]}},"jetpack_featured_media_url":"https:\/\/challengeseconomiques.com\/wp-content\/uploads\/2025\/12\/SonkoAN.jpeg","jetpack_sharing_enabled":true,"_links":{"self":[{"href":"https:\/\/challengeseconomiques.com\/index.php?rest_route=\/wp\/v2\/posts\/8645","targetHints":{"allow":["GET"]}}],"collection":[{"href":"https:\/\/challengeseconomiques.com\/index.php?rest_route=\/wp\/v2\/posts"}],"about":[{"href":"https:\/\/challengeseconomiques.com\/index.php?rest_route=\/wp\/v2\/types\/post"}],"author":[{"embeddable":true,"href":"https:\/\/challengeseconomiques.com\/index.php?rest_route=\/wp\/v2\/users\/1"}],"replies":[{"embeddable":true,"href":"https:\/\/challengeseconomiques.com\/index.php?rest_route=%2Fwp%2Fv2%2Fcomments&post=8645"}],"version-history":[{"count":1,"href":"https:\/\/challengeseconomiques.com\/index.php?rest_route=\/wp\/v2\/posts\/8645\/revisions"}],"predecessor-version":[{"id":8647,"href":"https:\/\/challengeseconomiques.com\/index.php?rest_route=\/wp\/v2\/posts\/8645\/revisions\/8647"}],"wp:featuredmedia":[{"embeddable":true,"href":"https:\/\/challengeseconomiques.com\/index.php?rest_route=\/wp\/v2\/media\/8646"}],"wp:attachment":[{"href":"https:\/\/challengeseconomiques.com\/index.php?rest_route=%2Fwp%2Fv2%2Fmedia&parent=8645"}],"wp:term":[{"taxonomy":"category","embeddable":true,"href":"https:\/\/challengeseconomiques.com\/index.php?rest_route=%2Fwp%2Fv2%2Fcategories&post=8645"},{"taxonomy":"post_tag","embeddable":true,"href":"https:\/\/challengeseconomiques.com\/index.php?rest_route=%2Fwp%2Fv2%2Ftags&post=8645"}],"curies":[{"name":"wp","href":"https:\/\/api.w.org\/{rel}","templated":true}]}}