{"id":8642,"date":"2025-12-15T12:55:28","date_gmt":"2025-12-15T12:55:28","guid":{"rendered":"https:\/\/challengeseconomiques.com\/?p=8642"},"modified":"2025-12-15T12:56:23","modified_gmt":"2025-12-15T12:56:23","slug":"sommet-dabuja-le-senegal-designe-pour-la-presidence-de-la-commission-de-la-cedeao-2026-2030","status":"publish","type":"post","link":"https:\/\/challengeseconomiques.com\/?p=8642","title":{"rendered":"Sommet d&rsquo;Abuja : Le S\u00e9n\u00e9gal d\u00e9sign\u00e9 pour la pr\u00e9sidence de la Commission de la CEDEAO (2026-2030)"},"content":{"rendered":"<p>Lors de la 68\u1d49 session ordinaire de la Conf\u00e9rence des Chefs d&rsquo;\u00c9tat et de Gouvernement de la CEDEAO tenu\u00a0 \u00e0 Abuja ce week-end, une d\u00e9cision diplomatique majeure a \u00e9t\u00e9 prise : le S\u00e9n\u00e9gal assurera la pr\u00e9sidence de la Commission de l&rsquo;Organisation pour un mandat de quatre ans, d\u00e9butant en 2026.<\/p>\n<p>Cette nomination marque le retour du S\u00e9n\u00e9gal \u00e0 la t\u00eate de l&rsquo;organe ex\u00e9cutif de la CEDEAO apr\u00e8s pr\u00e8s de cinquante ans. La Commission est l&rsquo;institution cl\u00e9 qui met en \u0153uvre les politiques r\u00e9gionales (\u00e9conomie, s\u00e9curit\u00e9, int\u00e9gration).<\/p>\n<p>Le choix du S\u00e9n\u00e9gal est per\u00e7u comme une reconnaissance de son poids diplomatique et de son engagement pour l&rsquo;int\u00e9gration ouest-africaine. Le futur pr\u00e9sident s\u00e9n\u00e9galais de la Commission devra relever des d\u00e9fis cruciaux, notamment en mati\u00e8re de s\u00e9curit\u00e9 et de d\u00e9veloppement \u00e9conomique r\u00e9gional.<\/p>\n<p>&nbsp;<\/p>\n","protected":false},"excerpt":{"rendered":"<p>Lors de la 68\u1d49 session ordinaire de la Conf\u00e9rence des Chefs d&rsquo;\u00c9tat et de Gouvernement de la CEDEAO tenu\u00a0 \u00e0 Abuja ce week-end, une d\u00e9cision&#8230;<\/p>\n","protected":false},"author":1,"featured_media":8643,"comment_status":"closed","ping_status":"open","sticky":false,"template":"","format":"standard","meta":{"_jetpack_memberships_contains_paid_content":false,"footnotes":""},"categories":[23,8],"tags":[],"class_list":["post-8642","post","type-post","status-publish","format-standard","has-post-thumbnail","hentry","category-a-la-une","category-actualite-economique","wpcat-23-id","wpcat-8-id"],"yoast_head":"<!-- This site is optimized with the Yoast SEO plugin v27.1.1 - https:\/\/yoast.com\/product\/yoast-seo-wordpress\/ -->\n<title>Sommet d&#039;Abuja : Le S\u00e9n\u00e9gal d\u00e9sign\u00e9 pour la pr\u00e9sidence de la Commission de la CEDEAO (2026-2030) - challenges economiques<\/title>\n<meta name=\"robots\" content=\"index, follow, max-snippet:-1, max-image-preview:large, max-video-preview:-1\" \/>\n<link rel=\"canonical\" href=\"https:\/\/challengeseconomiques.com\/?p=8642\" \/>\n<meta property=\"og:locale\" content=\"fr_FR\" \/>\n<meta property=\"og:type\" content=\"article\" \/>\n<meta property=\"og:title\" content=\"Sommet d&#039;Abuja : Le S\u00e9n\u00e9gal d\u00e9sign\u00e9 pour la pr\u00e9sidence de la Commission de la CEDEAO (2026-2030) - challenges economiques\" \/>\n<meta property=\"og:description\" content=\"Lors de la 68\u1d49 session ordinaire de la Conf\u00e9rence des Chefs d&rsquo;\u00c9tat et de Gouvernement de la CEDEAO tenu\u00a0 \u00e0 Abuja ce week-end, une d\u00e9cision...\" \/>\n<meta property=\"og:url\" content=\"https:\/\/challengeseconomiques.com\/?p=8642\" \/>\n<meta property=\"og:site_name\" content=\"challenges economiques\" \/>\n<meta property=\"article:published_time\" content=\"2025-12-15T12:55:28+00:00\" \/>\n<meta property=\"article:modified_time\" content=\"2025-12-15T12:56:23+00:00\" \/>\n<meta property=\"og:image\" content=\"https:\/\/challengeseconomiques.com\/wp-content\/uploads\/2025\/12\/cedeaodec2025.jpeg\" \/>\n\t<meta property=\"og:image:width\" content=\"1280\" \/>\n\t<meta property=\"og:image:height\" content=\"789\" \/>\n\t<meta property=\"og:image:type\" content=\"image\/jpeg\" \/>\n<meta name=\"author\" content=\"admin\" \/>\n<meta name=\"twitter:card\" content=\"summary_large_image\" \/>\n<meta name=\"twitter:label1\" content=\"\u00c9crit par\" \/>\n\t<meta name=\"twitter:data1\" content=\"admin\" \/>\n\t<meta name=\"twitter:label2\" content=\"Dur\u00e9e de lecture estim\u00e9e\" \/>\n\t<meta name=\"twitter:data2\" content=\"1 minute\" \/>\n<script type=\"application\/ld+json\" class=\"yoast-schema-graph\">{\"@context\":\"https:\/\/schema.org\",\"@graph\":[{\"@type\":\"Article\",\"@id\":\"https:\/\/challengeseconomiques.com\/?p=8642#article\",\"isPartOf\":{\"@id\":\"https:\/\/challengeseconomiques.com\/?p=8642\"},\"author\":{\"name\":\"admin\",\"@id\":\"https:\/\/challengeseconomiques.com\/#\/schema\/person\/b4568c9afebc5a9238a771873801e349\"},\"headline\":\"Sommet d&rsquo;Abuja : Le S\u00e9n\u00e9gal d\u00e9sign\u00e9 pour la pr\u00e9sidence de la Commission de la CEDEAO (2026-2030)\",\"datePublished\":\"2025-12-15T12:55:28+00:00\",\"dateModified\":\"2025-12-15T12:56:23+00:00\",\"mainEntityOfPage\":{\"@id\":\"https:\/\/challengeseconomiques.com\/?p=8642\"},\"wordCount\":176,\"image\":{\"@id\":\"https:\/\/challengeseconomiques.com\/?p=8642#primaryimage\"},\"thumbnailUrl\":\"https:\/\/challengeseconomiques.com\/wp-content\/uploads\/2025\/12\/cedeaodec2025.jpeg\",\"articleSection\":[\"A la une\",\"Actualit\u00e9 \u00e9conomique\"],\"inLanguage\":\"fr-FR\"},{\"@type\":\"WebPage\",\"@id\":\"https:\/\/challengeseconomiques.com\/?p=8642\",\"url\":\"https:\/\/challengeseconomiques.com\/?p=8642\",\"name\":\"Sommet d'Abuja : Le S\u00e9n\u00e9gal d\u00e9sign\u00e9 pour la pr\u00e9sidence de la Commission de la CEDEAO (2026-2030) - challenges economiques\",\"isPartOf\":{\"@id\":\"https:\/\/challengeseconomiques.com\/#website\"},\"primaryImageOfPage\":{\"@id\":\"https:\/\/challengeseconomiques.com\/?p=8642#primaryimage\"},\"image\":{\"@id\":\"https:\/\/challengeseconomiques.com\/?p=8642#primaryimage\"},\"thumbnailUrl\":\"https:\/\/challengeseconomiques.com\/wp-content\/uploads\/2025\/12\/cedeaodec2025.jpeg\",\"datePublished\":\"2025-12-15T12:55:28+00:00\",\"dateModified\":\"2025-12-15T12:56:23+00:00\",\"author\":{\"@id\":\"https:\/\/challengeseconomiques.com\/#\/schema\/person\/b4568c9afebc5a9238a771873801e349\"},\"breadcrumb\":{\"@id\":\"https:\/\/challengeseconomiques.com\/?p=8642#breadcrumb\"},\"inLanguage\":\"fr-FR\",\"potentialAction\":[{\"@type\":\"ReadAction\",\"target\":[\"https:\/\/challengeseconomiques.com\/?p=8642\"]}]},{\"@type\":\"ImageObject\",\"inLanguage\":\"fr-FR\",\"@id\":\"https:\/\/challengeseconomiques.com\/?p=8642#primaryimage\",\"url\":\"https:\/\/challengeseconomiques.com\/wp-content\/uploads\/2025\/12\/cedeaodec2025.jpeg\",\"contentUrl\":\"https:\/\/challengeseconomiques.com\/wp-content\/uploads\/2025\/12\/cedeaodec2025.jpeg\",\"width\":1280,\"height\":789},{\"@type\":\"BreadcrumbList\",\"@id\":\"https:\/\/challengeseconomiques.com\/?p=8642#breadcrumb\",\"itemListElement\":[{\"@type\":\"ListItem\",\"position\":1,\"name\":\"Home\",\"item\":\"https:\/\/challengeseconomiques.com\/\"},{\"@type\":\"ListItem\",\"position\":2,\"name\":\"Sommet d&#8217;Abuja : Le S\u00e9n\u00e9gal d\u00e9sign\u00e9 pour la pr\u00e9sidence de la Commission de la CEDEAO (2026-2030)\"}]},{\"@type\":\"WebSite\",\"@id\":\"https:\/\/challengeseconomiques.com\/#website\",\"url\":\"https:\/\/challengeseconomiques.com\/\",\"name\":\"challenges economiques\",\"description\":\"\",\"potentialAction\":[{\"@type\":\"SearchAction\",\"target\":{\"@type\":\"EntryPoint\",\"urlTemplate\":\"https:\/\/challengeseconomiques.com\/?s={search_term_string}\"},\"query-input\":{\"@type\":\"PropertyValueSpecification\",\"valueRequired\":true,\"valueName\":\"search_term_string\"}}],\"inLanguage\":\"fr-FR\"},{\"@type\":\"Person\",\"@id\":\"https:\/\/challengeseconomiques.com\/#\/schema\/person\/b4568c9afebc5a9238a771873801e349\",\"name\":\"admin\",\"image\":{\"@type\":\"ImageObject\",\"inLanguage\":\"fr-FR\",\"@id\":\"https:\/\/challengeseconomiques.com\/#\/schema\/person\/image\/\",\"url\":\"https:\/\/secure.gravatar.com\/avatar\/099e42240b5eea11acdb72751fcce0dd918603f0749d24974b7984ea47ed9fd9?s=96&d=mm&r=g\",\"contentUrl\":\"https:\/\/secure.gravatar.com\/avatar\/099e42240b5eea11acdb72751fcce0dd918603f0749d24974b7984ea47ed9fd9?s=96&d=mm&r=g\",\"caption\":\"admin\"},\"sameAs\":[\"https:\/\/challengeseconomiques.com\"],\"url\":\"https:\/\/challengeseconomiques.com\/?author=1\"}]}<\/script>\n<!-- \/ Yoast SEO plugin. -->","yoast_head_json":{"title":"Sommet d'Abuja : Le S\u00e9n\u00e9gal d\u00e9sign\u00e9 pour la pr\u00e9sidence de la Commission de la CEDEAO (2026-2030) - challenges economiques","robots":{"index":"index","follow":"follow","max-snippet":"max-snippet:-1","max-image-preview":"max-image-preview:large","max-video-preview":"max-video-preview:-1"},"canonical":"https:\/\/challengeseconomiques.com\/?p=8642","og_locale":"fr_FR","og_type":"article","og_title":"Sommet d'Abuja : Le S\u00e9n\u00e9gal d\u00e9sign\u00e9 pour la pr\u00e9sidence de la Commission de la CEDEAO (2026-2030) - challenges economiques","og_description":"Lors de la 68\u1d49 session ordinaire de la Conf\u00e9rence des Chefs d&rsquo;\u00c9tat et de Gouvernement de la CEDEAO tenu\u00a0 \u00e0 Abuja ce week-end, une d\u00e9cision...","og_url":"https:\/\/challengeseconomiques.com\/?p=8642","og_site_name":"challenges economiques","article_published_time":"2025-12-15T12:55:28+00:00","article_modified_time":"2025-12-15T12:56:23+00:00","og_image":[{"width":1280,"height":789,"url":"https:\/\/challengeseconomiques.com\/wp-content\/uploads\/2025\/12\/cedeaodec2025.jpeg","type":"image\/jpeg"}],"author":"admin","twitter_card":"summary_large_image","twitter_misc":{"\u00c9crit par":"admin","Dur\u00e9e de lecture estim\u00e9e":"1 minute"},"schema":{"@context":"https:\/\/schema.org","@graph":[{"@type":"Article","@id":"https:\/\/challengeseconomiques.com\/?p=8642#article","isPartOf":{"@id":"https:\/\/challengeseconomiques.com\/?p=8642"},"author":{"name":"admin","@id":"https:\/\/challengeseconomiques.com\/#\/schema\/person\/b4568c9afebc5a9238a771873801e349"},"headline":"Sommet d&rsquo;Abuja : Le S\u00e9n\u00e9gal d\u00e9sign\u00e9 pour la pr\u00e9sidence de la Commission de la CEDEAO (2026-2030)","datePublished":"2025-12-15T12:55:28+00:00","dateModified":"2025-12-15T12:56:23+00:00","mainEntityOfPage":{"@id":"https:\/\/challengeseconomiques.com\/?p=8642"},"wordCount":176,"image":{"@id":"https:\/\/challengeseconomiques.com\/?p=8642#primaryimage"},"thumbnailUrl":"https:\/\/challengeseconomiques.com\/wp-content\/uploads\/2025\/12\/cedeaodec2025.jpeg","articleSection":["A la une","Actualit\u00e9 \u00e9conomique"],"inLanguage":"fr-FR"},{"@type":"WebPage","@id":"https:\/\/challengeseconomiques.com\/?p=8642","url":"https:\/\/challengeseconomiques.com\/?p=8642","name":"Sommet d'Abuja : Le S\u00e9n\u00e9gal d\u00e9sign\u00e9 pour la pr\u00e9sidence de la Commission de la CEDEAO (2026-2030) - challenges economiques","isPartOf":{"@id":"https:\/\/challengeseconomiques.com\/#website"},"primaryImageOfPage":{"@id":"https:\/\/challengeseconomiques.com\/?p=8642#primaryimage"},"image":{"@id":"https:\/\/challengeseconomiques.com\/?p=8642#primaryimage"},"thumbnailUrl":"https:\/\/challengeseconomiques.com\/wp-content\/uploads\/2025\/12\/cedeaodec2025.jpeg","datePublished":"2025-12-15T12:55:28+00:00","dateModified":"2025-12-15T12:56:23+00:00","author":{"@id":"https:\/\/challengeseconomiques.com\/#\/schema\/person\/b4568c9afebc5a9238a771873801e349"},"breadcrumb":{"@id":"https:\/\/challengeseconomiques.com\/?p=8642#breadcrumb"},"inLanguage":"fr-FR","potentialAction":[{"@type":"ReadAction","target":["https:\/\/challengeseconomiques.com\/?p=8642"]}]},{"@type":"ImageObject","inLanguage":"fr-FR","@id":"https:\/\/challengeseconomiques.com\/?p=8642#primaryimage","url":"https:\/\/challengeseconomiques.com\/wp-content\/uploads\/2025\/12\/cedeaodec2025.jpeg","contentUrl":"https:\/\/challengeseconomiques.com\/wp-content\/uploads\/2025\/12\/cedeaodec2025.jpeg","width":1280,"height":789},{"@type":"BreadcrumbList","@id":"https:\/\/challengeseconomiques.com\/?p=8642#breadcrumb","itemListElement":[{"@type":"ListItem","position":1,"name":"Home","item":"https:\/\/challengeseconomiques.com\/"},{"@type":"ListItem","position":2,"name":"Sommet d&#8217;Abuja : Le S\u00e9n\u00e9gal d\u00e9sign\u00e9 pour la pr\u00e9sidence de la Commission de la CEDEAO (2026-2030)"}]},{"@type":"WebSite","@id":"https:\/\/challengeseconomiques.com\/#website","url":"https:\/\/challengeseconomiques.com\/","name":"challenges economiques","description":"","potentialAction":[{"@type":"SearchAction","target":{"@type":"EntryPoint","urlTemplate":"https:\/\/challengeseconomiques.com\/?s={search_term_string}"},"query-input":{"@type":"PropertyValueSpecification","valueRequired":true,"valueName":"search_term_string"}}],"inLanguage":"fr-FR"},{"@type":"Person","@id":"https:\/\/challengeseconomiques.com\/#\/schema\/person\/b4568c9afebc5a9238a771873801e349","name":"admin","image":{"@type":"ImageObject","inLanguage":"fr-FR","@id":"https:\/\/challengeseconomiques.com\/#\/schema\/person\/image\/","url":"https:\/\/secure.gravatar.com\/avatar\/099e42240b5eea11acdb72751fcce0dd918603f0749d24974b7984ea47ed9fd9?s=96&d=mm&r=g","contentUrl":"https:\/\/secure.gravatar.com\/avatar\/099e42240b5eea11acdb72751fcce0dd918603f0749d24974b7984ea47ed9fd9?s=96&d=mm&r=g","caption":"admin"},"sameAs":["https:\/\/challengeseconomiques.com"],"url":"https:\/\/challengeseconomiques.com\/?author=1"}]}},"jetpack_featured_media_url":"https:\/\/challengeseconomiques.com\/wp-content\/uploads\/2025\/12\/cedeaodec2025.jpeg","jetpack_sharing_enabled":true,"_links":{"self":[{"href":"https:\/\/challengeseconomiques.com\/index.php?rest_route=\/wp\/v2\/posts\/8642","targetHints":{"allow":["GET"]}}],"collection":[{"href":"https:\/\/challengeseconomiques.com\/index.php?rest_route=\/wp\/v2\/posts"}],"about":[{"href":"https:\/\/challengeseconomiques.com\/index.php?rest_route=\/wp\/v2\/types\/post"}],"author":[{"embeddable":true,"href":"https:\/\/challengeseconomiques.com\/index.php?rest_route=\/wp\/v2\/users\/1"}],"replies":[{"embeddable":true,"href":"https:\/\/challengeseconomiques.com\/index.php?rest_route=%2Fwp%2Fv2%2Fcomments&post=8642"}],"version-history":[{"count":1,"href":"https:\/\/challengeseconomiques.com\/index.php?rest_route=\/wp\/v2\/posts\/8642\/revisions"}],"predecessor-version":[{"id":8644,"href":"https:\/\/challengeseconomiques.com\/index.php?rest_route=\/wp\/v2\/posts\/8642\/revisions\/8644"}],"wp:featuredmedia":[{"embeddable":true,"href":"https:\/\/challengeseconomiques.com\/index.php?rest_route=\/wp\/v2\/media\/8643"}],"wp:attachment":[{"href":"https:\/\/challengeseconomiques.com\/index.php?rest_route=%2Fwp%2Fv2%2Fmedia&parent=8642"}],"wp:term":[{"taxonomy":"category","embeddable":true,"href":"https:\/\/challengeseconomiques.com\/index.php?rest_route=%2Fwp%2Fv2%2Fcategories&post=8642"},{"taxonomy":"post_tag","embeddable":true,"href":"https:\/\/challengeseconomiques.com\/index.php?rest_route=%2Fwp%2Fv2%2Ftags&post=8642"}],"curies":[{"name":"wp","href":"https:\/\/api.w.org\/{rel}","templated":true}]}}