{"id":8635,"date":"2025-12-15T11:56:18","date_gmt":"2025-12-15T11:56:18","guid":{"rendered":"https:\/\/challengeseconomiques.com\/?p=8635"},"modified":"2025-12-15T12:08:16","modified_gmt":"2025-12-15T12:08:16","slug":"transformer-la-croissance-en-prosperite-durable-repenser-lequilibre-des-expertises-dans-la-vision-senegal-2050","status":"publish","type":"post","link":"https:\/\/challengeseconomiques.com\/?p=8635","title":{"rendered":"Transformer la croissance en prosp\u00e9rit\u00e9 durable :  Repenser l\u2019\u00e9quilibre des expertises dans la Vision S\u00e9n\u00e9gal 2050"},"content":{"rendered":"<p><strong>\u00a0<\/strong><\/p>\n<p><strong>Par Dr. Cheikhna Hamallah Ndiaye<\/strong><\/p>\n<p>La <strong>Vision S\u00e9n\u00e9gal 2050<\/strong> marque une rupture assum\u00e9e avec des trajectoires de croissance fragiles, d\u00e9pendantes et faiblement inclusives. Elle ambitionne une <strong>transformation syst\u00e9mique<\/strong> de l\u2019\u00e9conomie et de la soci\u00e9t\u00e9 s\u00e9n\u00e9galaises. Une telle ambition ne peut aboutir sans une r\u00e9flexion lucide et structur\u00e9e sur <strong>l\u2019architecture des comp\u00e9tences<\/strong> mobilis\u00e9es dans l\u2019emploi, l\u2019administration, les entreprises et les territoires.<\/p>\n<p>La question centrale n\u2019est donc pas de d\u00e9terminer quelle profession serait la plus importante, mais <strong>comment articuler intelligemment les r\u00f4les et les expertises<\/strong> afin de produire des r\u00e9sultats durables, mesurables et socialement accept\u00e9s.<\/p>\n<ol>\n<li><strong> Comprendre la cha\u00eene de cr\u00e9ation de la croissance<\/strong><\/li>\n<\/ol>\n<p>La croissance n\u2019est pas un \u00e9v\u00e9nement ponctuel ; elle r\u00e9sulte d\u2019une <strong>cha\u00eene de valeur structur\u00e9e<\/strong>, comprenant :<\/p>\n<ol>\n<li>Vision et orientation strat\u00e9gique<\/li>\n<li>Traduction en politiques publiques<\/li>\n<li>Mise en \u0153uvre technique<\/li>\n<li>Encadrement juridique et institutionnel<\/li>\n<li>Acceptation sociale et inclusion<\/li>\n<li>\u00c9valuation, ajustement et durabilit\u00e9<\/li>\n<\/ol>\n<p>Chaque maillon correspond \u00e0 des <strong>profils professionnels sp\u00e9cifiques<\/strong>. L\u2019une des erreurs r\u00e9currentes dans de nombreux pays en d\u00e9veloppement consiste \u00e0 <strong>survaloriser un maillon<\/strong> au d\u00e9triment des autres, fragilisant ainsi l\u2019ensemble du processus de transformation.<\/p>\n<ol start=\"2\">\n<li><strong> Le r\u00f4le structurant des \u00e9conomistes : orienter et arbitrer<\/strong><\/li>\n<\/ol>\n<p>Dans la Vision S\u00e9n\u00e9gal 2050, les \u00e9conomistes occupent un r\u00f4le central, <strong>sans pour autant \u00eatre h\u00e9g\u00e9monique<\/strong>.<\/p>\n<p><strong>Fonctions cl\u00e9s :<\/strong><\/p>\n<ul>\n<li>Analyse des contraintes structurelles (productivit\u00e9, emploi, balance commerciale)<\/li>\n<li>D\u00e9finition des choix sectoriels strat\u00e9giques (agriculture moderne, industrie, services \u00e0 valeur ajout\u00e9e)<\/li>\n<li>Arbitrage budg\u00e9taire et optimisation de l\u2019efficacit\u00e9 de la d\u00e9pense publique<\/li>\n<li>\u00c9valuation des politiques publiques<\/li>\n<\/ul>\n<p><strong>Limite structurelle :<\/strong><br \/>\nUn \u00e9conomiste d\u00e9pourvu de relais techniques et institutionnels peut produire des strat\u00e9gies conceptuellement solides mais <strong>faiblement op\u00e9rationnelles<\/strong>. Leur l\u00e9gitimit\u00e9 repose sur leur capacit\u00e9 \u00e0 dialoguer de mani\u00e8re constante avec les ing\u00e9nieurs, les juristes et les acteurs sociaux.<\/p>\n<ol start=\"3\">\n<li><strong> Les juristes : de la production normative \u00e0 la gouvernance efficace<\/strong><\/li>\n<\/ol>\n<p>La Vision S\u00e9n\u00e9gal 2050 requiert <strong>moins de textes<\/strong>, mais <strong>des normes de meilleure qualit\u00e9<\/strong>, appliqu\u00e9es de mani\u00e8re cr\u00e9dible et coh\u00e9rente.<\/p>\n<p><strong>Fonctions cl\u00e9s :<\/strong><\/p>\n<ul>\n<li>Simplification et modernisation du droit \u00e9conomique<\/li>\n<li>S\u00e9curisation juridique des investissements et des partenariats public-priv\u00e9<\/li>\n<li>Renforcement de l\u2019\u00c9tat de droit \u00e9conomique<\/li>\n<li>R\u00e9gulation des march\u00e9s et protection de la concurrence<\/li>\n<\/ul>\n<p><strong>Mutation attendue :<\/strong><br \/>\nLe juriste de 2050 n\u2019est plus seulement un technicien de la norme, mais un <strong>acteur de la performance institutionnelle<\/strong>. Sans cette \u00e9volution, le droit risque de devenir un facteur de rigidit\u00e9 plut\u00f4t qu\u2019un levier de transformation.<\/p>\n<ol start=\"4\">\n<li><strong> Les ing\u00e9nieurs et profils techniques : le c\u0153ur de la transformation r\u00e9elle<\/strong><\/li>\n<\/ol>\n<p>La Vision S\u00e9n\u00e9gal 2050 est, par nature, <strong>productive et technologique<\/strong>.<\/p>\n<p><strong>Profils critiques :<\/strong><\/p>\n<ul>\n<li>Ing\u00e9nieurs industriels et agricoles<\/li>\n<li>\u00c9nerg\u00e9ticiens, hydrologues, urbanistes<\/li>\n<li>Sp\u00e9cialistes du num\u00e9rique, de la data et de l\u2019intelligence artificielle<\/li>\n<li>Techniciens sup\u00e9rieurs et formateurs professionnels<\/li>\n<\/ul>\n<p><strong>Enjeu majeur :<\/strong><br \/>\nLa transformation \u00e9conomique ne peut s\u2019op\u00e9rer sans une <strong>masse critique de comp\u00e9tences techniques locales<\/strong>, capables de concevoir, construire, maintenir et innover. C\u2019est \u00e0 ce niveau que se joue la <strong>souverainet\u00e9 \u00e9conomique r\u00e9elle<\/strong>.<\/p>\n<ol start=\"5\">\n<li><strong> Capital humain et coh\u00e9sion sociale : un pilier structurel<\/strong><\/li>\n<\/ol>\n<p>Une croissance non inclusive fragilise durablement la stabilit\u00e9 sociale et politique.<\/p>\n<p><strong>Profils essentiels :<\/strong><\/p>\n<ul>\n<li>\u00c9ducateurs, formateurs et sp\u00e9cialistes de l\u2019orientation professionnelle<\/li>\n<li>Professionnels de la sant\u00e9 et de la protection sociale<\/li>\n<li>Sociologues et experts en politiques sociales et territoriales<\/li>\n<\/ul>\n<p>La Vision S\u00e9n\u00e9gal 2050 ne peut r\u00e9ussir sans un <strong>investissement massif dans la qualit\u00e9 humaine pour une croissance inclusive<\/strong>.<\/p>\n<ol start=\"6\">\n<li><strong> Environnement et durabilit\u00e9 : int\u00e9grer la contrainte climatique<\/strong><\/li>\n<\/ol>\n<p>Le changement climatique constitue d\u00e9sormais un <strong>d\u00e9terminant \u00e9conomique central<\/strong>, et non un simple enjeu sectoriel.<\/p>\n<p><strong>Profils cl\u00e9s :<\/strong><\/p>\n<ul>\n<li>Experts en adaptation et r\u00e9silience climatique<\/li>\n<li>Sp\u00e9cialistes de l\u2019\u00e9conomie verte et bleue<\/li>\n<li>Ing\u00e9nieurs environnementaux et planificateurs territoriaux<\/li>\n<\/ul>\n<p>La croissance future sera <strong>durable ou structurellement vuln\u00e9rable<\/strong>.<\/p>\n<ol start=\"7\">\n<li><strong> Proposition d\u2019\u00e9quilibre strat\u00e9gique des profils<\/strong><\/li>\n<\/ol>\n<p>Pour les emplois structurants (\u00c9tat, collectivit\u00e9s, agences, grandes entreprises, projets nationaux), un <strong>\u00e9quilibre fonctionnel renforc\u00e9<\/strong> pourrait \u00eatre le suivant :<\/p>\n<ul>\n<li>Profils techniques et scientifiques : <strong>35 %<\/strong><\/li>\n<li>\u00c9conomistes et planificateurs : <strong>20 %<\/strong><\/li>\n<li>Juristes et experts en gouvernance : <strong>15 %<\/strong><\/li>\n<li>\u00c9ducation, sant\u00e9 et social : <strong>15 %<\/strong><\/li>\n<li>Environnement, climat et territoires : <strong>10 %<\/strong><\/li>\n<li>Management, finance, entrepreneuriat : <strong>5 %<\/strong><\/li>\n<\/ul>\n<p>Ce sch\u00e9ma traduit un choix strat\u00e9gique clair : <strong>placer la transformation productive et humaine au c\u0153ur du mod\u00e8le<\/strong>, tout en s\u00e9curisant l\u2019action publique.<\/p>\n<p><strong>Conclusion : un d\u00e9fi organisationnel, non corporatiste<\/strong><\/p>\n<p>La Vision S\u00e9n\u00e9gal 2050 ne sera pas entrav\u00e9e par un d\u00e9ficit d\u2019id\u00e9es, mais par :<\/p>\n<ul>\n<li>une r\u00e9partition inefficiente des comp\u00e9tences,<\/li>\n<li>le cloisonnement des professions,<\/li>\n<li>la sous-valorisation persistante des profils techniques et sociaux.<\/li>\n<\/ul>\n<p><strong>La r\u00e9ussite de la Vision S\u00e9n\u00e9gal 2050 est conditionn\u00e9e par la capacit\u00e9 \u00e0 faire travailler de mani\u00e8re concert\u00e9e et efficace les \u00e9conomistes, les juristes, les ing\u00e9nieurs et les acteurs sociaux, au service d\u2019un projet national coh\u00e9rent, inclusif et durable.<\/strong><\/p>\n<p><strong>\u00a0<\/strong><\/p>\n<p><strong>Dr. Cheikhna Hamallah Ndiaye, PhD<br \/>\n\u00c9conomiste Strat\u00e9gique Expert en Commande Publique Strat\u00e9gique, Finances Publiques et Politiques Publiques-Consultant International Senior<\/strong><\/p>\n<p>&nbsp;<\/p>\n<p>&nbsp;<\/p>\n","protected":false},"excerpt":{"rendered":"<p>\u00a0 Par Dr. Cheikhna Hamallah Ndiaye La Vision S\u00e9n\u00e9gal 2050 marque une rupture assum\u00e9e avec des trajectoires de croissance fragiles, d\u00e9pendantes et faiblement inclusives. Elle&#8230;<\/p>\n","protected":false},"author":1,"featured_media":8569,"comment_status":"closed","ping_status":"open","sticky":false,"template":"","format":"standard","meta":{"_jetpack_memberships_contains_paid_content":false,"footnotes":""},"categories":[16],"tags":[],"class_list":["post-8635","post","type-post","status-publish","format-standard","has-post-thumbnail","hentry","category-contribution","wpcat-16-id"],"yoast_head":"<!-- This site is optimized with the Yoast SEO plugin v27.1.1 - https:\/\/yoast.com\/product\/yoast-seo-wordpress\/ -->\n<title>Transformer la croissance en prosp\u00e9rit\u00e9 durable : Repenser l\u2019\u00e9quilibre des expertises dans la Vision S\u00e9n\u00e9gal 2050 - challenges economiques<\/title>\n<meta name=\"robots\" content=\"index, follow, max-snippet:-1, max-image-preview:large, max-video-preview:-1\" \/>\n<link rel=\"canonical\" href=\"https:\/\/challengeseconomiques.com\/?p=8635\" \/>\n<meta property=\"og:locale\" content=\"fr_FR\" \/>\n<meta property=\"og:type\" content=\"article\" \/>\n<meta property=\"og:title\" content=\"Transformer la croissance en prosp\u00e9rit\u00e9 durable : Repenser l\u2019\u00e9quilibre des expertises dans la Vision S\u00e9n\u00e9gal 2050 - challenges economiques\" \/>\n<meta property=\"og:description\" content=\"\u00a0 Par Dr. Cheikhna Hamallah Ndiaye La Vision S\u00e9n\u00e9gal 2050 marque une rupture assum\u00e9e avec des trajectoires de croissance fragiles, d\u00e9pendantes et faiblement inclusives. Elle...\" \/>\n<meta property=\"og:url\" content=\"https:\/\/challengeseconomiques.com\/?p=8635\" \/>\n<meta property=\"og:site_name\" content=\"challenges economiques\" \/>\n<meta property=\"article:published_time\" content=\"2025-12-15T11:56:18+00:00\" \/>\n<meta property=\"article:modified_time\" content=\"2025-12-15T12:08:16+00:00\" \/>\n<meta property=\"og:image\" content=\"https:\/\/challengeseconomiques.com\/wp-content\/uploads\/2025\/11\/ndiaye.webp\" \/>\n\t<meta property=\"og:image:width\" content=\"451\" \/>\n\t<meta property=\"og:image:height\" content=\"589\" \/>\n\t<meta property=\"og:image:type\" content=\"image\/webp\" \/>\n<meta name=\"author\" content=\"admin\" \/>\n<meta name=\"twitter:card\" content=\"summary_large_image\" \/>\n<meta name=\"twitter:label1\" content=\"\u00c9crit par\" \/>\n\t<meta name=\"twitter:data1\" content=\"admin\" \/>\n\t<meta name=\"twitter:label2\" content=\"Dur\u00e9e de lecture estim\u00e9e\" \/>\n\t<meta name=\"twitter:data2\" content=\"4 minutes\" \/>\n<script type=\"application\/ld+json\" class=\"yoast-schema-graph\">{\"@context\":\"https:\/\/schema.org\",\"@graph\":[{\"@type\":\"Article\",\"@id\":\"https:\/\/challengeseconomiques.com\/?p=8635#article\",\"isPartOf\":{\"@id\":\"https:\/\/challengeseconomiques.com\/?p=8635\"},\"author\":{\"name\":\"admin\",\"@id\":\"https:\/\/challengeseconomiques.com\/#\/schema\/person\/b4568c9afebc5a9238a771873801e349\"},\"headline\":\"Transformer la croissance en prosp\u00e9rit\u00e9 durable : Repenser l\u2019\u00e9quilibre des expertises dans la Vision S\u00e9n\u00e9gal 2050\",\"datePublished\":\"2025-12-15T11:56:18+00:00\",\"dateModified\":\"2025-12-15T12:08:16+00:00\",\"mainEntityOfPage\":{\"@id\":\"https:\/\/challengeseconomiques.com\/?p=8635\"},\"wordCount\":861,\"image\":{\"@id\":\"https:\/\/challengeseconomiques.com\/?p=8635#primaryimage\"},\"thumbnailUrl\":\"https:\/\/challengeseconomiques.com\/wp-content\/uploads\/2025\/11\/ndiaye.webp\",\"articleSection\":[\"Contribution\"],\"inLanguage\":\"fr-FR\"},{\"@type\":\"WebPage\",\"@id\":\"https:\/\/challengeseconomiques.com\/?p=8635\",\"url\":\"https:\/\/challengeseconomiques.com\/?p=8635\",\"name\":\"Transformer la croissance en prosp\u00e9rit\u00e9 durable : Repenser l\u2019\u00e9quilibre des expertises dans la Vision S\u00e9n\u00e9gal 2050 - challenges economiques\",\"isPartOf\":{\"@id\":\"https:\/\/challengeseconomiques.com\/#website\"},\"primaryImageOfPage\":{\"@id\":\"https:\/\/challengeseconomiques.com\/?p=8635#primaryimage\"},\"image\":{\"@id\":\"https:\/\/challengeseconomiques.com\/?p=8635#primaryimage\"},\"thumbnailUrl\":\"https:\/\/challengeseconomiques.com\/wp-content\/uploads\/2025\/11\/ndiaye.webp\",\"datePublished\":\"2025-12-15T11:56:18+00:00\",\"dateModified\":\"2025-12-15T12:08:16+00:00\",\"author\":{\"@id\":\"https:\/\/challengeseconomiques.com\/#\/schema\/person\/b4568c9afebc5a9238a771873801e349\"},\"breadcrumb\":{\"@id\":\"https:\/\/challengeseconomiques.com\/?p=8635#breadcrumb\"},\"inLanguage\":\"fr-FR\",\"potentialAction\":[{\"@type\":\"ReadAction\",\"target\":[\"https:\/\/challengeseconomiques.com\/?p=8635\"]}]},{\"@type\":\"ImageObject\",\"inLanguage\":\"fr-FR\",\"@id\":\"https:\/\/challengeseconomiques.com\/?p=8635#primaryimage\",\"url\":\"https:\/\/challengeseconomiques.com\/wp-content\/uploads\/2025\/11\/ndiaye.webp\",\"contentUrl\":\"https:\/\/challengeseconomiques.com\/wp-content\/uploads\/2025\/11\/ndiaye.webp\",\"width\":451,\"height\":589},{\"@type\":\"BreadcrumbList\",\"@id\":\"https:\/\/challengeseconomiques.com\/?p=8635#breadcrumb\",\"itemListElement\":[{\"@type\":\"ListItem\",\"position\":1,\"name\":\"Home\",\"item\":\"https:\/\/challengeseconomiques.com\/\"},{\"@type\":\"ListItem\",\"position\":2,\"name\":\"Transformer la croissance en prosp\u00e9rit\u00e9 durable : Repenser l\u2019\u00e9quilibre des expertises dans la Vision S\u00e9n\u00e9gal 2050\"}]},{\"@type\":\"WebSite\",\"@id\":\"https:\/\/challengeseconomiques.com\/#website\",\"url\":\"https:\/\/challengeseconomiques.com\/\",\"name\":\"challenges economiques\",\"description\":\"\",\"potentialAction\":[{\"@type\":\"SearchAction\",\"target\":{\"@type\":\"EntryPoint\",\"urlTemplate\":\"https:\/\/challengeseconomiques.com\/?s={search_term_string}\"},\"query-input\":{\"@type\":\"PropertyValueSpecification\",\"valueRequired\":true,\"valueName\":\"search_term_string\"}}],\"inLanguage\":\"fr-FR\"},{\"@type\":\"Person\",\"@id\":\"https:\/\/challengeseconomiques.com\/#\/schema\/person\/b4568c9afebc5a9238a771873801e349\",\"name\":\"admin\",\"image\":{\"@type\":\"ImageObject\",\"inLanguage\":\"fr-FR\",\"@id\":\"https:\/\/challengeseconomiques.com\/#\/schema\/person\/image\/\",\"url\":\"https:\/\/secure.gravatar.com\/avatar\/099e42240b5eea11acdb72751fcce0dd918603f0749d24974b7984ea47ed9fd9?s=96&d=mm&r=g\",\"contentUrl\":\"https:\/\/secure.gravatar.com\/avatar\/099e42240b5eea11acdb72751fcce0dd918603f0749d24974b7984ea47ed9fd9?s=96&d=mm&r=g\",\"caption\":\"admin\"},\"sameAs\":[\"https:\/\/challengeseconomiques.com\"],\"url\":\"https:\/\/challengeseconomiques.com\/?author=1\"}]}<\/script>\n<!-- \/ Yoast SEO plugin. -->","yoast_head_json":{"title":"Transformer la croissance en prosp\u00e9rit\u00e9 durable : Repenser l\u2019\u00e9quilibre des expertises dans la Vision S\u00e9n\u00e9gal 2050 - challenges economiques","robots":{"index":"index","follow":"follow","max-snippet":"max-snippet:-1","max-image-preview":"max-image-preview:large","max-video-preview":"max-video-preview:-1"},"canonical":"https:\/\/challengeseconomiques.com\/?p=8635","og_locale":"fr_FR","og_type":"article","og_title":"Transformer la croissance en prosp\u00e9rit\u00e9 durable : Repenser l\u2019\u00e9quilibre des expertises dans la Vision S\u00e9n\u00e9gal 2050 - challenges economiques","og_description":"\u00a0 Par Dr. Cheikhna Hamallah Ndiaye La Vision S\u00e9n\u00e9gal 2050 marque une rupture assum\u00e9e avec des trajectoires de croissance fragiles, d\u00e9pendantes et faiblement inclusives. Elle...","og_url":"https:\/\/challengeseconomiques.com\/?p=8635","og_site_name":"challenges economiques","article_published_time":"2025-12-15T11:56:18+00:00","article_modified_time":"2025-12-15T12:08:16+00:00","og_image":[{"width":451,"height":589,"url":"https:\/\/challengeseconomiques.com\/wp-content\/uploads\/2025\/11\/ndiaye.webp","type":"image\/webp"}],"author":"admin","twitter_card":"summary_large_image","twitter_misc":{"\u00c9crit par":"admin","Dur\u00e9e de lecture estim\u00e9e":"4 minutes"},"schema":{"@context":"https:\/\/schema.org","@graph":[{"@type":"Article","@id":"https:\/\/challengeseconomiques.com\/?p=8635#article","isPartOf":{"@id":"https:\/\/challengeseconomiques.com\/?p=8635"},"author":{"name":"admin","@id":"https:\/\/challengeseconomiques.com\/#\/schema\/person\/b4568c9afebc5a9238a771873801e349"},"headline":"Transformer la croissance en prosp\u00e9rit\u00e9 durable : Repenser l\u2019\u00e9quilibre des expertises dans la Vision S\u00e9n\u00e9gal 2050","datePublished":"2025-12-15T11:56:18+00:00","dateModified":"2025-12-15T12:08:16+00:00","mainEntityOfPage":{"@id":"https:\/\/challengeseconomiques.com\/?p=8635"},"wordCount":861,"image":{"@id":"https:\/\/challengeseconomiques.com\/?p=8635#primaryimage"},"thumbnailUrl":"https:\/\/challengeseconomiques.com\/wp-content\/uploads\/2025\/11\/ndiaye.webp","articleSection":["Contribution"],"inLanguage":"fr-FR"},{"@type":"WebPage","@id":"https:\/\/challengeseconomiques.com\/?p=8635","url":"https:\/\/challengeseconomiques.com\/?p=8635","name":"Transformer la croissance en prosp\u00e9rit\u00e9 durable : Repenser l\u2019\u00e9quilibre des expertises dans la Vision S\u00e9n\u00e9gal 2050 - challenges economiques","isPartOf":{"@id":"https:\/\/challengeseconomiques.com\/#website"},"primaryImageOfPage":{"@id":"https:\/\/challengeseconomiques.com\/?p=8635#primaryimage"},"image":{"@id":"https:\/\/challengeseconomiques.com\/?p=8635#primaryimage"},"thumbnailUrl":"https:\/\/challengeseconomiques.com\/wp-content\/uploads\/2025\/11\/ndiaye.webp","datePublished":"2025-12-15T11:56:18+00:00","dateModified":"2025-12-15T12:08:16+00:00","author":{"@id":"https:\/\/challengeseconomiques.com\/#\/schema\/person\/b4568c9afebc5a9238a771873801e349"},"breadcrumb":{"@id":"https:\/\/challengeseconomiques.com\/?p=8635#breadcrumb"},"inLanguage":"fr-FR","potentialAction":[{"@type":"ReadAction","target":["https:\/\/challengeseconomiques.com\/?p=8635"]}]},{"@type":"ImageObject","inLanguage":"fr-FR","@id":"https:\/\/challengeseconomiques.com\/?p=8635#primaryimage","url":"https:\/\/challengeseconomiques.com\/wp-content\/uploads\/2025\/11\/ndiaye.webp","contentUrl":"https:\/\/challengeseconomiques.com\/wp-content\/uploads\/2025\/11\/ndiaye.webp","width":451,"height":589},{"@type":"BreadcrumbList","@id":"https:\/\/challengeseconomiques.com\/?p=8635#breadcrumb","itemListElement":[{"@type":"ListItem","position":1,"name":"Home","item":"https:\/\/challengeseconomiques.com\/"},{"@type":"ListItem","position":2,"name":"Transformer la croissance en prosp\u00e9rit\u00e9 durable : Repenser l\u2019\u00e9quilibre des expertises dans la Vision S\u00e9n\u00e9gal 2050"}]},{"@type":"WebSite","@id":"https:\/\/challengeseconomiques.com\/#website","url":"https:\/\/challengeseconomiques.com\/","name":"challenges economiques","description":"","potentialAction":[{"@type":"SearchAction","target":{"@type":"EntryPoint","urlTemplate":"https:\/\/challengeseconomiques.com\/?s={search_term_string}"},"query-input":{"@type":"PropertyValueSpecification","valueRequired":true,"valueName":"search_term_string"}}],"inLanguage":"fr-FR"},{"@type":"Person","@id":"https:\/\/challengeseconomiques.com\/#\/schema\/person\/b4568c9afebc5a9238a771873801e349","name":"admin","image":{"@type":"ImageObject","inLanguage":"fr-FR","@id":"https:\/\/challengeseconomiques.com\/#\/schema\/person\/image\/","url":"https:\/\/secure.gravatar.com\/avatar\/099e42240b5eea11acdb72751fcce0dd918603f0749d24974b7984ea47ed9fd9?s=96&d=mm&r=g","contentUrl":"https:\/\/secure.gravatar.com\/avatar\/099e42240b5eea11acdb72751fcce0dd918603f0749d24974b7984ea47ed9fd9?s=96&d=mm&r=g","caption":"admin"},"sameAs":["https:\/\/challengeseconomiques.com"],"url":"https:\/\/challengeseconomiques.com\/?author=1"}]}},"jetpack_featured_media_url":"https:\/\/challengeseconomiques.com\/wp-content\/uploads\/2025\/11\/ndiaye.webp","jetpack_sharing_enabled":true,"_links":{"self":[{"href":"https:\/\/challengeseconomiques.com\/index.php?rest_route=\/wp\/v2\/posts\/8635","targetHints":{"allow":["GET"]}}],"collection":[{"href":"https:\/\/challengeseconomiques.com\/index.php?rest_route=\/wp\/v2\/posts"}],"about":[{"href":"https:\/\/challengeseconomiques.com\/index.php?rest_route=\/wp\/v2\/types\/post"}],"author":[{"embeddable":true,"href":"https:\/\/challengeseconomiques.com\/index.php?rest_route=\/wp\/v2\/users\/1"}],"replies":[{"embeddable":true,"href":"https:\/\/challengeseconomiques.com\/index.php?rest_route=%2Fwp%2Fv2%2Fcomments&post=8635"}],"version-history":[{"count":1,"href":"https:\/\/challengeseconomiques.com\/index.php?rest_route=\/wp\/v2\/posts\/8635\/revisions"}],"predecessor-version":[{"id":8637,"href":"https:\/\/challengeseconomiques.com\/index.php?rest_route=\/wp\/v2\/posts\/8635\/revisions\/8637"}],"wp:featuredmedia":[{"embeddable":true,"href":"https:\/\/challengeseconomiques.com\/index.php?rest_route=\/wp\/v2\/media\/8569"}],"wp:attachment":[{"href":"https:\/\/challengeseconomiques.com\/index.php?rest_route=%2Fwp%2Fv2%2Fmedia&parent=8635"}],"wp:term":[{"taxonomy":"category","embeddable":true,"href":"https:\/\/challengeseconomiques.com\/index.php?rest_route=%2Fwp%2Fv2%2Fcategories&post=8635"},{"taxonomy":"post_tag","embeddable":true,"href":"https:\/\/challengeseconomiques.com\/index.php?rest_route=%2Fwp%2Fv2%2Ftags&post=8635"}],"curies":[{"name":"wp","href":"https:\/\/api.w.org\/{rel}","templated":true}]}}