{"id":8480,"date":"2025-10-31T12:03:45","date_gmt":"2025-10-31T12:03:45","guid":{"rendered":"https:\/\/challengeseconomiques.com\/?p=8480"},"modified":"2025-10-31T12:05:14","modified_gmt":"2025-10-31T12:05:14","slug":"le-cesag-annonce-plusieurs-reformes-pedagogiques-et-administratives-pour-lannee-2025-2026","status":"publish","type":"post","link":"https:\/\/challengeseconomiques.com\/?p=8480","title":{"rendered":"Le CESAG annonce plusieurs r\u00e9formes p\u00e9dagogiques et administratives pour l\u2019ann\u00e9e 2025-2026"},"content":{"rendered":"<p><strong>\u00a0<\/strong>La rentr\u00e9e solennelle 2025-2026 du Centre Africain d\u2019\u00c9tudes Sup\u00e9rieures en Gestion (CESAG) a \u00e9t\u00e9 marqu\u00e9e par un double symbole fort : la distinction de M. Ti\u00e9moko Meyliet Kon\u00e9, Vice-Pr\u00e9sident de la C\u00f4te d\u2019Ivoire, comme premier Docteur Honoris Causa du CESAG, et la pr\u00e9sence exceptionnelle de la Prix Nobel d\u2019\u00e9conomie 2019, Esther Duflo, invit\u00e9e d\u2019honneur de la c\u00e9r\u00e9monie.<\/p>\n<p>Pr\u00e9sid\u00e9e par le Gouverneur de la BCEAO, Pr\u00e9sident du Conseil d\u2019Administration du CESAG, cette rentr\u00e9e a mis en lumi\u00e8re les ambitions renouvel\u00e9es de l\u2019institution r\u00e9gionale pour asseoir son leadership acad\u00e9mique et manag\u00e9rial sur le continent. \u00ab L\u2019Afrique de demain a besoin de d\u00e9cideurs \u00e9clair\u00e9s, capables d\u2019articuler intuition strat\u00e9gique et rigueur scientifique \u00bb, a soulign\u00e9 le Gouverneur, insistant sur le r\u00f4le du CESAG comme catalyseur de comp\u00e9tences au service du d\u00e9veloppement \u00e9conomique de la r\u00e9gion.<\/p>\n<p><strong>Une \u00e9cole au service de l\u2019int\u00e9gration et de l\u2019excellence<\/strong><\/p>\n<p>Cr\u00e9\u00e9 en 1978 et plac\u00e9 depuis 1994 sous la tutelle de la BCEAO, le CESAG s\u2019est impos\u00e9 comme une r\u00e9f\u00e9rence en mati\u00e8re de formation en gestion et en leadership en Afrique de l\u2019Ouest. Avec plus de 1 500 \u00e9tudiants form\u00e9s chaque ann\u00e9e et un r\u00e9seau d\u2019alumni pr\u00e9sents dans plus de 25 pays africains, l\u2019\u00e9tablissement consolide sa vocation d\u2019institution d\u2019int\u00e9gration r\u00e9gionale et continentale. Le Gouverneur a rappel\u00e9 que le plan strat\u00e9gique 2025-2029 du CESAG repose sur trois axes majeurs : l\u2019am\u00e9lioration continue de la qualit\u00e9 acad\u00e9mique, le renforcement de la gouvernance institutionnelle et l\u2019ancrage du Centre dans les politiques r\u00e9gionales de d\u00e9veloppement du capital humain.<\/p>\n<p><strong>Des r\u00e9formes ambitieuses pour 2025-2026<\/strong><\/p>\n<p>La nouvelle ann\u00e9e acad\u00e9mique sera marqu\u00e9e par plusieurs r\u00e9formes p\u00e9dagogiques et administratives, destin\u00e9es \u00e0 renforcer la comp\u00e9titivit\u00e9 du CESAG parmi les grandes business schools africaines. Un accent particulier sera mis sur le bilinguisme, les accr\u00e9ditations internationales et la production de savoirs endog\u00e8nes au service des politiques publiques et priv\u00e9es. L\u2019innovation et la rigueur scientifique seront \u00e9galement \u00e0 l\u2019honneur pour cette ann\u00e9e.<\/p>\n<p>Invit\u00e9e \u00e0 prononcer la le\u00e7on inaugurale sur le th\u00e8me \u00ab Le r\u00f4le des donn\u00e9es probantes dans l\u2019\u00e9laboration des politiques publiques \u00bb, la professeure Esther Duflo a rappel\u00e9 l\u2019importance de fonder les d\u00e9cisions de d\u00e9veloppement sur des \u00e9vidences empiriques solides, un message en parfaite coh\u00e9rence avec la mission du CESAG. Ce qui fait dire au Pr El Hadji Omar Thiam, repr\u00e9sentant le ministre de l\u2019enseignement sup\u00e9rieur, de la Recherche et de l\u2019Innovation du S\u00e9n\u00e9gal, \u00e0 cette rencontre, que le CESAG a un r\u00f4le essentiel \u00e0 jouer dans l\u2019agenda national de transformation 2050, surtout sur le volet formation de ressources humaines comp\u00e9tentes pour adresser les d\u00e9fis de l\u2019heure.<\/p>\n<p>M\u00eame son de cloche pour la Directrice g\u00e9n\u00e9rale du CESAG, Mme Worou Houndekon, qui a exprim\u00e9 une ambition africaine assum\u00e9e. Sur la m\u00eame lanc\u00e9e, le Gouverneur de la BCEAO r\u00e9affirme qu\u2019il s\u2019agit de faire du CESAG une institution forte, cr\u00e9dible et reconnue comme hub de formation des \u00e9lites africaines. Entre excellence acad\u00e9mique, gouvernance renforc\u00e9e et ouverture internationale, le CESAG entend continuer \u00e0 jouer un r\u00f4le moteur dans la formation des leaders \u00e9conomiques et publics africains de demain.<\/p>\n<p>&nbsp;<\/p>\n<p><strong>Bacary DABO<\/strong><\/p>\n","protected":false},"excerpt":{"rendered":"<p>\u00a0La rentr\u00e9e solennelle 2025-2026 du Centre Africain d\u2019\u00c9tudes Sup\u00e9rieures en Gestion (CESAG) a \u00e9t\u00e9 marqu\u00e9e par un double symbole fort : la distinction de M&#8230;.<\/p>\n","protected":false},"author":1,"featured_media":8481,"comment_status":"closed","ping_status":"open","sticky":false,"template":"","format":"standard","meta":{"_jetpack_memberships_contains_paid_content":false,"footnotes":""},"categories":[23,10],"tags":[],"class_list":["post-8480","post","type-post","status-publish","format-standard","has-post-thumbnail","hentry","category-a-la-une","category-infos-eco","wpcat-23-id","wpcat-10-id"],"yoast_head":"<!-- This site is optimized with the Yoast SEO plugin v27.1.1 - https:\/\/yoast.com\/product\/yoast-seo-wordpress\/ -->\n<title>Le CESAG annonce plusieurs r\u00e9formes p\u00e9dagogiques et administratives pour l\u2019ann\u00e9e 2025-2026 - challenges economiques<\/title>\n<meta name=\"robots\" content=\"index, follow, max-snippet:-1, max-image-preview:large, max-video-preview:-1\" \/>\n<link rel=\"canonical\" href=\"https:\/\/challengeseconomiques.com\/?p=8480\" \/>\n<meta property=\"og:locale\" content=\"fr_FR\" \/>\n<meta property=\"og:type\" content=\"article\" \/>\n<meta property=\"og:title\" content=\"Le CESAG annonce plusieurs r\u00e9formes p\u00e9dagogiques et administratives pour l\u2019ann\u00e9e 2025-2026 - challenges economiques\" \/>\n<meta property=\"og:description\" content=\"\u00a0La rentr\u00e9e solennelle 2025-2026 du Centre Africain d\u2019\u00c9tudes Sup\u00e9rieures en Gestion (CESAG) a \u00e9t\u00e9 marqu\u00e9e par un double symbole fort : la distinction de M....\" \/>\n<meta property=\"og:url\" content=\"https:\/\/challengeseconomiques.com\/?p=8480\" \/>\n<meta property=\"og:site_name\" content=\"challenges economiques\" \/>\n<meta property=\"article:published_time\" content=\"2025-10-31T12:03:45+00:00\" \/>\n<meta property=\"article:modified_time\" content=\"2025-10-31T12:05:14+00:00\" \/>\n<meta property=\"og:image\" content=\"https:\/\/challengeseconomiques.com\/wp-content\/uploads\/2025\/10\/cesagbceao.png\" \/>\n\t<meta property=\"og:image:width\" content=\"491\" \/>\n\t<meta property=\"og:image:height\" content=\"370\" \/>\n\t<meta property=\"og:image:type\" content=\"image\/png\" \/>\n<meta name=\"author\" content=\"admin\" \/>\n<meta name=\"twitter:card\" content=\"summary_large_image\" \/>\n<meta name=\"twitter:label1\" content=\"\u00c9crit par\" \/>\n\t<meta name=\"twitter:data1\" content=\"admin\" \/>\n\t<meta name=\"twitter:label2\" content=\"Dur\u00e9e de lecture estim\u00e9e\" \/>\n\t<meta name=\"twitter:data2\" content=\"3 minutes\" \/>\n<script type=\"application\/ld+json\" class=\"yoast-schema-graph\">{\"@context\":\"https:\/\/schema.org\",\"@graph\":[{\"@type\":\"Article\",\"@id\":\"https:\/\/challengeseconomiques.com\/?p=8480#article\",\"isPartOf\":{\"@id\":\"https:\/\/challengeseconomiques.com\/?p=8480\"},\"author\":{\"name\":\"admin\",\"@id\":\"https:\/\/challengeseconomiques.com\/#\/schema\/person\/b4568c9afebc5a9238a771873801e349\"},\"headline\":\"Le CESAG annonce plusieurs r\u00e9formes p\u00e9dagogiques et administratives pour l\u2019ann\u00e9e 2025-2026\",\"datePublished\":\"2025-10-31T12:03:45+00:00\",\"dateModified\":\"2025-10-31T12:05:14+00:00\",\"mainEntityOfPage\":{\"@id\":\"https:\/\/challengeseconomiques.com\/?p=8480\"},\"wordCount\":599,\"image\":{\"@id\":\"https:\/\/challengeseconomiques.com\/?p=8480#primaryimage\"},\"thumbnailUrl\":\"https:\/\/challengeseconomiques.com\/wp-content\/uploads\/2025\/10\/cesagbceao.png\",\"articleSection\":[\"A la une\",\"Infos \u00e9co\"],\"inLanguage\":\"fr-FR\"},{\"@type\":\"WebPage\",\"@id\":\"https:\/\/challengeseconomiques.com\/?p=8480\",\"url\":\"https:\/\/challengeseconomiques.com\/?p=8480\",\"name\":\"Le CESAG annonce plusieurs r\u00e9formes p\u00e9dagogiques et administratives pour l\u2019ann\u00e9e 2025-2026 - challenges economiques\",\"isPartOf\":{\"@id\":\"https:\/\/challengeseconomiques.com\/#website\"},\"primaryImageOfPage\":{\"@id\":\"https:\/\/challengeseconomiques.com\/?p=8480#primaryimage\"},\"image\":{\"@id\":\"https:\/\/challengeseconomiques.com\/?p=8480#primaryimage\"},\"thumbnailUrl\":\"https:\/\/challengeseconomiques.com\/wp-content\/uploads\/2025\/10\/cesagbceao.png\",\"datePublished\":\"2025-10-31T12:03:45+00:00\",\"dateModified\":\"2025-10-31T12:05:14+00:00\",\"author\":{\"@id\":\"https:\/\/challengeseconomiques.com\/#\/schema\/person\/b4568c9afebc5a9238a771873801e349\"},\"breadcrumb\":{\"@id\":\"https:\/\/challengeseconomiques.com\/?p=8480#breadcrumb\"},\"inLanguage\":\"fr-FR\",\"potentialAction\":[{\"@type\":\"ReadAction\",\"target\":[\"https:\/\/challengeseconomiques.com\/?p=8480\"]}]},{\"@type\":\"ImageObject\",\"inLanguage\":\"fr-FR\",\"@id\":\"https:\/\/challengeseconomiques.com\/?p=8480#primaryimage\",\"url\":\"https:\/\/challengeseconomiques.com\/wp-content\/uploads\/2025\/10\/cesagbceao.png\",\"contentUrl\":\"https:\/\/challengeseconomiques.com\/wp-content\/uploads\/2025\/10\/cesagbceao.png\",\"width\":491,\"height\":370},{\"@type\":\"BreadcrumbList\",\"@id\":\"https:\/\/challengeseconomiques.com\/?p=8480#breadcrumb\",\"itemListElement\":[{\"@type\":\"ListItem\",\"position\":1,\"name\":\"Home\",\"item\":\"https:\/\/challengeseconomiques.com\/\"},{\"@type\":\"ListItem\",\"position\":2,\"name\":\"Le CESAG annonce plusieurs r\u00e9formes p\u00e9dagogiques et administratives pour l\u2019ann\u00e9e 2025-2026\"}]},{\"@type\":\"WebSite\",\"@id\":\"https:\/\/challengeseconomiques.com\/#website\",\"url\":\"https:\/\/challengeseconomiques.com\/\",\"name\":\"challenges economiques\",\"description\":\"\",\"potentialAction\":[{\"@type\":\"SearchAction\",\"target\":{\"@type\":\"EntryPoint\",\"urlTemplate\":\"https:\/\/challengeseconomiques.com\/?s={search_term_string}\"},\"query-input\":{\"@type\":\"PropertyValueSpecification\",\"valueRequired\":true,\"valueName\":\"search_term_string\"}}],\"inLanguage\":\"fr-FR\"},{\"@type\":\"Person\",\"@id\":\"https:\/\/challengeseconomiques.com\/#\/schema\/person\/b4568c9afebc5a9238a771873801e349\",\"name\":\"admin\",\"image\":{\"@type\":\"ImageObject\",\"inLanguage\":\"fr-FR\",\"@id\":\"https:\/\/challengeseconomiques.com\/#\/schema\/person\/image\/\",\"url\":\"https:\/\/secure.gravatar.com\/avatar\/099e42240b5eea11acdb72751fcce0dd918603f0749d24974b7984ea47ed9fd9?s=96&d=mm&r=g\",\"contentUrl\":\"https:\/\/secure.gravatar.com\/avatar\/099e42240b5eea11acdb72751fcce0dd918603f0749d24974b7984ea47ed9fd9?s=96&d=mm&r=g\",\"caption\":\"admin\"},\"sameAs\":[\"https:\/\/challengeseconomiques.com\"],\"url\":\"https:\/\/challengeseconomiques.com\/?author=1\"}]}<\/script>\n<!-- \/ Yoast SEO plugin. -->","yoast_head_json":{"title":"Le CESAG annonce plusieurs r\u00e9formes p\u00e9dagogiques et administratives pour l\u2019ann\u00e9e 2025-2026 - challenges economiques","robots":{"index":"index","follow":"follow","max-snippet":"max-snippet:-1","max-image-preview":"max-image-preview:large","max-video-preview":"max-video-preview:-1"},"canonical":"https:\/\/challengeseconomiques.com\/?p=8480","og_locale":"fr_FR","og_type":"article","og_title":"Le CESAG annonce plusieurs r\u00e9formes p\u00e9dagogiques et administratives pour l\u2019ann\u00e9e 2025-2026 - challenges economiques","og_description":"\u00a0La rentr\u00e9e solennelle 2025-2026 du Centre Africain d\u2019\u00c9tudes Sup\u00e9rieures en Gestion (CESAG) a \u00e9t\u00e9 marqu\u00e9e par un double symbole fort : la distinction de M....","og_url":"https:\/\/challengeseconomiques.com\/?p=8480","og_site_name":"challenges economiques","article_published_time":"2025-10-31T12:03:45+00:00","article_modified_time":"2025-10-31T12:05:14+00:00","og_image":[{"width":491,"height":370,"url":"https:\/\/challengeseconomiques.com\/wp-content\/uploads\/2025\/10\/cesagbceao.png","type":"image\/png"}],"author":"admin","twitter_card":"summary_large_image","twitter_misc":{"\u00c9crit par":"admin","Dur\u00e9e de lecture estim\u00e9e":"3 minutes"},"schema":{"@context":"https:\/\/schema.org","@graph":[{"@type":"Article","@id":"https:\/\/challengeseconomiques.com\/?p=8480#article","isPartOf":{"@id":"https:\/\/challengeseconomiques.com\/?p=8480"},"author":{"name":"admin","@id":"https:\/\/challengeseconomiques.com\/#\/schema\/person\/b4568c9afebc5a9238a771873801e349"},"headline":"Le CESAG annonce plusieurs r\u00e9formes p\u00e9dagogiques et administratives pour l\u2019ann\u00e9e 2025-2026","datePublished":"2025-10-31T12:03:45+00:00","dateModified":"2025-10-31T12:05:14+00:00","mainEntityOfPage":{"@id":"https:\/\/challengeseconomiques.com\/?p=8480"},"wordCount":599,"image":{"@id":"https:\/\/challengeseconomiques.com\/?p=8480#primaryimage"},"thumbnailUrl":"https:\/\/challengeseconomiques.com\/wp-content\/uploads\/2025\/10\/cesagbceao.png","articleSection":["A la une","Infos \u00e9co"],"inLanguage":"fr-FR"},{"@type":"WebPage","@id":"https:\/\/challengeseconomiques.com\/?p=8480","url":"https:\/\/challengeseconomiques.com\/?p=8480","name":"Le CESAG annonce plusieurs r\u00e9formes p\u00e9dagogiques et administratives pour l\u2019ann\u00e9e 2025-2026 - challenges economiques","isPartOf":{"@id":"https:\/\/challengeseconomiques.com\/#website"},"primaryImageOfPage":{"@id":"https:\/\/challengeseconomiques.com\/?p=8480#primaryimage"},"image":{"@id":"https:\/\/challengeseconomiques.com\/?p=8480#primaryimage"},"thumbnailUrl":"https:\/\/challengeseconomiques.com\/wp-content\/uploads\/2025\/10\/cesagbceao.png","datePublished":"2025-10-31T12:03:45+00:00","dateModified":"2025-10-31T12:05:14+00:00","author":{"@id":"https:\/\/challengeseconomiques.com\/#\/schema\/person\/b4568c9afebc5a9238a771873801e349"},"breadcrumb":{"@id":"https:\/\/challengeseconomiques.com\/?p=8480#breadcrumb"},"inLanguage":"fr-FR","potentialAction":[{"@type":"ReadAction","target":["https:\/\/challengeseconomiques.com\/?p=8480"]}]},{"@type":"ImageObject","inLanguage":"fr-FR","@id":"https:\/\/challengeseconomiques.com\/?p=8480#primaryimage","url":"https:\/\/challengeseconomiques.com\/wp-content\/uploads\/2025\/10\/cesagbceao.png","contentUrl":"https:\/\/challengeseconomiques.com\/wp-content\/uploads\/2025\/10\/cesagbceao.png","width":491,"height":370},{"@type":"BreadcrumbList","@id":"https:\/\/challengeseconomiques.com\/?p=8480#breadcrumb","itemListElement":[{"@type":"ListItem","position":1,"name":"Home","item":"https:\/\/challengeseconomiques.com\/"},{"@type":"ListItem","position":2,"name":"Le CESAG annonce plusieurs r\u00e9formes p\u00e9dagogiques et administratives pour l\u2019ann\u00e9e 2025-2026"}]},{"@type":"WebSite","@id":"https:\/\/challengeseconomiques.com\/#website","url":"https:\/\/challengeseconomiques.com\/","name":"challenges economiques","description":"","potentialAction":[{"@type":"SearchAction","target":{"@type":"EntryPoint","urlTemplate":"https:\/\/challengeseconomiques.com\/?s={search_term_string}"},"query-input":{"@type":"PropertyValueSpecification","valueRequired":true,"valueName":"search_term_string"}}],"inLanguage":"fr-FR"},{"@type":"Person","@id":"https:\/\/challengeseconomiques.com\/#\/schema\/person\/b4568c9afebc5a9238a771873801e349","name":"admin","image":{"@type":"ImageObject","inLanguage":"fr-FR","@id":"https:\/\/challengeseconomiques.com\/#\/schema\/person\/image\/","url":"https:\/\/secure.gravatar.com\/avatar\/099e42240b5eea11acdb72751fcce0dd918603f0749d24974b7984ea47ed9fd9?s=96&d=mm&r=g","contentUrl":"https:\/\/secure.gravatar.com\/avatar\/099e42240b5eea11acdb72751fcce0dd918603f0749d24974b7984ea47ed9fd9?s=96&d=mm&r=g","caption":"admin"},"sameAs":["https:\/\/challengeseconomiques.com"],"url":"https:\/\/challengeseconomiques.com\/?author=1"}]}},"jetpack_featured_media_url":"https:\/\/challengeseconomiques.com\/wp-content\/uploads\/2025\/10\/cesagbceao.png","jetpack_sharing_enabled":true,"_links":{"self":[{"href":"https:\/\/challengeseconomiques.com\/index.php?rest_route=\/wp\/v2\/posts\/8480","targetHints":{"allow":["GET"]}}],"collection":[{"href":"https:\/\/challengeseconomiques.com\/index.php?rest_route=\/wp\/v2\/posts"}],"about":[{"href":"https:\/\/challengeseconomiques.com\/index.php?rest_route=\/wp\/v2\/types\/post"}],"author":[{"embeddable":true,"href":"https:\/\/challengeseconomiques.com\/index.php?rest_route=\/wp\/v2\/users\/1"}],"replies":[{"embeddable":true,"href":"https:\/\/challengeseconomiques.com\/index.php?rest_route=%2Fwp%2Fv2%2Fcomments&post=8480"}],"version-history":[{"count":1,"href":"https:\/\/challengeseconomiques.com\/index.php?rest_route=\/wp\/v2\/posts\/8480\/revisions"}],"predecessor-version":[{"id":8482,"href":"https:\/\/challengeseconomiques.com\/index.php?rest_route=\/wp\/v2\/posts\/8480\/revisions\/8482"}],"wp:featuredmedia":[{"embeddable":true,"href":"https:\/\/challengeseconomiques.com\/index.php?rest_route=\/wp\/v2\/media\/8481"}],"wp:attachment":[{"href":"https:\/\/challengeseconomiques.com\/index.php?rest_route=%2Fwp%2Fv2%2Fmedia&parent=8480"}],"wp:term":[{"taxonomy":"category","embeddable":true,"href":"https:\/\/challengeseconomiques.com\/index.php?rest_route=%2Fwp%2Fv2%2Fcategories&post=8480"},{"taxonomy":"post_tag","embeddable":true,"href":"https:\/\/challengeseconomiques.com\/index.php?rest_route=%2Fwp%2Fv2%2Ftags&post=8480"}],"curies":[{"name":"wp","href":"https:\/\/api.w.org\/{rel}","templated":true}]}}