{"id":8470,"date":"2025-10-27T10:26:15","date_gmt":"2025-10-27T10:26:15","guid":{"rendered":"https:\/\/challengeseconomiques.com\/?p=8470"},"modified":"2025-10-27T10:37:28","modified_gmt":"2025-10-27T10:37:28","slug":"lassociation-senegalaise-de-normalisation-veut-traduire-les-ambitions-de-la-nouvelle-politique-nationale-de-la-qualite","status":"publish","type":"post","link":"https:\/\/challengeseconomiques.com\/?p=8470","title":{"rendered":"L\u2019Association s\u00e9n\u00e9galaise de normalisation veut traduire les ambitions de la nouvelle politique nationale de la qualit\u00e9"},"content":{"rendered":"<p>La nouvelle politique de la qualit\u00e9 du S\u00e9n\u00e9gal, port\u00e9e par l\u2019Association s\u00e9n\u00e9galaise de normalisation (ASN), vise \u00e0 accompagner les politiques publiques dans la mise en \u0153uvre de l\u2019Agenda national de transformation \u201cS\u00e9n\u00e9gal 2050\u201d.<\/p>\n<p>\u201cNotre objectif principal, outre le positionnement de l\u2019ASN comme r\u00e9f\u00e9rence en mati\u00e8re de normalisation, est de d\u00e9montrer son r\u00f4le important dans les diff\u00e9rents projets de l\u2019Etat pour l\u2019atteinte des objectifs\u201d, a d\u00e9clar\u00e9 El Hadj Abdourahmane Ndione, directeur g\u00e9n\u00e9ral de l\u2019Association s\u00e9n\u00e9galaise de normalisation.<\/p>\n<p>Il intervenait \u00e0 la c\u00e9l\u00e9bration, vendredi, \u00e0 Dakar, de la 56e Journ\u00e9e mondiale de la normalisation, qui co\u00efncide avec l\u2019\u00e9laboration de la nouvelle politique nationale de la qualit\u00e9 du S\u00e9n\u00e9gal.<\/p>\n<p>La Journ\u00e9e mondiale de la normalisation est comm\u00e9mor\u00e9e habituellement le 14 octobre de chaque ann\u00e9e, mais pour des contraintes de calendrier, le S\u00e9n\u00e9gal a choisi de la c\u00e9l\u00e9brer ce 24 octobre.<\/p>\n<p>\u201cVision partag\u00e9e pour un monde meilleur : ODD 17, le partenariat pour la r\u00e9alisation des objectifs\u201d est le th\u00e8me retenu pour cette comm\u00e9moration.<\/p>\n<p>Selon le directeur g\u00e9n\u00e9ral de l\u2019Association s\u00e9n\u00e9galaise de normalisation, la nouvelle politique de la qualit\u00e9 du S\u00e9n\u00e9gal \u201ctient compte des axes de l\u2019Agenda national de transformation S\u00e9n\u00e9gal 2050, afin d\u2019accompagner les politiques publiques dans la mise en \u0153uvre des projets et des programmes\u201d.<\/p>\n<p>La normalisation, dit El Hadj Abdourahmane Ndione, fournit \u201cdes outils communs\u201d en facilitant la coop\u00e9ration internationale pour permettre aux entreprises et aux gouvernements de \u201ccommuniquer efficacement\u201d sur le d\u00e9veloppement en mati\u00e8re de durabilit\u00e9.<\/p>\n<p>\u201cAvec l\u2019ODD 17 [consistant \u00e0 redynamiser le partenariat mondial pour le d\u00e9veloppement durable], la normalisation permet de renforcer les partenariats entre les pouvoirs publics, le secteur priv\u00e9 et la soci\u00e9t\u00e9 civile mais \u00e9galement de promouvoir une coop\u00e9ration \u00e0 l\u2019\u00e9chelle mondiale\u201d, a signifi\u00e9 le directeur g\u00e9n\u00e9ral de l\u2019ASN.<\/p>\n<p>La normalisation \u00e9tablit, dans cet objectif, des \u201ccadres de r\u00e9f\u00e9rence\u201d et des normes de gestion favorisant une collaboration \u201cplus efficace\u201d, qui assurent la transparence et renforcent les capacit\u00e9s.<\/p>\n<p>\u201cC\u2019est dans ce contexte \u00e9galement que le gouvernement du S\u00e9n\u00e9gal vise \u00e0 repositionner le pays comme un acteur majeur du d\u00e9veloppement durable en Afrique, en misant sur l\u2019innovation, la valorisation du capital humain, la transition \u00e9cologique et la souverainet\u00e9 \u00e9conomique\u201d, a soulign\u00e9 El Hadj Abdourahmane Ndione.<\/p>\n<p>Il fait observer que de ce point de vue, les objectifs de l\u2019Association s\u00e9n\u00e9galaise de normalisation \u201cs\u2019alignent parfaitement avec cette dynamique du gouvernement\u201d.<\/p>\n<p>&nbsp;<\/p>\n<p>\u201cLes normes sont un socle technique commun, facilitant le transfert de technologies, d\u2019innovations et la mise en \u0153uvre des politiques publiques durables\u201d, a d\u00e9clar\u00e9 Seydina Aboubacar Sadikh Ndiaye, le secr\u00e9taire g\u00e9n\u00e9ral du minist\u00e8re de l\u2019Industrie et du Commerce.<\/p>\n<p>Il pr\u00e9cise que les normes permettent l\u2019interop\u00e9rabilit\u00e9 entre syst\u00e8mes, produits et services dans \u201cun monde \u201cde plus en plus interconnect\u00e9\u201d.<\/p>\n<p>\u201cAu S\u00e9n\u00e9gal, nous avons un dispositif autour de l\u2019ASN qui joue un r\u00f4le crucial dans l\u2019\u00e9laboration et la vulgarisation des normes nationales, la participation aux travaux de normalisation r\u00e9gionale et internationale, la certification de configur\u00e9s aux normes et l\u2019accompagnement des actifs\u201d, a relev\u00e9 M. Ndiaye.<\/p>\n<p>Il soutient que les normes internationales sont la cl\u00e9 d\u2019une int\u00e9gration r\u00e9ussie dans l\u2019\u00e9conomie mondiale.<\/p>\n<p>\u201cNous travaillons \u00e9galement \u00e0 l\u2019harmonisation r\u00e9gionale des normes pour favoriser l\u2019int\u00e9gration \u00e9conomique et commerciale de notre r\u00e9gion\u201d, a signal\u00e9 le secr\u00e9taire g\u00e9n\u00e9ral du minist\u00e8re de l\u2019Industrie et du Commerce.<\/p>\n<p><strong>(APS) \u2013<\/strong><\/p>\n","protected":false},"excerpt":{"rendered":"<p>La nouvelle politique de la qualit\u00e9 du S\u00e9n\u00e9gal, port\u00e9e par l\u2019Association s\u00e9n\u00e9galaise de normalisation (ASN), vise \u00e0 accompagner les politiques publiques dans la mise en&#8230;<\/p>\n","protected":false},"author":3,"featured_media":8473,"comment_status":"closed","ping_status":"open","sticky":false,"template":"","format":"standard","meta":{"_jetpack_memberships_contains_paid_content":false,"footnotes":""},"categories":[8,10],"tags":[],"class_list":["post-8470","post","type-post","status-publish","format-standard","has-post-thumbnail","hentry","category-actualite-economique","category-infos-eco","wpcat-8-id","wpcat-10-id"],"yoast_head":"<!-- This site is optimized with the Yoast SEO plugin v27.1.1 - https:\/\/yoast.com\/product\/yoast-seo-wordpress\/ -->\n<title>L\u2019Association s\u00e9n\u00e9galaise de normalisation veut traduire les ambitions de la nouvelle politique nationale de la qualit\u00e9 - challenges economiques<\/title>\n<meta name=\"robots\" content=\"index, follow, max-snippet:-1, max-image-preview:large, max-video-preview:-1\" \/>\n<link rel=\"canonical\" href=\"https:\/\/challengeseconomiques.com\/?p=8470\" \/>\n<meta property=\"og:locale\" content=\"fr_FR\" \/>\n<meta property=\"og:type\" content=\"article\" \/>\n<meta property=\"og:title\" content=\"L\u2019Association s\u00e9n\u00e9galaise de normalisation veut traduire les ambitions de la nouvelle politique nationale de la qualit\u00e9 - challenges economiques\" \/>\n<meta property=\"og:description\" content=\"La nouvelle politique de la qualit\u00e9 du S\u00e9n\u00e9gal, port\u00e9e par l\u2019Association s\u00e9n\u00e9galaise de normalisation (ASN), vise \u00e0 accompagner les politiques publiques dans la mise en...\" \/>\n<meta property=\"og:url\" content=\"https:\/\/challengeseconomiques.com\/?p=8470\" \/>\n<meta property=\"og:site_name\" content=\"challenges economiques\" \/>\n<meta property=\"article:published_time\" content=\"2025-10-27T10:26:15+00:00\" \/>\n<meta property=\"article:modified_time\" content=\"2025-10-27T10:37:28+00:00\" \/>\n<meta property=\"og:image\" content=\"https:\/\/challengeseconomiques.com\/wp-content\/uploads\/2025\/10\/normalisation2.jpg\" \/>\n\t<meta property=\"og:image:width\" content=\"1032\" \/>\n\t<meta property=\"og:image:height\" content=\"476\" \/>\n\t<meta property=\"og:image:type\" content=\"image\/jpeg\" \/>\n<meta name=\"author\" content=\"aliou kane ndiaye\" \/>\n<meta name=\"twitter:card\" content=\"summary_large_image\" \/>\n<meta name=\"twitter:label1\" content=\"\u00c9crit par\" \/>\n\t<meta name=\"twitter:data1\" content=\"aliou kane ndiaye\" \/>\n\t<meta name=\"twitter:label2\" content=\"Dur\u00e9e de lecture estim\u00e9e\" \/>\n\t<meta name=\"twitter:data2\" content=\"3 minutes\" \/>\n<script type=\"application\/ld+json\" class=\"yoast-schema-graph\">{\"@context\":\"https:\/\/schema.org\",\"@graph\":[{\"@type\":\"Article\",\"@id\":\"https:\/\/challengeseconomiques.com\/?p=8470#article\",\"isPartOf\":{\"@id\":\"https:\/\/challengeseconomiques.com\/?p=8470\"},\"author\":{\"name\":\"aliou kane ndiaye\",\"@id\":\"https:\/\/challengeseconomiques.com\/#\/schema\/person\/2f70a31e102db1741c1a1c00c2bbd8a6\"},\"headline\":\"L\u2019Association s\u00e9n\u00e9galaise de normalisation veut traduire les ambitions de la nouvelle politique nationale de la qualit\u00e9\",\"datePublished\":\"2025-10-27T10:26:15+00:00\",\"dateModified\":\"2025-10-27T10:37:28+00:00\",\"mainEntityOfPage\":{\"@id\":\"https:\/\/challengeseconomiques.com\/?p=8470\"},\"wordCount\":644,\"image\":{\"@id\":\"https:\/\/challengeseconomiques.com\/?p=8470#primaryimage\"},\"thumbnailUrl\":\"https:\/\/challengeseconomiques.com\/wp-content\/uploads\/2025\/10\/normalisation2.jpg\",\"articleSection\":[\"Actualit\u00e9 \u00e9conomique\",\"Infos \u00e9co\"],\"inLanguage\":\"fr-FR\"},{\"@type\":\"WebPage\",\"@id\":\"https:\/\/challengeseconomiques.com\/?p=8470\",\"url\":\"https:\/\/challengeseconomiques.com\/?p=8470\",\"name\":\"L\u2019Association s\u00e9n\u00e9galaise de normalisation veut traduire les ambitions de la nouvelle politique nationale de la qualit\u00e9 - challenges economiques\",\"isPartOf\":{\"@id\":\"https:\/\/challengeseconomiques.com\/#website\"},\"primaryImageOfPage\":{\"@id\":\"https:\/\/challengeseconomiques.com\/?p=8470#primaryimage\"},\"image\":{\"@id\":\"https:\/\/challengeseconomiques.com\/?p=8470#primaryimage\"},\"thumbnailUrl\":\"https:\/\/challengeseconomiques.com\/wp-content\/uploads\/2025\/10\/normalisation2.jpg\",\"datePublished\":\"2025-10-27T10:26:15+00:00\",\"dateModified\":\"2025-10-27T10:37:28+00:00\",\"author\":{\"@id\":\"https:\/\/challengeseconomiques.com\/#\/schema\/person\/2f70a31e102db1741c1a1c00c2bbd8a6\"},\"breadcrumb\":{\"@id\":\"https:\/\/challengeseconomiques.com\/?p=8470#breadcrumb\"},\"inLanguage\":\"fr-FR\",\"potentialAction\":[{\"@type\":\"ReadAction\",\"target\":[\"https:\/\/challengeseconomiques.com\/?p=8470\"]}]},{\"@type\":\"ImageObject\",\"inLanguage\":\"fr-FR\",\"@id\":\"https:\/\/challengeseconomiques.com\/?p=8470#primaryimage\",\"url\":\"https:\/\/challengeseconomiques.com\/wp-content\/uploads\/2025\/10\/normalisation2.jpg\",\"contentUrl\":\"https:\/\/challengeseconomiques.com\/wp-content\/uploads\/2025\/10\/normalisation2.jpg\",\"width\":1032,\"height\":476},{\"@type\":\"BreadcrumbList\",\"@id\":\"https:\/\/challengeseconomiques.com\/?p=8470#breadcrumb\",\"itemListElement\":[{\"@type\":\"ListItem\",\"position\":1,\"name\":\"Home\",\"item\":\"https:\/\/challengeseconomiques.com\/\"},{\"@type\":\"ListItem\",\"position\":2,\"name\":\"L\u2019Association s\u00e9n\u00e9galaise de normalisation veut traduire les ambitions de la nouvelle politique nationale de la qualit\u00e9\"}]},{\"@type\":\"WebSite\",\"@id\":\"https:\/\/challengeseconomiques.com\/#website\",\"url\":\"https:\/\/challengeseconomiques.com\/\",\"name\":\"challenges economiques\",\"description\":\"\",\"potentialAction\":[{\"@type\":\"SearchAction\",\"target\":{\"@type\":\"EntryPoint\",\"urlTemplate\":\"https:\/\/challengeseconomiques.com\/?s={search_term_string}\"},\"query-input\":{\"@type\":\"PropertyValueSpecification\",\"valueRequired\":true,\"valueName\":\"search_term_string\"}}],\"inLanguage\":\"fr-FR\"},{\"@type\":\"Person\",\"@id\":\"https:\/\/challengeseconomiques.com\/#\/schema\/person\/2f70a31e102db1741c1a1c00c2bbd8a6\",\"name\":\"aliou kane ndiaye\",\"image\":{\"@type\":\"ImageObject\",\"inLanguage\":\"fr-FR\",\"@id\":\"https:\/\/challengeseconomiques.com\/#\/schema\/person\/image\/\",\"url\":\"https:\/\/secure.gravatar.com\/avatar\/df942321e58711a9f1fee838e446766660477bacd4b42fa20400d2c7cf4da7ca?s=96&d=mm&r=g\",\"contentUrl\":\"https:\/\/secure.gravatar.com\/avatar\/df942321e58711a9f1fee838e446766660477bacd4b42fa20400d2c7cf4da7ca?s=96&d=mm&r=g\",\"caption\":\"aliou kane ndiaye\"},\"sameAs\":[\"http:\/\/www.challengeseconomiques.com\"],\"url\":\"https:\/\/challengeseconomiques.com\/?author=3\"}]}<\/script>\n<!-- \/ Yoast SEO plugin. -->","yoast_head_json":{"title":"L\u2019Association s\u00e9n\u00e9galaise de normalisation veut traduire les ambitions de la nouvelle politique nationale de la qualit\u00e9 - challenges economiques","robots":{"index":"index","follow":"follow","max-snippet":"max-snippet:-1","max-image-preview":"max-image-preview:large","max-video-preview":"max-video-preview:-1"},"canonical":"https:\/\/challengeseconomiques.com\/?p=8470","og_locale":"fr_FR","og_type":"article","og_title":"L\u2019Association s\u00e9n\u00e9galaise de normalisation veut traduire les ambitions de la nouvelle politique nationale de la qualit\u00e9 - challenges economiques","og_description":"La nouvelle politique de la qualit\u00e9 du S\u00e9n\u00e9gal, port\u00e9e par l\u2019Association s\u00e9n\u00e9galaise de normalisation (ASN), vise \u00e0 accompagner les politiques publiques dans la mise en...","og_url":"https:\/\/challengeseconomiques.com\/?p=8470","og_site_name":"challenges economiques","article_published_time":"2025-10-27T10:26:15+00:00","article_modified_time":"2025-10-27T10:37:28+00:00","og_image":[{"width":1032,"height":476,"url":"https:\/\/challengeseconomiques.com\/wp-content\/uploads\/2025\/10\/normalisation2.jpg","type":"image\/jpeg"}],"author":"aliou kane ndiaye","twitter_card":"summary_large_image","twitter_misc":{"\u00c9crit par":"aliou kane ndiaye","Dur\u00e9e de lecture estim\u00e9e":"3 minutes"},"schema":{"@context":"https:\/\/schema.org","@graph":[{"@type":"Article","@id":"https:\/\/challengeseconomiques.com\/?p=8470#article","isPartOf":{"@id":"https:\/\/challengeseconomiques.com\/?p=8470"},"author":{"name":"aliou kane ndiaye","@id":"https:\/\/challengeseconomiques.com\/#\/schema\/person\/2f70a31e102db1741c1a1c00c2bbd8a6"},"headline":"L\u2019Association s\u00e9n\u00e9galaise de normalisation veut traduire les ambitions de la nouvelle politique nationale de la qualit\u00e9","datePublished":"2025-10-27T10:26:15+00:00","dateModified":"2025-10-27T10:37:28+00:00","mainEntityOfPage":{"@id":"https:\/\/challengeseconomiques.com\/?p=8470"},"wordCount":644,"image":{"@id":"https:\/\/challengeseconomiques.com\/?p=8470#primaryimage"},"thumbnailUrl":"https:\/\/challengeseconomiques.com\/wp-content\/uploads\/2025\/10\/normalisation2.jpg","articleSection":["Actualit\u00e9 \u00e9conomique","Infos \u00e9co"],"inLanguage":"fr-FR"},{"@type":"WebPage","@id":"https:\/\/challengeseconomiques.com\/?p=8470","url":"https:\/\/challengeseconomiques.com\/?p=8470","name":"L\u2019Association s\u00e9n\u00e9galaise de normalisation veut traduire les ambitions de la nouvelle politique nationale de la qualit\u00e9 - challenges economiques","isPartOf":{"@id":"https:\/\/challengeseconomiques.com\/#website"},"primaryImageOfPage":{"@id":"https:\/\/challengeseconomiques.com\/?p=8470#primaryimage"},"image":{"@id":"https:\/\/challengeseconomiques.com\/?p=8470#primaryimage"},"thumbnailUrl":"https:\/\/challengeseconomiques.com\/wp-content\/uploads\/2025\/10\/normalisation2.jpg","datePublished":"2025-10-27T10:26:15+00:00","dateModified":"2025-10-27T10:37:28+00:00","author":{"@id":"https:\/\/challengeseconomiques.com\/#\/schema\/person\/2f70a31e102db1741c1a1c00c2bbd8a6"},"breadcrumb":{"@id":"https:\/\/challengeseconomiques.com\/?p=8470#breadcrumb"},"inLanguage":"fr-FR","potentialAction":[{"@type":"ReadAction","target":["https:\/\/challengeseconomiques.com\/?p=8470"]}]},{"@type":"ImageObject","inLanguage":"fr-FR","@id":"https:\/\/challengeseconomiques.com\/?p=8470#primaryimage","url":"https:\/\/challengeseconomiques.com\/wp-content\/uploads\/2025\/10\/normalisation2.jpg","contentUrl":"https:\/\/challengeseconomiques.com\/wp-content\/uploads\/2025\/10\/normalisation2.jpg","width":1032,"height":476},{"@type":"BreadcrumbList","@id":"https:\/\/challengeseconomiques.com\/?p=8470#breadcrumb","itemListElement":[{"@type":"ListItem","position":1,"name":"Home","item":"https:\/\/challengeseconomiques.com\/"},{"@type":"ListItem","position":2,"name":"L\u2019Association s\u00e9n\u00e9galaise de normalisation veut traduire les ambitions de la nouvelle politique nationale de la qualit\u00e9"}]},{"@type":"WebSite","@id":"https:\/\/challengeseconomiques.com\/#website","url":"https:\/\/challengeseconomiques.com\/","name":"challenges economiques","description":"","potentialAction":[{"@type":"SearchAction","target":{"@type":"EntryPoint","urlTemplate":"https:\/\/challengeseconomiques.com\/?s={search_term_string}"},"query-input":{"@type":"PropertyValueSpecification","valueRequired":true,"valueName":"search_term_string"}}],"inLanguage":"fr-FR"},{"@type":"Person","@id":"https:\/\/challengeseconomiques.com\/#\/schema\/person\/2f70a31e102db1741c1a1c00c2bbd8a6","name":"aliou kane ndiaye","image":{"@type":"ImageObject","inLanguage":"fr-FR","@id":"https:\/\/challengeseconomiques.com\/#\/schema\/person\/image\/","url":"https:\/\/secure.gravatar.com\/avatar\/df942321e58711a9f1fee838e446766660477bacd4b42fa20400d2c7cf4da7ca?s=96&d=mm&r=g","contentUrl":"https:\/\/secure.gravatar.com\/avatar\/df942321e58711a9f1fee838e446766660477bacd4b42fa20400d2c7cf4da7ca?s=96&d=mm&r=g","caption":"aliou kane ndiaye"},"sameAs":["http:\/\/www.challengeseconomiques.com"],"url":"https:\/\/challengeseconomiques.com\/?author=3"}]}},"jetpack_featured_media_url":"https:\/\/challengeseconomiques.com\/wp-content\/uploads\/2025\/10\/normalisation2.jpg","jetpack_sharing_enabled":true,"_links":{"self":[{"href":"https:\/\/challengeseconomiques.com\/index.php?rest_route=\/wp\/v2\/posts\/8470","targetHints":{"allow":["GET"]}}],"collection":[{"href":"https:\/\/challengeseconomiques.com\/index.php?rest_route=\/wp\/v2\/posts"}],"about":[{"href":"https:\/\/challengeseconomiques.com\/index.php?rest_route=\/wp\/v2\/types\/post"}],"author":[{"embeddable":true,"href":"https:\/\/challengeseconomiques.com\/index.php?rest_route=\/wp\/v2\/users\/3"}],"replies":[{"embeddable":true,"href":"https:\/\/challengeseconomiques.com\/index.php?rest_route=%2Fwp%2Fv2%2Fcomments&post=8470"}],"version-history":[{"count":1,"href":"https:\/\/challengeseconomiques.com\/index.php?rest_route=\/wp\/v2\/posts\/8470\/revisions"}],"predecessor-version":[{"id":8472,"href":"https:\/\/challengeseconomiques.com\/index.php?rest_route=\/wp\/v2\/posts\/8470\/revisions\/8472"}],"wp:featuredmedia":[{"embeddable":true,"href":"https:\/\/challengeseconomiques.com\/index.php?rest_route=\/wp\/v2\/media\/8473"}],"wp:attachment":[{"href":"https:\/\/challengeseconomiques.com\/index.php?rest_route=%2Fwp%2Fv2%2Fmedia&parent=8470"}],"wp:term":[{"taxonomy":"category","embeddable":true,"href":"https:\/\/challengeseconomiques.com\/index.php?rest_route=%2Fwp%2Fv2%2Fcategories&post=8470"},{"taxonomy":"post_tag","embeddable":true,"href":"https:\/\/challengeseconomiques.com\/index.php?rest_route=%2Fwp%2Fv2%2Ftags&post=8470"}],"curies":[{"name":"wp","href":"https:\/\/api.w.org\/{rel}","templated":true}]}}