{"id":8384,"date":"2025-09-15T13:01:11","date_gmt":"2025-09-15T13:01:11","guid":{"rendered":"https:\/\/challengeseconomiques.com\/?p=8384"},"modified":"2025-09-15T13:02:47","modified_gmt":"2025-09-15T13:02:47","slug":"le-senegal-a-leve-33-milliards-fcfa-sur-le-marche-des-titres-publics-de-lumoa","status":"publish","type":"post","link":"https:\/\/challengeseconomiques.com\/?p=8384","title":{"rendered":"Le S\u00e9n\u00e9gal a lev\u00e9 33 milliards FCFA sur le march\u00e9 des titres publics de l\u2019Umoa"},"content":{"rendered":"<p>Venu chercher 30 milliards de FCFA , sur le march\u00e9 des titres publics de l\u2019Umoa, le tr\u00e9sor public s\u00e9n\u00e9galais, \u00e0 travers une \u00e9mission simultan\u00e9e de bons et obligations du tr\u00e9sor de matur\u00e9s diff\u00e9rentes s\u2019est vu proposer par les investisseurs de la sous-r\u00e9gion, plus de 53 milliards FCFA, preuve de la confiance qu\u2019ils ont \u00e0 l\u2019\u00e9gard de la deuxi\u00e8me \u00e9conomie de la zone UEMOA. Le S\u00e9n\u00e9gal a d\u00e9cid\u00e9 de ne retenir que 33 milliards FCFA.<\/p>\n<p>L\u2019op\u00e9ration qui s\u2019est d\u00e9roul\u00e9e le 12 septembre a enregistr\u00e9 14 participants pour les bons assimilables du tr\u00e9sor \u00e0 364 jours, 10 participants pour les obligations assimilables du tr\u00e9sor de maturit\u00e9 3 ans et 6 participants pour les obligations assimilables du tr\u00e9sor de maturit\u00e9 5 ans.<\/p>\n","protected":false},"excerpt":{"rendered":"<p>Venu chercher 30 milliards de FCFA , sur le march\u00e9 des titres publics de l\u2019Umoa, le tr\u00e9sor public s\u00e9n\u00e9galais, \u00e0 travers une \u00e9mission simultan\u00e9e de&#8230;<\/p>\n","protected":false},"author":1,"featured_media":2711,"comment_status":"closed","ping_status":"open","sticky":false,"template":"","format":"standard","meta":{"_jetpack_memberships_contains_paid_content":false,"footnotes":""},"categories":[23],"tags":[],"class_list":["post-8384","post","type-post","status-publish","format-standard","has-post-thumbnail","hentry","category-a-la-une","wpcat-23-id"],"yoast_head":"<!-- This site is optimized with the Yoast SEO plugin v27.1.1 - https:\/\/yoast.com\/product\/yoast-seo-wordpress\/ -->\n<title>Le S\u00e9n\u00e9gal a lev\u00e9 33 milliards FCFA sur le march\u00e9 des titres publics de l\u2019Umoa - challenges economiques<\/title>\n<meta name=\"robots\" content=\"index, follow, max-snippet:-1, max-image-preview:large, max-video-preview:-1\" \/>\n<link rel=\"canonical\" href=\"https:\/\/challengeseconomiques.com\/?p=8384\" \/>\n<meta property=\"og:locale\" content=\"fr_FR\" \/>\n<meta property=\"og:type\" content=\"article\" \/>\n<meta property=\"og:title\" content=\"Le S\u00e9n\u00e9gal a lev\u00e9 33 milliards FCFA sur le march\u00e9 des titres publics de l\u2019Umoa - challenges economiques\" \/>\n<meta property=\"og:description\" content=\"Venu chercher 30 milliards de FCFA , sur le march\u00e9 des titres publics de l\u2019Umoa, le tr\u00e9sor public s\u00e9n\u00e9galais, \u00e0 travers une \u00e9mission simultan\u00e9e de...\" \/>\n<meta property=\"og:url\" content=\"https:\/\/challengeseconomiques.com\/?p=8384\" \/>\n<meta property=\"og:site_name\" content=\"challenges economiques\" \/>\n<meta property=\"article:published_time\" content=\"2025-09-15T13:01:11+00:00\" \/>\n<meta property=\"article:modified_time\" content=\"2025-09-15T13:02:47+00:00\" \/>\n<meta property=\"og:image\" content=\"https:\/\/challengeseconomiques.com\/wp-content\/uploads\/2022\/02\/Tresor-Public-du-Senegal.jpg\" \/>\n\t<meta property=\"og:image:width\" content=\"600\" \/>\n\t<meta property=\"og:image:height\" content=\"400\" \/>\n\t<meta property=\"og:image:type\" content=\"image\/jpeg\" \/>\n<meta name=\"author\" content=\"admin\" \/>\n<meta name=\"twitter:card\" content=\"summary_large_image\" \/>\n<meta name=\"twitter:label1\" content=\"\u00c9crit par\" \/>\n\t<meta name=\"twitter:data1\" content=\"admin\" \/>\n\t<meta name=\"twitter:label2\" content=\"Dur\u00e9e de lecture estim\u00e9e\" \/>\n\t<meta name=\"twitter:data2\" content=\"1 minute\" \/>\n<script type=\"application\/ld+json\" class=\"yoast-schema-graph\">{\"@context\":\"https:\/\/schema.org\",\"@graph\":[{\"@type\":\"Article\",\"@id\":\"https:\/\/challengeseconomiques.com\/?p=8384#article\",\"isPartOf\":{\"@id\":\"https:\/\/challengeseconomiques.com\/?p=8384\"},\"author\":{\"name\":\"admin\",\"@id\":\"https:\/\/challengeseconomiques.com\/#\/schema\/person\/b4568c9afebc5a9238a771873801e349\"},\"headline\":\"Le S\u00e9n\u00e9gal a lev\u00e9 33 milliards FCFA sur le march\u00e9 des titres publics de l\u2019Umoa\",\"datePublished\":\"2025-09-15T13:01:11+00:00\",\"dateModified\":\"2025-09-15T13:02:47+00:00\",\"mainEntityOfPage\":{\"@id\":\"https:\/\/challengeseconomiques.com\/?p=8384\"},\"wordCount\":146,\"image\":{\"@id\":\"https:\/\/challengeseconomiques.com\/?p=8384#primaryimage\"},\"thumbnailUrl\":\"https:\/\/challengeseconomiques.com\/wp-content\/uploads\/2022\/02\/Tresor-Public-du-Senegal.jpg\",\"articleSection\":[\"A la une\"],\"inLanguage\":\"fr-FR\"},{\"@type\":\"WebPage\",\"@id\":\"https:\/\/challengeseconomiques.com\/?p=8384\",\"url\":\"https:\/\/challengeseconomiques.com\/?p=8384\",\"name\":\"Le S\u00e9n\u00e9gal a lev\u00e9 33 milliards FCFA sur le march\u00e9 des titres publics de l\u2019Umoa - challenges economiques\",\"isPartOf\":{\"@id\":\"https:\/\/challengeseconomiques.com\/#website\"},\"primaryImageOfPage\":{\"@id\":\"https:\/\/challengeseconomiques.com\/?p=8384#primaryimage\"},\"image\":{\"@id\":\"https:\/\/challengeseconomiques.com\/?p=8384#primaryimage\"},\"thumbnailUrl\":\"https:\/\/challengeseconomiques.com\/wp-content\/uploads\/2022\/02\/Tresor-Public-du-Senegal.jpg\",\"datePublished\":\"2025-09-15T13:01:11+00:00\",\"dateModified\":\"2025-09-15T13:02:47+00:00\",\"author\":{\"@id\":\"https:\/\/challengeseconomiques.com\/#\/schema\/person\/b4568c9afebc5a9238a771873801e349\"},\"breadcrumb\":{\"@id\":\"https:\/\/challengeseconomiques.com\/?p=8384#breadcrumb\"},\"inLanguage\":\"fr-FR\",\"potentialAction\":[{\"@type\":\"ReadAction\",\"target\":[\"https:\/\/challengeseconomiques.com\/?p=8384\"]}]},{\"@type\":\"ImageObject\",\"inLanguage\":\"fr-FR\",\"@id\":\"https:\/\/challengeseconomiques.com\/?p=8384#primaryimage\",\"url\":\"https:\/\/challengeseconomiques.com\/wp-content\/uploads\/2022\/02\/Tresor-Public-du-Senegal.jpg\",\"contentUrl\":\"https:\/\/challengeseconomiques.com\/wp-content\/uploads\/2022\/02\/Tresor-Public-du-Senegal.jpg\",\"width\":600,\"height\":400},{\"@type\":\"BreadcrumbList\",\"@id\":\"https:\/\/challengeseconomiques.com\/?p=8384#breadcrumb\",\"itemListElement\":[{\"@type\":\"ListItem\",\"position\":1,\"name\":\"Home\",\"item\":\"https:\/\/challengeseconomiques.com\/\"},{\"@type\":\"ListItem\",\"position\":2,\"name\":\"Le S\u00e9n\u00e9gal a lev\u00e9 33 milliards FCFA sur le march\u00e9 des titres publics de l\u2019Umoa\"}]},{\"@type\":\"WebSite\",\"@id\":\"https:\/\/challengeseconomiques.com\/#website\",\"url\":\"https:\/\/challengeseconomiques.com\/\",\"name\":\"challenges economiques\",\"description\":\"\",\"potentialAction\":[{\"@type\":\"SearchAction\",\"target\":{\"@type\":\"EntryPoint\",\"urlTemplate\":\"https:\/\/challengeseconomiques.com\/?s={search_term_string}\"},\"query-input\":{\"@type\":\"PropertyValueSpecification\",\"valueRequired\":true,\"valueName\":\"search_term_string\"}}],\"inLanguage\":\"fr-FR\"},{\"@type\":\"Person\",\"@id\":\"https:\/\/challengeseconomiques.com\/#\/schema\/person\/b4568c9afebc5a9238a771873801e349\",\"name\":\"admin\",\"image\":{\"@type\":\"ImageObject\",\"inLanguage\":\"fr-FR\",\"@id\":\"https:\/\/challengeseconomiques.com\/#\/schema\/person\/image\/\",\"url\":\"https:\/\/secure.gravatar.com\/avatar\/099e42240b5eea11acdb72751fcce0dd918603f0749d24974b7984ea47ed9fd9?s=96&d=mm&r=g\",\"contentUrl\":\"https:\/\/secure.gravatar.com\/avatar\/099e42240b5eea11acdb72751fcce0dd918603f0749d24974b7984ea47ed9fd9?s=96&d=mm&r=g\",\"caption\":\"admin\"},\"sameAs\":[\"https:\/\/challengeseconomiques.com\"],\"url\":\"https:\/\/challengeseconomiques.com\/?author=1\"}]}<\/script>\n<!-- \/ Yoast SEO plugin. -->","yoast_head_json":{"title":"Le S\u00e9n\u00e9gal a lev\u00e9 33 milliards FCFA sur le march\u00e9 des titres publics de l\u2019Umoa - challenges economiques","robots":{"index":"index","follow":"follow","max-snippet":"max-snippet:-1","max-image-preview":"max-image-preview:large","max-video-preview":"max-video-preview:-1"},"canonical":"https:\/\/challengeseconomiques.com\/?p=8384","og_locale":"fr_FR","og_type":"article","og_title":"Le S\u00e9n\u00e9gal a lev\u00e9 33 milliards FCFA sur le march\u00e9 des titres publics de l\u2019Umoa - challenges economiques","og_description":"Venu chercher 30 milliards de FCFA , sur le march\u00e9 des titres publics de l\u2019Umoa, le tr\u00e9sor public s\u00e9n\u00e9galais, \u00e0 travers une \u00e9mission simultan\u00e9e de...","og_url":"https:\/\/challengeseconomiques.com\/?p=8384","og_site_name":"challenges economiques","article_published_time":"2025-09-15T13:01:11+00:00","article_modified_time":"2025-09-15T13:02:47+00:00","og_image":[{"width":600,"height":400,"url":"https:\/\/challengeseconomiques.com\/wp-content\/uploads\/2022\/02\/Tresor-Public-du-Senegal.jpg","type":"image\/jpeg"}],"author":"admin","twitter_card":"summary_large_image","twitter_misc":{"\u00c9crit par":"admin","Dur\u00e9e de lecture estim\u00e9e":"1 minute"},"schema":{"@context":"https:\/\/schema.org","@graph":[{"@type":"Article","@id":"https:\/\/challengeseconomiques.com\/?p=8384#article","isPartOf":{"@id":"https:\/\/challengeseconomiques.com\/?p=8384"},"author":{"name":"admin","@id":"https:\/\/challengeseconomiques.com\/#\/schema\/person\/b4568c9afebc5a9238a771873801e349"},"headline":"Le S\u00e9n\u00e9gal a lev\u00e9 33 milliards FCFA sur le march\u00e9 des titres publics de l\u2019Umoa","datePublished":"2025-09-15T13:01:11+00:00","dateModified":"2025-09-15T13:02:47+00:00","mainEntityOfPage":{"@id":"https:\/\/challengeseconomiques.com\/?p=8384"},"wordCount":146,"image":{"@id":"https:\/\/challengeseconomiques.com\/?p=8384#primaryimage"},"thumbnailUrl":"https:\/\/challengeseconomiques.com\/wp-content\/uploads\/2022\/02\/Tresor-Public-du-Senegal.jpg","articleSection":["A la une"],"inLanguage":"fr-FR"},{"@type":"WebPage","@id":"https:\/\/challengeseconomiques.com\/?p=8384","url":"https:\/\/challengeseconomiques.com\/?p=8384","name":"Le S\u00e9n\u00e9gal a lev\u00e9 33 milliards FCFA sur le march\u00e9 des titres publics de l\u2019Umoa - challenges economiques","isPartOf":{"@id":"https:\/\/challengeseconomiques.com\/#website"},"primaryImageOfPage":{"@id":"https:\/\/challengeseconomiques.com\/?p=8384#primaryimage"},"image":{"@id":"https:\/\/challengeseconomiques.com\/?p=8384#primaryimage"},"thumbnailUrl":"https:\/\/challengeseconomiques.com\/wp-content\/uploads\/2022\/02\/Tresor-Public-du-Senegal.jpg","datePublished":"2025-09-15T13:01:11+00:00","dateModified":"2025-09-15T13:02:47+00:00","author":{"@id":"https:\/\/challengeseconomiques.com\/#\/schema\/person\/b4568c9afebc5a9238a771873801e349"},"breadcrumb":{"@id":"https:\/\/challengeseconomiques.com\/?p=8384#breadcrumb"},"inLanguage":"fr-FR","potentialAction":[{"@type":"ReadAction","target":["https:\/\/challengeseconomiques.com\/?p=8384"]}]},{"@type":"ImageObject","inLanguage":"fr-FR","@id":"https:\/\/challengeseconomiques.com\/?p=8384#primaryimage","url":"https:\/\/challengeseconomiques.com\/wp-content\/uploads\/2022\/02\/Tresor-Public-du-Senegal.jpg","contentUrl":"https:\/\/challengeseconomiques.com\/wp-content\/uploads\/2022\/02\/Tresor-Public-du-Senegal.jpg","width":600,"height":400},{"@type":"BreadcrumbList","@id":"https:\/\/challengeseconomiques.com\/?p=8384#breadcrumb","itemListElement":[{"@type":"ListItem","position":1,"name":"Home","item":"https:\/\/challengeseconomiques.com\/"},{"@type":"ListItem","position":2,"name":"Le S\u00e9n\u00e9gal a lev\u00e9 33 milliards FCFA sur le march\u00e9 des titres publics de l\u2019Umoa"}]},{"@type":"WebSite","@id":"https:\/\/challengeseconomiques.com\/#website","url":"https:\/\/challengeseconomiques.com\/","name":"challenges economiques","description":"","potentialAction":[{"@type":"SearchAction","target":{"@type":"EntryPoint","urlTemplate":"https:\/\/challengeseconomiques.com\/?s={search_term_string}"},"query-input":{"@type":"PropertyValueSpecification","valueRequired":true,"valueName":"search_term_string"}}],"inLanguage":"fr-FR"},{"@type":"Person","@id":"https:\/\/challengeseconomiques.com\/#\/schema\/person\/b4568c9afebc5a9238a771873801e349","name":"admin","image":{"@type":"ImageObject","inLanguage":"fr-FR","@id":"https:\/\/challengeseconomiques.com\/#\/schema\/person\/image\/","url":"https:\/\/secure.gravatar.com\/avatar\/099e42240b5eea11acdb72751fcce0dd918603f0749d24974b7984ea47ed9fd9?s=96&d=mm&r=g","contentUrl":"https:\/\/secure.gravatar.com\/avatar\/099e42240b5eea11acdb72751fcce0dd918603f0749d24974b7984ea47ed9fd9?s=96&d=mm&r=g","caption":"admin"},"sameAs":["https:\/\/challengeseconomiques.com"],"url":"https:\/\/challengeseconomiques.com\/?author=1"}]}},"jetpack_featured_media_url":"https:\/\/challengeseconomiques.com\/wp-content\/uploads\/2022\/02\/Tresor-Public-du-Senegal.jpg","jetpack_sharing_enabled":true,"_links":{"self":[{"href":"https:\/\/challengeseconomiques.com\/index.php?rest_route=\/wp\/v2\/posts\/8384","targetHints":{"allow":["GET"]}}],"collection":[{"href":"https:\/\/challengeseconomiques.com\/index.php?rest_route=\/wp\/v2\/posts"}],"about":[{"href":"https:\/\/challengeseconomiques.com\/index.php?rest_route=\/wp\/v2\/types\/post"}],"author":[{"embeddable":true,"href":"https:\/\/challengeseconomiques.com\/index.php?rest_route=\/wp\/v2\/users\/1"}],"replies":[{"embeddable":true,"href":"https:\/\/challengeseconomiques.com\/index.php?rest_route=%2Fwp%2Fv2%2Fcomments&post=8384"}],"version-history":[{"count":1,"href":"https:\/\/challengeseconomiques.com\/index.php?rest_route=\/wp\/v2\/posts\/8384\/revisions"}],"predecessor-version":[{"id":8385,"href":"https:\/\/challengeseconomiques.com\/index.php?rest_route=\/wp\/v2\/posts\/8384\/revisions\/8385"}],"wp:featuredmedia":[{"embeddable":true,"href":"https:\/\/challengeseconomiques.com\/index.php?rest_route=\/wp\/v2\/media\/2711"}],"wp:attachment":[{"href":"https:\/\/challengeseconomiques.com\/index.php?rest_route=%2Fwp%2Fv2%2Fmedia&parent=8384"}],"wp:term":[{"taxonomy":"category","embeddable":true,"href":"https:\/\/challengeseconomiques.com\/index.php?rest_route=%2Fwp%2Fv2%2Fcategories&post=8384"},{"taxonomy":"post_tag","embeddable":true,"href":"https:\/\/challengeseconomiques.com\/index.php?rest_route=%2Fwp%2Fv2%2Ftags&post=8384"}],"curies":[{"name":"wp","href":"https:\/\/api.w.org\/{rel}","templated":true}]}}