{"id":8378,"date":"2025-09-04T13:57:39","date_gmt":"2025-09-04T13:57:39","guid":{"rendered":"https:\/\/challengeseconomiques.com\/?p=8378"},"modified":"2025-09-04T13:58:20","modified_gmt":"2025-09-04T13:58:20","slug":"decrypter-le-communique-du-fmi","status":"publish","type":"post","link":"https:\/\/challengeseconomiques.com\/?p=8378","title":{"rendered":"DECRYPTER LE COMMUNIQUE DU FMI"},"content":{"rendered":"<p><strong>Par\u00a0:Demba Moussa Demb\u00e9l\u00e9, Economiste<\/strong><\/p>\n<p>&nbsp;<\/p>\n<p><strong>Apr\u00e8s des consultations avec les repr\u00e9sentants du gouvernement s\u00e9n\u00e9galais, le FMI a publi\u00e9 un communiqu\u00e9 le 27 ao\u00fbt qui soul\u00e8ve pas mal d\u2019interrogations<\/strong>.<\/p>\n<p><strong>\u00a0<\/strong><strong>\u00ab\u00a0D\u00e9clarations erron\u00e9es\u00a0\u00bb ou dette cach\u00e9e\u00a0?<\/strong><\/p>\n<p>En effet, dans le communiqu\u00e9, on note l\u2019absence de toute r\u00e9f\u00e9rence \u00e0 la dette cach\u00e9e, \u00e9valu\u00e9e \u00e0 25% du PIB, dont parlent les autorit\u00e9s s\u00e9n\u00e9galaises depuis la divulgation des chiffres r\u00e9els des comptes publics. Une dette cach\u00e9e que le FMI avait lui-m\u00eame estim\u00e9e \u00e0 7 milliards de dollars. Il parle d\u00e9sormais de \u00ab\u00a0d\u00e9clarations erron\u00e9es\u00a0\u00bb de la part des services de l\u2019Etat s\u00e9n\u00e9galais. Un tel narratif appelle plusieurs observations.<\/p>\n<p>D\u2019abord, on suppose que ce narratif n\u2019engage que le FMI et non les autorit\u00e9s s\u00e9n\u00e9galaises. Ensuite, comment se fait-il que des \u00ab\u00a0d\u00e9clarations erron\u00e9es\u00a0\u00bb aient \u00e9t\u00e9 commises pendant trois longues ann\u00e9es sans \u00eatre d\u00e9tect\u00e9es\u00a0? Et comment expliquer qu\u2019il a fallu la chute de l\u2019ancien r\u00e9gime pour que ces \u00ab\u00a0d\u00e9clarations erron\u00e9es\u00a0\u00bb soient divulgu\u00e9es\u00a0? Il est probable que si celui-ci \u00e9tait rest\u00e9 au pouvoir, les \u00ab\u00a0d\u00e9clarations erron\u00e9es\u00a0\u00bb allaient continuer au nez et \u00e0 la barbe du FMI et de la Banque mondiale que des critiques accusent d\u2019avoir \u00e9t\u00e9 complices dans le maquillage des chiffres de la dette du pays. En changeant de narratif, le FMI essaie de se laver \u00e0 grandes eaux et de rejeter tout sur le dos de fonctionnaires s\u00e9n\u00e9galais \u00ab\u00a0\u00e9tourdis\u00a0\u00bb qui ont fait des \u00ab\u00a0d\u00e9clarations erron\u00e9es\u00a0\u00bb pendant plusieurs ann\u00e9es\u00a0!<\/p>\n<p><strong>\u00ab\u00a0Accompagner\u00a0\u00bb ou torpiller le Plan de redressement\u00a0?<\/strong><\/p>\n<p>Plus loin, le communiqu\u00e9 souligne que\u00a0: \u00ab<em>\u00a0Le FMI se tient pr\u00eat \u00e0 accompagner le S\u00e9n\u00e9gal dans la conception d\u2019un programme de r\u00e9formes ambitieux, align\u00e9 sur la strat\u00e9gie nationale de d\u00e9veloppement, Vision 2050, et le r\u00e9cent Plan de redressement \u00e9conomique et social, tout en tirant les le\u00e7ons des conclusions de la Cour des comptes.<\/em>\u00a0\u00bb<\/p>\n<p>Dans ce passage, le mot \u00ab\u00a0ambitieux\u00a0\u00bb retient d\u2019abord l\u2019attention. Cela veut-il dire que les programmes pr\u00e9c\u00e9dents n\u2019\u00e9taient pas \u00ab\u00a0ambitieux\u00a0\u00bb\u00a0? Ensuite, on ne peut s\u2019emp\u00eacher de demander depuis quand le FMI aligne-t-il ses r\u00e9formes sur les priorit\u00e9s d\u2019un pays \u00ab\u00a0assist\u00e9\u00a0\u00bb\u00a0? En v\u00e9rit\u00e9, son objectif c\u2019est d\u2019imposer ses politiques n\u00e9olib\u00e9rales mortif\u00e8res au gouvernement s\u00e9n\u00e9galais en \u00e9change de son \u00ab assistance\u00a0\u00bb financi\u00e8re, alors que les nouvelles autorit\u00e9s s\u00e9n\u00e9galaises cherchent \u00e0 s\u2019\u00e9manciper de ces politiques. En effet, lors de la pr\u00e9sentation du Plan de redressement le 1er ao\u00fbt dernier, le Premier ministre Ousmane Sonko avait soulign\u00e9 que <em>\u00ab\u00a0<\/em><em>l\u2019objectif de la phase de redressement de la Vision 2050, c\u2019est de tourner d\u00e9finitivement le braquet d\u2019un mod\u00e8le ancien vers un mod\u00e8le nouveau, pr\u00e9alable \u00e0 l\u2019impulsion et \u00e0 l\u2019acc\u00e9l\u00e9ration.<\/em>\u00a0\u00bb Or, le FMI est l\u2019un des piliers de ce \u00ab\u00a0mod\u00e8le ancien\u00a0\u00bb, un mod\u00e8le n\u00e9olib\u00e9ral reposant sur des \u00e9conomies extraverties bas\u00e9es sur les exportations de produits de base. Un mod\u00e8le compl\u00e8tement discr\u00e9dit\u00e9\u00a0!<\/p>\n<p>En outre, le Plan de redressement propose une strat\u00e9gie de financement bas\u00e9e sur la mobilisation de ressources domestiques et endog\u00e8nes \u00e0 hauteur de 90%\u00a0! Une telle option r\u00e9duit consid\u00e9rablement le recours aux financements ext\u00e9rieurs et donc le r\u00f4le du FMI. D\u00e8s lors, on ne voit pas \u00e0 quoi servirait son \u00ab\u00a0programme ambitieux\u00a0\u00bb de r\u00e9formes, sinon \u00e0 torpiller le Plan de redressement \u00e9conomique et social propos\u00e9 par le Premier ministre.<\/p>\n<p><strong>Apprendre des le\u00e7ons de l\u2019exp\u00e9rience<\/strong><\/p>\n<p>Ceux qui r\u00e9p\u00e8tent \u00e0 tue-t\u00eate que le S\u00e9n\u00e9gal \u00ab\u00a0a besoin du FMI\u00a0\u00bb semblent avoir oubli\u00e9 le bilan de cette institution depuis qu\u2019elle intervient dans le pays \u00e0 partir des ann\u00e9es 1980. Pendant plus de 20 ans, le S\u00e9n\u00e9gal fut consid\u00e9r\u00e9 comme l\u2019un des \u00ab\u00a0meilleurs \u00e9l\u00e8ves\u00a0\u00bb des programmes d\u2019ajustement structurel de la Banque mondiale et du FMI. Il finira par rejoindre le groupe des \u00ab\u00a0pays les moins avanc\u00e9s\u00a0\u00bb (PMA) en 2001\u00a0! Avec le r\u00e9gime d\u00e9chu de Macky Sall, le FMI avait sign\u00e9 plusieurs programmes, dont le dernier en date \u00e9tait celui de mai 2023. Cet \u00ab\u00a0accompagnent\u00a0\u00bb du FMI a d\u00e9bouch\u00e9 sur\u2026 la dette cach\u00e9e, qui est en train de co\u00fbter cher au r\u00e9gime actuel. Ce rappel montre que l\u2019intervention du FMI au S\u00e9n\u00e9gal est une suite de reculs \u00e9conomiques et sociaux, jamais d\u2019avanc\u00e9es.<\/p>\n<p>En conclusion, les autorit\u00e9s actuelles devraient retenir les le\u00e7ons de cette exp\u00e9rience dans leurs relations avec le FMI. Elles ont le choix entre s\u2019en tenir \u00e0 leur Plan de redressement et ignorer le \u00ab\u00a0programme ambitieux\u00a0\u00bb du FMI ou bien accepter celui-ci et enterrer le Plan.<\/p>\n<p>&nbsp;<\/p>\n<p>&nbsp;<\/p>\n","protected":false},"excerpt":{"rendered":"<p>Par\u00a0:Demba Moussa Demb\u00e9l\u00e9, Economiste &nbsp; Apr\u00e8s des consultations avec les repr\u00e9sentants du gouvernement s\u00e9n\u00e9galais, le FMI a publi\u00e9 un communiqu\u00e9 le 27 ao\u00fbt qui soul\u00e8ve&#8230;<\/p>\n","protected":false},"author":1,"featured_media":8379,"comment_status":"closed","ping_status":"open","sticky":false,"template":"","format":"standard","meta":{"_jetpack_memberships_contains_paid_content":false,"footnotes":""},"categories":[23,16],"tags":[],"class_list":["post-8378","post","type-post","status-publish","format-standard","has-post-thumbnail","hentry","category-a-la-une","category-contribution","wpcat-23-id","wpcat-16-id"],"yoast_head":"<!-- This site is optimized with the Yoast SEO plugin v27.1.1 - https:\/\/yoast.com\/product\/yoast-seo-wordpress\/ -->\n<title>DECRYPTER LE COMMUNIQUE DU FMI - challenges economiques<\/title>\n<meta name=\"robots\" content=\"index, follow, max-snippet:-1, max-image-preview:large, max-video-preview:-1\" \/>\n<link rel=\"canonical\" href=\"https:\/\/challengeseconomiques.com\/?p=8378\" \/>\n<meta property=\"og:locale\" content=\"fr_FR\" \/>\n<meta property=\"og:type\" content=\"article\" \/>\n<meta property=\"og:title\" content=\"DECRYPTER LE COMMUNIQUE DU FMI - challenges economiques\" \/>\n<meta property=\"og:description\" content=\"Par\u00a0:Demba Moussa Demb\u00e9l\u00e9, Economiste &nbsp; Apr\u00e8s des consultations avec les repr\u00e9sentants du gouvernement s\u00e9n\u00e9galais, le FMI a publi\u00e9 un communiqu\u00e9 le 27 ao\u00fbt qui soul\u00e8ve...\" \/>\n<meta property=\"og:url\" content=\"https:\/\/challengeseconomiques.com\/?p=8378\" \/>\n<meta property=\"og:site_name\" content=\"challenges economiques\" \/>\n<meta property=\"article:published_time\" content=\"2025-09-04T13:57:39+00:00\" \/>\n<meta property=\"article:modified_time\" content=\"2025-09-04T13:58:20+00:00\" \/>\n<meta property=\"og:image\" content=\"https:\/\/challengeseconomiques.com\/wp-content\/uploads\/2025\/09\/senegalfmi.jpg\" \/>\n\t<meta property=\"og:image:width\" content=\"1024\" \/>\n\t<meta property=\"og:image:height\" content=\"682\" \/>\n\t<meta property=\"og:image:type\" content=\"image\/jpeg\" \/>\n<meta name=\"author\" content=\"admin\" \/>\n<meta name=\"twitter:card\" content=\"summary_large_image\" \/>\n<meta name=\"twitter:label1\" content=\"\u00c9crit par\" \/>\n\t<meta name=\"twitter:data1\" content=\"admin\" \/>\n\t<meta name=\"twitter:label2\" content=\"Dur\u00e9e de lecture estim\u00e9e\" \/>\n\t<meta name=\"twitter:data2\" content=\"4 minutes\" \/>\n<script type=\"application\/ld+json\" class=\"yoast-schema-graph\">{\"@context\":\"https:\/\/schema.org\",\"@graph\":[{\"@type\":\"Article\",\"@id\":\"https:\/\/challengeseconomiques.com\/?p=8378#article\",\"isPartOf\":{\"@id\":\"https:\/\/challengeseconomiques.com\/?p=8378\"},\"author\":{\"name\":\"admin\",\"@id\":\"https:\/\/challengeseconomiques.com\/#\/schema\/person\/b4568c9afebc5a9238a771873801e349\"},\"headline\":\"DECRYPTER LE COMMUNIQUE DU FMI\",\"datePublished\":\"2025-09-04T13:57:39+00:00\",\"dateModified\":\"2025-09-04T13:58:20+00:00\",\"mainEntityOfPage\":{\"@id\":\"https:\/\/challengeseconomiques.com\/?p=8378\"},\"wordCount\":824,\"image\":{\"@id\":\"https:\/\/challengeseconomiques.com\/?p=8378#primaryimage\"},\"thumbnailUrl\":\"https:\/\/challengeseconomiques.com\/wp-content\/uploads\/2025\/09\/senegalfmi.jpg\",\"articleSection\":[\"A la une\",\"Contribution\"],\"inLanguage\":\"fr-FR\"},{\"@type\":\"WebPage\",\"@id\":\"https:\/\/challengeseconomiques.com\/?p=8378\",\"url\":\"https:\/\/challengeseconomiques.com\/?p=8378\",\"name\":\"DECRYPTER LE COMMUNIQUE DU FMI - challenges economiques\",\"isPartOf\":{\"@id\":\"https:\/\/challengeseconomiques.com\/#website\"},\"primaryImageOfPage\":{\"@id\":\"https:\/\/challengeseconomiques.com\/?p=8378#primaryimage\"},\"image\":{\"@id\":\"https:\/\/challengeseconomiques.com\/?p=8378#primaryimage\"},\"thumbnailUrl\":\"https:\/\/challengeseconomiques.com\/wp-content\/uploads\/2025\/09\/senegalfmi.jpg\",\"datePublished\":\"2025-09-04T13:57:39+00:00\",\"dateModified\":\"2025-09-04T13:58:20+00:00\",\"author\":{\"@id\":\"https:\/\/challengeseconomiques.com\/#\/schema\/person\/b4568c9afebc5a9238a771873801e349\"},\"breadcrumb\":{\"@id\":\"https:\/\/challengeseconomiques.com\/?p=8378#breadcrumb\"},\"inLanguage\":\"fr-FR\",\"potentialAction\":[{\"@type\":\"ReadAction\",\"target\":[\"https:\/\/challengeseconomiques.com\/?p=8378\"]}]},{\"@type\":\"ImageObject\",\"inLanguage\":\"fr-FR\",\"@id\":\"https:\/\/challengeseconomiques.com\/?p=8378#primaryimage\",\"url\":\"https:\/\/challengeseconomiques.com\/wp-content\/uploads\/2025\/09\/senegalfmi.jpg\",\"contentUrl\":\"https:\/\/challengeseconomiques.com\/wp-content\/uploads\/2025\/09\/senegalfmi.jpg\",\"width\":1024,\"height\":682},{\"@type\":\"BreadcrumbList\",\"@id\":\"https:\/\/challengeseconomiques.com\/?p=8378#breadcrumb\",\"itemListElement\":[{\"@type\":\"ListItem\",\"position\":1,\"name\":\"Home\",\"item\":\"https:\/\/challengeseconomiques.com\/\"},{\"@type\":\"ListItem\",\"position\":2,\"name\":\"DECRYPTER LE COMMUNIQUE DU FMI\"}]},{\"@type\":\"WebSite\",\"@id\":\"https:\/\/challengeseconomiques.com\/#website\",\"url\":\"https:\/\/challengeseconomiques.com\/\",\"name\":\"challenges economiques\",\"description\":\"\",\"potentialAction\":[{\"@type\":\"SearchAction\",\"target\":{\"@type\":\"EntryPoint\",\"urlTemplate\":\"https:\/\/challengeseconomiques.com\/?s={search_term_string}\"},\"query-input\":{\"@type\":\"PropertyValueSpecification\",\"valueRequired\":true,\"valueName\":\"search_term_string\"}}],\"inLanguage\":\"fr-FR\"},{\"@type\":\"Person\",\"@id\":\"https:\/\/challengeseconomiques.com\/#\/schema\/person\/b4568c9afebc5a9238a771873801e349\",\"name\":\"admin\",\"image\":{\"@type\":\"ImageObject\",\"inLanguage\":\"fr-FR\",\"@id\":\"https:\/\/challengeseconomiques.com\/#\/schema\/person\/image\/\",\"url\":\"https:\/\/secure.gravatar.com\/avatar\/099e42240b5eea11acdb72751fcce0dd918603f0749d24974b7984ea47ed9fd9?s=96&d=mm&r=g\",\"contentUrl\":\"https:\/\/secure.gravatar.com\/avatar\/099e42240b5eea11acdb72751fcce0dd918603f0749d24974b7984ea47ed9fd9?s=96&d=mm&r=g\",\"caption\":\"admin\"},\"sameAs\":[\"https:\/\/challengeseconomiques.com\"],\"url\":\"https:\/\/challengeseconomiques.com\/?author=1\"}]}<\/script>\n<!-- \/ Yoast SEO plugin. -->","yoast_head_json":{"title":"DECRYPTER LE COMMUNIQUE DU FMI - challenges economiques","robots":{"index":"index","follow":"follow","max-snippet":"max-snippet:-1","max-image-preview":"max-image-preview:large","max-video-preview":"max-video-preview:-1"},"canonical":"https:\/\/challengeseconomiques.com\/?p=8378","og_locale":"fr_FR","og_type":"article","og_title":"DECRYPTER LE COMMUNIQUE DU FMI - challenges economiques","og_description":"Par\u00a0:Demba Moussa Demb\u00e9l\u00e9, Economiste &nbsp; Apr\u00e8s des consultations avec les repr\u00e9sentants du gouvernement s\u00e9n\u00e9galais, le FMI a publi\u00e9 un communiqu\u00e9 le 27 ao\u00fbt qui soul\u00e8ve...","og_url":"https:\/\/challengeseconomiques.com\/?p=8378","og_site_name":"challenges economiques","article_published_time":"2025-09-04T13:57:39+00:00","article_modified_time":"2025-09-04T13:58:20+00:00","og_image":[{"width":1024,"height":682,"url":"https:\/\/challengeseconomiques.com\/wp-content\/uploads\/2025\/09\/senegalfmi.jpg","type":"image\/jpeg"}],"author":"admin","twitter_card":"summary_large_image","twitter_misc":{"\u00c9crit par":"admin","Dur\u00e9e de lecture estim\u00e9e":"4 minutes"},"schema":{"@context":"https:\/\/schema.org","@graph":[{"@type":"Article","@id":"https:\/\/challengeseconomiques.com\/?p=8378#article","isPartOf":{"@id":"https:\/\/challengeseconomiques.com\/?p=8378"},"author":{"name":"admin","@id":"https:\/\/challengeseconomiques.com\/#\/schema\/person\/b4568c9afebc5a9238a771873801e349"},"headline":"DECRYPTER LE COMMUNIQUE DU FMI","datePublished":"2025-09-04T13:57:39+00:00","dateModified":"2025-09-04T13:58:20+00:00","mainEntityOfPage":{"@id":"https:\/\/challengeseconomiques.com\/?p=8378"},"wordCount":824,"image":{"@id":"https:\/\/challengeseconomiques.com\/?p=8378#primaryimage"},"thumbnailUrl":"https:\/\/challengeseconomiques.com\/wp-content\/uploads\/2025\/09\/senegalfmi.jpg","articleSection":["A la une","Contribution"],"inLanguage":"fr-FR"},{"@type":"WebPage","@id":"https:\/\/challengeseconomiques.com\/?p=8378","url":"https:\/\/challengeseconomiques.com\/?p=8378","name":"DECRYPTER LE COMMUNIQUE DU FMI - challenges economiques","isPartOf":{"@id":"https:\/\/challengeseconomiques.com\/#website"},"primaryImageOfPage":{"@id":"https:\/\/challengeseconomiques.com\/?p=8378#primaryimage"},"image":{"@id":"https:\/\/challengeseconomiques.com\/?p=8378#primaryimage"},"thumbnailUrl":"https:\/\/challengeseconomiques.com\/wp-content\/uploads\/2025\/09\/senegalfmi.jpg","datePublished":"2025-09-04T13:57:39+00:00","dateModified":"2025-09-04T13:58:20+00:00","author":{"@id":"https:\/\/challengeseconomiques.com\/#\/schema\/person\/b4568c9afebc5a9238a771873801e349"},"breadcrumb":{"@id":"https:\/\/challengeseconomiques.com\/?p=8378#breadcrumb"},"inLanguage":"fr-FR","potentialAction":[{"@type":"ReadAction","target":["https:\/\/challengeseconomiques.com\/?p=8378"]}]},{"@type":"ImageObject","inLanguage":"fr-FR","@id":"https:\/\/challengeseconomiques.com\/?p=8378#primaryimage","url":"https:\/\/challengeseconomiques.com\/wp-content\/uploads\/2025\/09\/senegalfmi.jpg","contentUrl":"https:\/\/challengeseconomiques.com\/wp-content\/uploads\/2025\/09\/senegalfmi.jpg","width":1024,"height":682},{"@type":"BreadcrumbList","@id":"https:\/\/challengeseconomiques.com\/?p=8378#breadcrumb","itemListElement":[{"@type":"ListItem","position":1,"name":"Home","item":"https:\/\/challengeseconomiques.com\/"},{"@type":"ListItem","position":2,"name":"DECRYPTER LE COMMUNIQUE DU FMI"}]},{"@type":"WebSite","@id":"https:\/\/challengeseconomiques.com\/#website","url":"https:\/\/challengeseconomiques.com\/","name":"challenges economiques","description":"","potentialAction":[{"@type":"SearchAction","target":{"@type":"EntryPoint","urlTemplate":"https:\/\/challengeseconomiques.com\/?s={search_term_string}"},"query-input":{"@type":"PropertyValueSpecification","valueRequired":true,"valueName":"search_term_string"}}],"inLanguage":"fr-FR"},{"@type":"Person","@id":"https:\/\/challengeseconomiques.com\/#\/schema\/person\/b4568c9afebc5a9238a771873801e349","name":"admin","image":{"@type":"ImageObject","inLanguage":"fr-FR","@id":"https:\/\/challengeseconomiques.com\/#\/schema\/person\/image\/","url":"https:\/\/secure.gravatar.com\/avatar\/099e42240b5eea11acdb72751fcce0dd918603f0749d24974b7984ea47ed9fd9?s=96&d=mm&r=g","contentUrl":"https:\/\/secure.gravatar.com\/avatar\/099e42240b5eea11acdb72751fcce0dd918603f0749d24974b7984ea47ed9fd9?s=96&d=mm&r=g","caption":"admin"},"sameAs":["https:\/\/challengeseconomiques.com"],"url":"https:\/\/challengeseconomiques.com\/?author=1"}]}},"jetpack_featured_media_url":"https:\/\/challengeseconomiques.com\/wp-content\/uploads\/2025\/09\/senegalfmi.jpg","jetpack_sharing_enabled":true,"_links":{"self":[{"href":"https:\/\/challengeseconomiques.com\/index.php?rest_route=\/wp\/v2\/posts\/8378","targetHints":{"allow":["GET"]}}],"collection":[{"href":"https:\/\/challengeseconomiques.com\/index.php?rest_route=\/wp\/v2\/posts"}],"about":[{"href":"https:\/\/challengeseconomiques.com\/index.php?rest_route=\/wp\/v2\/types\/post"}],"author":[{"embeddable":true,"href":"https:\/\/challengeseconomiques.com\/index.php?rest_route=\/wp\/v2\/users\/1"}],"replies":[{"embeddable":true,"href":"https:\/\/challengeseconomiques.com\/index.php?rest_route=%2Fwp%2Fv2%2Fcomments&post=8378"}],"version-history":[{"count":1,"href":"https:\/\/challengeseconomiques.com\/index.php?rest_route=\/wp\/v2\/posts\/8378\/revisions"}],"predecessor-version":[{"id":8380,"href":"https:\/\/challengeseconomiques.com\/index.php?rest_route=\/wp\/v2\/posts\/8378\/revisions\/8380"}],"wp:featuredmedia":[{"embeddable":true,"href":"https:\/\/challengeseconomiques.com\/index.php?rest_route=\/wp\/v2\/media\/8379"}],"wp:attachment":[{"href":"https:\/\/challengeseconomiques.com\/index.php?rest_route=%2Fwp%2Fv2%2Fmedia&parent=8378"}],"wp:term":[{"taxonomy":"category","embeddable":true,"href":"https:\/\/challengeseconomiques.com\/index.php?rest_route=%2Fwp%2Fv2%2Fcategories&post=8378"},{"taxonomy":"post_tag","embeddable":true,"href":"https:\/\/challengeseconomiques.com\/index.php?rest_route=%2Fwp%2Fv2%2Ftags&post=8378"}],"curies":[{"name":"wp","href":"https:\/\/api.w.org\/{rel}","templated":true}]}}