{"id":8374,"date":"2025-09-03T13:16:59","date_gmt":"2025-09-03T13:16:59","guid":{"rendered":"https:\/\/challengeseconomiques.com\/?p=8374"},"modified":"2025-09-03T13:20:01","modified_gmt":"2025-09-03T13:20:01","slug":"sidi-ould-tah-a-pris-fonction-en-tant-que-president-du-groupe-de-la-banque-africaine-de-developpement","status":"publish","type":"post","link":"https:\/\/challengeseconomiques.com\/?p=8374","title":{"rendered":"Sidi Ould Tah a pris fonction en tant que pr\u00e9sident du Groupe de la Banque africaine de d\u00e9veloppement"},"content":{"rendered":"\n\n\n<p>Elu, le 29 mai dernier, avec plus de 76 % des voix des actionnaires, le mauritanien Sidi Ould Tah a pr\u00eat\u00e9 serment, en tant que neuvi\u00e8me pr\u00e9sident du Groupe de la Banque africaine de d\u00e9veloppement,&nbsp; le 1<sup>er<\/sup> septembre 2025.<\/p>\n\n\n\n<p>Le pr\u00e9sident de la C\u00f4te d\u2019Ivoire, M. Alassane Ouattara, et son homologue mauritanien, M. Mohamed Ould Cheikh El Ghazouani, ont honor\u00e9 de leur pr\u00e9sence la c\u00e9r\u00e9monie officielle qui s&rsquo;est d\u00e9roul\u00e9e au Sofitel Abidjan H\u00f4tel Ivoire.<\/p>\n\n\n\n<p>Le pr\u00e9sident Ouattara a qualifi\u00e9 ce changement de direction de \u00ab jalon historique dans la vie de notre institution panafricaine \u00bb, et a d\u00e9clar\u00e9 qu&rsquo;il \u00ab ouvrait la voie \u00e0 une nouvelle \u00e8re d&rsquo;espoir pour la Banque \u00bb.&nbsp;<\/p>\n\n\n\n<p>Dans son discours de f\u00e9licitations prononc\u00e9 imm\u00e9diatement apr\u00e8s la c\u00e9r\u00e9monie de prestation de serment, le pr\u00e9sident Ghazouani a soulign\u00e9 que M. Tah avait \u00ab la lourde responsabilit\u00e9 de veiller \u00e0 ce que la Banque renforce son r\u00f4le cl\u00e9 dans la promotion du d\u00e9veloppement \u00e9conomique et social du continent, afin qu&rsquo;elle reste un levier \u00e0 part enti\u00e8re pour r\u00e9pondre aux aspirations des Africains \u00e0 la paix, \u00e0 la prosp\u00e9rit\u00e9 et au d\u00e9veloppement \u00bb.&nbsp; \u00ab Nous serons la banque qui comblera les foss\u00e9s entre les r\u00e9gions, entre les ambitions et la mise en \u0153uvre, entre le public et le priv\u00e9, entre l&rsquo;urgence et la bureaucratie. Allons de l&rsquo;avant ensemble, avec c\u00e9l\u00e9rit\u00e9, avec unit\u00e9 et avec une responsabilit\u00e9 sans faille \u00bb, a d\u00e9clar\u00e9 M. Sidi Ould Tah dans son discours d&rsquo;investiture, qui a re\u00e7u un accueil tr\u00e8s favorable.&nbsp;&nbsp;<br><br>M. Tah a pr\u00e9sent\u00e9 les quatre points cardinaux de sa strat\u00e9gie, qui comprennent une \u00e9coute attentive, le lancement d&rsquo;un programme de r\u00e9formes acc\u00e9l\u00e9r\u00e9, l&rsquo;approfondissement des partenariats et l&rsquo;acc\u00e9l\u00e9ration des solutions concr\u00e8tes comme priorit\u00e9s fondamentales qui guideront sa pr\u00e9sidence au cours des cent premiers jours de son mandat.&nbsp;<\/p>\n\n\n\n<p><strong>BAD<\/strong><\/p>\n","protected":false},"excerpt":{"rendered":"<p>Elu, le 29 mai dernier, avec plus de 76 % des voix des actionnaires, le mauritanien Sidi Ould Tah a pr\u00eat\u00e9 serment, en tant que&#8230;<\/p>\n","protected":false},"author":3,"featured_media":8137,"comment_status":"closed","ping_status":"open","sticky":false,"template":"","format":"standard","meta":{"_jetpack_memberships_contains_paid_content":false,"footnotes":""},"categories":[23,8],"tags":[],"class_list":["post-8374","post","type-post","status-publish","format-standard","has-post-thumbnail","hentry","category-a-la-une","category-actualite-economique","wpcat-23-id","wpcat-8-id"],"yoast_head":"<!-- This site is optimized with the Yoast SEO plugin v27.1.1 - https:\/\/yoast.com\/product\/yoast-seo-wordpress\/ -->\n<title>Sidi Ould Tah a pris fonction en tant que pr\u00e9sident du Groupe de la Banque africaine de d\u00e9veloppement - challenges economiques<\/title>\n<meta name=\"robots\" content=\"index, follow, max-snippet:-1, max-image-preview:large, max-video-preview:-1\" \/>\n<link rel=\"canonical\" href=\"https:\/\/challengeseconomiques.com\/?p=8374\" \/>\n<meta property=\"og:locale\" content=\"fr_FR\" \/>\n<meta property=\"og:type\" content=\"article\" \/>\n<meta property=\"og:title\" content=\"Sidi Ould Tah a pris fonction en tant que pr\u00e9sident du Groupe de la Banque africaine de d\u00e9veloppement - challenges economiques\" \/>\n<meta property=\"og:description\" content=\"Elu, le 29 mai dernier, avec plus de 76 % des voix des actionnaires, le mauritanien Sidi Ould Tah a pr\u00eat\u00e9 serment, en tant que...\" \/>\n<meta property=\"og:url\" content=\"https:\/\/challengeseconomiques.com\/?p=8374\" \/>\n<meta property=\"og:site_name\" content=\"challenges economiques\" \/>\n<meta property=\"article:published_time\" content=\"2025-09-03T13:16:59+00:00\" \/>\n<meta property=\"article:modified_time\" content=\"2025-09-03T13:20:01+00:00\" \/>\n<meta property=\"og:image\" content=\"https:\/\/challengeseconomiques.com\/wp-content\/uploads\/2025\/05\/siditah.jpg\" \/>\n\t<meta property=\"og:image:width\" content=\"1500\" \/>\n\t<meta property=\"og:image:height\" content=\"1000\" \/>\n\t<meta property=\"og:image:type\" content=\"image\/jpeg\" \/>\n<meta name=\"author\" content=\"aliou kane ndiaye\" \/>\n<meta name=\"twitter:card\" content=\"summary_large_image\" \/>\n<meta name=\"twitter:label1\" content=\"\u00c9crit par\" \/>\n\t<meta name=\"twitter:data1\" content=\"aliou kane ndiaye\" \/>\n\t<meta name=\"twitter:label2\" content=\"Dur\u00e9e de lecture estim\u00e9e\" \/>\n\t<meta name=\"twitter:data2\" content=\"2 minutes\" \/>\n<script type=\"application\/ld+json\" class=\"yoast-schema-graph\">{\"@context\":\"https:\/\/schema.org\",\"@graph\":[{\"@type\":\"Article\",\"@id\":\"https:\/\/challengeseconomiques.com\/?p=8374#article\",\"isPartOf\":{\"@id\":\"https:\/\/challengeseconomiques.com\/?p=8374\"},\"author\":{\"name\":\"aliou kane ndiaye\",\"@id\":\"https:\/\/challengeseconomiques.com\/#\/schema\/person\/2f70a31e102db1741c1a1c00c2bbd8a6\"},\"headline\":\"Sidi Ould Tah a pris fonction en tant que pr\u00e9sident du Groupe de la Banque africaine de d\u00e9veloppement\",\"datePublished\":\"2025-09-03T13:16:59+00:00\",\"dateModified\":\"2025-09-03T13:20:01+00:00\",\"mainEntityOfPage\":{\"@id\":\"https:\/\/challengeseconomiques.com\/?p=8374\"},\"wordCount\":358,\"image\":{\"@id\":\"https:\/\/challengeseconomiques.com\/?p=8374#primaryimage\"},\"thumbnailUrl\":\"https:\/\/challengeseconomiques.com\/wp-content\/uploads\/2025\/05\/siditah.jpg\",\"articleSection\":[\"A la une\",\"Actualit\u00e9 \u00e9conomique\"],\"inLanguage\":\"fr-FR\"},{\"@type\":\"WebPage\",\"@id\":\"https:\/\/challengeseconomiques.com\/?p=8374\",\"url\":\"https:\/\/challengeseconomiques.com\/?p=8374\",\"name\":\"Sidi Ould Tah a pris fonction en tant que pr\u00e9sident du Groupe de la Banque africaine de d\u00e9veloppement - challenges economiques\",\"isPartOf\":{\"@id\":\"https:\/\/challengeseconomiques.com\/#website\"},\"primaryImageOfPage\":{\"@id\":\"https:\/\/challengeseconomiques.com\/?p=8374#primaryimage\"},\"image\":{\"@id\":\"https:\/\/challengeseconomiques.com\/?p=8374#primaryimage\"},\"thumbnailUrl\":\"https:\/\/challengeseconomiques.com\/wp-content\/uploads\/2025\/05\/siditah.jpg\",\"datePublished\":\"2025-09-03T13:16:59+00:00\",\"dateModified\":\"2025-09-03T13:20:01+00:00\",\"author\":{\"@id\":\"https:\/\/challengeseconomiques.com\/#\/schema\/person\/2f70a31e102db1741c1a1c00c2bbd8a6\"},\"breadcrumb\":{\"@id\":\"https:\/\/challengeseconomiques.com\/?p=8374#breadcrumb\"},\"inLanguage\":\"fr-FR\",\"potentialAction\":[{\"@type\":\"ReadAction\",\"target\":[\"https:\/\/challengeseconomiques.com\/?p=8374\"]}]},{\"@type\":\"ImageObject\",\"inLanguage\":\"fr-FR\",\"@id\":\"https:\/\/challengeseconomiques.com\/?p=8374#primaryimage\",\"url\":\"https:\/\/challengeseconomiques.com\/wp-content\/uploads\/2025\/05\/siditah.jpg\",\"contentUrl\":\"https:\/\/challengeseconomiques.com\/wp-content\/uploads\/2025\/05\/siditah.jpg\",\"width\":1500,\"height\":1000},{\"@type\":\"BreadcrumbList\",\"@id\":\"https:\/\/challengeseconomiques.com\/?p=8374#breadcrumb\",\"itemListElement\":[{\"@type\":\"ListItem\",\"position\":1,\"name\":\"Home\",\"item\":\"https:\/\/challengeseconomiques.com\/\"},{\"@type\":\"ListItem\",\"position\":2,\"name\":\"Sidi Ould Tah a pris fonction en tant que pr\u00e9sident du Groupe de la Banque africaine de d\u00e9veloppement\"}]},{\"@type\":\"WebSite\",\"@id\":\"https:\/\/challengeseconomiques.com\/#website\",\"url\":\"https:\/\/challengeseconomiques.com\/\",\"name\":\"challenges economiques\",\"description\":\"\",\"potentialAction\":[{\"@type\":\"SearchAction\",\"target\":{\"@type\":\"EntryPoint\",\"urlTemplate\":\"https:\/\/challengeseconomiques.com\/?s={search_term_string}\"},\"query-input\":{\"@type\":\"PropertyValueSpecification\",\"valueRequired\":true,\"valueName\":\"search_term_string\"}}],\"inLanguage\":\"fr-FR\"},{\"@type\":\"Person\",\"@id\":\"https:\/\/challengeseconomiques.com\/#\/schema\/person\/2f70a31e102db1741c1a1c00c2bbd8a6\",\"name\":\"aliou kane ndiaye\",\"image\":{\"@type\":\"ImageObject\",\"inLanguage\":\"fr-FR\",\"@id\":\"https:\/\/challengeseconomiques.com\/#\/schema\/person\/image\/\",\"url\":\"https:\/\/secure.gravatar.com\/avatar\/df942321e58711a9f1fee838e446766660477bacd4b42fa20400d2c7cf4da7ca?s=96&d=mm&r=g\",\"contentUrl\":\"https:\/\/secure.gravatar.com\/avatar\/df942321e58711a9f1fee838e446766660477bacd4b42fa20400d2c7cf4da7ca?s=96&d=mm&r=g\",\"caption\":\"aliou kane ndiaye\"},\"sameAs\":[\"http:\/\/www.challengeseconomiques.com\"],\"url\":\"https:\/\/challengeseconomiques.com\/?author=3\"}]}<\/script>\n<!-- \/ Yoast SEO plugin. -->","yoast_head_json":{"title":"Sidi Ould Tah a pris fonction en tant que pr\u00e9sident du Groupe de la Banque africaine de d\u00e9veloppement - challenges economiques","robots":{"index":"index","follow":"follow","max-snippet":"max-snippet:-1","max-image-preview":"max-image-preview:large","max-video-preview":"max-video-preview:-1"},"canonical":"https:\/\/challengeseconomiques.com\/?p=8374","og_locale":"fr_FR","og_type":"article","og_title":"Sidi Ould Tah a pris fonction en tant que pr\u00e9sident du Groupe de la Banque africaine de d\u00e9veloppement - challenges economiques","og_description":"Elu, le 29 mai dernier, avec plus de 76 % des voix des actionnaires, le mauritanien Sidi Ould Tah a pr\u00eat\u00e9 serment, en tant que...","og_url":"https:\/\/challengeseconomiques.com\/?p=8374","og_site_name":"challenges economiques","article_published_time":"2025-09-03T13:16:59+00:00","article_modified_time":"2025-09-03T13:20:01+00:00","og_image":[{"width":1500,"height":1000,"url":"https:\/\/challengeseconomiques.com\/wp-content\/uploads\/2025\/05\/siditah.jpg","type":"image\/jpeg"}],"author":"aliou kane ndiaye","twitter_card":"summary_large_image","twitter_misc":{"\u00c9crit par":"aliou kane ndiaye","Dur\u00e9e de lecture estim\u00e9e":"2 minutes"},"schema":{"@context":"https:\/\/schema.org","@graph":[{"@type":"Article","@id":"https:\/\/challengeseconomiques.com\/?p=8374#article","isPartOf":{"@id":"https:\/\/challengeseconomiques.com\/?p=8374"},"author":{"name":"aliou kane ndiaye","@id":"https:\/\/challengeseconomiques.com\/#\/schema\/person\/2f70a31e102db1741c1a1c00c2bbd8a6"},"headline":"Sidi Ould Tah a pris fonction en tant que pr\u00e9sident du Groupe de la Banque africaine de d\u00e9veloppement","datePublished":"2025-09-03T13:16:59+00:00","dateModified":"2025-09-03T13:20:01+00:00","mainEntityOfPage":{"@id":"https:\/\/challengeseconomiques.com\/?p=8374"},"wordCount":358,"image":{"@id":"https:\/\/challengeseconomiques.com\/?p=8374#primaryimage"},"thumbnailUrl":"https:\/\/challengeseconomiques.com\/wp-content\/uploads\/2025\/05\/siditah.jpg","articleSection":["A la une","Actualit\u00e9 \u00e9conomique"],"inLanguage":"fr-FR"},{"@type":"WebPage","@id":"https:\/\/challengeseconomiques.com\/?p=8374","url":"https:\/\/challengeseconomiques.com\/?p=8374","name":"Sidi Ould Tah a pris fonction en tant que pr\u00e9sident du Groupe de la Banque africaine de d\u00e9veloppement - challenges economiques","isPartOf":{"@id":"https:\/\/challengeseconomiques.com\/#website"},"primaryImageOfPage":{"@id":"https:\/\/challengeseconomiques.com\/?p=8374#primaryimage"},"image":{"@id":"https:\/\/challengeseconomiques.com\/?p=8374#primaryimage"},"thumbnailUrl":"https:\/\/challengeseconomiques.com\/wp-content\/uploads\/2025\/05\/siditah.jpg","datePublished":"2025-09-03T13:16:59+00:00","dateModified":"2025-09-03T13:20:01+00:00","author":{"@id":"https:\/\/challengeseconomiques.com\/#\/schema\/person\/2f70a31e102db1741c1a1c00c2bbd8a6"},"breadcrumb":{"@id":"https:\/\/challengeseconomiques.com\/?p=8374#breadcrumb"},"inLanguage":"fr-FR","potentialAction":[{"@type":"ReadAction","target":["https:\/\/challengeseconomiques.com\/?p=8374"]}]},{"@type":"ImageObject","inLanguage":"fr-FR","@id":"https:\/\/challengeseconomiques.com\/?p=8374#primaryimage","url":"https:\/\/challengeseconomiques.com\/wp-content\/uploads\/2025\/05\/siditah.jpg","contentUrl":"https:\/\/challengeseconomiques.com\/wp-content\/uploads\/2025\/05\/siditah.jpg","width":1500,"height":1000},{"@type":"BreadcrumbList","@id":"https:\/\/challengeseconomiques.com\/?p=8374#breadcrumb","itemListElement":[{"@type":"ListItem","position":1,"name":"Home","item":"https:\/\/challengeseconomiques.com\/"},{"@type":"ListItem","position":2,"name":"Sidi Ould Tah a pris fonction en tant que pr\u00e9sident du Groupe de la Banque africaine de d\u00e9veloppement"}]},{"@type":"WebSite","@id":"https:\/\/challengeseconomiques.com\/#website","url":"https:\/\/challengeseconomiques.com\/","name":"challenges economiques","description":"","potentialAction":[{"@type":"SearchAction","target":{"@type":"EntryPoint","urlTemplate":"https:\/\/challengeseconomiques.com\/?s={search_term_string}"},"query-input":{"@type":"PropertyValueSpecification","valueRequired":true,"valueName":"search_term_string"}}],"inLanguage":"fr-FR"},{"@type":"Person","@id":"https:\/\/challengeseconomiques.com\/#\/schema\/person\/2f70a31e102db1741c1a1c00c2bbd8a6","name":"aliou kane ndiaye","image":{"@type":"ImageObject","inLanguage":"fr-FR","@id":"https:\/\/challengeseconomiques.com\/#\/schema\/person\/image\/","url":"https:\/\/secure.gravatar.com\/avatar\/df942321e58711a9f1fee838e446766660477bacd4b42fa20400d2c7cf4da7ca?s=96&d=mm&r=g","contentUrl":"https:\/\/secure.gravatar.com\/avatar\/df942321e58711a9f1fee838e446766660477bacd4b42fa20400d2c7cf4da7ca?s=96&d=mm&r=g","caption":"aliou kane ndiaye"},"sameAs":["http:\/\/www.challengeseconomiques.com"],"url":"https:\/\/challengeseconomiques.com\/?author=3"}]}},"jetpack_featured_media_url":"https:\/\/challengeseconomiques.com\/wp-content\/uploads\/2025\/05\/siditah.jpg","jetpack_sharing_enabled":true,"_links":{"self":[{"href":"https:\/\/challengeseconomiques.com\/index.php?rest_route=\/wp\/v2\/posts\/8374","targetHints":{"allow":["GET"]}}],"collection":[{"href":"https:\/\/challengeseconomiques.com\/index.php?rest_route=\/wp\/v2\/posts"}],"about":[{"href":"https:\/\/challengeseconomiques.com\/index.php?rest_route=\/wp\/v2\/types\/post"}],"author":[{"embeddable":true,"href":"https:\/\/challengeseconomiques.com\/index.php?rest_route=\/wp\/v2\/users\/3"}],"replies":[{"embeddable":true,"href":"https:\/\/challengeseconomiques.com\/index.php?rest_route=%2Fwp%2Fv2%2Fcomments&post=8374"}],"version-history":[{"count":2,"href":"https:\/\/challengeseconomiques.com\/index.php?rest_route=\/wp\/v2\/posts\/8374\/revisions"}],"predecessor-version":[{"id":8377,"href":"https:\/\/challengeseconomiques.com\/index.php?rest_route=\/wp\/v2\/posts\/8374\/revisions\/8377"}],"wp:featuredmedia":[{"embeddable":true,"href":"https:\/\/challengeseconomiques.com\/index.php?rest_route=\/wp\/v2\/media\/8137"}],"wp:attachment":[{"href":"https:\/\/challengeseconomiques.com\/index.php?rest_route=%2Fwp%2Fv2%2Fmedia&parent=8374"}],"wp:term":[{"taxonomy":"category","embeddable":true,"href":"https:\/\/challengeseconomiques.com\/index.php?rest_route=%2Fwp%2Fv2%2Fcategories&post=8374"},{"taxonomy":"post_tag","embeddable":true,"href":"https:\/\/challengeseconomiques.com\/index.php?rest_route=%2Fwp%2Fv2%2Ftags&post=8374"}],"curies":[{"name":"wp","href":"https:\/\/api.w.org\/{rel}","templated":true}]}}