{"id":8371,"date":"2025-09-03T11:29:47","date_gmt":"2025-09-03T11:29:47","guid":{"rendered":"https:\/\/challengeseconomiques.com\/?p=8371"},"modified":"2025-09-03T11:30:25","modified_gmt":"2025-09-03T11:30:25","slug":"suspension-des-importations-de-bananes-les-raisons-dune-mesure-inedite","status":"publish","type":"post","link":"https:\/\/challengeseconomiques.com\/?p=8371","title":{"rendered":"Suspension des importations de bananes: les raisons d\u2019une mesure in\u00e9dite"},"content":{"rendered":"<p><strong>L\u2019Agence de r\u00e9gulation des march\u00e9s (Arm) a annonc\u00e9, par circulaire dat\u00e9e du 1er septembre 2025, la suspension des importations de bananes au S\u00e9n\u00e9gal. Cette d\u00e9cision vise \u00e0 favoriser l\u2019\u00e9coulement de la production locale, estim\u00e9e, cette ann\u00e9e, \u00e0 112.000 tonnes, contre des besoins annuels \u00e9valu\u00e9s \u00e0 environ 130.000 tonnes. Jusqu\u2019ici, pr\u00e8s de 50.000 tonnes provenaient de la C\u00f4te d\u2019Ivoire.<\/strong><\/p>\n<p>C\u2019est in\u00e9dit dans l\u2019histoire de la fili\u00e8re banane. Pour la toute premi\u00e8re fois, ce secteur fait l\u2019objet d\u2019une r\u00e9gulation d\u00e9cid\u00e9e par l\u2019Agence de r\u00e9gulation des march\u00e9s (Arm). Dans une circulaire dat\u00e9e du 1er septembre 2025, l\u2019Agence annonce, en effet, la suspension des importations de bananes pour l\u2019ann\u00e9e en cours. Elle justifie ce choix par la volont\u00e9 des autorit\u00e9s de r\u00e9duire la d\u00e9pendance aux importations et de renforcer la souverainet\u00e9 alimentaire. La d\u00e9cision s\u2019inscrit dans l\u2019Agenda S\u00e9n\u00e9gal 2050, qui pr\u00e9voit l\u2019autosuffisance en bananes \u00e0 l\u2019horizon 2029. Cette d\u00e9cision n\u2019est pas tomb\u00e9e du ciel. Un comit\u00e9 de pilotage, r\u00e9unissant producteurs et commer\u00e7ants importateurs, l\u2019a valid\u00e9e \u00e0 la mi-ao\u00fbt \u00e0 travers un protocole d\u2019accord et un cahier des charges qui l\u2019encadre. D\u2019ailleurs, informe l\u2019Arm dans sa note, un comit\u00e9 de suivi se r\u00e9unira chaque semaine pour \u00e9valuer l\u2019approvisionnement du march\u00e9 et \u00e9viter toute rupture. \u00ab Soutenir les producteurs locaux \u00bb Interrog\u00e9 sur les motivations de ce gel, le directeur g\u00e9n\u00e9ral de l\u2019Arm, Babacar Semb\u00e8ne, souligne que \u00ab cette mesure est prise pour aider nos producteurs, qui sont pr\u00e8s de 8.000 dans la fili\u00e8re, \u00e0 mieux \u00e9couler leurs r\u00e9coltes \u00bb.<\/p>\n<p>Selon lui, la surabondance de bananes import\u00e9es, souvent plus pris\u00e9es des consommateurs, fragilisait les revenus des acteurs locaux. Avec une production nationale de 112.000 tonnes pr\u00e9vue en 2025, contre des besoins \u00e9valu\u00e9s \u00e0 130.000 tonnes, l\u2019\u00e9cart reste limit\u00e9. \u00ab En moyenne, la demande est de 300 tonnes par jour. Gr\u00e2ce au dispositif de suivi, nous pensons pouvoir satisfaire le march\u00e9 \u00bb, rassure-t-il. Impact sur les prix Au-del\u00e0 de l\u2019approvisionnement, la question des prix est \u00e9galement au c\u0153ur des pr\u00e9occupations. La banane import\u00e9e se vendait jusqu\u2019ici autour de 1 000 FCfa le kilo pour le consommateur final. L\u2019Arm affirme avoir travaill\u00e9 \u00e0 une baisse des prix gr\u00e2ce \u00e0 la fili\u00e8re locale : le kilo livr\u00e9 aux grossistes devrait tourner autour de 450 FCfa, ce qui permettrait d\u2019afficher un prix en d\u00e9tail ne d\u00e9passant pas 800 FCfa. \u00ab Si nous parvenons \u00e0 passer de 1 000 \u00e0 800 FCfa le kilo, c\u2019est d\u00e9j\u00e0 une victoire pour le consommateur \u00bb, estime M. Semb\u00e8ne.<\/p>\n<p>Pour soutenir la fili\u00e8re, l\u2019Arm a identifi\u00e9 les infrastructures de stockage et de distribution disponibles, notamment au March\u00e9 d\u2019int\u00e9r\u00eat national de Diamniadio, o\u00f9 une chambre froide de 700 tonnes a \u00e9t\u00e9 mobilis\u00e9e. Ce dispositif doit permettre aux d\u00e9taillants de s\u2019approvisionner facilement et de s\u00e9curiser la cha\u00eene de distribution, indispensable pour un produit aussi p\u00e9rissable que la banane. Cette suspension s\u2019inscrit dans une politique plus large de r\u00e9duction des importations agricoles. \u00ab Rien que pour les produits comme l\u2019oignon, la pomme de terre, le riz ou la carotte, le S\u00e9n\u00e9gal d\u00e9pense pr\u00e8s de 500 milliards de FCfa par an \u00bb, rappelle le directeur de l\u2019Arm. La banane n\u2019est qu\u2019un volet de cette strat\u00e9gie, mais un volet jug\u00e9 crucial pour am\u00e9liorer la balance commerciale et soutenir les producteurs locaux.<\/p>\n<p><strong>Le Soleil<\/strong><\/p>\n","protected":false},"excerpt":{"rendered":"<p>L\u2019Agence de r\u00e9gulation des march\u00e9s (Arm) a annonc\u00e9, par circulaire dat\u00e9e du 1er septembre 2025, la suspension des importations de bananes au S\u00e9n\u00e9gal. Cette d\u00e9cision&#8230;<\/p>\n","protected":false},"author":1,"featured_media":8372,"comment_status":"closed","ping_status":"open","sticky":false,"template":"","format":"standard","meta":{"_jetpack_memberships_contains_paid_content":false,"footnotes":""},"categories":[8],"tags":[],"class_list":["post-8371","post","type-post","status-publish","format-standard","has-post-thumbnail","hentry","category-actualite-economique","wpcat-8-id"],"yoast_head":"<!-- This site is optimized with the Yoast SEO plugin v27.1.1 - https:\/\/yoast.com\/product\/yoast-seo-wordpress\/ -->\n<title>Suspension des importations de bananes: les raisons d\u2019une mesure in\u00e9dite - challenges economiques<\/title>\n<meta name=\"robots\" content=\"index, follow, max-snippet:-1, max-image-preview:large, max-video-preview:-1\" \/>\n<link rel=\"canonical\" href=\"https:\/\/challengeseconomiques.com\/?p=8371\" \/>\n<meta property=\"og:locale\" content=\"fr_FR\" \/>\n<meta property=\"og:type\" content=\"article\" \/>\n<meta property=\"og:title\" content=\"Suspension des importations de bananes: les raisons d\u2019une mesure in\u00e9dite - challenges economiques\" \/>\n<meta property=\"og:description\" content=\"L\u2019Agence de r\u00e9gulation des march\u00e9s (Arm) a annonc\u00e9, par circulaire dat\u00e9e du 1er septembre 2025, la suspension des importations de bananes au S\u00e9n\u00e9gal. Cette d\u00e9cision...\" \/>\n<meta property=\"og:url\" content=\"https:\/\/challengeseconomiques.com\/?p=8371\" \/>\n<meta property=\"og:site_name\" content=\"challenges economiques\" \/>\n<meta property=\"article:published_time\" content=\"2025-09-03T11:29:47+00:00\" \/>\n<meta property=\"article:modified_time\" content=\"2025-09-03T11:30:25+00:00\" \/>\n<meta property=\"og:image\" content=\"https:\/\/challengeseconomiques.com\/wp-content\/uploads\/2025\/09\/Banane-import-900x506-1.webp\" \/>\n\t<meta property=\"og:image:width\" content=\"900\" \/>\n\t<meta property=\"og:image:height\" content=\"506\" \/>\n\t<meta property=\"og:image:type\" content=\"image\/webp\" \/>\n<meta name=\"author\" content=\"admin\" \/>\n<meta name=\"twitter:card\" content=\"summary_large_image\" \/>\n<meta name=\"twitter:label1\" content=\"\u00c9crit par\" \/>\n\t<meta name=\"twitter:data1\" content=\"admin\" \/>\n\t<meta name=\"twitter:label2\" content=\"Dur\u00e9e de lecture estim\u00e9e\" \/>\n\t<meta name=\"twitter:data2\" content=\"3 minutes\" \/>\n<script type=\"application\/ld+json\" class=\"yoast-schema-graph\">{\"@context\":\"https:\/\/schema.org\",\"@graph\":[{\"@type\":\"Article\",\"@id\":\"https:\/\/challengeseconomiques.com\/?p=8371#article\",\"isPartOf\":{\"@id\":\"https:\/\/challengeseconomiques.com\/?p=8371\"},\"author\":{\"name\":\"admin\",\"@id\":\"https:\/\/challengeseconomiques.com\/#\/schema\/person\/b4568c9afebc5a9238a771873801e349\"},\"headline\":\"Suspension des importations de bananes: les raisons d\u2019une mesure in\u00e9dite\",\"datePublished\":\"2025-09-03T11:29:47+00:00\",\"dateModified\":\"2025-09-03T11:30:25+00:00\",\"mainEntityOfPage\":{\"@id\":\"https:\/\/challengeseconomiques.com\/?p=8371\"},\"wordCount\":608,\"image\":{\"@id\":\"https:\/\/challengeseconomiques.com\/?p=8371#primaryimage\"},\"thumbnailUrl\":\"https:\/\/challengeseconomiques.com\/wp-content\/uploads\/2025\/09\/Banane-import-900x506-1.webp\",\"articleSection\":[\"Actualit\u00e9 \u00e9conomique\"],\"inLanguage\":\"fr-FR\"},{\"@type\":\"WebPage\",\"@id\":\"https:\/\/challengeseconomiques.com\/?p=8371\",\"url\":\"https:\/\/challengeseconomiques.com\/?p=8371\",\"name\":\"Suspension des importations de bananes: les raisons d\u2019une mesure in\u00e9dite - challenges economiques\",\"isPartOf\":{\"@id\":\"https:\/\/challengeseconomiques.com\/#website\"},\"primaryImageOfPage\":{\"@id\":\"https:\/\/challengeseconomiques.com\/?p=8371#primaryimage\"},\"image\":{\"@id\":\"https:\/\/challengeseconomiques.com\/?p=8371#primaryimage\"},\"thumbnailUrl\":\"https:\/\/challengeseconomiques.com\/wp-content\/uploads\/2025\/09\/Banane-import-900x506-1.webp\",\"datePublished\":\"2025-09-03T11:29:47+00:00\",\"dateModified\":\"2025-09-03T11:30:25+00:00\",\"author\":{\"@id\":\"https:\/\/challengeseconomiques.com\/#\/schema\/person\/b4568c9afebc5a9238a771873801e349\"},\"breadcrumb\":{\"@id\":\"https:\/\/challengeseconomiques.com\/?p=8371#breadcrumb\"},\"inLanguage\":\"fr-FR\",\"potentialAction\":[{\"@type\":\"ReadAction\",\"target\":[\"https:\/\/challengeseconomiques.com\/?p=8371\"]}]},{\"@type\":\"ImageObject\",\"inLanguage\":\"fr-FR\",\"@id\":\"https:\/\/challengeseconomiques.com\/?p=8371#primaryimage\",\"url\":\"https:\/\/challengeseconomiques.com\/wp-content\/uploads\/2025\/09\/Banane-import-900x506-1.webp\",\"contentUrl\":\"https:\/\/challengeseconomiques.com\/wp-content\/uploads\/2025\/09\/Banane-import-900x506-1.webp\",\"width\":900,\"height\":506},{\"@type\":\"BreadcrumbList\",\"@id\":\"https:\/\/challengeseconomiques.com\/?p=8371#breadcrumb\",\"itemListElement\":[{\"@type\":\"ListItem\",\"position\":1,\"name\":\"Home\",\"item\":\"https:\/\/challengeseconomiques.com\/\"},{\"@type\":\"ListItem\",\"position\":2,\"name\":\"Suspension des importations de bananes: les raisons d\u2019une mesure in\u00e9dite\"}]},{\"@type\":\"WebSite\",\"@id\":\"https:\/\/challengeseconomiques.com\/#website\",\"url\":\"https:\/\/challengeseconomiques.com\/\",\"name\":\"challenges economiques\",\"description\":\"\",\"potentialAction\":[{\"@type\":\"SearchAction\",\"target\":{\"@type\":\"EntryPoint\",\"urlTemplate\":\"https:\/\/challengeseconomiques.com\/?s={search_term_string}\"},\"query-input\":{\"@type\":\"PropertyValueSpecification\",\"valueRequired\":true,\"valueName\":\"search_term_string\"}}],\"inLanguage\":\"fr-FR\"},{\"@type\":\"Person\",\"@id\":\"https:\/\/challengeseconomiques.com\/#\/schema\/person\/b4568c9afebc5a9238a771873801e349\",\"name\":\"admin\",\"image\":{\"@type\":\"ImageObject\",\"inLanguage\":\"fr-FR\",\"@id\":\"https:\/\/challengeseconomiques.com\/#\/schema\/person\/image\/\",\"url\":\"https:\/\/secure.gravatar.com\/avatar\/099e42240b5eea11acdb72751fcce0dd918603f0749d24974b7984ea47ed9fd9?s=96&d=mm&r=g\",\"contentUrl\":\"https:\/\/secure.gravatar.com\/avatar\/099e42240b5eea11acdb72751fcce0dd918603f0749d24974b7984ea47ed9fd9?s=96&d=mm&r=g\",\"caption\":\"admin\"},\"sameAs\":[\"https:\/\/challengeseconomiques.com\"],\"url\":\"https:\/\/challengeseconomiques.com\/?author=1\"}]}<\/script>\n<!-- \/ Yoast SEO plugin. -->","yoast_head_json":{"title":"Suspension des importations de bananes: les raisons d\u2019une mesure in\u00e9dite - challenges economiques","robots":{"index":"index","follow":"follow","max-snippet":"max-snippet:-1","max-image-preview":"max-image-preview:large","max-video-preview":"max-video-preview:-1"},"canonical":"https:\/\/challengeseconomiques.com\/?p=8371","og_locale":"fr_FR","og_type":"article","og_title":"Suspension des importations de bananes: les raisons d\u2019une mesure in\u00e9dite - challenges economiques","og_description":"L\u2019Agence de r\u00e9gulation des march\u00e9s (Arm) a annonc\u00e9, par circulaire dat\u00e9e du 1er septembre 2025, la suspension des importations de bananes au S\u00e9n\u00e9gal. Cette d\u00e9cision...","og_url":"https:\/\/challengeseconomiques.com\/?p=8371","og_site_name":"challenges economiques","article_published_time":"2025-09-03T11:29:47+00:00","article_modified_time":"2025-09-03T11:30:25+00:00","og_image":[{"width":900,"height":506,"url":"https:\/\/challengeseconomiques.com\/wp-content\/uploads\/2025\/09\/Banane-import-900x506-1.webp","type":"image\/webp"}],"author":"admin","twitter_card":"summary_large_image","twitter_misc":{"\u00c9crit par":"admin","Dur\u00e9e de lecture estim\u00e9e":"3 minutes"},"schema":{"@context":"https:\/\/schema.org","@graph":[{"@type":"Article","@id":"https:\/\/challengeseconomiques.com\/?p=8371#article","isPartOf":{"@id":"https:\/\/challengeseconomiques.com\/?p=8371"},"author":{"name":"admin","@id":"https:\/\/challengeseconomiques.com\/#\/schema\/person\/b4568c9afebc5a9238a771873801e349"},"headline":"Suspension des importations de bananes: les raisons d\u2019une mesure in\u00e9dite","datePublished":"2025-09-03T11:29:47+00:00","dateModified":"2025-09-03T11:30:25+00:00","mainEntityOfPage":{"@id":"https:\/\/challengeseconomiques.com\/?p=8371"},"wordCount":608,"image":{"@id":"https:\/\/challengeseconomiques.com\/?p=8371#primaryimage"},"thumbnailUrl":"https:\/\/challengeseconomiques.com\/wp-content\/uploads\/2025\/09\/Banane-import-900x506-1.webp","articleSection":["Actualit\u00e9 \u00e9conomique"],"inLanguage":"fr-FR"},{"@type":"WebPage","@id":"https:\/\/challengeseconomiques.com\/?p=8371","url":"https:\/\/challengeseconomiques.com\/?p=8371","name":"Suspension des importations de bananes: les raisons d\u2019une mesure in\u00e9dite - challenges economiques","isPartOf":{"@id":"https:\/\/challengeseconomiques.com\/#website"},"primaryImageOfPage":{"@id":"https:\/\/challengeseconomiques.com\/?p=8371#primaryimage"},"image":{"@id":"https:\/\/challengeseconomiques.com\/?p=8371#primaryimage"},"thumbnailUrl":"https:\/\/challengeseconomiques.com\/wp-content\/uploads\/2025\/09\/Banane-import-900x506-1.webp","datePublished":"2025-09-03T11:29:47+00:00","dateModified":"2025-09-03T11:30:25+00:00","author":{"@id":"https:\/\/challengeseconomiques.com\/#\/schema\/person\/b4568c9afebc5a9238a771873801e349"},"breadcrumb":{"@id":"https:\/\/challengeseconomiques.com\/?p=8371#breadcrumb"},"inLanguage":"fr-FR","potentialAction":[{"@type":"ReadAction","target":["https:\/\/challengeseconomiques.com\/?p=8371"]}]},{"@type":"ImageObject","inLanguage":"fr-FR","@id":"https:\/\/challengeseconomiques.com\/?p=8371#primaryimage","url":"https:\/\/challengeseconomiques.com\/wp-content\/uploads\/2025\/09\/Banane-import-900x506-1.webp","contentUrl":"https:\/\/challengeseconomiques.com\/wp-content\/uploads\/2025\/09\/Banane-import-900x506-1.webp","width":900,"height":506},{"@type":"BreadcrumbList","@id":"https:\/\/challengeseconomiques.com\/?p=8371#breadcrumb","itemListElement":[{"@type":"ListItem","position":1,"name":"Home","item":"https:\/\/challengeseconomiques.com\/"},{"@type":"ListItem","position":2,"name":"Suspension des importations de bananes: les raisons d\u2019une mesure in\u00e9dite"}]},{"@type":"WebSite","@id":"https:\/\/challengeseconomiques.com\/#website","url":"https:\/\/challengeseconomiques.com\/","name":"challenges economiques","description":"","potentialAction":[{"@type":"SearchAction","target":{"@type":"EntryPoint","urlTemplate":"https:\/\/challengeseconomiques.com\/?s={search_term_string}"},"query-input":{"@type":"PropertyValueSpecification","valueRequired":true,"valueName":"search_term_string"}}],"inLanguage":"fr-FR"},{"@type":"Person","@id":"https:\/\/challengeseconomiques.com\/#\/schema\/person\/b4568c9afebc5a9238a771873801e349","name":"admin","image":{"@type":"ImageObject","inLanguage":"fr-FR","@id":"https:\/\/challengeseconomiques.com\/#\/schema\/person\/image\/","url":"https:\/\/secure.gravatar.com\/avatar\/099e42240b5eea11acdb72751fcce0dd918603f0749d24974b7984ea47ed9fd9?s=96&d=mm&r=g","contentUrl":"https:\/\/secure.gravatar.com\/avatar\/099e42240b5eea11acdb72751fcce0dd918603f0749d24974b7984ea47ed9fd9?s=96&d=mm&r=g","caption":"admin"},"sameAs":["https:\/\/challengeseconomiques.com"],"url":"https:\/\/challengeseconomiques.com\/?author=1"}]}},"jetpack_featured_media_url":"https:\/\/challengeseconomiques.com\/wp-content\/uploads\/2025\/09\/Banane-import-900x506-1.webp","jetpack_sharing_enabled":true,"_links":{"self":[{"href":"https:\/\/challengeseconomiques.com\/index.php?rest_route=\/wp\/v2\/posts\/8371","targetHints":{"allow":["GET"]}}],"collection":[{"href":"https:\/\/challengeseconomiques.com\/index.php?rest_route=\/wp\/v2\/posts"}],"about":[{"href":"https:\/\/challengeseconomiques.com\/index.php?rest_route=\/wp\/v2\/types\/post"}],"author":[{"embeddable":true,"href":"https:\/\/challengeseconomiques.com\/index.php?rest_route=\/wp\/v2\/users\/1"}],"replies":[{"embeddable":true,"href":"https:\/\/challengeseconomiques.com\/index.php?rest_route=%2Fwp%2Fv2%2Fcomments&post=8371"}],"version-history":[{"count":1,"href":"https:\/\/challengeseconomiques.com\/index.php?rest_route=\/wp\/v2\/posts\/8371\/revisions"}],"predecessor-version":[{"id":8373,"href":"https:\/\/challengeseconomiques.com\/index.php?rest_route=\/wp\/v2\/posts\/8371\/revisions\/8373"}],"wp:featuredmedia":[{"embeddable":true,"href":"https:\/\/challengeseconomiques.com\/index.php?rest_route=\/wp\/v2\/media\/8372"}],"wp:attachment":[{"href":"https:\/\/challengeseconomiques.com\/index.php?rest_route=%2Fwp%2Fv2%2Fmedia&parent=8371"}],"wp:term":[{"taxonomy":"category","embeddable":true,"href":"https:\/\/challengeseconomiques.com\/index.php?rest_route=%2Fwp%2Fv2%2Fcategories&post=8371"},{"taxonomy":"post_tag","embeddable":true,"href":"https:\/\/challengeseconomiques.com\/index.php?rest_route=%2Fwp%2Fv2%2Ftags&post=8371"}],"curies":[{"name":"wp","href":"https:\/\/api.w.org\/{rel}","templated":true}]}}