{"id":8310,"date":"2025-07-28T12:32:25","date_gmt":"2025-07-28T12:32:25","guid":{"rendered":"https:\/\/challengeseconomiques.com\/?p=8310"},"modified":"2025-07-28T12:33:18","modified_gmt":"2025-07-28T12:33:18","slug":"forum-economique-le-dg-de-lapix-invite-les-partenaires-egyptiens-a-venir-investir-au-senegal","status":"publish","type":"post","link":"https:\/\/challengeseconomiques.com\/?p=8310","title":{"rendered":"Forum Economique : Le DG de l\u2019APIX invite les partenaires \u00e9gyptiens \u00e0 venir investir au S\u00e9n\u00e9gal"},"content":{"rendered":"<p><strong>Au cours du Forum \u00e9conomique \u00c9gypte-S\u00e9n\u00e9gal, tenu le Vendredi 25 Juillet 2025, \u00e0 la Chambre de Commerce, d\u2019Industrie et d\u2019Agriculture de Dakar (CCIAD), le directeur g\u00e9n\u00e9ral de l\u2019Agence pour la Promotion des Investissements et des Grands Travaux (APIX SA) a mis l\u2019accent sur le climat des affaires et les opportunit\u00e9s qu\u2019offre notre pays. Dans la foul\u00e9e, <\/strong><em><strong>Bakary S\u00e9ga Bathily a fortement invit\u00e9 les op\u00e9rateurs \u00e9conomiques \u00e9gyptiens \u00e0 venir investir massivement au S\u00e9n\u00e9gal.<\/strong><\/em><\/p>\n<p>&nbsp;<\/p>\n<p>\u00ab\u00a0A travers ce forum, nous souhaitons franchir une nouvelle \u00e9tape\u00a0: celle d\u2019un partenariat \u00e9conomique renforc\u00e9 \u00e0 la hauteur des ambitions de nos 2 pays\u00a0\u00bb, a soulign\u00e9 le directeur g\u00e9n\u00e9ral de l\u2019APIX, au cours du forum tenu \u00e0 la CCIAD.<\/p>\n<p><em>Bakary S\u00e9ga Bathily a rappel\u00e9 qu\u2019e<\/em>n 2024, les \u00e9changes commerciaux entre l\u2019Egypte et le S\u00e9n\u00e9gal ont atteint un volume global de 146 millions de dollars, soit une hausse de 7,6 % par rapport \u00e0 2023.<\/p>\n<p>Cette progression est tir\u00e9e par une forte croissance des exportations s\u00e9n\u00e9galaises \u00e9tablies \u00e0 35 millions de dollars, soit une hausse remarquable de 44,4 %.<\/p>\n<p>\u00ab\u00a0Nos exportations vers l\u2019Egypte traduisent la diversit\u00e9 de notre \u00e9conomie et sa mont\u00e9e en puissance, notamment avec les produits d\u2019acide phosphorique, les poissons et fruits de mer et le ciment hydraulique\u00a0\u00bb, a-t-il pr\u00e9cis\u00e9.<\/p>\n<p>Les importations depuis l\u2019Egypte s\u2019\u00e9l\u00e8vent \u00e0 hauteur de 111 millions de dollars, en l\u00e9g\u00e8re baisse de 1,3 %. Ces statistiques placent l\u2019Egypte au 4<sup>\u00e8me<\/sup> rang des fournisseurs africains du S\u00e9n\u00e9gal.<\/p>\n<p>Les importations \u00a0comprennent principalement des produits alimentaires transform\u00e9s, des engrais chimiques, des plastiques et intrants industriels.<\/p>\n<p><strong>Atouts du S\u00e9n\u00e9gal<\/strong><\/p>\n<p>Le S\u00e9n\u00e9gal dispose d\u2019importantes quantit\u00e9s de ressources mini\u00e8res notamment le phosphate, les min\u00e9raux de fer, sans compter le gaz, a-t-il \u00e9num\u00e9r\u00e9.<\/p>\n<p>Ainsi, notre pays invite ses partenaires \u00e9gyptiens dans sa nouvelle politique d\u2019import-substitution et dans la transformation locale des produits conform\u00e9ment \u00e0 la vision des nouvelles autorit\u00e9s du pays, pour une \u00e9conomie endog\u00e8ne et souveraine, dans une Afrique en progr\u00e8s.<\/p>\n<p>Le directeur g\u00e9n\u00e9ral de l\u2019APIX a mis l\u2019accent sur les r\u00e9formes entreprises pour am\u00e9liorer sensiblement le climat des affaires au S\u00e9n\u00e9gal. \u00ab\u00a0Le message est clair\u2026 Le S\u00e9n\u00e9gal change de cap et passe \u00e0 la vitesse sup\u00e9rieure pour attirer les investissements et soutenir une croissance durable, inclusive et comp\u00e9titive\u00a0\u00bb, a-t-il indiqu\u00e9.<\/p>\n<p><strong>Invite aux investisseurs \u00e9gyptiens<\/strong><\/p>\n<p>Cependant, il a d\u00e9plor\u00e9 la modeste pr\u00e9sence des investissements \u00e9gyptiens au S\u00e9n\u00e9gal, avec seulement 3 projets agr\u00e9\u00e9s via l\u2019APIX, en 20 ans. Pour renverser la tendance, Monsieur <em>Bathily<\/em> a lanc\u00e9 un appel aux investisseurs \u00e9gyptiens, en soulignant que notre pays offre beaucoup d\u2019opportunit\u00e9s.<\/p>\n<p>Selon lui, le potentiel est immense et les besoins domestiques sont criants. \u00ab\u00a0Je vous invite donc fortement \u00e0 engager avec conviction des joint-ventures fortes entre acteurs priv\u00e9s \u00e9gyptiens et s\u00e9n\u00e9galais\u00a0\u00bb, a-t-il insist\u00e9.<\/p>\n<p>Ensemble, vous pouvez r\u00e9pondre \u00e0 la demande domestique croissante, acc\u00e9l\u00e9rer l\u2019industrialisation et la transformation agroalimentaire et surtout vous positionner de fa\u00e7on privil\u00e9gi\u00e9e dans le march\u00e9 sous-r\u00e9gional en vous appuyant sur la position logistique strat\u00e9gique du S\u00e9n\u00e9gal, a-t-il ajout\u00e9.<\/p>\n<p>\u00ab\u00a0Notre pays est pr\u00eat et les infrastructures \u00e9voluent.\u00a0 Votre collaboration pourrait \u00eatre le catalyseur d\u2019un partenariat gagnant-gagnant durable\u2026\u00a0\u00bb, a-t-il d\u00e9clar\u00e9.<\/p>\n<p><strong>Joseph SENE (BIE)<br \/>\n<\/strong><\/p>\n<p>&nbsp;<\/p>\n","protected":false},"excerpt":{"rendered":"<p>Au cours du Forum \u00e9conomique \u00c9gypte-S\u00e9n\u00e9gal, tenu le Vendredi 25 Juillet 2025, \u00e0 la Chambre de Commerce, d\u2019Industrie et d\u2019Agriculture de Dakar (CCIAD), le directeur&#8230;<\/p>\n","protected":false},"author":1,"featured_media":8311,"comment_status":"closed","ping_status":"open","sticky":false,"template":"","format":"standard","meta":{"_jetpack_memberships_contains_paid_content":false,"footnotes":""},"categories":[23,8],"tags":[],"class_list":["post-8310","post","type-post","status-publish","format-standard","has-post-thumbnail","hentry","category-a-la-une","category-actualite-economique","wpcat-23-id","wpcat-8-id"],"yoast_head":"<!-- This site is optimized with the Yoast SEO plugin v27.1.1 - https:\/\/yoast.com\/product\/yoast-seo-wordpress\/ -->\n<title>Forum Economique : Le DG de l\u2019APIX invite les partenaires \u00e9gyptiens \u00e0 venir investir au S\u00e9n\u00e9gal - challenges economiques<\/title>\n<meta name=\"robots\" content=\"index, follow, max-snippet:-1, max-image-preview:large, max-video-preview:-1\" \/>\n<link rel=\"canonical\" href=\"https:\/\/challengeseconomiques.com\/?p=8310\" \/>\n<meta property=\"og:locale\" content=\"fr_FR\" \/>\n<meta property=\"og:type\" content=\"article\" \/>\n<meta property=\"og:title\" content=\"Forum Economique : Le DG de l\u2019APIX invite les partenaires \u00e9gyptiens \u00e0 venir investir au S\u00e9n\u00e9gal - challenges economiques\" \/>\n<meta property=\"og:description\" content=\"Au cours du Forum \u00e9conomique \u00c9gypte-S\u00e9n\u00e9gal, tenu le Vendredi 25 Juillet 2025, \u00e0 la Chambre de Commerce, d\u2019Industrie et d\u2019Agriculture de Dakar (CCIAD), le directeur...\" \/>\n<meta property=\"og:url\" content=\"https:\/\/challengeseconomiques.com\/?p=8310\" \/>\n<meta property=\"og:site_name\" content=\"challenges economiques\" \/>\n<meta property=\"article:published_time\" content=\"2025-07-28T12:32:25+00:00\" \/>\n<meta property=\"article:modified_time\" content=\"2025-07-28T12:33:18+00:00\" \/>\n<meta property=\"og:image\" content=\"https:\/\/challengeseconomiques.com\/wp-content\/uploads\/2025\/07\/bathilyapix.jpeg\" \/>\n\t<meta property=\"og:image:width\" content=\"1434\" \/>\n\t<meta property=\"og:image:height\" content=\"804\" \/>\n\t<meta property=\"og:image:type\" content=\"image\/jpeg\" \/>\n<meta name=\"author\" content=\"admin\" \/>\n<meta name=\"twitter:card\" content=\"summary_large_image\" \/>\n<meta name=\"twitter:label1\" content=\"\u00c9crit par\" \/>\n\t<meta name=\"twitter:data1\" content=\"admin\" \/>\n\t<meta name=\"twitter:label2\" content=\"Dur\u00e9e de lecture estim\u00e9e\" \/>\n\t<meta name=\"twitter:data2\" content=\"3 minutes\" \/>\n<script type=\"application\/ld+json\" class=\"yoast-schema-graph\">{\"@context\":\"https:\/\/schema.org\",\"@graph\":[{\"@type\":\"Article\",\"@id\":\"https:\/\/challengeseconomiques.com\/?p=8310#article\",\"isPartOf\":{\"@id\":\"https:\/\/challengeseconomiques.com\/?p=8310\"},\"author\":{\"name\":\"admin\",\"@id\":\"https:\/\/challengeseconomiques.com\/#\/schema\/person\/b4568c9afebc5a9238a771873801e349\"},\"headline\":\"Forum Economique : Le DG de l\u2019APIX invite les partenaires \u00e9gyptiens \u00e0 venir investir au S\u00e9n\u00e9gal\",\"datePublished\":\"2025-07-28T12:32:25+00:00\",\"dateModified\":\"2025-07-28T12:33:18+00:00\",\"mainEntityOfPage\":{\"@id\":\"https:\/\/challengeseconomiques.com\/?p=8310\"},\"wordCount\":585,\"image\":{\"@id\":\"https:\/\/challengeseconomiques.com\/?p=8310#primaryimage\"},\"thumbnailUrl\":\"https:\/\/challengeseconomiques.com\/wp-content\/uploads\/2025\/07\/bathilyapix.jpeg\",\"articleSection\":[\"A la une\",\"Actualit\u00e9 \u00e9conomique\"],\"inLanguage\":\"fr-FR\"},{\"@type\":\"WebPage\",\"@id\":\"https:\/\/challengeseconomiques.com\/?p=8310\",\"url\":\"https:\/\/challengeseconomiques.com\/?p=8310\",\"name\":\"Forum Economique : Le DG de l\u2019APIX invite les partenaires \u00e9gyptiens \u00e0 venir investir au S\u00e9n\u00e9gal - challenges economiques\",\"isPartOf\":{\"@id\":\"https:\/\/challengeseconomiques.com\/#website\"},\"primaryImageOfPage\":{\"@id\":\"https:\/\/challengeseconomiques.com\/?p=8310#primaryimage\"},\"image\":{\"@id\":\"https:\/\/challengeseconomiques.com\/?p=8310#primaryimage\"},\"thumbnailUrl\":\"https:\/\/challengeseconomiques.com\/wp-content\/uploads\/2025\/07\/bathilyapix.jpeg\",\"datePublished\":\"2025-07-28T12:32:25+00:00\",\"dateModified\":\"2025-07-28T12:33:18+00:00\",\"author\":{\"@id\":\"https:\/\/challengeseconomiques.com\/#\/schema\/person\/b4568c9afebc5a9238a771873801e349\"},\"breadcrumb\":{\"@id\":\"https:\/\/challengeseconomiques.com\/?p=8310#breadcrumb\"},\"inLanguage\":\"fr-FR\",\"potentialAction\":[{\"@type\":\"ReadAction\",\"target\":[\"https:\/\/challengeseconomiques.com\/?p=8310\"]}]},{\"@type\":\"ImageObject\",\"inLanguage\":\"fr-FR\",\"@id\":\"https:\/\/challengeseconomiques.com\/?p=8310#primaryimage\",\"url\":\"https:\/\/challengeseconomiques.com\/wp-content\/uploads\/2025\/07\/bathilyapix.jpeg\",\"contentUrl\":\"https:\/\/challengeseconomiques.com\/wp-content\/uploads\/2025\/07\/bathilyapix.jpeg\",\"width\":1434,\"height\":804},{\"@type\":\"BreadcrumbList\",\"@id\":\"https:\/\/challengeseconomiques.com\/?p=8310#breadcrumb\",\"itemListElement\":[{\"@type\":\"ListItem\",\"position\":1,\"name\":\"Home\",\"item\":\"https:\/\/challengeseconomiques.com\/\"},{\"@type\":\"ListItem\",\"position\":2,\"name\":\"Forum Economique : Le DG de l\u2019APIX invite les partenaires \u00e9gyptiens \u00e0 venir investir au S\u00e9n\u00e9gal\"}]},{\"@type\":\"WebSite\",\"@id\":\"https:\/\/challengeseconomiques.com\/#website\",\"url\":\"https:\/\/challengeseconomiques.com\/\",\"name\":\"challenges economiques\",\"description\":\"\",\"potentialAction\":[{\"@type\":\"SearchAction\",\"target\":{\"@type\":\"EntryPoint\",\"urlTemplate\":\"https:\/\/challengeseconomiques.com\/?s={search_term_string}\"},\"query-input\":{\"@type\":\"PropertyValueSpecification\",\"valueRequired\":true,\"valueName\":\"search_term_string\"}}],\"inLanguage\":\"fr-FR\"},{\"@type\":\"Person\",\"@id\":\"https:\/\/challengeseconomiques.com\/#\/schema\/person\/b4568c9afebc5a9238a771873801e349\",\"name\":\"admin\",\"image\":{\"@type\":\"ImageObject\",\"inLanguage\":\"fr-FR\",\"@id\":\"https:\/\/challengeseconomiques.com\/#\/schema\/person\/image\/\",\"url\":\"https:\/\/secure.gravatar.com\/avatar\/099e42240b5eea11acdb72751fcce0dd918603f0749d24974b7984ea47ed9fd9?s=96&d=mm&r=g\",\"contentUrl\":\"https:\/\/secure.gravatar.com\/avatar\/099e42240b5eea11acdb72751fcce0dd918603f0749d24974b7984ea47ed9fd9?s=96&d=mm&r=g\",\"caption\":\"admin\"},\"sameAs\":[\"https:\/\/challengeseconomiques.com\"],\"url\":\"https:\/\/challengeseconomiques.com\/?author=1\"}]}<\/script>\n<!-- \/ Yoast SEO plugin. -->","yoast_head_json":{"title":"Forum Economique : Le DG de l\u2019APIX invite les partenaires \u00e9gyptiens \u00e0 venir investir au S\u00e9n\u00e9gal - challenges economiques","robots":{"index":"index","follow":"follow","max-snippet":"max-snippet:-1","max-image-preview":"max-image-preview:large","max-video-preview":"max-video-preview:-1"},"canonical":"https:\/\/challengeseconomiques.com\/?p=8310","og_locale":"fr_FR","og_type":"article","og_title":"Forum Economique : Le DG de l\u2019APIX invite les partenaires \u00e9gyptiens \u00e0 venir investir au S\u00e9n\u00e9gal - challenges economiques","og_description":"Au cours du Forum \u00e9conomique \u00c9gypte-S\u00e9n\u00e9gal, tenu le Vendredi 25 Juillet 2025, \u00e0 la Chambre de Commerce, d\u2019Industrie et d\u2019Agriculture de Dakar (CCIAD), le directeur...","og_url":"https:\/\/challengeseconomiques.com\/?p=8310","og_site_name":"challenges economiques","article_published_time":"2025-07-28T12:32:25+00:00","article_modified_time":"2025-07-28T12:33:18+00:00","og_image":[{"width":1434,"height":804,"url":"https:\/\/challengeseconomiques.com\/wp-content\/uploads\/2025\/07\/bathilyapix.jpeg","type":"image\/jpeg"}],"author":"admin","twitter_card":"summary_large_image","twitter_misc":{"\u00c9crit par":"admin","Dur\u00e9e de lecture estim\u00e9e":"3 minutes"},"schema":{"@context":"https:\/\/schema.org","@graph":[{"@type":"Article","@id":"https:\/\/challengeseconomiques.com\/?p=8310#article","isPartOf":{"@id":"https:\/\/challengeseconomiques.com\/?p=8310"},"author":{"name":"admin","@id":"https:\/\/challengeseconomiques.com\/#\/schema\/person\/b4568c9afebc5a9238a771873801e349"},"headline":"Forum Economique : Le DG de l\u2019APIX invite les partenaires \u00e9gyptiens \u00e0 venir investir au S\u00e9n\u00e9gal","datePublished":"2025-07-28T12:32:25+00:00","dateModified":"2025-07-28T12:33:18+00:00","mainEntityOfPage":{"@id":"https:\/\/challengeseconomiques.com\/?p=8310"},"wordCount":585,"image":{"@id":"https:\/\/challengeseconomiques.com\/?p=8310#primaryimage"},"thumbnailUrl":"https:\/\/challengeseconomiques.com\/wp-content\/uploads\/2025\/07\/bathilyapix.jpeg","articleSection":["A la une","Actualit\u00e9 \u00e9conomique"],"inLanguage":"fr-FR"},{"@type":"WebPage","@id":"https:\/\/challengeseconomiques.com\/?p=8310","url":"https:\/\/challengeseconomiques.com\/?p=8310","name":"Forum Economique : Le DG de l\u2019APIX invite les partenaires \u00e9gyptiens \u00e0 venir investir au S\u00e9n\u00e9gal - challenges economiques","isPartOf":{"@id":"https:\/\/challengeseconomiques.com\/#website"},"primaryImageOfPage":{"@id":"https:\/\/challengeseconomiques.com\/?p=8310#primaryimage"},"image":{"@id":"https:\/\/challengeseconomiques.com\/?p=8310#primaryimage"},"thumbnailUrl":"https:\/\/challengeseconomiques.com\/wp-content\/uploads\/2025\/07\/bathilyapix.jpeg","datePublished":"2025-07-28T12:32:25+00:00","dateModified":"2025-07-28T12:33:18+00:00","author":{"@id":"https:\/\/challengeseconomiques.com\/#\/schema\/person\/b4568c9afebc5a9238a771873801e349"},"breadcrumb":{"@id":"https:\/\/challengeseconomiques.com\/?p=8310#breadcrumb"},"inLanguage":"fr-FR","potentialAction":[{"@type":"ReadAction","target":["https:\/\/challengeseconomiques.com\/?p=8310"]}]},{"@type":"ImageObject","inLanguage":"fr-FR","@id":"https:\/\/challengeseconomiques.com\/?p=8310#primaryimage","url":"https:\/\/challengeseconomiques.com\/wp-content\/uploads\/2025\/07\/bathilyapix.jpeg","contentUrl":"https:\/\/challengeseconomiques.com\/wp-content\/uploads\/2025\/07\/bathilyapix.jpeg","width":1434,"height":804},{"@type":"BreadcrumbList","@id":"https:\/\/challengeseconomiques.com\/?p=8310#breadcrumb","itemListElement":[{"@type":"ListItem","position":1,"name":"Home","item":"https:\/\/challengeseconomiques.com\/"},{"@type":"ListItem","position":2,"name":"Forum Economique : Le DG de l\u2019APIX invite les partenaires \u00e9gyptiens \u00e0 venir investir au S\u00e9n\u00e9gal"}]},{"@type":"WebSite","@id":"https:\/\/challengeseconomiques.com\/#website","url":"https:\/\/challengeseconomiques.com\/","name":"challenges economiques","description":"","potentialAction":[{"@type":"SearchAction","target":{"@type":"EntryPoint","urlTemplate":"https:\/\/challengeseconomiques.com\/?s={search_term_string}"},"query-input":{"@type":"PropertyValueSpecification","valueRequired":true,"valueName":"search_term_string"}}],"inLanguage":"fr-FR"},{"@type":"Person","@id":"https:\/\/challengeseconomiques.com\/#\/schema\/person\/b4568c9afebc5a9238a771873801e349","name":"admin","image":{"@type":"ImageObject","inLanguage":"fr-FR","@id":"https:\/\/challengeseconomiques.com\/#\/schema\/person\/image\/","url":"https:\/\/secure.gravatar.com\/avatar\/099e42240b5eea11acdb72751fcce0dd918603f0749d24974b7984ea47ed9fd9?s=96&d=mm&r=g","contentUrl":"https:\/\/secure.gravatar.com\/avatar\/099e42240b5eea11acdb72751fcce0dd918603f0749d24974b7984ea47ed9fd9?s=96&d=mm&r=g","caption":"admin"},"sameAs":["https:\/\/challengeseconomiques.com"],"url":"https:\/\/challengeseconomiques.com\/?author=1"}]}},"jetpack_featured_media_url":"https:\/\/challengeseconomiques.com\/wp-content\/uploads\/2025\/07\/bathilyapix.jpeg","jetpack_sharing_enabled":true,"_links":{"self":[{"href":"https:\/\/challengeseconomiques.com\/index.php?rest_route=\/wp\/v2\/posts\/8310","targetHints":{"allow":["GET"]}}],"collection":[{"href":"https:\/\/challengeseconomiques.com\/index.php?rest_route=\/wp\/v2\/posts"}],"about":[{"href":"https:\/\/challengeseconomiques.com\/index.php?rest_route=\/wp\/v2\/types\/post"}],"author":[{"embeddable":true,"href":"https:\/\/challengeseconomiques.com\/index.php?rest_route=\/wp\/v2\/users\/1"}],"replies":[{"embeddable":true,"href":"https:\/\/challengeseconomiques.com\/index.php?rest_route=%2Fwp%2Fv2%2Fcomments&post=8310"}],"version-history":[{"count":1,"href":"https:\/\/challengeseconomiques.com\/index.php?rest_route=\/wp\/v2\/posts\/8310\/revisions"}],"predecessor-version":[{"id":8312,"href":"https:\/\/challengeseconomiques.com\/index.php?rest_route=\/wp\/v2\/posts\/8310\/revisions\/8312"}],"wp:featuredmedia":[{"embeddable":true,"href":"https:\/\/challengeseconomiques.com\/index.php?rest_route=\/wp\/v2\/media\/8311"}],"wp:attachment":[{"href":"https:\/\/challengeseconomiques.com\/index.php?rest_route=%2Fwp%2Fv2%2Fmedia&parent=8310"}],"wp:term":[{"taxonomy":"category","embeddable":true,"href":"https:\/\/challengeseconomiques.com\/index.php?rest_route=%2Fwp%2Fv2%2Fcategories&post=8310"},{"taxonomy":"post_tag","embeddable":true,"href":"https:\/\/challengeseconomiques.com\/index.php?rest_route=%2Fwp%2Fv2%2Ftags&post=8310"}],"curies":[{"name":"wp","href":"https:\/\/api.w.org\/{rel}","templated":true}]}}