{"id":8305,"date":"2025-07-25T11:18:19","date_gmt":"2025-07-25T11:18:19","guid":{"rendered":"https:\/\/challengeseconomiques.com\/?p=8305"},"modified":"2025-07-25T11:22:58","modified_gmt":"2025-07-25T11:22:58","slug":"modernisation-des-finances-publiques-l-etat-mise-sur-le-sigif","status":"publish","type":"post","link":"https:\/\/challengeseconomiques.com\/?p=8305","title":{"rendered":"Modernisation des finances publiques  :  L&rsquo; \u00c9tat mise sur le SIGIF"},"content":{"rendered":"<p>La c\u00e9r\u00e9monie de lancement du d\u00e9ploiement du module comptable du Syst\u00e8me int\u00e9gr\u00e9 de Gestion de l\u2019Information financi\u00e8re (SIGIF) s&rsquo;est tenu le mercredi 23 juillet 2025 \u00e0 Dakar. Venu repr\u00e9senter le ministre des Finances et du Budget, son directeur de Cabinet, Bassirou Sarr a fait une pr\u00e9sentation d\u00e9taill\u00e9e dudit syst\u00e8me. Il a mis en exergue les avantages d&rsquo;une r\u00e9forme d&rsquo;une telle envergure.<\/p>\n<p>Le directeur de Cabinet du ministre des Finances et du Budget, Bassirou Sarr inscrit le lancement du SIGIF dans la dynamique d\u2019innovation et de modernisation dans laquelle s\u2019est r\u00e9solument engag\u00e9 le Minist\u00e8re des Finances et du Budget, afin d\u2019am\u00e9liorer la gouvernance de nos Finances publiques. Celle-ci pr\u00f4ne \u00a0plus d\u2019efficacit\u00e9, de transparence et d\u2019inclusivit\u00e9 sur toute la cha\u00eene de traitement des op\u00e9rations financi\u00e8res.<\/p>\n<p>Comme annonc\u00e9 par le Pr\u00e9sident de la R\u00e9publique, M. Bassirou Diomaye Faye dans son adresse \u00e0 la Nation, le 3 avril 2025, la c\u00e9r\u00e9monie valide \u00ab Le basculement int\u00e9gral dans le Syst\u00e8me Int\u00e9gr\u00e9 de Gestion de l\u2019Information financi\u00e8re [qui] permettra de renforcer l\u2019int\u00e9grit\u00e9 des op\u00e9rations budg\u00e9taires et financi\u00e8res et le suivi strict du patrimoine de l\u2019Etat \u00bb.<\/p>\n<p>D&rsquo;apr\u00e8s M. Sarr, il repr\u00e9sente un tournant majeur et d\u00e9terminant dans le processus de digitalisation de la gestion publique. L&rsquo;objectif, poursuit-il, est de r\u00e9pondre aux d\u00e9fis contemporains \u00e0 savoir renforcer l&rsquo;efficacit\u00e9, la transparence et l&rsquo;acc\u00e8s aux services financiers offerts par l&rsquo;\u00c9tat. La modernisation se fera en trois phases le redressement, la transformation et l&rsquo;acc\u00e9l\u00e9ration.<\/p>\n<p>La d\u00e9cision strat\u00e9gique d\u2019impl\u00e9mentation du Syst\u00e8me Int\u00e9gr\u00e9 de Gestion de l\u2019Information Financi\u00e8re (SIGIF) \u00e9tait une des mesures phares de processus de mise en \u0153uvre des r\u00e9formes budg\u00e9taire et comptable de l\u2019Etat d\u00e9coulant du nouveau cadre harmonis\u00e9 de gestion des finances publiques dans les pays de l\u2019UEMOA.<\/p>\n<p>Le SIGIF est un des piliers majeurs de notre strat\u00e9gie de modernisation des finances publiques. Il constitue le socle d\u2019une administration financi\u00e8re num\u00e9rique, int\u00e9gr\u00e9e et s\u00e9curis\u00e9e, capable de piloter l\u2019ensemble de la cha\u00eene budg\u00e9taire, comptable et fiscale dans un \u00e9cosyst\u00e8me coh\u00e9rent et interconnect\u00e9.<\/p>\n<p>Le SIGIF int\u00e8gre les meilleures technologies \u00e0 savoir une infrastructure modernis\u00e9e et s\u00e9curis\u00e9e, une interop\u00e9rabilit\u00e9 avec les syst\u00e8mes existants :fiscalit\u00e9, douane, paie. Il garantit une tra\u00e7abilit\u00e9 en temps r\u00e9el des flux financiers. Le syst\u00e8me inclut des portails digitaux pour l\u2019ensemble des acteurs de la cha\u00eene financi\u00e8re.<\/p>\n<p>Le SIGIF permettra des \u00ab reportings \u00bb automatis\u00e9s, des tableaux de bord de pilotage en temps r\u00e9el et une capacit\u00e9 accrue d\u2019anticipation et d\u2019analyse au service de la d\u00e9cision publique. Cette technologie est un gage de souverainet\u00e9 num\u00e9rique.<\/p>\n<p>Pour garantir, le succ\u00e8s d&rsquo;une telle r\u00e9forme, l&rsquo;\u00c9tat mise sur gouvernance structur\u00e9e, pilot\u00e9e par la Cellule d\u00e9di\u00e9e au sein du Minist\u00e8re des Finances et du Budget, en collaboration avec la Direction G\u00e9n\u00e9rale de la Comptabilit\u00e9 Publique et du Tr\u00e9sor (DGCPT).<\/p>\n<p>La mise en \u0153uvre du SIGIF fera appel \u00e0 plus de 1 500 experts, fonctionnels et techniciens \u00e0 travers des chantiers successifs, qui d\u00e9marrent d\u00e8s aujourd\u2019hui et se poursuivront au cours des prochaines ann\u00e9es. Ces chantiers, au nombre de 10, couvriront aussi bien la gouvernance, l\u2019infrastructure, les applications, que les processus m\u00e9tiers.<\/p>\n<p>&nbsp;<\/p>\n","protected":false},"excerpt":{"rendered":"<p>La c\u00e9r\u00e9monie de lancement du d\u00e9ploiement du module comptable du Syst\u00e8me int\u00e9gr\u00e9 de Gestion de l\u2019Information financi\u00e8re (SIGIF) s&rsquo;est tenu le mercredi 23 juillet 2025&#8230;<\/p>\n","protected":false},"author":1,"featured_media":8308,"comment_status":"closed","ping_status":"open","sticky":false,"template":"","format":"standard","meta":{"_jetpack_memberships_contains_paid_content":false,"footnotes":""},"categories":[8,10],"tags":[],"class_list":["post-8305","post","type-post","status-publish","format-standard","has-post-thumbnail","hentry","category-actualite-economique","category-infos-eco","wpcat-8-id","wpcat-10-id"],"yoast_head":"<!-- This site is optimized with the Yoast SEO plugin v27.1.1 - https:\/\/yoast.com\/product\/yoast-seo-wordpress\/ -->\n<title>Modernisation des finances publiques : L&#039; \u00c9tat mise sur le SIGIF - challenges economiques<\/title>\n<meta name=\"robots\" content=\"index, follow, max-snippet:-1, max-image-preview:large, max-video-preview:-1\" \/>\n<link rel=\"canonical\" href=\"https:\/\/challengeseconomiques.com\/?p=8305\" \/>\n<meta property=\"og:locale\" content=\"fr_FR\" \/>\n<meta property=\"og:type\" content=\"article\" \/>\n<meta property=\"og:title\" content=\"Modernisation des finances publiques : L&#039; \u00c9tat mise sur le SIGIF - challenges economiques\" \/>\n<meta property=\"og:description\" content=\"La c\u00e9r\u00e9monie de lancement du d\u00e9ploiement du module comptable du Syst\u00e8me int\u00e9gr\u00e9 de Gestion de l\u2019Information financi\u00e8re (SIGIF) s&rsquo;est tenu le mercredi 23 juillet 2025...\" \/>\n<meta property=\"og:url\" content=\"https:\/\/challengeseconomiques.com\/?p=8305\" \/>\n<meta property=\"og:site_name\" content=\"challenges economiques\" \/>\n<meta property=\"article:published_time\" content=\"2025-07-25T11:18:19+00:00\" \/>\n<meta property=\"article:modified_time\" content=\"2025-07-25T11:22:58+00:00\" \/>\n<meta property=\"og:image\" content=\"https:\/\/challengeseconomiques.com\/wp-content\/uploads\/2025\/07\/bassirousarr.png\" \/>\n\t<meta property=\"og:image:width\" content=\"612\" \/>\n\t<meta property=\"og:image:height\" content=\"298\" \/>\n\t<meta property=\"og:image:type\" content=\"image\/png\" \/>\n<meta name=\"author\" content=\"admin\" \/>\n<meta name=\"twitter:card\" content=\"summary_large_image\" \/>\n<meta name=\"twitter:label1\" content=\"\u00c9crit par\" \/>\n\t<meta name=\"twitter:data1\" content=\"admin\" \/>\n\t<meta name=\"twitter:label2\" content=\"Dur\u00e9e de lecture estim\u00e9e\" \/>\n\t<meta name=\"twitter:data2\" content=\"3 minutes\" \/>\n<script type=\"application\/ld+json\" class=\"yoast-schema-graph\">{\"@context\":\"https:\/\/schema.org\",\"@graph\":[{\"@type\":\"Article\",\"@id\":\"https:\/\/challengeseconomiques.com\/?p=8305#article\",\"isPartOf\":{\"@id\":\"https:\/\/challengeseconomiques.com\/?p=8305\"},\"author\":{\"name\":\"admin\",\"@id\":\"https:\/\/challengeseconomiques.com\/#\/schema\/person\/b4568c9afebc5a9238a771873801e349\"},\"headline\":\"Modernisation des finances publiques : L&rsquo; \u00c9tat mise sur le SIGIF\",\"datePublished\":\"2025-07-25T11:18:19+00:00\",\"dateModified\":\"2025-07-25T11:22:58+00:00\",\"mainEntityOfPage\":{\"@id\":\"https:\/\/challengeseconomiques.com\/?p=8305\"},\"wordCount\":612,\"image\":{\"@id\":\"https:\/\/challengeseconomiques.com\/?p=8305#primaryimage\"},\"thumbnailUrl\":\"https:\/\/challengeseconomiques.com\/wp-content\/uploads\/2025\/07\/bassirousarr.png\",\"articleSection\":[\"Actualit\u00e9 \u00e9conomique\",\"Infos \u00e9co\"],\"inLanguage\":\"fr-FR\"},{\"@type\":\"WebPage\",\"@id\":\"https:\/\/challengeseconomiques.com\/?p=8305\",\"url\":\"https:\/\/challengeseconomiques.com\/?p=8305\",\"name\":\"Modernisation des finances publiques : L' \u00c9tat mise sur le SIGIF - challenges economiques\",\"isPartOf\":{\"@id\":\"https:\/\/challengeseconomiques.com\/#website\"},\"primaryImageOfPage\":{\"@id\":\"https:\/\/challengeseconomiques.com\/?p=8305#primaryimage\"},\"image\":{\"@id\":\"https:\/\/challengeseconomiques.com\/?p=8305#primaryimage\"},\"thumbnailUrl\":\"https:\/\/challengeseconomiques.com\/wp-content\/uploads\/2025\/07\/bassirousarr.png\",\"datePublished\":\"2025-07-25T11:18:19+00:00\",\"dateModified\":\"2025-07-25T11:22:58+00:00\",\"author\":{\"@id\":\"https:\/\/challengeseconomiques.com\/#\/schema\/person\/b4568c9afebc5a9238a771873801e349\"},\"breadcrumb\":{\"@id\":\"https:\/\/challengeseconomiques.com\/?p=8305#breadcrumb\"},\"inLanguage\":\"fr-FR\",\"potentialAction\":[{\"@type\":\"ReadAction\",\"target\":[\"https:\/\/challengeseconomiques.com\/?p=8305\"]}]},{\"@type\":\"ImageObject\",\"inLanguage\":\"fr-FR\",\"@id\":\"https:\/\/challengeseconomiques.com\/?p=8305#primaryimage\",\"url\":\"https:\/\/challengeseconomiques.com\/wp-content\/uploads\/2025\/07\/bassirousarr.png\",\"contentUrl\":\"https:\/\/challengeseconomiques.com\/wp-content\/uploads\/2025\/07\/bassirousarr.png\",\"width\":612,\"height\":298},{\"@type\":\"BreadcrumbList\",\"@id\":\"https:\/\/challengeseconomiques.com\/?p=8305#breadcrumb\",\"itemListElement\":[{\"@type\":\"ListItem\",\"position\":1,\"name\":\"Home\",\"item\":\"https:\/\/challengeseconomiques.com\/\"},{\"@type\":\"ListItem\",\"position\":2,\"name\":\"Modernisation des finances publiques : L&#8217; \u00c9tat mise sur le SIGIF\"}]},{\"@type\":\"WebSite\",\"@id\":\"https:\/\/challengeseconomiques.com\/#website\",\"url\":\"https:\/\/challengeseconomiques.com\/\",\"name\":\"challenges economiques\",\"description\":\"\",\"potentialAction\":[{\"@type\":\"SearchAction\",\"target\":{\"@type\":\"EntryPoint\",\"urlTemplate\":\"https:\/\/challengeseconomiques.com\/?s={search_term_string}\"},\"query-input\":{\"@type\":\"PropertyValueSpecification\",\"valueRequired\":true,\"valueName\":\"search_term_string\"}}],\"inLanguage\":\"fr-FR\"},{\"@type\":\"Person\",\"@id\":\"https:\/\/challengeseconomiques.com\/#\/schema\/person\/b4568c9afebc5a9238a771873801e349\",\"name\":\"admin\",\"image\":{\"@type\":\"ImageObject\",\"inLanguage\":\"fr-FR\",\"@id\":\"https:\/\/challengeseconomiques.com\/#\/schema\/person\/image\/\",\"url\":\"https:\/\/secure.gravatar.com\/avatar\/099e42240b5eea11acdb72751fcce0dd918603f0749d24974b7984ea47ed9fd9?s=96&d=mm&r=g\",\"contentUrl\":\"https:\/\/secure.gravatar.com\/avatar\/099e42240b5eea11acdb72751fcce0dd918603f0749d24974b7984ea47ed9fd9?s=96&d=mm&r=g\",\"caption\":\"admin\"},\"sameAs\":[\"https:\/\/challengeseconomiques.com\"],\"url\":\"https:\/\/challengeseconomiques.com\/?author=1\"}]}<\/script>\n<!-- \/ Yoast SEO plugin. -->","yoast_head_json":{"title":"Modernisation des finances publiques : L' \u00c9tat mise sur le SIGIF - challenges economiques","robots":{"index":"index","follow":"follow","max-snippet":"max-snippet:-1","max-image-preview":"max-image-preview:large","max-video-preview":"max-video-preview:-1"},"canonical":"https:\/\/challengeseconomiques.com\/?p=8305","og_locale":"fr_FR","og_type":"article","og_title":"Modernisation des finances publiques : L' \u00c9tat mise sur le SIGIF - challenges economiques","og_description":"La c\u00e9r\u00e9monie de lancement du d\u00e9ploiement du module comptable du Syst\u00e8me int\u00e9gr\u00e9 de Gestion de l\u2019Information financi\u00e8re (SIGIF) s&rsquo;est tenu le mercredi 23 juillet 2025...","og_url":"https:\/\/challengeseconomiques.com\/?p=8305","og_site_name":"challenges economiques","article_published_time":"2025-07-25T11:18:19+00:00","article_modified_time":"2025-07-25T11:22:58+00:00","og_image":[{"width":612,"height":298,"url":"https:\/\/challengeseconomiques.com\/wp-content\/uploads\/2025\/07\/bassirousarr.png","type":"image\/png"}],"author":"admin","twitter_card":"summary_large_image","twitter_misc":{"\u00c9crit par":"admin","Dur\u00e9e de lecture estim\u00e9e":"3 minutes"},"schema":{"@context":"https:\/\/schema.org","@graph":[{"@type":"Article","@id":"https:\/\/challengeseconomiques.com\/?p=8305#article","isPartOf":{"@id":"https:\/\/challengeseconomiques.com\/?p=8305"},"author":{"name":"admin","@id":"https:\/\/challengeseconomiques.com\/#\/schema\/person\/b4568c9afebc5a9238a771873801e349"},"headline":"Modernisation des finances publiques : L&rsquo; \u00c9tat mise sur le SIGIF","datePublished":"2025-07-25T11:18:19+00:00","dateModified":"2025-07-25T11:22:58+00:00","mainEntityOfPage":{"@id":"https:\/\/challengeseconomiques.com\/?p=8305"},"wordCount":612,"image":{"@id":"https:\/\/challengeseconomiques.com\/?p=8305#primaryimage"},"thumbnailUrl":"https:\/\/challengeseconomiques.com\/wp-content\/uploads\/2025\/07\/bassirousarr.png","articleSection":["Actualit\u00e9 \u00e9conomique","Infos \u00e9co"],"inLanguage":"fr-FR"},{"@type":"WebPage","@id":"https:\/\/challengeseconomiques.com\/?p=8305","url":"https:\/\/challengeseconomiques.com\/?p=8305","name":"Modernisation des finances publiques : L' \u00c9tat mise sur le SIGIF - challenges economiques","isPartOf":{"@id":"https:\/\/challengeseconomiques.com\/#website"},"primaryImageOfPage":{"@id":"https:\/\/challengeseconomiques.com\/?p=8305#primaryimage"},"image":{"@id":"https:\/\/challengeseconomiques.com\/?p=8305#primaryimage"},"thumbnailUrl":"https:\/\/challengeseconomiques.com\/wp-content\/uploads\/2025\/07\/bassirousarr.png","datePublished":"2025-07-25T11:18:19+00:00","dateModified":"2025-07-25T11:22:58+00:00","author":{"@id":"https:\/\/challengeseconomiques.com\/#\/schema\/person\/b4568c9afebc5a9238a771873801e349"},"breadcrumb":{"@id":"https:\/\/challengeseconomiques.com\/?p=8305#breadcrumb"},"inLanguage":"fr-FR","potentialAction":[{"@type":"ReadAction","target":["https:\/\/challengeseconomiques.com\/?p=8305"]}]},{"@type":"ImageObject","inLanguage":"fr-FR","@id":"https:\/\/challengeseconomiques.com\/?p=8305#primaryimage","url":"https:\/\/challengeseconomiques.com\/wp-content\/uploads\/2025\/07\/bassirousarr.png","contentUrl":"https:\/\/challengeseconomiques.com\/wp-content\/uploads\/2025\/07\/bassirousarr.png","width":612,"height":298},{"@type":"BreadcrumbList","@id":"https:\/\/challengeseconomiques.com\/?p=8305#breadcrumb","itemListElement":[{"@type":"ListItem","position":1,"name":"Home","item":"https:\/\/challengeseconomiques.com\/"},{"@type":"ListItem","position":2,"name":"Modernisation des finances publiques : L&#8217; \u00c9tat mise sur le SIGIF"}]},{"@type":"WebSite","@id":"https:\/\/challengeseconomiques.com\/#website","url":"https:\/\/challengeseconomiques.com\/","name":"challenges economiques","description":"","potentialAction":[{"@type":"SearchAction","target":{"@type":"EntryPoint","urlTemplate":"https:\/\/challengeseconomiques.com\/?s={search_term_string}"},"query-input":{"@type":"PropertyValueSpecification","valueRequired":true,"valueName":"search_term_string"}}],"inLanguage":"fr-FR"},{"@type":"Person","@id":"https:\/\/challengeseconomiques.com\/#\/schema\/person\/b4568c9afebc5a9238a771873801e349","name":"admin","image":{"@type":"ImageObject","inLanguage":"fr-FR","@id":"https:\/\/challengeseconomiques.com\/#\/schema\/person\/image\/","url":"https:\/\/secure.gravatar.com\/avatar\/099e42240b5eea11acdb72751fcce0dd918603f0749d24974b7984ea47ed9fd9?s=96&d=mm&r=g","contentUrl":"https:\/\/secure.gravatar.com\/avatar\/099e42240b5eea11acdb72751fcce0dd918603f0749d24974b7984ea47ed9fd9?s=96&d=mm&r=g","caption":"admin"},"sameAs":["https:\/\/challengeseconomiques.com"],"url":"https:\/\/challengeseconomiques.com\/?author=1"}]}},"jetpack_featured_media_url":"https:\/\/challengeseconomiques.com\/wp-content\/uploads\/2025\/07\/bassirousarr.png","jetpack_sharing_enabled":true,"_links":{"self":[{"href":"https:\/\/challengeseconomiques.com\/index.php?rest_route=\/wp\/v2\/posts\/8305","targetHints":{"allow":["GET"]}}],"collection":[{"href":"https:\/\/challengeseconomiques.com\/index.php?rest_route=\/wp\/v2\/posts"}],"about":[{"href":"https:\/\/challengeseconomiques.com\/index.php?rest_route=\/wp\/v2\/types\/post"}],"author":[{"embeddable":true,"href":"https:\/\/challengeseconomiques.com\/index.php?rest_route=\/wp\/v2\/users\/1"}],"replies":[{"embeddable":true,"href":"https:\/\/challengeseconomiques.com\/index.php?rest_route=%2Fwp%2Fv2%2Fcomments&post=8305"}],"version-history":[{"count":1,"href":"https:\/\/challengeseconomiques.com\/index.php?rest_route=\/wp\/v2\/posts\/8305\/revisions"}],"predecessor-version":[{"id":8307,"href":"https:\/\/challengeseconomiques.com\/index.php?rest_route=\/wp\/v2\/posts\/8305\/revisions\/8307"}],"wp:featuredmedia":[{"embeddable":true,"href":"https:\/\/challengeseconomiques.com\/index.php?rest_route=\/wp\/v2\/media\/8308"}],"wp:attachment":[{"href":"https:\/\/challengeseconomiques.com\/index.php?rest_route=%2Fwp%2Fv2%2Fmedia&parent=8305"}],"wp:term":[{"taxonomy":"category","embeddable":true,"href":"https:\/\/challengeseconomiques.com\/index.php?rest_route=%2Fwp%2Fv2%2Fcategories&post=8305"},{"taxonomy":"post_tag","embeddable":true,"href":"https:\/\/challengeseconomiques.com\/index.php?rest_route=%2Fwp%2Fv2%2Ftags&post=8305"}],"curies":[{"name":"wp","href":"https:\/\/api.w.org\/{rel}","templated":true}]}}