{"id":8301,"date":"2025-07-24T08:41:21","date_gmt":"2025-07-24T08:41:21","guid":{"rendered":"https:\/\/challengeseconomiques.com\/?p=8301"},"modified":"2025-07-24T08:42:18","modified_gmt":"2025-07-24T08:42:18","slug":"financement-des-pme-le-fonsis-annonce-les-premiers-investissements-de-sa-filiale-oyass-capital","status":"publish","type":"post","link":"https:\/\/challengeseconomiques.com\/?p=8301","title":{"rendered":"Financement des Pme : le Fonsis annonce les premiers investissements de sa filiale Oyass Capital"},"content":{"rendered":"<p><strong>Le Fonds souverain d\u2019investissements strat\u00e9giques (Fonsis), en partenariat avec la KfW et la Banque mondiale, a pr\u00e9sid\u00e9 ce mardi 22 juillet 2025 la c\u00e9r\u00e9monie de signature des premiers protocoles d\u2019investissement de sa filiale Oyass Capital, un fonds de capital-investissement structur\u00e9 et destin\u00e9 aux <a href=\"https:\/\/lesoleil.sn\/actualites\/economie\/le-fonds-islamique-de-relance-fir-filiale-du-fonsis-renforce-la-resilience-de-cinq-pme-senegalaises\/\">petites et moyennes entreprises s\u00e9n\u00e9galaises.<\/a><\/strong><\/p>\n<p>Avec une taille cible de 52 milliards FCFA, dont 35 milliards d\u00e9j\u00e0 mobilis\u00e9s, Oyass Capital est \u00e0 ce jour, souligne un communiqu\u00e9 du Fonsis publi\u00e9 mercredi, le \u00ab\u00a0plus important fonds\u00a0\u00bb de ce type bas\u00e9 au S\u00e9n\u00e9gal. Il intervient en fonds propres \u00e0 long terme pour soutenir des entreprises locales dans leur consolidation, leur gouvernance, leur comp\u00e9titivit\u00e9 et leur acc\u00e8s aux march\u00e9s, sans exiger de garanties ni imposer de calendrier de remboursement.<\/p>\n<p>\u00ab C\u2019est donc pour relever le d\u00e9fi du d\u00e9ficit de financement des Pme que le Fonsis a con\u00e7u Oyass afin de permettre aux entreprises bas\u00e9es au S\u00e9n\u00e9gal de mobiliser un financement patient et flexible, pour accompagner leur croissance sans les asphyxier financi\u00e8rement. Notre aspiration profonde est qu\u2019Oyass Capital ne soit pas le seul, mais bien le premier d\u2019une longue s\u00e9rie de fonds d\u2019investissement de grande taille, bas\u00e9s au S\u00e9n\u00e9gal, d\u00e9di\u00e9s aux Pme\u00bb, a expliqu\u00e9 le Directeur g\u00e9n\u00e9ral du Fonsis et Pr\u00e9sident du Conseil d\u2019administration d\u2019Oyass Capital, Babacar Gning.<\/p>\n<h4>Eyone SARL et Dimbaya SA, les premi\u00e8res b\u00e9n\u00e9ficiaires<\/h4>\n<p>Ainsi, les deux premiers investissements concernent Eyone Sarl, entreprise technologique s\u00e9n\u00e9galaise active dans le secteur des services de sant\u00e9, et Dimbaya SA, soci\u00e9t\u00e9 s\u00e9n\u00e9galaise sp\u00e9cialis\u00e9e dans l\u2019agro-industrie.<\/p>\n<p>Le projet port\u00e9 par Dimbaya vise, selon la m\u00eame source, l\u2019extension des capacit\u00e9s de production, la diversification de produits enrichis contribuant \u00e0 la s\u00e9curit\u00e9 alimentaire, ainsi que la cr\u00e9ation de 500 emplois directs et 2 000 emplois indirects, en ciblant notamment l\u2019insertion des jeunes. L\u2019entreprise pr\u00e9voit \u00e9galement une ouverture vers plusieurs march\u00e9s de la sous-r\u00e9gion : Gambie, Guin\u00e9e, Burkina Faso.<\/p>\n<p>Eyone, entreprise technologique s\u00e9n\u00e9galaise active dans la sant\u00e9 num\u00e9rique, digitalise depuis 2015 le parcours de soins \u00e0 travers un r\u00e9seau m\u00e9dical int\u00e9gr\u00e9. Sa plateforme permet un acc\u00e8s en temps r\u00e9el \u00e0 des donn\u00e9es m\u00e9dicales et financi\u00e8res fiables, contribuant \u00e0 am\u00e9liorer la qualit\u00e9 des soins. L\u2019investissement soutiendra l\u2019\u00e9largissement de cette infrastructure et pr\u00e9parera le d\u00e9ploiement futur d\u2019un dossier patient unique. Plus de 300 emplois qualifi\u00e9s seront cr\u00e9\u00e9s sur deux ans.<\/p>\n<p><strong>lesoleil.sn<\/strong><\/p>\n","protected":false},"excerpt":{"rendered":"<p>Le Fonds souverain d\u2019investissements strat\u00e9giques (Fonsis), en partenariat avec la KfW et la Banque mondiale, a pr\u00e9sid\u00e9 ce mardi 22 juillet 2025 la c\u00e9r\u00e9monie de&#8230;<\/p>\n","protected":false},"author":1,"featured_media":8302,"comment_status":"closed","ping_status":"open","sticky":false,"template":"","format":"standard","meta":{"_jetpack_memberships_contains_paid_content":false,"footnotes":""},"categories":[8],"tags":[],"class_list":["post-8301","post","type-post","status-publish","format-standard","has-post-thumbnail","hentry","category-actualite-economique","wpcat-8-id"],"yoast_head":"<!-- This site is optimized with the Yoast SEO plugin v27.1.1 - https:\/\/yoast.com\/product\/yoast-seo-wordpress\/ -->\n<title>Financement des Pme : le Fonsis annonce les premiers investissements de sa filiale Oyass Capital - challenges economiques<\/title>\n<meta name=\"robots\" content=\"index, follow, max-snippet:-1, max-image-preview:large, max-video-preview:-1\" \/>\n<link rel=\"canonical\" href=\"https:\/\/challengeseconomiques.com\/?p=8301\" \/>\n<meta property=\"og:locale\" content=\"fr_FR\" \/>\n<meta property=\"og:type\" content=\"article\" \/>\n<meta property=\"og:title\" content=\"Financement des Pme : le Fonsis annonce les premiers investissements de sa filiale Oyass Capital - challenges economiques\" \/>\n<meta property=\"og:description\" content=\"Le Fonds souverain d\u2019investissements strat\u00e9giques (Fonsis), en partenariat avec la KfW et la Banque mondiale, a pr\u00e9sid\u00e9 ce mardi 22 juillet 2025 la c\u00e9r\u00e9monie de...\" \/>\n<meta property=\"og:url\" content=\"https:\/\/challengeseconomiques.com\/?p=8301\" \/>\n<meta property=\"og:site_name\" content=\"challenges economiques\" \/>\n<meta property=\"article:published_time\" content=\"2025-07-24T08:41:21+00:00\" \/>\n<meta property=\"article:modified_time\" content=\"2025-07-24T08:42:18+00:00\" \/>\n<meta property=\"og:image\" content=\"https:\/\/challengeseconomiques.com\/wp-content\/uploads\/2025\/07\/convention-OYASS_239-scaled-1-900x599-1.webp\" \/>\n\t<meta property=\"og:image:width\" content=\"900\" \/>\n\t<meta property=\"og:image:height\" content=\"599\" \/>\n\t<meta property=\"og:image:type\" content=\"image\/webp\" \/>\n<meta name=\"author\" content=\"admin\" \/>\n<meta name=\"twitter:card\" content=\"summary_large_image\" \/>\n<meta name=\"twitter:label1\" content=\"\u00c9crit par\" \/>\n\t<meta name=\"twitter:data1\" content=\"admin\" \/>\n\t<meta name=\"twitter:label2\" content=\"Dur\u00e9e de lecture estim\u00e9e\" \/>\n\t<meta name=\"twitter:data2\" content=\"2 minutes\" \/>\n<script type=\"application\/ld+json\" class=\"yoast-schema-graph\">{\"@context\":\"https:\/\/schema.org\",\"@graph\":[{\"@type\":\"Article\",\"@id\":\"https:\/\/challengeseconomiques.com\/?p=8301#article\",\"isPartOf\":{\"@id\":\"https:\/\/challengeseconomiques.com\/?p=8301\"},\"author\":{\"name\":\"admin\",\"@id\":\"https:\/\/challengeseconomiques.com\/#\/schema\/person\/b4568c9afebc5a9238a771873801e349\"},\"headline\":\"Financement des Pme : le Fonsis annonce les premiers investissements de sa filiale Oyass Capital\",\"datePublished\":\"2025-07-24T08:41:21+00:00\",\"dateModified\":\"2025-07-24T08:42:18+00:00\",\"mainEntityOfPage\":{\"@id\":\"https:\/\/challengeseconomiques.com\/?p=8301\"},\"wordCount\":448,\"image\":{\"@id\":\"https:\/\/challengeseconomiques.com\/?p=8301#primaryimage\"},\"thumbnailUrl\":\"https:\/\/challengeseconomiques.com\/wp-content\/uploads\/2025\/07\/convention-OYASS_239-scaled-1-900x599-1.webp\",\"articleSection\":[\"Actualit\u00e9 \u00e9conomique\"],\"inLanguage\":\"fr-FR\"},{\"@type\":\"WebPage\",\"@id\":\"https:\/\/challengeseconomiques.com\/?p=8301\",\"url\":\"https:\/\/challengeseconomiques.com\/?p=8301\",\"name\":\"Financement des Pme : le Fonsis annonce les premiers investissements de sa filiale Oyass Capital - challenges economiques\",\"isPartOf\":{\"@id\":\"https:\/\/challengeseconomiques.com\/#website\"},\"primaryImageOfPage\":{\"@id\":\"https:\/\/challengeseconomiques.com\/?p=8301#primaryimage\"},\"image\":{\"@id\":\"https:\/\/challengeseconomiques.com\/?p=8301#primaryimage\"},\"thumbnailUrl\":\"https:\/\/challengeseconomiques.com\/wp-content\/uploads\/2025\/07\/convention-OYASS_239-scaled-1-900x599-1.webp\",\"datePublished\":\"2025-07-24T08:41:21+00:00\",\"dateModified\":\"2025-07-24T08:42:18+00:00\",\"author\":{\"@id\":\"https:\/\/challengeseconomiques.com\/#\/schema\/person\/b4568c9afebc5a9238a771873801e349\"},\"breadcrumb\":{\"@id\":\"https:\/\/challengeseconomiques.com\/?p=8301#breadcrumb\"},\"inLanguage\":\"fr-FR\",\"potentialAction\":[{\"@type\":\"ReadAction\",\"target\":[\"https:\/\/challengeseconomiques.com\/?p=8301\"]}]},{\"@type\":\"ImageObject\",\"inLanguage\":\"fr-FR\",\"@id\":\"https:\/\/challengeseconomiques.com\/?p=8301#primaryimage\",\"url\":\"https:\/\/challengeseconomiques.com\/wp-content\/uploads\/2025\/07\/convention-OYASS_239-scaled-1-900x599-1.webp\",\"contentUrl\":\"https:\/\/challengeseconomiques.com\/wp-content\/uploads\/2025\/07\/convention-OYASS_239-scaled-1-900x599-1.webp\",\"width\":900,\"height\":599},{\"@type\":\"BreadcrumbList\",\"@id\":\"https:\/\/challengeseconomiques.com\/?p=8301#breadcrumb\",\"itemListElement\":[{\"@type\":\"ListItem\",\"position\":1,\"name\":\"Home\",\"item\":\"https:\/\/challengeseconomiques.com\/\"},{\"@type\":\"ListItem\",\"position\":2,\"name\":\"Financement des Pme : le Fonsis annonce les premiers investissements de sa filiale Oyass Capital\"}]},{\"@type\":\"WebSite\",\"@id\":\"https:\/\/challengeseconomiques.com\/#website\",\"url\":\"https:\/\/challengeseconomiques.com\/\",\"name\":\"challenges economiques\",\"description\":\"\",\"potentialAction\":[{\"@type\":\"SearchAction\",\"target\":{\"@type\":\"EntryPoint\",\"urlTemplate\":\"https:\/\/challengeseconomiques.com\/?s={search_term_string}\"},\"query-input\":{\"@type\":\"PropertyValueSpecification\",\"valueRequired\":true,\"valueName\":\"search_term_string\"}}],\"inLanguage\":\"fr-FR\"},{\"@type\":\"Person\",\"@id\":\"https:\/\/challengeseconomiques.com\/#\/schema\/person\/b4568c9afebc5a9238a771873801e349\",\"name\":\"admin\",\"image\":{\"@type\":\"ImageObject\",\"inLanguage\":\"fr-FR\",\"@id\":\"https:\/\/challengeseconomiques.com\/#\/schema\/person\/image\/\",\"url\":\"https:\/\/secure.gravatar.com\/avatar\/099e42240b5eea11acdb72751fcce0dd918603f0749d24974b7984ea47ed9fd9?s=96&d=mm&r=g\",\"contentUrl\":\"https:\/\/secure.gravatar.com\/avatar\/099e42240b5eea11acdb72751fcce0dd918603f0749d24974b7984ea47ed9fd9?s=96&d=mm&r=g\",\"caption\":\"admin\"},\"sameAs\":[\"https:\/\/challengeseconomiques.com\"],\"url\":\"https:\/\/challengeseconomiques.com\/?author=1\"}]}<\/script>\n<!-- \/ Yoast SEO plugin. -->","yoast_head_json":{"title":"Financement des Pme : le Fonsis annonce les premiers investissements de sa filiale Oyass Capital - challenges economiques","robots":{"index":"index","follow":"follow","max-snippet":"max-snippet:-1","max-image-preview":"max-image-preview:large","max-video-preview":"max-video-preview:-1"},"canonical":"https:\/\/challengeseconomiques.com\/?p=8301","og_locale":"fr_FR","og_type":"article","og_title":"Financement des Pme : le Fonsis annonce les premiers investissements de sa filiale Oyass Capital - challenges economiques","og_description":"Le Fonds souverain d\u2019investissements strat\u00e9giques (Fonsis), en partenariat avec la KfW et la Banque mondiale, a pr\u00e9sid\u00e9 ce mardi 22 juillet 2025 la c\u00e9r\u00e9monie de...","og_url":"https:\/\/challengeseconomiques.com\/?p=8301","og_site_name":"challenges economiques","article_published_time":"2025-07-24T08:41:21+00:00","article_modified_time":"2025-07-24T08:42:18+00:00","og_image":[{"width":900,"height":599,"url":"https:\/\/challengeseconomiques.com\/wp-content\/uploads\/2025\/07\/convention-OYASS_239-scaled-1-900x599-1.webp","type":"image\/webp"}],"author":"admin","twitter_card":"summary_large_image","twitter_misc":{"\u00c9crit par":"admin","Dur\u00e9e de lecture estim\u00e9e":"2 minutes"},"schema":{"@context":"https:\/\/schema.org","@graph":[{"@type":"Article","@id":"https:\/\/challengeseconomiques.com\/?p=8301#article","isPartOf":{"@id":"https:\/\/challengeseconomiques.com\/?p=8301"},"author":{"name":"admin","@id":"https:\/\/challengeseconomiques.com\/#\/schema\/person\/b4568c9afebc5a9238a771873801e349"},"headline":"Financement des Pme : le Fonsis annonce les premiers investissements de sa filiale Oyass Capital","datePublished":"2025-07-24T08:41:21+00:00","dateModified":"2025-07-24T08:42:18+00:00","mainEntityOfPage":{"@id":"https:\/\/challengeseconomiques.com\/?p=8301"},"wordCount":448,"image":{"@id":"https:\/\/challengeseconomiques.com\/?p=8301#primaryimage"},"thumbnailUrl":"https:\/\/challengeseconomiques.com\/wp-content\/uploads\/2025\/07\/convention-OYASS_239-scaled-1-900x599-1.webp","articleSection":["Actualit\u00e9 \u00e9conomique"],"inLanguage":"fr-FR"},{"@type":"WebPage","@id":"https:\/\/challengeseconomiques.com\/?p=8301","url":"https:\/\/challengeseconomiques.com\/?p=8301","name":"Financement des Pme : le Fonsis annonce les premiers investissements de sa filiale Oyass Capital - challenges economiques","isPartOf":{"@id":"https:\/\/challengeseconomiques.com\/#website"},"primaryImageOfPage":{"@id":"https:\/\/challengeseconomiques.com\/?p=8301#primaryimage"},"image":{"@id":"https:\/\/challengeseconomiques.com\/?p=8301#primaryimage"},"thumbnailUrl":"https:\/\/challengeseconomiques.com\/wp-content\/uploads\/2025\/07\/convention-OYASS_239-scaled-1-900x599-1.webp","datePublished":"2025-07-24T08:41:21+00:00","dateModified":"2025-07-24T08:42:18+00:00","author":{"@id":"https:\/\/challengeseconomiques.com\/#\/schema\/person\/b4568c9afebc5a9238a771873801e349"},"breadcrumb":{"@id":"https:\/\/challengeseconomiques.com\/?p=8301#breadcrumb"},"inLanguage":"fr-FR","potentialAction":[{"@type":"ReadAction","target":["https:\/\/challengeseconomiques.com\/?p=8301"]}]},{"@type":"ImageObject","inLanguage":"fr-FR","@id":"https:\/\/challengeseconomiques.com\/?p=8301#primaryimage","url":"https:\/\/challengeseconomiques.com\/wp-content\/uploads\/2025\/07\/convention-OYASS_239-scaled-1-900x599-1.webp","contentUrl":"https:\/\/challengeseconomiques.com\/wp-content\/uploads\/2025\/07\/convention-OYASS_239-scaled-1-900x599-1.webp","width":900,"height":599},{"@type":"BreadcrumbList","@id":"https:\/\/challengeseconomiques.com\/?p=8301#breadcrumb","itemListElement":[{"@type":"ListItem","position":1,"name":"Home","item":"https:\/\/challengeseconomiques.com\/"},{"@type":"ListItem","position":2,"name":"Financement des Pme : le Fonsis annonce les premiers investissements de sa filiale Oyass Capital"}]},{"@type":"WebSite","@id":"https:\/\/challengeseconomiques.com\/#website","url":"https:\/\/challengeseconomiques.com\/","name":"challenges economiques","description":"","potentialAction":[{"@type":"SearchAction","target":{"@type":"EntryPoint","urlTemplate":"https:\/\/challengeseconomiques.com\/?s={search_term_string}"},"query-input":{"@type":"PropertyValueSpecification","valueRequired":true,"valueName":"search_term_string"}}],"inLanguage":"fr-FR"},{"@type":"Person","@id":"https:\/\/challengeseconomiques.com\/#\/schema\/person\/b4568c9afebc5a9238a771873801e349","name":"admin","image":{"@type":"ImageObject","inLanguage":"fr-FR","@id":"https:\/\/challengeseconomiques.com\/#\/schema\/person\/image\/","url":"https:\/\/secure.gravatar.com\/avatar\/099e42240b5eea11acdb72751fcce0dd918603f0749d24974b7984ea47ed9fd9?s=96&d=mm&r=g","contentUrl":"https:\/\/secure.gravatar.com\/avatar\/099e42240b5eea11acdb72751fcce0dd918603f0749d24974b7984ea47ed9fd9?s=96&d=mm&r=g","caption":"admin"},"sameAs":["https:\/\/challengeseconomiques.com"],"url":"https:\/\/challengeseconomiques.com\/?author=1"}]}},"jetpack_featured_media_url":"https:\/\/challengeseconomiques.com\/wp-content\/uploads\/2025\/07\/convention-OYASS_239-scaled-1-900x599-1.webp","jetpack_sharing_enabled":true,"_links":{"self":[{"href":"https:\/\/challengeseconomiques.com\/index.php?rest_route=\/wp\/v2\/posts\/8301","targetHints":{"allow":["GET"]}}],"collection":[{"href":"https:\/\/challengeseconomiques.com\/index.php?rest_route=\/wp\/v2\/posts"}],"about":[{"href":"https:\/\/challengeseconomiques.com\/index.php?rest_route=\/wp\/v2\/types\/post"}],"author":[{"embeddable":true,"href":"https:\/\/challengeseconomiques.com\/index.php?rest_route=\/wp\/v2\/users\/1"}],"replies":[{"embeddable":true,"href":"https:\/\/challengeseconomiques.com\/index.php?rest_route=%2Fwp%2Fv2%2Fcomments&post=8301"}],"version-history":[{"count":1,"href":"https:\/\/challengeseconomiques.com\/index.php?rest_route=\/wp\/v2\/posts\/8301\/revisions"}],"predecessor-version":[{"id":8303,"href":"https:\/\/challengeseconomiques.com\/index.php?rest_route=\/wp\/v2\/posts\/8301\/revisions\/8303"}],"wp:featuredmedia":[{"embeddable":true,"href":"https:\/\/challengeseconomiques.com\/index.php?rest_route=\/wp\/v2\/media\/8302"}],"wp:attachment":[{"href":"https:\/\/challengeseconomiques.com\/index.php?rest_route=%2Fwp%2Fv2%2Fmedia&parent=8301"}],"wp:term":[{"taxonomy":"category","embeddable":true,"href":"https:\/\/challengeseconomiques.com\/index.php?rest_route=%2Fwp%2Fv2%2Fcategories&post=8301"},{"taxonomy":"post_tag","embeddable":true,"href":"https:\/\/challengeseconomiques.com\/index.php?rest_route=%2Fwp%2Fv2%2Ftags&post=8301"}],"curies":[{"name":"wp","href":"https:\/\/api.w.org\/{rel}","templated":true}]}}