{"id":8280,"date":"2025-07-18T12:17:57","date_gmt":"2025-07-18T12:17:57","guid":{"rendered":"https:\/\/challengeseconomiques.com\/?p=8280"},"modified":"2025-07-18T12:23:12","modified_gmt":"2025-07-18T12:23:12","slug":"lappel-de-lomc-pour-lafrique","status":"publish","type":"post","link":"https:\/\/challengeseconomiques.com\/?p=8280","title":{"rendered":"L\u2019appel de l\u2019OMC pour l\u2019Afrique"},"content":{"rendered":"<p><strong>Ngozi Okonjo-Iweala consid\u00e8re que l\u2019Afrique devrait \u00eatre exempt\u00e9e des droits de douane impos\u00e9s par Donald Trump aux partenaires commerciaux des \u00c9tats-Unis.<\/strong><\/p>\n<p>Lorsqu\u2019elle s\u2019est exprim\u00e9e lors de la s\u00e9ance pl\u00e9ni\u00e8re d\u2019ouverture de la 4<sup>e<\/sup> Conf\u00e9rence sur le financement du d\u00e9veloppement \u00e0 S\u00e9ville, la directrice g\u00e9n\u00e9rale de l\u2019Organisation mondiale du commerce, Ngozi Okonjo-Iweala, a insist\u00e9 sur le fait que le d\u00e9veloppement mondial durable restait possible malgr\u00e9 le contexte commercial marqu\u00e9 par la guerre tarifaire men\u00e9e par le pr\u00e9sident am\u00e9ricain Donald Trump. Pour autant, son message \u00e0 la conf\u00e9rence \u00e9tait empreint d\u2019incertitude.<\/p>\n<blockquote><p>\u00ab\u00a0Si nous pouvons r\u00e9affecter entre un tiers et la moiti\u00e9 de ces subventions, nous disposerons d\u2019une grande partie des ressources n\u00e9cessaires pour relever les d\u00e9fis li\u00e9s \u00e0 la r\u00e9alisation des Objectifs de d\u00e9veloppement durable. \u00bb<\/p><\/blockquote>\n<p>\u00ab\u00a0<em>Je ne pense pas qu\u2019une conf\u00e9rence se soit jamais r\u00e9unie dans des moments aussi difficiles. Difficiles pour le monde, pour nos aspirations communes en mati\u00e8re de d\u00e9veloppement et pour les moyens de financer la r\u00e9alisation de ces aspirations.<\/em>\u00a0\u00bb<\/p>\n<p>Ngozi Okonjo-Iweala a d\u00e9clar\u00e9 que les pays en d\u00e9veloppement qui esp\u00e9raient augmenter leurs recettes d\u2019exportation pour \u00e9viter une d\u00e9t\u00e9rioration de leur balance des paiements doivent d\u00e9sormais faire face \u00e0 des perturbations si importantes qu\u2019elles alimentent l\u2019instabilit\u00e9 financi\u00e8re.<\/p>\n<p>\u00ab\u00a0<em>C\u2019est pourquoi nous avons fait valoir que les pays les moins avanc\u00e9s en tant que groupe, et l\u2019Afrique en tant que r\u00e9gion, devraient \u00eatre exempt\u00e9s de ces droits de douane r\u00e9ciproques, afin que nous puissions mieux les int\u00e9grer dans le syst\u00e8me commercial mondial, et non les exclure davantage, afin qu\u2019ils aient de meilleures chances d\u2019obtenir les ressources n\u00e9cessaires pour atteindre les objectifs de d\u00e9veloppement durable<\/em>.\u00a0\u00bb<\/p>\n<p>Au d\u00e9but de l\u2019ann\u00e9e, lors de la publication des Perspectives du commerce mondial 2025 de l\u2019OMC, l\u2019organisation pr\u00e9voyait une baisse de 0,2\u00a0% du volume mondial des \u00e9changes de marchandises en 2025, soit pr\u00e8s de trois points de pourcentage de moins que le niveau attendu sans les r\u00e9cents changements de politique commerciale. Le r\u00e9tablissement des droits de douane \u00ab\u00a0<em>r\u00e9ciproques<\/em>\u00a0\u00bb r\u00e9duirait cette pr\u00e9vision de 0,6 point de pourcentage, ramenant le taux de croissance pr\u00e9vu \u00e0 -0,8\u00a0%. Une propagation plus large de l\u2019incertitude politique au-del\u00e0 des relations commerciales des \u00c9tats-Unis r\u00e9duirait la croissance de 0,7 point de pourcentage suppl\u00e9mentaire.<\/p>\n<p><strong>Mesures visant \u00e0 relancer le commerce mondial<\/strong><\/p>\n<p>Plusieurs pays africains ont \u00e9t\u00e9 vis\u00e9s par les droits de douane plus \u00e9lev\u00e9s impos\u00e9s par Trump, qui ont \u00e9t\u00e9 report\u00e9s en attendant une p\u00e9riode de consultation de trois mois. Parmi les pays africains les plus touch\u00e9s par la volont\u00e9 de Trump d\u2019introduire ce qu\u2019il qualifie de droits de douane \u00ab\u00a0r\u00e9ciproques\u00a0\u00bb figurent les \u00c9tats d\u2019Afrique australe, notamment le Lesotho, dont les marchandises seront frapp\u00e9es d\u2019un droit de douane de 50\u00a0% ; Madagascar (47\u00a0%), Maurice (40\u00a0%), le Botswana (37\u00a0%), l\u2019Angola (32\u00a0%), l\u2019Afrique du Sud (30\u00a0%), la Namibie (21\u00a0%), le Zimbabwe (18\u00a0%), la Zambie (17\u00a0%) et le Malawi (17\u00a0%).<\/p>\n<p>Quelques jours seulement apr\u00e8s la fin de la conf\u00e9rence FfD4 \u00e0 S\u00e9ville, le 9 juillet, Washington a annonc\u00e9 l\u2019imposition de droits de douane de 30\u00a0% sur les importations en provenance de l\u2019Union europ\u00e9enne et du Mexique \u00e0 compter du 1<sup>er<\/sup> ao\u00fbt. Donald Trump a \u00e9galement annonc\u00e9 la semaine derni\u00e8re que son administration allait frapper le Br\u00e9sil d\u2019un droit de douane de 50\u00a0% sur les produits export\u00e9s vers les \u00c9tats-Unis.<\/p>\n<p>L\u2019introduction ou la r\u00e9introduction de nouvelles barri\u00e8res tarifaires, annonc\u00e9e moins d\u2019une semaine apr\u00e8s la conf\u00e9rence FfD4, devrait aggraver encore le ralentissement du commerce mondial.<\/p>\n<p>Ngozi Okonjo-Iweala n\u2019a pas tard\u00e9 \u00e0 pr\u00e9senter une strat\u00e9gie pour contrer les vents contraires qui secouent actuellement le syst\u00e8me commercial mondial.<\/p>\n<figure id=\"attachment_91251\" class=\"wp-caption alignnone\" aria-describedby=\"caption-attachment-91251\"><img fetchpriority=\"high\" decoding=\"async\" class=\"wp-image-91251 lazyloaded\" src=\"https:\/\/magazinedelafrique.com\/wp-content\/uploads\/2025\/07\/OMC-siege.jpg\" sizes=\"(max-width: 441px) 100vw, 441px\" srcset=\"https:\/\/magazinedelafrique.com\/wp-content\/uploads\/2025\/07\/OMC-siege.jpg 714w, https:\/\/magazinedelafrique.com\/wp-content\/uploads\/2025\/07\/OMC-siege-300x170.jpg 300w\" alt=\"Le si\u00e8ge de l'OMC \u00e0 Gen\u00e8ve (Suisse).\" width=\"441\" height=\"250\" data-src=\"https:\/\/magazinedelafrique.com\/wp-content\/uploads\/2025\/07\/OMC-siege.jpg\" data-srcset=\"https:\/\/magazinedelafrique.com\/wp-content\/uploads\/2025\/07\/OMC-siege.jpg 714w, https:\/\/magazinedelafrique.com\/wp-content\/uploads\/2025\/07\/OMC-siege-300x170.jpg 300w\" data-sizes=\"(max-width: 441px) 100vw, 441px\" \/><figcaption id=\"caption-attachment-91251\" class=\"wp-caption-text\">Le si\u00e8ge de l\u2019OMC \u00e0 Gen\u00e8ve (Suisse).<\/figcaption><\/figure>\n<p>&nbsp;<\/p>\n<p>\u00ab\u00a0<em>Nous devons donc renforcer la stabilit\u00e9 et la pr\u00e9visibilit\u00e9 du commerce mondial. Cela implique des mesures \u00e0 plusieurs niveaux. Premi\u00e8rement, nous devons soutenir les 74\u00a0% du commerce mondial de marchandises qui continuent de franchir les fronti\u00e8res sur la base des tarifs de la Nation la plus favoris\u00e9e de l\u2019OMC. Et nous devons veiller \u00e0 ce que davantage de pays puissent saisir les opportunit\u00e9s int\u00e9ressantes qui s\u2019offrent \u00e0 eux pour gagner plus de ressources afin de se financer gr\u00e2ce aux services, au commerce num\u00e9rique, vert et bleu<\/em>.\u00a0\u00bb<\/p>\n<p>Deuxi\u00e8mement, juge-t-elle, \u00ab\u00a0<em>la meilleure voie \u00e0 suivre consiste \u00e0 trouver des solutions coop\u00e9ratives aux probl\u00e8mes commerciaux existants, plut\u00f4t que d\u2019adopter des approches unilat\u00e9rales. Mais dans le m\u00eame temps, nous devons nous demander comment nous en sommes arriv\u00e9s l\u00e0. Et nous devons r\u00e9pondre aux critiques l\u00e9gitimes formul\u00e9es par les \u00c9tats-Unis, l\u2019Union europ\u00e9enne, les pays en d\u00e9veloppement et d\u2019autres, en essayant d\u2019\u00e9couter ces critiques et en r\u00e9formant et repositionnant l\u2019OMC<\/em>\u00a0\u00bb.<\/p>\n<p>&nbsp;<\/p>\n<p><strong>Appel \u00e0 la suppression des subventions<\/strong><\/p>\n<p>Bref, \u00ab\u00a0<em>nous ne devons pas gaspiller cette crise si nous voulons que l\u2019OMC continue d\u2019offrir une proposition de valeur int\u00e9ressante \u00e0 ses membres. Les ministres doivent se mobiliser lors de la 14<sup>e<\/sup> Conf\u00e9rence minist\u00e9rielle qui se tiendra au Cameroun en mars 2026 et adopter et faire avancer les r\u00e9formes n\u00e9cessaires. Nous devons compl\u00e9ter ces r\u00e9formes multilat\u00e9rales en renfor\u00e7ant \u00e9galement l\u2019int\u00e9gration \u00e9conomique en cours au niveau r\u00e9gional en Europe, en Afrique, en Asie et en Am\u00e9rique latine<\/em>\u00a0\u00bb, a-t-elle d\u00e9clar\u00e9.<\/p>\n<p>Mme\u00a0Okonjo-Iweala a \u00e9galement appel\u00e9 \u00e0 des progr\u00e8s dans le d\u00e9blocage des investissements et des financements afin de combler le d\u00e9ficit de financement du commerce dans les pays en d\u00e9veloppement.<\/p>\n<p>La dirigeante de l\u2019OMC a \u00e9galement r\u00e9it\u00e9r\u00e9 l\u2019appel du pr\u00e9sident de la Banque mondiale, Ajay Banga, en faveur de la suppression des subventions inutiles, un sujet controvers\u00e9 en Afrique o\u00f9 certains secteurs b\u00e9n\u00e9ficient encore d\u2019un financement public important.<\/p>\n<p>\u00ab\u00a0<em>Je tiens \u00e0 souligner une fois de plus que nous avons d\u2019importants financements bloqu\u00e9s dans des subventions n\u00e9fastes, que nous devrions chercher \u00e0 r\u00e9affecter. Ajay Banga a mentionn\u00e9 1\u00a0200 milliards de dollars. En r\u00e9alit\u00e9, si l\u2019on ajoute certaines subventions dans les domaines de l\u2019agriculture, de l\u2019eau et de la p\u00eache, nous avons pr\u00e8s de 2 000 milliards\u00a0$ bloqu\u00e9s dans des subventions qui font plus de mal que de bien.<\/em>\u00a0\u00bb<\/p>\n<figure id=\"attachment_91250\" class=\"wp-caption alignnone\" aria-describedby=\"caption-attachment-91250\"><img decoding=\"async\" class=\"wp-image-91250 lazyloaded\" src=\"https:\/\/magazinedelafrique.com\/wp-content\/uploads\/2025\/07\/OMC-accord-sur-la-peche-1024x576.jpg\" sizes=\"(max-width: 789px) 100vw, 789px\" srcset=\"https:\/\/magazinedelafrique.com\/wp-content\/uploads\/2025\/07\/OMC-accord-sur-la-peche-1024x576.jpg 1024w, https:\/\/magazinedelafrique.com\/wp-content\/uploads\/2025\/07\/OMC-accord-sur-la-peche-300x169.jpg 300w, https:\/\/magazinedelafrique.com\/wp-content\/uploads\/2025\/07\/OMC-accord-sur-la-peche-768x432.jpg 768w, https:\/\/magazinedelafrique.com\/wp-content\/uploads\/2025\/07\/OMC-accord-sur-la-peche.jpg 1200w\" alt=\"Julien Paluku Kahongya, ministre du Commerce ext\u00e9rieur de la RD Congo, qui vient de signer l\u2019accord de l\u2019OMC sur la p\u00eache, en compagnie de la directrice g\u00e9n\u00e9rale Ngozi Okonjo-Iweala, le 11 juillet 2025.\" width=\"789\" height=\"444\" data-src=\"https:\/\/magazinedelafrique.com\/wp-content\/uploads\/2025\/07\/OMC-accord-sur-la-peche-1024x576.jpg\" data-srcset=\"https:\/\/magazinedelafrique.com\/wp-content\/uploads\/2025\/07\/OMC-accord-sur-la-peche-1024x576.jpg 1024w, https:\/\/magazinedelafrique.com\/wp-content\/uploads\/2025\/07\/OMC-accord-sur-la-peche-300x169.jpg 300w, https:\/\/magazinedelafrique.com\/wp-content\/uploads\/2025\/07\/OMC-accord-sur-la-peche-768x432.jpg 768w, https:\/\/magazinedelafrique.com\/wp-content\/uploads\/2025\/07\/OMC-accord-sur-la-peche.jpg 1200w\" data-sizes=\"(max-width: 789px) 100vw, 789px\" \/><figcaption id=\"caption-attachment-91250\" class=\"wp-caption-text\">Julien Paluku Kahongya, ministre du Commerce ext\u00e9rieur de la RD Congo, qui vient de signer l\u2019accord de l\u2019OMC sur la p\u00eache, en compagnie de la directrice g\u00e9n\u00e9rale Ngozi Okonjo-Iweala, le 11 juillet 2025.<\/figcaption><\/figure>\n<p>En tant qu\u2019ancienne ministre des Finances du Nigeria, Ngozi Okonjo-Iweala reconna\u00eet les difficult\u00e9s politiques li\u00e9es \u00e0 la suppression progressive des subventions.<\/p>\n<p>\u00ab\u00a0<em>Je me contenterai de souligner que si nous pouvons r\u00e9affecter entre un tiers et la moiti\u00e9 de ces subventions, nous disposerons d\u2019une grande partie des ressources n\u00e9cessaires pour relever les d\u00e9fis li\u00e9s \u00e0 la r\u00e9alisation des Objectifs de d\u00e9veloppement durable.\u00a0<\/em>\u00bb<\/p>\n<p>Selon elle, l\u2019OMC a fait sa part en contribuant \u00e0 supprimer progressivement 22 milliards\u00a0$ de subventions n\u00e9fastes \u00e0 la p\u00eache qui conduisent \u00e0 des pratiques ill\u00e9gales, non r\u00e9glement\u00e9es et non d\u00e9clar\u00e9es. \u00c0 ce jour, 102 pays ont ratifi\u00e9 un accord en ce sens. \u00ab\u00a0<em>Il ne manque plus que neuf pays pour que cet accord entre en vigueur<\/em>\u00a0\u00bb, a r\u00e9v\u00e9l\u00e9 la directrice g\u00e9n\u00e9rale de l\u2019OMC.<\/p>\n<p>\u00ab\u00a0<em>Oui, nous traversons une p\u00e9riode difficile et nous sommes confront\u00e9s \u00e0 des contraintes s\u00e9v\u00e8res, mais nous avons encore la possibilit\u00e9 d\u2019agir, tant au niveau national qu\u2019international, pour remettre le d\u00e9veloppement durable et son financement sur les rails. Un syst\u00e8me commercial multilat\u00e9ral r\u00e9form\u00e9 est certainement pr\u00eat et dispos\u00e9 \u00e0 jouer son r\u00f4le<\/em>\u00a0\u00bb, a-t-elle conclu.<\/p>\n<p><strong>Le Magazine de l&rsquo;Afrique<\/strong><\/p>\n","protected":false},"excerpt":{"rendered":"<p>Ngozi Okonjo-Iweala consid\u00e8re que l\u2019Afrique devrait \u00eatre exempt\u00e9e des droits de douane impos\u00e9s par Donald Trump aux partenaires commerciaux des \u00c9tats-Unis. Lorsqu\u2019elle s\u2019est exprim\u00e9e lors&#8230;<\/p>\n","protected":false},"author":3,"featured_media":763,"comment_status":"closed","ping_status":"open","sticky":false,"template":"","format":"standard","meta":{"_jetpack_memberships_contains_paid_content":false,"footnotes":""},"categories":[15],"tags":[],"class_list":["post-8280","post","type-post","status-publish","format-standard","has-post-thumbnail","hentry","category-analyse","wpcat-15-id"],"yoast_head":"<!-- This site is optimized with the Yoast SEO plugin v27.1.1 - https:\/\/yoast.com\/product\/yoast-seo-wordpress\/ -->\n<title>L\u2019appel de l\u2019OMC pour l\u2019Afrique - challenges economiques<\/title>\n<meta name=\"robots\" content=\"index, follow, max-snippet:-1, max-image-preview:large, max-video-preview:-1\" \/>\n<link rel=\"canonical\" href=\"https:\/\/challengeseconomiques.com\/?p=8280\" \/>\n<meta property=\"og:locale\" content=\"fr_FR\" \/>\n<meta property=\"og:type\" content=\"article\" \/>\n<meta property=\"og:title\" content=\"L\u2019appel de l\u2019OMC pour l\u2019Afrique - challenges economiques\" \/>\n<meta property=\"og:description\" content=\"Ngozi Okonjo-Iweala consid\u00e8re que l\u2019Afrique devrait \u00eatre exempt\u00e9e des droits de douane impos\u00e9s par Donald Trump aux partenaires commerciaux des \u00c9tats-Unis. Lorsqu\u2019elle s\u2019est exprim\u00e9e lors...\" \/>\n<meta property=\"og:url\" content=\"https:\/\/challengeseconomiques.com\/?p=8280\" \/>\n<meta property=\"og:site_name\" content=\"challenges economiques\" \/>\n<meta property=\"article:published_time\" content=\"2025-07-18T12:17:57+00:00\" \/>\n<meta property=\"article:modified_time\" content=\"2025-07-18T12:23:12+00:00\" \/>\n<meta property=\"og:image\" content=\"https:\/\/challengeseconomiques.com\/wp-content\/uploads\/2021\/03\/dg_ngozi-OMC.jpg\" \/>\n\t<meta property=\"og:image:width\" content=\"1200\" \/>\n\t<meta property=\"og:image:height\" content=\"675\" \/>\n\t<meta property=\"og:image:type\" content=\"image\/jpeg\" \/>\n<meta name=\"author\" content=\"aliou kane ndiaye\" \/>\n<meta name=\"twitter:card\" content=\"summary_large_image\" \/>\n<meta name=\"twitter:label1\" content=\"\u00c9crit par\" \/>\n\t<meta name=\"twitter:data1\" content=\"aliou kane ndiaye\" \/>\n\t<meta name=\"twitter:label2\" content=\"Dur\u00e9e de lecture estim\u00e9e\" \/>\n\t<meta name=\"twitter:data2\" content=\"7 minutes\" \/>\n<script type=\"application\/ld+json\" class=\"yoast-schema-graph\">{\"@context\":\"https:\/\/schema.org\",\"@graph\":[{\"@type\":\"Article\",\"@id\":\"https:\/\/challengeseconomiques.com\/?p=8280#article\",\"isPartOf\":{\"@id\":\"https:\/\/challengeseconomiques.com\/?p=8280\"},\"author\":{\"name\":\"aliou kane ndiaye\",\"@id\":\"https:\/\/challengeseconomiques.com\/#\/schema\/person\/2f70a31e102db1741c1a1c00c2bbd8a6\"},\"headline\":\"L\u2019appel de l\u2019OMC pour l\u2019Afrique\",\"datePublished\":\"2025-07-18T12:17:57+00:00\",\"dateModified\":\"2025-07-18T12:23:12+00:00\",\"mainEntityOfPage\":{\"@id\":\"https:\/\/challengeseconomiques.com\/?p=8280\"},\"wordCount\":1350,\"image\":{\"@id\":\"https:\/\/challengeseconomiques.com\/?p=8280#primaryimage\"},\"thumbnailUrl\":\"https:\/\/challengeseconomiques.com\/wp-content\/uploads\/2021\/03\/dg_ngozi-OMC.jpg\",\"articleSection\":[\"Analyse\"],\"inLanguage\":\"fr-FR\"},{\"@type\":\"WebPage\",\"@id\":\"https:\/\/challengeseconomiques.com\/?p=8280\",\"url\":\"https:\/\/challengeseconomiques.com\/?p=8280\",\"name\":\"L\u2019appel de l\u2019OMC pour l\u2019Afrique - challenges economiques\",\"isPartOf\":{\"@id\":\"https:\/\/challengeseconomiques.com\/#website\"},\"primaryImageOfPage\":{\"@id\":\"https:\/\/challengeseconomiques.com\/?p=8280#primaryimage\"},\"image\":{\"@id\":\"https:\/\/challengeseconomiques.com\/?p=8280#primaryimage\"},\"thumbnailUrl\":\"https:\/\/challengeseconomiques.com\/wp-content\/uploads\/2021\/03\/dg_ngozi-OMC.jpg\",\"datePublished\":\"2025-07-18T12:17:57+00:00\",\"dateModified\":\"2025-07-18T12:23:12+00:00\",\"author\":{\"@id\":\"https:\/\/challengeseconomiques.com\/#\/schema\/person\/2f70a31e102db1741c1a1c00c2bbd8a6\"},\"breadcrumb\":{\"@id\":\"https:\/\/challengeseconomiques.com\/?p=8280#breadcrumb\"},\"inLanguage\":\"fr-FR\",\"potentialAction\":[{\"@type\":\"ReadAction\",\"target\":[\"https:\/\/challengeseconomiques.com\/?p=8280\"]}]},{\"@type\":\"ImageObject\",\"inLanguage\":\"fr-FR\",\"@id\":\"https:\/\/challengeseconomiques.com\/?p=8280#primaryimage\",\"url\":\"https:\/\/challengeseconomiques.com\/wp-content\/uploads\/2021\/03\/dg_ngozi-OMC.jpg\",\"contentUrl\":\"https:\/\/challengeseconomiques.com\/wp-content\/uploads\/2021\/03\/dg_ngozi-OMC.jpg\",\"width\":1200,\"height\":675},{\"@type\":\"BreadcrumbList\",\"@id\":\"https:\/\/challengeseconomiques.com\/?p=8280#breadcrumb\",\"itemListElement\":[{\"@type\":\"ListItem\",\"position\":1,\"name\":\"Home\",\"item\":\"https:\/\/challengeseconomiques.com\/\"},{\"@type\":\"ListItem\",\"position\":2,\"name\":\"L\u2019appel de l\u2019OMC pour l\u2019Afrique\"}]},{\"@type\":\"WebSite\",\"@id\":\"https:\/\/challengeseconomiques.com\/#website\",\"url\":\"https:\/\/challengeseconomiques.com\/\",\"name\":\"challenges economiques\",\"description\":\"\",\"potentialAction\":[{\"@type\":\"SearchAction\",\"target\":{\"@type\":\"EntryPoint\",\"urlTemplate\":\"https:\/\/challengeseconomiques.com\/?s={search_term_string}\"},\"query-input\":{\"@type\":\"PropertyValueSpecification\",\"valueRequired\":true,\"valueName\":\"search_term_string\"}}],\"inLanguage\":\"fr-FR\"},{\"@type\":\"Person\",\"@id\":\"https:\/\/challengeseconomiques.com\/#\/schema\/person\/2f70a31e102db1741c1a1c00c2bbd8a6\",\"name\":\"aliou kane ndiaye\",\"image\":{\"@type\":\"ImageObject\",\"inLanguage\":\"fr-FR\",\"@id\":\"https:\/\/challengeseconomiques.com\/#\/schema\/person\/image\/\",\"url\":\"https:\/\/secure.gravatar.com\/avatar\/df942321e58711a9f1fee838e446766660477bacd4b42fa20400d2c7cf4da7ca?s=96&d=mm&r=g\",\"contentUrl\":\"https:\/\/secure.gravatar.com\/avatar\/df942321e58711a9f1fee838e446766660477bacd4b42fa20400d2c7cf4da7ca?s=96&d=mm&r=g\",\"caption\":\"aliou kane ndiaye\"},\"sameAs\":[\"http:\/\/www.challengeseconomiques.com\"],\"url\":\"https:\/\/challengeseconomiques.com\/?author=3\"}]}<\/script>\n<!-- \/ Yoast SEO plugin. -->","yoast_head_json":{"title":"L\u2019appel de l\u2019OMC pour l\u2019Afrique - challenges economiques","robots":{"index":"index","follow":"follow","max-snippet":"max-snippet:-1","max-image-preview":"max-image-preview:large","max-video-preview":"max-video-preview:-1"},"canonical":"https:\/\/challengeseconomiques.com\/?p=8280","og_locale":"fr_FR","og_type":"article","og_title":"L\u2019appel de l\u2019OMC pour l\u2019Afrique - challenges economiques","og_description":"Ngozi Okonjo-Iweala consid\u00e8re que l\u2019Afrique devrait \u00eatre exempt\u00e9e des droits de douane impos\u00e9s par Donald Trump aux partenaires commerciaux des \u00c9tats-Unis. Lorsqu\u2019elle s\u2019est exprim\u00e9e lors...","og_url":"https:\/\/challengeseconomiques.com\/?p=8280","og_site_name":"challenges economiques","article_published_time":"2025-07-18T12:17:57+00:00","article_modified_time":"2025-07-18T12:23:12+00:00","og_image":[{"width":1200,"height":675,"url":"https:\/\/challengeseconomiques.com\/wp-content\/uploads\/2021\/03\/dg_ngozi-OMC.jpg","type":"image\/jpeg"}],"author":"aliou kane ndiaye","twitter_card":"summary_large_image","twitter_misc":{"\u00c9crit par":"aliou kane ndiaye","Dur\u00e9e de lecture estim\u00e9e":"7 minutes"},"schema":{"@context":"https:\/\/schema.org","@graph":[{"@type":"Article","@id":"https:\/\/challengeseconomiques.com\/?p=8280#article","isPartOf":{"@id":"https:\/\/challengeseconomiques.com\/?p=8280"},"author":{"name":"aliou kane ndiaye","@id":"https:\/\/challengeseconomiques.com\/#\/schema\/person\/2f70a31e102db1741c1a1c00c2bbd8a6"},"headline":"L\u2019appel de l\u2019OMC pour l\u2019Afrique","datePublished":"2025-07-18T12:17:57+00:00","dateModified":"2025-07-18T12:23:12+00:00","mainEntityOfPage":{"@id":"https:\/\/challengeseconomiques.com\/?p=8280"},"wordCount":1350,"image":{"@id":"https:\/\/challengeseconomiques.com\/?p=8280#primaryimage"},"thumbnailUrl":"https:\/\/challengeseconomiques.com\/wp-content\/uploads\/2021\/03\/dg_ngozi-OMC.jpg","articleSection":["Analyse"],"inLanguage":"fr-FR"},{"@type":"WebPage","@id":"https:\/\/challengeseconomiques.com\/?p=8280","url":"https:\/\/challengeseconomiques.com\/?p=8280","name":"L\u2019appel de l\u2019OMC pour l\u2019Afrique - challenges economiques","isPartOf":{"@id":"https:\/\/challengeseconomiques.com\/#website"},"primaryImageOfPage":{"@id":"https:\/\/challengeseconomiques.com\/?p=8280#primaryimage"},"image":{"@id":"https:\/\/challengeseconomiques.com\/?p=8280#primaryimage"},"thumbnailUrl":"https:\/\/challengeseconomiques.com\/wp-content\/uploads\/2021\/03\/dg_ngozi-OMC.jpg","datePublished":"2025-07-18T12:17:57+00:00","dateModified":"2025-07-18T12:23:12+00:00","author":{"@id":"https:\/\/challengeseconomiques.com\/#\/schema\/person\/2f70a31e102db1741c1a1c00c2bbd8a6"},"breadcrumb":{"@id":"https:\/\/challengeseconomiques.com\/?p=8280#breadcrumb"},"inLanguage":"fr-FR","potentialAction":[{"@type":"ReadAction","target":["https:\/\/challengeseconomiques.com\/?p=8280"]}]},{"@type":"ImageObject","inLanguage":"fr-FR","@id":"https:\/\/challengeseconomiques.com\/?p=8280#primaryimage","url":"https:\/\/challengeseconomiques.com\/wp-content\/uploads\/2021\/03\/dg_ngozi-OMC.jpg","contentUrl":"https:\/\/challengeseconomiques.com\/wp-content\/uploads\/2021\/03\/dg_ngozi-OMC.jpg","width":1200,"height":675},{"@type":"BreadcrumbList","@id":"https:\/\/challengeseconomiques.com\/?p=8280#breadcrumb","itemListElement":[{"@type":"ListItem","position":1,"name":"Home","item":"https:\/\/challengeseconomiques.com\/"},{"@type":"ListItem","position":2,"name":"L\u2019appel de l\u2019OMC pour l\u2019Afrique"}]},{"@type":"WebSite","@id":"https:\/\/challengeseconomiques.com\/#website","url":"https:\/\/challengeseconomiques.com\/","name":"challenges economiques","description":"","potentialAction":[{"@type":"SearchAction","target":{"@type":"EntryPoint","urlTemplate":"https:\/\/challengeseconomiques.com\/?s={search_term_string}"},"query-input":{"@type":"PropertyValueSpecification","valueRequired":true,"valueName":"search_term_string"}}],"inLanguage":"fr-FR"},{"@type":"Person","@id":"https:\/\/challengeseconomiques.com\/#\/schema\/person\/2f70a31e102db1741c1a1c00c2bbd8a6","name":"aliou kane ndiaye","image":{"@type":"ImageObject","inLanguage":"fr-FR","@id":"https:\/\/challengeseconomiques.com\/#\/schema\/person\/image\/","url":"https:\/\/secure.gravatar.com\/avatar\/df942321e58711a9f1fee838e446766660477bacd4b42fa20400d2c7cf4da7ca?s=96&d=mm&r=g","contentUrl":"https:\/\/secure.gravatar.com\/avatar\/df942321e58711a9f1fee838e446766660477bacd4b42fa20400d2c7cf4da7ca?s=96&d=mm&r=g","caption":"aliou kane ndiaye"},"sameAs":["http:\/\/www.challengeseconomiques.com"],"url":"https:\/\/challengeseconomiques.com\/?author=3"}]}},"jetpack_featured_media_url":"https:\/\/challengeseconomiques.com\/wp-content\/uploads\/2021\/03\/dg_ngozi-OMC.jpg","jetpack_sharing_enabled":true,"_links":{"self":[{"href":"https:\/\/challengeseconomiques.com\/index.php?rest_route=\/wp\/v2\/posts\/8280","targetHints":{"allow":["GET"]}}],"collection":[{"href":"https:\/\/challengeseconomiques.com\/index.php?rest_route=\/wp\/v2\/posts"}],"about":[{"href":"https:\/\/challengeseconomiques.com\/index.php?rest_route=\/wp\/v2\/types\/post"}],"author":[{"embeddable":true,"href":"https:\/\/challengeseconomiques.com\/index.php?rest_route=\/wp\/v2\/users\/3"}],"replies":[{"embeddable":true,"href":"https:\/\/challengeseconomiques.com\/index.php?rest_route=%2Fwp%2Fv2%2Fcomments&post=8280"}],"version-history":[{"count":1,"href":"https:\/\/challengeseconomiques.com\/index.php?rest_route=\/wp\/v2\/posts\/8280\/revisions"}],"predecessor-version":[{"id":8281,"href":"https:\/\/challengeseconomiques.com\/index.php?rest_route=\/wp\/v2\/posts\/8280\/revisions\/8281"}],"wp:featuredmedia":[{"embeddable":true,"href":"https:\/\/challengeseconomiques.com\/index.php?rest_route=\/wp\/v2\/media\/763"}],"wp:attachment":[{"href":"https:\/\/challengeseconomiques.com\/index.php?rest_route=%2Fwp%2Fv2%2Fmedia&parent=8280"}],"wp:term":[{"taxonomy":"category","embeddable":true,"href":"https:\/\/challengeseconomiques.com\/index.php?rest_route=%2Fwp%2Fv2%2Fcategories&post=8280"},{"taxonomy":"post_tag","embeddable":true,"href":"https:\/\/challengeseconomiques.com\/index.php?rest_route=%2Fwp%2Fv2%2Ftags&post=8280"}],"curies":[{"name":"wp","href":"https:\/\/api.w.org\/{rel}","templated":true}]}}