{"id":8181,"date":"2025-06-13T12:46:09","date_gmt":"2025-06-13T12:46:09","guid":{"rendered":"https:\/\/challengeseconomiques.com\/?p=8181"},"modified":"2025-06-13T12:46:55","modified_gmt":"2025-06-13T12:46:55","slug":"la-guerre-tarifaire-de-trump-contre-la-chine-inquiete-lafrique","status":"publish","type":"post","link":"https:\/\/challengeseconomiques.com\/?p=8181","title":{"rendered":"La guerre tarifaire de Trump contre la Chine inqui\u00e8te l\u2019Afrique"},"content":{"rendered":"<p><strong>Peut-on redouter un afflux de produits chinois vers l\u2019Afrique et la r\u00e9duction des investissements de P\u00e9kin dans les infrastructures africaines et ses achats de mati\u00e8res premi\u00e8res\u00a0?<\/strong><\/p>\n<p>&nbsp;<\/p>\n<p>Au-del\u00e0 de la question de savoir comment r\u00e9agir aux droits de douane qui leur sont directement impos\u00e9s, les pays africains sont pr\u00e9occup\u00e9s par l\u2019escalade des tensions commerciales entre les \u00c9tats-Unis et la Chine. Une guerre commerciale entre Washington, premi\u00e8re \u00e9conomie mondiale, et P\u00e9kin, premier partenaire commercial de presque tous les pays africains, pourrait avoir des r\u00e9percussions importantes sur l\u2019\u00e9conomie et les perspectives de croissance du continent.<\/p>\n<blockquote><p>\u00ab\u00a0Le paysage mondial est de plus en plus instable et ceux qui anticipent les changements et s\u2019adaptent rapidement seront mieux plac\u00e9s pour prosp\u00e9rer.\u00a0\u00bb<\/p><\/blockquote>\n<p>Le jour de la f\u00eate de la Lib\u00e9ration, Trump a impos\u00e9 des droits de douane suppl\u00e9mentaires de 50\u00a0% sur les importations chinoises, portant le total des droits de douane sur certains produits \u00e0 plus de 100\u00a0%. La Chine a r\u00e9agi en annon\u00e7ant des droits de douane suppl\u00e9mentaires de 34\u00a0% sur les produits am\u00e9ricains et en imposant des contr\u00f4les \u00e0 l\u2019exportation de min\u00e9raux rares essentiels.<\/p>\n<p>Une s\u00e9rie de repr\u00e9sailles et de contre-repr\u00e9sailles ont finalement conduit les \u00c9tats-Unis \u00e0 imposer des droits de douane de 145\u00a0% sur la plupart des produits chinois, P\u00e9kin appliquant un taux l\u00e9g\u00e8rement inf\u00e9rieur de 125\u00a0%.<\/p>\n<p>En mai, les deux parties ont convenu que, pour apaiser les tensions, les \u00c9tats-Unis r\u00e9duiraient leurs droits de douane \u00e0 30\u00a0% et la Chine \u00e0 10\u00a0%, pendant qu\u2019elles poursuivraient leurs n\u00e9gociations. La nature pr\u00e9caire de cet accord met les dirigeants africains et les d\u00e9cideurs politiques mondiaux sur les dents.<\/p>\n<p>Daniel Silke, analyste en \u00e9conomie politique bas\u00e9 au Cap, r\u00e9sume aupr\u00e8s d\u2019<em>African Business\u00a0<\/em>: \u00ab\u00a0<em>Les menaces de droits de douane intermittentes ont sem\u00e9 l\u2019incertitude sur les march\u00e9s du monde entier.<\/em>\u00a0\u00bb<\/p>\n<p>C\u2019est un clich\u00e9, mais cela reste vrai\u00a0: \u00ab\u00a0<em>Les march\u00e9s n\u2019aiment pas l\u2019incertitude, que ce soit dans les grandes capitales mondiales ou dans les pays en d\u00e9veloppement<\/em>\u00a0\u00bb.<\/p>\n<p>Les tensions commerciales entre les \u00c9tats-Unis et la Chine risquent d\u2019avoir des r\u00e9percussions sur le continent africain, dont les \u00e9conomies et les entreprises sont particuli\u00e8rement expos\u00e9es aux d\u00e9veloppements affectant P\u00e9kin.<\/p>\n<p>&nbsp;<\/p>\n<p><strong>L\u2019Afrique, un d\u00e9bouch\u00e9 facile\u00a0?<\/strong><\/p>\n<p>La baisse des \u00e9changes commerciaux entre les deux plus grandes \u00e9conomies mondiales risque d\u2019\u00eatre spectaculaire\u00a0: l\u2019OMC (Organisation mondiale du commerce) pr\u00e9voit une baisse de 80\u00a0% du commerce de marchandises entre les \u00c9tats-Unis et la Chine pour cette seule ann\u00e9e. De son c\u00f4t\u00e9, le FMI (Fonds mon\u00e9taire international) a d\u00e9j\u00e0 averti que l\u2019Afrique subsaharienne pourrait \u00eatre la r\u00e9gion la plus touch\u00e9e par la \u00ab\u00a0<em>fragmentation g\u00e9o\u00e9conomique<\/em>\u00a0\u00bb entre l\u2019Est et l\u2019Ouest.<\/p>\n<p>L\u2019impact potentiel le plus direct pourrait \u00eatre l\u2019augmentation des exportations de produits chinois vers l\u2019Afrique, compte tenu de la baisse des \u00e9changes commerciaux avec les \u00c9tats-Unis.<\/p>\n<p>Felistus Kandia, chercheuse en commerce et d\u00e9veloppement au Mashariki Research and Policy Centre de Nairobi, consid\u00e8re qu\u2019\u00ab\u00a0<em>il est probable que les entreprises chinoises se tournent de plus en plus vers les march\u00e9s africains face au durcissement des restrictions et des droits de douane impos\u00e9s par les \u00c9tats-Unis<\/em>\u00a0\u00bb.<\/p>\n<figure id=\"attachment_90547\" class=\"wp-caption alignleft\" aria-describedby=\"caption-attachment-90547\"><img fetchpriority=\"high\" decoding=\"async\" class=\"wp-image-90547 lazyloaded\" src=\"https:\/\/magazinedelafrique.com\/wp-content\/uploads\/2025\/06\/Felistus-Kandia.jpg\" sizes=\"(max-width: 259px) 100vw, 259px\" srcset=\"https:\/\/magazinedelafrique.com\/wp-content\/uploads\/2025\/06\/Felistus-Kandia.jpg 853w, https:\/\/magazinedelafrique.com\/wp-content\/uploads\/2025\/06\/Felistus-Kandia-300x275.jpg 300w, https:\/\/magazinedelafrique.com\/wp-content\/uploads\/2025\/06\/Felistus-Kandia-768x705.jpg 768w\" alt=\"Felistus Kandia\" width=\"259\" height=\"237\" data-src=\"https:\/\/magazinedelafrique.com\/wp-content\/uploads\/2025\/06\/Felistus-Kandia.jpg\" data-srcset=\"https:\/\/magazinedelafrique.com\/wp-content\/uploads\/2025\/06\/Felistus-Kandia.jpg 853w, https:\/\/magazinedelafrique.com\/wp-content\/uploads\/2025\/06\/Felistus-Kandia-300x275.jpg 300w, https:\/\/magazinedelafrique.com\/wp-content\/uploads\/2025\/06\/Felistus-Kandia-768x705.jpg 768w\" data-sizes=\"(max-width: 259px) 100vw, 259px\" \/><figcaption id=\"caption-attachment-90547\" class=\"wp-caption-text\">Felistus Kandia<\/figcaption><\/figure>\n<p>L\u2019\u00ab\u00a0<em>acc\u00e8s aux march\u00e9s occidentaux devenant plus difficile, l\u2019Afrique offre \u00e0 la fois une alternative strat\u00e9gique et une base de consommateurs en pleine croissance<\/em>\u00a0\u00bb, ajoute-t-elle. \u00ab\u00a0<em>La Chine s\u2019est d\u00e9j\u00e0 positionn\u00e9e comme le partenaire commercial et d\u2019investissement dominant sur le continent, et les tensions commerciales actuelles pourraient acc\u00e9l\u00e9rer cette \u00e9volution. Cette \u00e9volution pr\u00e9sente \u00e0 la fois des opportunit\u00e9s et des d\u00e9fis. D\u2019une part, la disponibilit\u00e9 accrue de produits chinois abordables pourrait profiter aux consommateurs et contribuer \u00e0 r\u00e9duire le co\u00fbt des activit\u00e9s commerciales<\/em>\u00a0\u00bb, note Felistus Kandia.<\/p>\n<p>\u00ab\u00a0<em>D\u2019un autre c\u00f4t\u00e9, l\u2019afflux de produits chinois risque de submerger les industries nationales fragiles de l\u2019Afrique, o\u00f9 de nombreux fabricants locaux ont d\u00e9j\u00e0 du mal \u00e0 rivaliser avec les importations \u00e0 bas prix<\/em>.\u00a0\u00bb<\/p>\n<p>En outre, les tensions commerciales actuelles entre les \u00c9tats-Unis et la Chine devraient se traduire par un ralentissement de la croissance \u00e0 P\u00e9kin, et m\u00eame \u00e0 l\u2019\u00e9chelle mondiale. Le FMI a revu \u00e0 la baisse sa pr\u00e9vision de croissance pour la Chine en 2025, la ramenant \u00e0 4\u00a0% en raison des tensions commerciales et des d\u00e9fis auxquels le pays est confront\u00e9 sur le plan int\u00e9rieur dans son secteur immobilier, vital pour son \u00e9conomie.<\/p>\n<p>&nbsp;<\/p>\n<p><strong>Moins de financements chinois\u00a0?<\/strong><\/p>\n<p>La banque d\u2019investissement mondiale UBS a r\u00e9cemment r\u00e9vis\u00e9 ses pr\u00e9visions de croissance chinoise de 3,4\u00a0% \u00e0 3,7\u00a0% \u00e0 4\u00a0%, compte tenu de la d\u00e9tente apparente observ\u00e9e ces derni\u00e8res semaines. Ce chiffre reste toutefois nettement inf\u00e9rieur \u00e0 la plupart des pr\u00e9visions ant\u00e9rieures la \u00ab\u00a0<em>f\u00eate de la Lib\u00e9ration<\/em>\u00a0\u00bb.<\/p>\n<p>Goldman Sachs est plus optimiste quant \u00e0 l\u2019impact positif des r\u00e9ductions tarifaires sur l\u2019activit\u00e9 \u00e9conomique en Chine et table sur une croissance d\u2019environ 4,6\u00a0% en 2025.<\/p>\n<p>Felistus Kandia note qu\u2019un ralentissement de la croissance en Chine \u00ab\u00a0<em>se r\u00e9percutera in\u00e9vitablement sur l\u2019Afrique<\/em>\u00a0\u00bb et soup\u00e7onne que l\u2019\u00ab\u00a0<em>un des effets les plus imm\u00e9diats sera probablement une baisse des financements chinois pour les infrastructures<\/em>\u00a0\u00bb.<\/p>\n<p>Les pr\u00eats chinois \u00e0 l\u2019Afrique sont en baisse depuis plusieurs ann\u00e9es. Ils ont atteint un pic de 28 milliards de dollars en 2016, avant de chuter \u00e0 moins d\u2019un milliard\u00a0$ en 2022, dans un contexte de croissance extr\u00eamement faible li\u00e9 \u00e0 la pand\u00e9mie.<\/p>\n<p>Si P\u00e9kin a depuis augment\u00e9 ses engagements financiers sur le continent, les pr\u00eateurs chinois s\u2019engageant \u00e0 verser environ 4,61 milliards\u00a0$ en 2023, un environnement commercial mondial plus fragment\u00e9 et une croissance plus lente en Chine sont susceptibles de limiter sa capacit\u00e9 ou sa volont\u00e9 d\u2019accorder de nouveaux pr\u00eats \u00e0 l\u2019Afrique.<\/p>\n<p>Selon Felistus Kandia, \u00ab\u00a0<em>\u00e0 mesure que la Chine s\u2019adapte aux pressions \u00e9conomiques internes, notamment le niveau \u00e9lev\u00e9 de la dette, les changements d\u00e9mographiques et le ralentissement du secteur immobilier, ses investissements \u00e0 l\u2019\u00e9tranger deviennent plus prudents et plus strat\u00e9giques\u00a0<\/em>\u00bb.<\/p>\n<p>\u00ab <em>Cela pourrait se traduire par une diminution des contrats d\u2019infrastructure \u00e0 grande \u00e9chelle, des retards dans la mise en \u0153uvre des projets ou des conditions de pr\u00eat plus strictes pour les gouvernements africains\u00a0\u00bb, explique-t-elle. \u00ab\u00a0Pour les pays qui ont fortement d\u00e9pendu des financements chinois pour mener \u00e0 bien leurs plans de d\u00e9veloppement, cela repr\u00e9sente une grave vuln\u00e9rabilit\u00e9<\/em>.\u00a0\u00bb<\/p>\n<p>&nbsp;<\/p>\n<p><strong>Les mati\u00e8res premi\u00e8res se pr\u00e9parent \u00e0 un ralentissement<\/strong><\/p>\n<p>Felistus Kandia note \u00e9galement que le ralentissement de la croissance chinoise devrait r\u00e9duire la demande de mati\u00e8res premi\u00e8res africaines. Bien que les prix aient d\u00e9sormais rebondi, le \u00ab\u00a0jour de la Lib\u00e9ration\u00a0\u00bb a vu la valeur des contrats \u00e0 terme sur le cuivre chuter de pr\u00e8s de 20\u00a0%, ce qui pourrait refl\u00e9ter les craintes du march\u00e9 quant \u00e0 un affaiblissement de la demande d\u2019un pays qui repr\u00e9sente pr\u00e8s de 30\u00a0% de la production manufacturi\u00e8re mondiale.<\/p>\n<p>\u00ab\u00a0<em>La Chine est un grand consommateur de mati\u00e8res premi\u00e8res telles que le cuivre, le minerai de fer, le p\u00e9trole et le bois. Si la production industrielle et la construction ralentissent en Chine, les prix des mati\u00e8res premi\u00e8res pourraient chuter, ce qui nuirait aux exportateurs africains et creuserait les d\u00e9ficits budg\u00e9taires des \u00e9conomies d\u00e9pendantes des ressources<\/em>\u00a0\u00bb, explique Felistus Kandia<em>.<\/em><\/p>\n<p>\u00ab\u00a0<em>Cela pourrait \u00e0 son tour limiter la capacit\u00e9 des gouvernements \u00e0 rembourser leur dette, \u00e0 investir dans les infrastructures sociales ou \u00e0 stimuler les industries nationales. La baisse des prix entra\u00eene \u00e9galement une diminution des recettes en devises et un resserrement de la marge de man\u0153uvre budg\u00e9taire des gouvernements d\u00e9j\u00e0 aux prises avec la dette<\/em>.\u00a0\u00bb<\/p>\n<figure id=\"attachment_90546\" class=\"wp-caption alignright\" aria-describedby=\"caption-attachment-90546\"><img decoding=\"async\" class=\"wp-image-90546 lazyloaded\" src=\"https:\/\/magazinedelafrique.com\/wp-content\/uploads\/2025\/06\/Daniel-Silke.jpg\" sizes=\"(max-width: 224px) 100vw, 224px\" srcset=\"https:\/\/magazinedelafrique.com\/wp-content\/uploads\/2025\/06\/Daniel-Silke.jpg 400w, https:\/\/magazinedelafrique.com\/wp-content\/uploads\/2025\/06\/Daniel-Silke-300x300.jpg 300w, https:\/\/magazinedelafrique.com\/wp-content\/uploads\/2025\/06\/Daniel-Silke-150x150.jpg 150w, https:\/\/magazinedelafrique.com\/wp-content\/uploads\/2025\/06\/Daniel-Silke-96x96.jpg 96w\" alt=\"Daniel Silke\" width=\"224\" height=\"224\" data-src=\"https:\/\/magazinedelafrique.com\/wp-content\/uploads\/2025\/06\/Daniel-Silke.jpg\" data-srcset=\"https:\/\/magazinedelafrique.com\/wp-content\/uploads\/2025\/06\/Daniel-Silke.jpg 400w, https:\/\/magazinedelafrique.com\/wp-content\/uploads\/2025\/06\/Daniel-Silke-300x300.jpg 300w, https:\/\/magazinedelafrique.com\/wp-content\/uploads\/2025\/06\/Daniel-Silke-150x150.jpg 150w, https:\/\/magazinedelafrique.com\/wp-content\/uploads\/2025\/06\/Daniel-Silke-96x96.jpg 96w\" data-sizes=\"(max-width: 224px) 100vw, 224px\" \/><figcaption id=\"caption-attachment-90546\" class=\"wp-caption-text\">Daniel Silke<\/figcaption><\/figure>\n<p>Les tensions politiques et \u00e9conomiques croissantes entre Washington et P\u00e9kin pourraient \u00e9galement avoir des implications g\u00e9opolitiques en Afrique. Daniel Silke craint que les r\u00e9percussions politiques \u00ab\u00a0<em>ne placent r\u00e9ellement les pays africains dans une position tr\u00e8s d\u00e9licate\u00a0<\/em>\u00bb. Et d\u2019expliquer\u00a0: \u00ab\u00a0<em>Certains auront le sentiment de pouvoir traiter plus avantageusement avec Washington, d\u2019autres auront envie de se rapprocher de la Chine.<\/em>\u00a0\u00bb<\/p>\n<p>Daniel Silke craint que cela ne compromette des initiatives telles que la ZLECAf (Zone de libre-\u00e9change continentale africaine). En effet, pousser certains pays africains vers la Chine et d\u2019autres vers les \u00c9tats-Unis, \u00ab\u00a0<em>pourrait briser l\u2019id\u00e9e d\u2019un bloc commercial plus uni que l\u2019Afrique peut et devrait probablement devenir<\/em>\u00a0\u00bb.<\/p>\n<p>Felistus Kandia est plus optimiste quant \u00e0 la capacit\u00e9 de l\u2019Afrique \u00e0 \u00e9quilibrer son engagement avec les deux parties et \u00e0 \u00e9viter d\u2019\u00eatre entra\u00een\u00e9e dans ces tensions politiques, m\u00eame si elle note que \u00ab\u00a0<em>les pays africains pourraient \u00eatre soumis \u00e0 une pression croissante, directe ou indirecte, pour choisir leur camp<\/em>\u00a0\u00bb.<\/p>\n<p>&nbsp;<\/p>\n<p><strong>Organiser la r\u00e9action<\/strong><\/p>\n<p>L\u2019\u00ab\u00a0<em>Afrique a besoin des capitaux chinois et de l\u2019innovation am\u00e9ricaine, des infrastructures orientales et du succ\u00e8s des march\u00e9s occidentaux<\/em>\u00a0\u00bb, explique la sp\u00e9cialiste. \u00ab\u00a0<em>Choisir l\u2019un au d\u00e9triment de l\u2019autre r\u00e9duirait les options de d\u00e9veloppement du continent \u00e0 un moment o\u00f9 il a besoin de partenariats plus larges pour atteindre ses objectifs industriels et sociaux. Au lieu de prendre parti, l\u2019Afrique devrait adopter une position claire, celle d\u2019un non-alignement fond\u00e9 sur des principes.<\/em>\u00a0\u00bb<\/p>\n<p>Il reste \u00e0 voir jusqu\u2019o\u00f9 ira la guerre commerciale entre les \u00c9tats-Unis et la Chine, ou si, avec le r\u00e9cent recul des deux parties, les mesures les plus spectaculaires ont d\u00e9j\u00e0 \u00e9t\u00e9 prises.<\/p>\n<p>Toutefois, Felistus Kandia souligne que l\u2019Afrique doit r\u00e9agir \u00ab\u00a0<em>de mani\u00e8re proactive<\/em>\u00a0\u00bb \u00e0 ces risques \u00e9conomiques et g\u00e9opolitiques, \u00e0 la fois en \u00ab\u00a0<em>s\u2019engageant strat\u00e9giquement avec d\u2019autres partenaires tels que le Japon, l\u2019Union europ\u00e9enne et les \u00c9tats du Golfe afin d\u2019aider le continent \u00e0 amortir les chocs ext\u00e9rieurs et \u00e0 r\u00e9\u00e9quilibrer ses relations commerciales mondiales<\/em>\u00a0\u00bb.<\/p>\n<p>Et de conclure\u00a0: \u00ab\u00a0<em>Les gouvernements et les entreprises doivent adopter une approche fond\u00e9e sur la planification de sc\u00e9narios et la prospective strat\u00e9gique. Le paysage mondial est de plus en plus instable et ceux qui anticipent les changements et s\u2019adaptent rapidement seront mieux plac\u00e9s pour prosp\u00e9rer.<\/em> <em>Que ce soit par le biais de syst\u00e8mes d\u2019alerte pr\u00e9coce, de dialogues public-priv\u00e9 ou de politiques industrielles \u00e0 long terme, l\u2019objectif doit \u00eatre de passer d\u2019une r\u00e9flexion r\u00e9active \u00e0 une r\u00e9flexion anticipative.<\/em>\u00a0\u00bb<\/p>\n<p><strong>Le Magazine de l&rsquo;Afrique<br \/>\n<\/strong><\/p>\n","protected":false},"excerpt":{"rendered":"<p>Peut-on redouter un afflux de produits chinois vers l\u2019Afrique et la r\u00e9duction des investissements de P\u00e9kin dans les infrastructures africaines et ses achats de mati\u00e8res&#8230;<\/p>\n","protected":false},"author":1,"featured_media":799,"comment_status":"closed","ping_status":"open","sticky":false,"template":"","format":"standard","meta":{"_jetpack_memberships_contains_paid_content":false,"footnotes":""},"categories":[15],"tags":[],"class_list":["post-8181","post","type-post","status-publish","format-standard","has-post-thumbnail","hentry","category-analyse","wpcat-15-id"],"yoast_head":"<!-- This site is optimized with the Yoast SEO plugin v27.1.1 - https:\/\/yoast.com\/product\/yoast-seo-wordpress\/ -->\n<title>La guerre tarifaire de Trump contre la Chine inqui\u00e8te l\u2019Afrique - challenges economiques<\/title>\n<meta name=\"robots\" content=\"index, follow, max-snippet:-1, max-image-preview:large, max-video-preview:-1\" \/>\n<link rel=\"canonical\" href=\"https:\/\/challengeseconomiques.com\/?p=8181\" \/>\n<meta property=\"og:locale\" content=\"fr_FR\" \/>\n<meta property=\"og:type\" content=\"article\" \/>\n<meta property=\"og:title\" content=\"La guerre tarifaire de Trump contre la Chine inqui\u00e8te l\u2019Afrique - challenges economiques\" \/>\n<meta property=\"og:description\" content=\"Peut-on redouter un afflux de produits chinois vers l\u2019Afrique et la r\u00e9duction des investissements de P\u00e9kin dans les infrastructures africaines et ses achats de mati\u00e8res...\" \/>\n<meta property=\"og:url\" content=\"https:\/\/challengeseconomiques.com\/?p=8181\" \/>\n<meta property=\"og:site_name\" content=\"challenges economiques\" \/>\n<meta property=\"article:published_time\" content=\"2025-06-13T12:46:09+00:00\" \/>\n<meta property=\"article:modified_time\" content=\"2025-06-13T12:46:55+00:00\" \/>\n<meta property=\"og:image\" content=\"https:\/\/challengeseconomiques.com\/wp-content\/uploads\/2021\/03\/Chine-afrique.jpg\" \/>\n\t<meta property=\"og:image:width\" content=\"944\" \/>\n\t<meta property=\"og:image:height\" content=\"550\" \/>\n\t<meta property=\"og:image:type\" content=\"image\/jpeg\" \/>\n<meta name=\"author\" content=\"admin\" \/>\n<meta name=\"twitter:card\" content=\"summary_large_image\" \/>\n<meta name=\"twitter:label1\" content=\"\u00c9crit par\" \/>\n\t<meta name=\"twitter:data1\" content=\"admin\" \/>\n\t<meta name=\"twitter:label2\" content=\"Dur\u00e9e de lecture estim\u00e9e\" \/>\n\t<meta name=\"twitter:data2\" content=\"9 minutes\" \/>\n<script type=\"application\/ld+json\" class=\"yoast-schema-graph\">{\"@context\":\"https:\/\/schema.org\",\"@graph\":[{\"@type\":\"Article\",\"@id\":\"https:\/\/challengeseconomiques.com\/?p=8181#article\",\"isPartOf\":{\"@id\":\"https:\/\/challengeseconomiques.com\/?p=8181\"},\"author\":{\"name\":\"admin\",\"@id\":\"https:\/\/challengeseconomiques.com\/#\/schema\/person\/b4568c9afebc5a9238a771873801e349\"},\"headline\":\"La guerre tarifaire de Trump contre la Chine inqui\u00e8te l\u2019Afrique\",\"datePublished\":\"2025-06-13T12:46:09+00:00\",\"dateModified\":\"2025-06-13T12:46:55+00:00\",\"mainEntityOfPage\":{\"@id\":\"https:\/\/challengeseconomiques.com\/?p=8181\"},\"wordCount\":1767,\"image\":{\"@id\":\"https:\/\/challengeseconomiques.com\/?p=8181#primaryimage\"},\"thumbnailUrl\":\"https:\/\/challengeseconomiques.com\/wp-content\/uploads\/2021\/03\/Chine-afrique.jpg\",\"articleSection\":[\"Analyse\"],\"inLanguage\":\"fr-FR\"},{\"@type\":\"WebPage\",\"@id\":\"https:\/\/challengeseconomiques.com\/?p=8181\",\"url\":\"https:\/\/challengeseconomiques.com\/?p=8181\",\"name\":\"La guerre tarifaire de Trump contre la Chine inqui\u00e8te l\u2019Afrique - challenges economiques\",\"isPartOf\":{\"@id\":\"https:\/\/challengeseconomiques.com\/#website\"},\"primaryImageOfPage\":{\"@id\":\"https:\/\/challengeseconomiques.com\/?p=8181#primaryimage\"},\"image\":{\"@id\":\"https:\/\/challengeseconomiques.com\/?p=8181#primaryimage\"},\"thumbnailUrl\":\"https:\/\/challengeseconomiques.com\/wp-content\/uploads\/2021\/03\/Chine-afrique.jpg\",\"datePublished\":\"2025-06-13T12:46:09+00:00\",\"dateModified\":\"2025-06-13T12:46:55+00:00\",\"author\":{\"@id\":\"https:\/\/challengeseconomiques.com\/#\/schema\/person\/b4568c9afebc5a9238a771873801e349\"},\"breadcrumb\":{\"@id\":\"https:\/\/challengeseconomiques.com\/?p=8181#breadcrumb\"},\"inLanguage\":\"fr-FR\",\"potentialAction\":[{\"@type\":\"ReadAction\",\"target\":[\"https:\/\/challengeseconomiques.com\/?p=8181\"]}]},{\"@type\":\"ImageObject\",\"inLanguage\":\"fr-FR\",\"@id\":\"https:\/\/challengeseconomiques.com\/?p=8181#primaryimage\",\"url\":\"https:\/\/challengeseconomiques.com\/wp-content\/uploads\/2021\/03\/Chine-afrique.jpg\",\"contentUrl\":\"https:\/\/challengeseconomiques.com\/wp-content\/uploads\/2021\/03\/Chine-afrique.jpg\",\"width\":944,\"height\":550},{\"@type\":\"BreadcrumbList\",\"@id\":\"https:\/\/challengeseconomiques.com\/?p=8181#breadcrumb\",\"itemListElement\":[{\"@type\":\"ListItem\",\"position\":1,\"name\":\"Home\",\"item\":\"https:\/\/challengeseconomiques.com\/\"},{\"@type\":\"ListItem\",\"position\":2,\"name\":\"La guerre tarifaire de Trump contre la Chine inqui\u00e8te l\u2019Afrique\"}]},{\"@type\":\"WebSite\",\"@id\":\"https:\/\/challengeseconomiques.com\/#website\",\"url\":\"https:\/\/challengeseconomiques.com\/\",\"name\":\"challenges economiques\",\"description\":\"\",\"potentialAction\":[{\"@type\":\"SearchAction\",\"target\":{\"@type\":\"EntryPoint\",\"urlTemplate\":\"https:\/\/challengeseconomiques.com\/?s={search_term_string}\"},\"query-input\":{\"@type\":\"PropertyValueSpecification\",\"valueRequired\":true,\"valueName\":\"search_term_string\"}}],\"inLanguage\":\"fr-FR\"},{\"@type\":\"Person\",\"@id\":\"https:\/\/challengeseconomiques.com\/#\/schema\/person\/b4568c9afebc5a9238a771873801e349\",\"name\":\"admin\",\"image\":{\"@type\":\"ImageObject\",\"inLanguage\":\"fr-FR\",\"@id\":\"https:\/\/challengeseconomiques.com\/#\/schema\/person\/image\/\",\"url\":\"https:\/\/secure.gravatar.com\/avatar\/099e42240b5eea11acdb72751fcce0dd918603f0749d24974b7984ea47ed9fd9?s=96&d=mm&r=g\",\"contentUrl\":\"https:\/\/secure.gravatar.com\/avatar\/099e42240b5eea11acdb72751fcce0dd918603f0749d24974b7984ea47ed9fd9?s=96&d=mm&r=g\",\"caption\":\"admin\"},\"sameAs\":[\"https:\/\/challengeseconomiques.com\"],\"url\":\"https:\/\/challengeseconomiques.com\/?author=1\"}]}<\/script>\n<!-- \/ Yoast SEO plugin. -->","yoast_head_json":{"title":"La guerre tarifaire de Trump contre la Chine inqui\u00e8te l\u2019Afrique - challenges economiques","robots":{"index":"index","follow":"follow","max-snippet":"max-snippet:-1","max-image-preview":"max-image-preview:large","max-video-preview":"max-video-preview:-1"},"canonical":"https:\/\/challengeseconomiques.com\/?p=8181","og_locale":"fr_FR","og_type":"article","og_title":"La guerre tarifaire de Trump contre la Chine inqui\u00e8te l\u2019Afrique - challenges economiques","og_description":"Peut-on redouter un afflux de produits chinois vers l\u2019Afrique et la r\u00e9duction des investissements de P\u00e9kin dans les infrastructures africaines et ses achats de mati\u00e8res...","og_url":"https:\/\/challengeseconomiques.com\/?p=8181","og_site_name":"challenges economiques","article_published_time":"2025-06-13T12:46:09+00:00","article_modified_time":"2025-06-13T12:46:55+00:00","og_image":[{"width":944,"height":550,"url":"https:\/\/challengeseconomiques.com\/wp-content\/uploads\/2021\/03\/Chine-afrique.jpg","type":"image\/jpeg"}],"author":"admin","twitter_card":"summary_large_image","twitter_misc":{"\u00c9crit par":"admin","Dur\u00e9e de lecture estim\u00e9e":"9 minutes"},"schema":{"@context":"https:\/\/schema.org","@graph":[{"@type":"Article","@id":"https:\/\/challengeseconomiques.com\/?p=8181#article","isPartOf":{"@id":"https:\/\/challengeseconomiques.com\/?p=8181"},"author":{"name":"admin","@id":"https:\/\/challengeseconomiques.com\/#\/schema\/person\/b4568c9afebc5a9238a771873801e349"},"headline":"La guerre tarifaire de Trump contre la Chine inqui\u00e8te l\u2019Afrique","datePublished":"2025-06-13T12:46:09+00:00","dateModified":"2025-06-13T12:46:55+00:00","mainEntityOfPage":{"@id":"https:\/\/challengeseconomiques.com\/?p=8181"},"wordCount":1767,"image":{"@id":"https:\/\/challengeseconomiques.com\/?p=8181#primaryimage"},"thumbnailUrl":"https:\/\/challengeseconomiques.com\/wp-content\/uploads\/2021\/03\/Chine-afrique.jpg","articleSection":["Analyse"],"inLanguage":"fr-FR"},{"@type":"WebPage","@id":"https:\/\/challengeseconomiques.com\/?p=8181","url":"https:\/\/challengeseconomiques.com\/?p=8181","name":"La guerre tarifaire de Trump contre la Chine inqui\u00e8te l\u2019Afrique - challenges economiques","isPartOf":{"@id":"https:\/\/challengeseconomiques.com\/#website"},"primaryImageOfPage":{"@id":"https:\/\/challengeseconomiques.com\/?p=8181#primaryimage"},"image":{"@id":"https:\/\/challengeseconomiques.com\/?p=8181#primaryimage"},"thumbnailUrl":"https:\/\/challengeseconomiques.com\/wp-content\/uploads\/2021\/03\/Chine-afrique.jpg","datePublished":"2025-06-13T12:46:09+00:00","dateModified":"2025-06-13T12:46:55+00:00","author":{"@id":"https:\/\/challengeseconomiques.com\/#\/schema\/person\/b4568c9afebc5a9238a771873801e349"},"breadcrumb":{"@id":"https:\/\/challengeseconomiques.com\/?p=8181#breadcrumb"},"inLanguage":"fr-FR","potentialAction":[{"@type":"ReadAction","target":["https:\/\/challengeseconomiques.com\/?p=8181"]}]},{"@type":"ImageObject","inLanguage":"fr-FR","@id":"https:\/\/challengeseconomiques.com\/?p=8181#primaryimage","url":"https:\/\/challengeseconomiques.com\/wp-content\/uploads\/2021\/03\/Chine-afrique.jpg","contentUrl":"https:\/\/challengeseconomiques.com\/wp-content\/uploads\/2021\/03\/Chine-afrique.jpg","width":944,"height":550},{"@type":"BreadcrumbList","@id":"https:\/\/challengeseconomiques.com\/?p=8181#breadcrumb","itemListElement":[{"@type":"ListItem","position":1,"name":"Home","item":"https:\/\/challengeseconomiques.com\/"},{"@type":"ListItem","position":2,"name":"La guerre tarifaire de Trump contre la Chine inqui\u00e8te l\u2019Afrique"}]},{"@type":"WebSite","@id":"https:\/\/challengeseconomiques.com\/#website","url":"https:\/\/challengeseconomiques.com\/","name":"challenges economiques","description":"","potentialAction":[{"@type":"SearchAction","target":{"@type":"EntryPoint","urlTemplate":"https:\/\/challengeseconomiques.com\/?s={search_term_string}"},"query-input":{"@type":"PropertyValueSpecification","valueRequired":true,"valueName":"search_term_string"}}],"inLanguage":"fr-FR"},{"@type":"Person","@id":"https:\/\/challengeseconomiques.com\/#\/schema\/person\/b4568c9afebc5a9238a771873801e349","name":"admin","image":{"@type":"ImageObject","inLanguage":"fr-FR","@id":"https:\/\/challengeseconomiques.com\/#\/schema\/person\/image\/","url":"https:\/\/secure.gravatar.com\/avatar\/099e42240b5eea11acdb72751fcce0dd918603f0749d24974b7984ea47ed9fd9?s=96&d=mm&r=g","contentUrl":"https:\/\/secure.gravatar.com\/avatar\/099e42240b5eea11acdb72751fcce0dd918603f0749d24974b7984ea47ed9fd9?s=96&d=mm&r=g","caption":"admin"},"sameAs":["https:\/\/challengeseconomiques.com"],"url":"https:\/\/challengeseconomiques.com\/?author=1"}]}},"jetpack_featured_media_url":"https:\/\/challengeseconomiques.com\/wp-content\/uploads\/2021\/03\/Chine-afrique.jpg","jetpack_sharing_enabled":true,"_links":{"self":[{"href":"https:\/\/challengeseconomiques.com\/index.php?rest_route=\/wp\/v2\/posts\/8181","targetHints":{"allow":["GET"]}}],"collection":[{"href":"https:\/\/challengeseconomiques.com\/index.php?rest_route=\/wp\/v2\/posts"}],"about":[{"href":"https:\/\/challengeseconomiques.com\/index.php?rest_route=\/wp\/v2\/types\/post"}],"author":[{"embeddable":true,"href":"https:\/\/challengeseconomiques.com\/index.php?rest_route=\/wp\/v2\/users\/1"}],"replies":[{"embeddable":true,"href":"https:\/\/challengeseconomiques.com\/index.php?rest_route=%2Fwp%2Fv2%2Fcomments&post=8181"}],"version-history":[{"count":1,"href":"https:\/\/challengeseconomiques.com\/index.php?rest_route=\/wp\/v2\/posts\/8181\/revisions"}],"predecessor-version":[{"id":8182,"href":"https:\/\/challengeseconomiques.com\/index.php?rest_route=\/wp\/v2\/posts\/8181\/revisions\/8182"}],"wp:featuredmedia":[{"embeddable":true,"href":"https:\/\/challengeseconomiques.com\/index.php?rest_route=\/wp\/v2\/media\/799"}],"wp:attachment":[{"href":"https:\/\/challengeseconomiques.com\/index.php?rest_route=%2Fwp%2Fv2%2Fmedia&parent=8181"}],"wp:term":[{"taxonomy":"category","embeddable":true,"href":"https:\/\/challengeseconomiques.com\/index.php?rest_route=%2Fwp%2Fv2%2Fcategories&post=8181"},{"taxonomy":"post_tag","embeddable":true,"href":"https:\/\/challengeseconomiques.com\/index.php?rest_route=%2Fwp%2Fv2%2Ftags&post=8181"}],"curies":[{"name":"wp","href":"https:\/\/api.w.org\/{rel}","templated":true}]}}