{"id":8178,"date":"2025-06-13T12:33:52","date_gmt":"2025-06-13T12:33:52","guid":{"rendered":"https:\/\/challengeseconomiques.com\/?p=8178"},"modified":"2025-06-13T12:34:30","modified_gmt":"2025-06-13T12:34:30","slug":"suspension-du-contrat-daffermage-de-senelec-les-explications-du-premier-ministre-congolais","status":"publish","type":"post","link":"https:\/\/challengeseconomiques.com\/?p=8178","title":{"rendered":"Suspension du contrat d\u2019affermage de Senelec : les explications du Premier ministre congolais"},"content":{"rendered":"<p>Le Premier ministre du Congo, Anatole Collinet Makossa, a donn\u00e9 jeudi \u00e0 Dakar, des explications au sujet de la suspension du contrat d\u2019affermage de la Soci\u00e9t\u00e9 nationale d\u2019\u00e9lectricit\u00e9 du S\u00e9n\u00e9gal (Senelec) portant sur une distribution pendant au moins dix ans de l\u2019\u00e9lectricit\u00e9 au Congo.<\/p>\n<p>Interpell\u00e9 lors d\u2019une conf\u00e9rence de presse conjointe avec son homologue s\u00e9n\u00e9galais, Ousmane Sonko, le chef du gouvernement congolais a d\u2019abord rappel\u00e9 que la Senelec avait \u00e9t\u00e9 choisie \u00e0 la suite d\u2019un appel \u00e0 manifestation d\u2019int\u00e9r\u00eat auquel avaient souscrit de nombreuses entreprises.<\/p>\n<p>Il a laiss\u00e9 entendre que l\u2019Etat congolais avait \u00e9t\u00e9 par la suite contraint de suspendre la mise en \u0153uvre de ce contrat \u00e0 la suite d\u2019une r\u00e9action de d\u00e9sapprobation de l\u2019opinion publique congolaise.<\/p>\n<p>\u2018\u2019Il y a eu la r\u00e9action des populations qui ont eu du mal \u00e0 accepter que ce secteur public qui rel\u00e8ve parfois de la souverainet\u00e9 d\u2019\u00c9tat soit confi\u00e9 \u00e0 d\u2019autres acteurs, et particuli\u00e8rement \u00e0 des priv\u00e9s\u2019\u2019, a expliqu\u00e9 Anatole Collinet Makossa.<\/p>\n<p>Le Premier ministre du Congo a fait savoir que de nouvelles discussions \u00e9taient pr\u00e9vues avec la Senelec en vue d\u2019une op\u00e9rationnalisation du contrat une fois que les inqui\u00e9tudes des populations \u00e9taient lev\u00e9es.<\/p>\n<p>M. Makossa a rappel\u00e9 que le contrat en question comporte 41 mesures pr\u00e9alables qui doivent \u00eatre r\u00e9solues avant sa mise en \u0153uvre.<\/p>\n<p>\u2018\u2019Une fois ces mesures lev\u00e9es, il appartiendra au gouvernement congolais de mieux faire percevoir l\u2019importance de cette r\u00e9forme a toutes les parties prenantes\u2019\u2019, a-t-il fait valoir.<\/p>\n<p>Le Premier ministre congolais signale que ce contrat d\u2019affermage temporairement suspendu entre dans le cadre d\u2019une r\u00e9forme du secteur entam\u00e9e par les autorit\u00e9s congolaises depuis 2003.<\/p>\n<p>\u2018\u2019La convention d\u2019affermage a \u00e9t\u00e9 suspendue. Oui, c\u2019est le Premier ministre qui a pris la note, suspendant la mise en \u0153uvre du contrat d\u2019affermage, le temps que nous puissions mettre au point les 41 mesures pr\u00e9alables qui ont \u00e9t\u00e9 identifi\u00e9es et que nous pr\u00e9parions l\u2019opinion \u00e0 comprendre la n\u00e9cessit\u00e9 de la r\u00e9forme\u2019\u2019, a-t-il insist\u00e9.<\/p>\n<p>Son homologue s\u00e9n\u00e9galais, Ousmane Sonko, a salu\u00e9 la performance de la Senelec qui a \u00e9t\u00e9 choisie par le gouvernement congolais de mani\u00e8re transparente parmi d\u2019autres entreprises.<\/p>\n<p>Il s\u2019agit d\u2019une suspension du contrat et non d\u2019une annulation du march\u00e9. Cette situation est li\u00e9e \u00e0 des pr\u00e9occupations qui ont amen\u00e9 le gouvernement congolais \u00e0 prendre cette mesure, a tent\u00e9 de justifier Ousmane Sonko<\/p>\n<p>Il dit \u00eatre convaincu que ce \u2018\u2019contrat une fois valid\u00e9 constituera un bel exemple de ce que peut \u00eatre r\u00e9alis\u00e9 dans la nouvelle dynamique de coop\u00e9ration entre le Congo et le S\u00e9n\u00e9gal.<\/p>\n<p>La Socelec, une filiale de la Senelec avait sign\u00e9 le 13 f\u00e9vrier 2025 un contrat d\u2019affermage avec le gouvernement congolais pour assurer la distribution de l\u2019\u00e9lectricit\u00e9 pour dix ans.<\/p>\n<p>A la suite des remous dans le secteur, les autorit\u00e9s congolaises ont d\u00e9cid\u00e9 de suspendre le contrat en attendant de voir plus clair. \u2018\u2019On n\u2019arr\u00eate tout en attendant la d\u00e9cision de la commission technique\u2019\u2019, avait d\u00e9clar\u00e9 Isidore Mvouba, pr\u00e9sident de l\u2019Assembl\u00e9e nationale congolaise, le 27 f\u00e9vrier 2025.<\/p>\n<p><strong>(APS) \u2013<\/strong><\/p>\n","protected":false},"excerpt":{"rendered":"<p>Le Premier ministre du Congo, Anatole Collinet Makossa, a donn\u00e9 jeudi \u00e0 Dakar, des explications au sujet de la suspension du contrat d\u2019affermage de la&#8230;<\/p>\n","protected":false},"author":1,"featured_media":8179,"comment_status":"closed","ping_status":"open","sticky":false,"template":"","format":"standard","meta":{"_jetpack_memberships_contains_paid_content":false,"footnotes":""},"categories":[23,10],"tags":[],"class_list":["post-8178","post","type-post","status-publish","format-standard","has-post-thumbnail","hentry","category-a-la-une","category-infos-eco","wpcat-23-id","wpcat-10-id"],"yoast_head":"<!-- This site is optimized with the Yoast SEO plugin v27.1.1 - https:\/\/yoast.com\/product\/yoast-seo-wordpress\/ -->\n<title>Suspension du contrat d\u2019affermage de Senelec : les explications du Premier ministre congolais - challenges economiques<\/title>\n<meta name=\"robots\" content=\"index, follow, max-snippet:-1, max-image-preview:large, max-video-preview:-1\" \/>\n<link rel=\"canonical\" href=\"https:\/\/challengeseconomiques.com\/?p=8178\" \/>\n<meta property=\"og:locale\" content=\"fr_FR\" \/>\n<meta property=\"og:type\" content=\"article\" \/>\n<meta property=\"og:title\" content=\"Suspension du contrat d\u2019affermage de Senelec : les explications du Premier ministre congolais - challenges economiques\" \/>\n<meta property=\"og:description\" content=\"Le Premier ministre du Congo, Anatole Collinet Makossa, a donn\u00e9 jeudi \u00e0 Dakar, des explications au sujet de la suspension du contrat d\u2019affermage de la...\" \/>\n<meta property=\"og:url\" content=\"https:\/\/challengeseconomiques.com\/?p=8178\" \/>\n<meta property=\"og:site_name\" content=\"challenges economiques\" \/>\n<meta property=\"article:published_time\" content=\"2025-06-13T12:33:52+00:00\" \/>\n<meta property=\"article:modified_time\" content=\"2025-06-13T12:34:30+00:00\" \/>\n<meta property=\"og:image\" content=\"https:\/\/challengeseconomiques.com\/wp-content\/uploads\/2025\/06\/congopremieministre.webp\" \/>\n\t<meta property=\"og:image:width\" content=\"1440\" \/>\n\t<meta property=\"og:image:height\" content=\"765\" \/>\n\t<meta property=\"og:image:type\" content=\"image\/webp\" \/>\n<meta name=\"author\" content=\"admin\" \/>\n<meta name=\"twitter:card\" content=\"summary_large_image\" \/>\n<meta name=\"twitter:label1\" content=\"\u00c9crit par\" \/>\n\t<meta name=\"twitter:data1\" content=\"admin\" \/>\n\t<meta name=\"twitter:label2\" content=\"Dur\u00e9e de lecture estim\u00e9e\" \/>\n\t<meta name=\"twitter:data2\" content=\"3 minutes\" \/>\n<script type=\"application\/ld+json\" class=\"yoast-schema-graph\">{\"@context\":\"https:\/\/schema.org\",\"@graph\":[{\"@type\":\"Article\",\"@id\":\"https:\/\/challengeseconomiques.com\/?p=8178#article\",\"isPartOf\":{\"@id\":\"https:\/\/challengeseconomiques.com\/?p=8178\"},\"author\":{\"name\":\"admin\",\"@id\":\"https:\/\/challengeseconomiques.com\/#\/schema\/person\/b4568c9afebc5a9238a771873801e349\"},\"headline\":\"Suspension du contrat d\u2019affermage de Senelec : les explications du Premier ministre congolais\",\"datePublished\":\"2025-06-13T12:33:52+00:00\",\"dateModified\":\"2025-06-13T12:34:30+00:00\",\"mainEntityOfPage\":{\"@id\":\"https:\/\/challengeseconomiques.com\/?p=8178\"},\"wordCount\":561,\"image\":{\"@id\":\"https:\/\/challengeseconomiques.com\/?p=8178#primaryimage\"},\"thumbnailUrl\":\"https:\/\/challengeseconomiques.com\/wp-content\/uploads\/2025\/06\/congopremieministre.webp\",\"articleSection\":[\"A la une\",\"Infos \u00e9co\"],\"inLanguage\":\"fr-FR\"},{\"@type\":\"WebPage\",\"@id\":\"https:\/\/challengeseconomiques.com\/?p=8178\",\"url\":\"https:\/\/challengeseconomiques.com\/?p=8178\",\"name\":\"Suspension du contrat d\u2019affermage de Senelec : les explications du Premier ministre congolais - challenges economiques\",\"isPartOf\":{\"@id\":\"https:\/\/challengeseconomiques.com\/#website\"},\"primaryImageOfPage\":{\"@id\":\"https:\/\/challengeseconomiques.com\/?p=8178#primaryimage\"},\"image\":{\"@id\":\"https:\/\/challengeseconomiques.com\/?p=8178#primaryimage\"},\"thumbnailUrl\":\"https:\/\/challengeseconomiques.com\/wp-content\/uploads\/2025\/06\/congopremieministre.webp\",\"datePublished\":\"2025-06-13T12:33:52+00:00\",\"dateModified\":\"2025-06-13T12:34:30+00:00\",\"author\":{\"@id\":\"https:\/\/challengeseconomiques.com\/#\/schema\/person\/b4568c9afebc5a9238a771873801e349\"},\"breadcrumb\":{\"@id\":\"https:\/\/challengeseconomiques.com\/?p=8178#breadcrumb\"},\"inLanguage\":\"fr-FR\",\"potentialAction\":[{\"@type\":\"ReadAction\",\"target\":[\"https:\/\/challengeseconomiques.com\/?p=8178\"]}]},{\"@type\":\"ImageObject\",\"inLanguage\":\"fr-FR\",\"@id\":\"https:\/\/challengeseconomiques.com\/?p=8178#primaryimage\",\"url\":\"https:\/\/challengeseconomiques.com\/wp-content\/uploads\/2025\/06\/congopremieministre.webp\",\"contentUrl\":\"https:\/\/challengeseconomiques.com\/wp-content\/uploads\/2025\/06\/congopremieministre.webp\",\"width\":1440,\"height\":765},{\"@type\":\"BreadcrumbList\",\"@id\":\"https:\/\/challengeseconomiques.com\/?p=8178#breadcrumb\",\"itemListElement\":[{\"@type\":\"ListItem\",\"position\":1,\"name\":\"Home\",\"item\":\"https:\/\/challengeseconomiques.com\/\"},{\"@type\":\"ListItem\",\"position\":2,\"name\":\"Suspension du contrat d\u2019affermage de Senelec : les explications du Premier ministre congolais\"}]},{\"@type\":\"WebSite\",\"@id\":\"https:\/\/challengeseconomiques.com\/#website\",\"url\":\"https:\/\/challengeseconomiques.com\/\",\"name\":\"challenges economiques\",\"description\":\"\",\"potentialAction\":[{\"@type\":\"SearchAction\",\"target\":{\"@type\":\"EntryPoint\",\"urlTemplate\":\"https:\/\/challengeseconomiques.com\/?s={search_term_string}\"},\"query-input\":{\"@type\":\"PropertyValueSpecification\",\"valueRequired\":true,\"valueName\":\"search_term_string\"}}],\"inLanguage\":\"fr-FR\"},{\"@type\":\"Person\",\"@id\":\"https:\/\/challengeseconomiques.com\/#\/schema\/person\/b4568c9afebc5a9238a771873801e349\",\"name\":\"admin\",\"image\":{\"@type\":\"ImageObject\",\"inLanguage\":\"fr-FR\",\"@id\":\"https:\/\/challengeseconomiques.com\/#\/schema\/person\/image\/\",\"url\":\"https:\/\/secure.gravatar.com\/avatar\/099e42240b5eea11acdb72751fcce0dd918603f0749d24974b7984ea47ed9fd9?s=96&d=mm&r=g\",\"contentUrl\":\"https:\/\/secure.gravatar.com\/avatar\/099e42240b5eea11acdb72751fcce0dd918603f0749d24974b7984ea47ed9fd9?s=96&d=mm&r=g\",\"caption\":\"admin\"},\"sameAs\":[\"https:\/\/challengeseconomiques.com\"],\"url\":\"https:\/\/challengeseconomiques.com\/?author=1\"}]}<\/script>\n<!-- \/ Yoast SEO plugin. -->","yoast_head_json":{"title":"Suspension du contrat d\u2019affermage de Senelec : les explications du Premier ministre congolais - challenges economiques","robots":{"index":"index","follow":"follow","max-snippet":"max-snippet:-1","max-image-preview":"max-image-preview:large","max-video-preview":"max-video-preview:-1"},"canonical":"https:\/\/challengeseconomiques.com\/?p=8178","og_locale":"fr_FR","og_type":"article","og_title":"Suspension du contrat d\u2019affermage de Senelec : les explications du Premier ministre congolais - challenges economiques","og_description":"Le Premier ministre du Congo, Anatole Collinet Makossa, a donn\u00e9 jeudi \u00e0 Dakar, des explications au sujet de la suspension du contrat d\u2019affermage de la...","og_url":"https:\/\/challengeseconomiques.com\/?p=8178","og_site_name":"challenges economiques","article_published_time":"2025-06-13T12:33:52+00:00","article_modified_time":"2025-06-13T12:34:30+00:00","og_image":[{"width":1440,"height":765,"url":"https:\/\/challengeseconomiques.com\/wp-content\/uploads\/2025\/06\/congopremieministre.webp","type":"image\/webp"}],"author":"admin","twitter_card":"summary_large_image","twitter_misc":{"\u00c9crit par":"admin","Dur\u00e9e de lecture estim\u00e9e":"3 minutes"},"schema":{"@context":"https:\/\/schema.org","@graph":[{"@type":"Article","@id":"https:\/\/challengeseconomiques.com\/?p=8178#article","isPartOf":{"@id":"https:\/\/challengeseconomiques.com\/?p=8178"},"author":{"name":"admin","@id":"https:\/\/challengeseconomiques.com\/#\/schema\/person\/b4568c9afebc5a9238a771873801e349"},"headline":"Suspension du contrat d\u2019affermage de Senelec : les explications du Premier ministre congolais","datePublished":"2025-06-13T12:33:52+00:00","dateModified":"2025-06-13T12:34:30+00:00","mainEntityOfPage":{"@id":"https:\/\/challengeseconomiques.com\/?p=8178"},"wordCount":561,"image":{"@id":"https:\/\/challengeseconomiques.com\/?p=8178#primaryimage"},"thumbnailUrl":"https:\/\/challengeseconomiques.com\/wp-content\/uploads\/2025\/06\/congopremieministre.webp","articleSection":["A la une","Infos \u00e9co"],"inLanguage":"fr-FR"},{"@type":"WebPage","@id":"https:\/\/challengeseconomiques.com\/?p=8178","url":"https:\/\/challengeseconomiques.com\/?p=8178","name":"Suspension du contrat d\u2019affermage de Senelec : les explications du Premier ministre congolais - challenges economiques","isPartOf":{"@id":"https:\/\/challengeseconomiques.com\/#website"},"primaryImageOfPage":{"@id":"https:\/\/challengeseconomiques.com\/?p=8178#primaryimage"},"image":{"@id":"https:\/\/challengeseconomiques.com\/?p=8178#primaryimage"},"thumbnailUrl":"https:\/\/challengeseconomiques.com\/wp-content\/uploads\/2025\/06\/congopremieministre.webp","datePublished":"2025-06-13T12:33:52+00:00","dateModified":"2025-06-13T12:34:30+00:00","author":{"@id":"https:\/\/challengeseconomiques.com\/#\/schema\/person\/b4568c9afebc5a9238a771873801e349"},"breadcrumb":{"@id":"https:\/\/challengeseconomiques.com\/?p=8178#breadcrumb"},"inLanguage":"fr-FR","potentialAction":[{"@type":"ReadAction","target":["https:\/\/challengeseconomiques.com\/?p=8178"]}]},{"@type":"ImageObject","inLanguage":"fr-FR","@id":"https:\/\/challengeseconomiques.com\/?p=8178#primaryimage","url":"https:\/\/challengeseconomiques.com\/wp-content\/uploads\/2025\/06\/congopremieministre.webp","contentUrl":"https:\/\/challengeseconomiques.com\/wp-content\/uploads\/2025\/06\/congopremieministre.webp","width":1440,"height":765},{"@type":"BreadcrumbList","@id":"https:\/\/challengeseconomiques.com\/?p=8178#breadcrumb","itemListElement":[{"@type":"ListItem","position":1,"name":"Home","item":"https:\/\/challengeseconomiques.com\/"},{"@type":"ListItem","position":2,"name":"Suspension du contrat d\u2019affermage de Senelec : les explications du Premier ministre congolais"}]},{"@type":"WebSite","@id":"https:\/\/challengeseconomiques.com\/#website","url":"https:\/\/challengeseconomiques.com\/","name":"challenges economiques","description":"","potentialAction":[{"@type":"SearchAction","target":{"@type":"EntryPoint","urlTemplate":"https:\/\/challengeseconomiques.com\/?s={search_term_string}"},"query-input":{"@type":"PropertyValueSpecification","valueRequired":true,"valueName":"search_term_string"}}],"inLanguage":"fr-FR"},{"@type":"Person","@id":"https:\/\/challengeseconomiques.com\/#\/schema\/person\/b4568c9afebc5a9238a771873801e349","name":"admin","image":{"@type":"ImageObject","inLanguage":"fr-FR","@id":"https:\/\/challengeseconomiques.com\/#\/schema\/person\/image\/","url":"https:\/\/secure.gravatar.com\/avatar\/099e42240b5eea11acdb72751fcce0dd918603f0749d24974b7984ea47ed9fd9?s=96&d=mm&r=g","contentUrl":"https:\/\/secure.gravatar.com\/avatar\/099e42240b5eea11acdb72751fcce0dd918603f0749d24974b7984ea47ed9fd9?s=96&d=mm&r=g","caption":"admin"},"sameAs":["https:\/\/challengeseconomiques.com"],"url":"https:\/\/challengeseconomiques.com\/?author=1"}]}},"jetpack_featured_media_url":"https:\/\/challengeseconomiques.com\/wp-content\/uploads\/2025\/06\/congopremieministre.webp","jetpack_sharing_enabled":true,"_links":{"self":[{"href":"https:\/\/challengeseconomiques.com\/index.php?rest_route=\/wp\/v2\/posts\/8178","targetHints":{"allow":["GET"]}}],"collection":[{"href":"https:\/\/challengeseconomiques.com\/index.php?rest_route=\/wp\/v2\/posts"}],"about":[{"href":"https:\/\/challengeseconomiques.com\/index.php?rest_route=\/wp\/v2\/types\/post"}],"author":[{"embeddable":true,"href":"https:\/\/challengeseconomiques.com\/index.php?rest_route=\/wp\/v2\/users\/1"}],"replies":[{"embeddable":true,"href":"https:\/\/challengeseconomiques.com\/index.php?rest_route=%2Fwp%2Fv2%2Fcomments&post=8178"}],"version-history":[{"count":1,"href":"https:\/\/challengeseconomiques.com\/index.php?rest_route=\/wp\/v2\/posts\/8178\/revisions"}],"predecessor-version":[{"id":8180,"href":"https:\/\/challengeseconomiques.com\/index.php?rest_route=\/wp\/v2\/posts\/8178\/revisions\/8180"}],"wp:featuredmedia":[{"embeddable":true,"href":"https:\/\/challengeseconomiques.com\/index.php?rest_route=\/wp\/v2\/media\/8179"}],"wp:attachment":[{"href":"https:\/\/challengeseconomiques.com\/index.php?rest_route=%2Fwp%2Fv2%2Fmedia&parent=8178"}],"wp:term":[{"taxonomy":"category","embeddable":true,"href":"https:\/\/challengeseconomiques.com\/index.php?rest_route=%2Fwp%2Fv2%2Fcategories&post=8178"},{"taxonomy":"post_tag","embeddable":true,"href":"https:\/\/challengeseconomiques.com\/index.php?rest_route=%2Fwp%2Fv2%2Ftags&post=8178"}],"curies":[{"name":"wp","href":"https:\/\/api.w.org\/{rel}","templated":true}]}}