{"id":8172,"date":"2025-06-11T15:33:33","date_gmt":"2025-06-11T15:33:33","guid":{"rendered":"https:\/\/challengeseconomiques.com\/?p=8172"},"modified":"2025-06-11T15:34:22","modified_gmt":"2025-06-11T15:34:22","slug":"axe-dakar-ankara-vers-le-renforcement-de-la-cooperation-economique","status":"publish","type":"post","link":"https:\/\/challengeseconomiques.com\/?p=8172","title":{"rendered":"Axe Dakar-Ankara : Vers le renforcement de la coop\u00e9ration \u00e9conomique"},"content":{"rendered":"<p><b>Le pr\u00e9sident de la Chambre de Commerce, d\u2019Industrie et d\u2019Agriculture de Dakar (CCIAD) a re\u00e7u l\u2019ambassadrice de la R\u00e9publique de T\u00fcrkiye au S\u00e9n\u00e9gal, Hatice Nur Sa\u011fman, le jeudi 5 juin 2025. Les \u00e9changes des deux parties ont port\u00e9 sur les axes de collaboration pour renforcer la coop\u00e9ration bilat\u00e9rale s\u00e9n\u00e9galo-turque.\u00a0<\/b><\/p>\n<p>L\u2019ambassadrice de la R\u00e9publique de T\u00fcrkiye au S\u00e9n\u00e9gal, Hatice Nur Sa\u011fman a remerci\u00e9 le pr\u00e9sident de la CCIAD pour sa visite \u00e0 l\u2019Ambassade, apr\u00e8s le tremblement de terre survenu dans son pays le 6 f\u00e9vrier 2023. Elle a affirm\u00e9 son souhait d\u2019am\u00e9liorer la coop\u00e9ration \u00e9conomique s\u00e9n\u00e9galo-turque. Mme Sa\u011fman pr\u00f4ne des \u00e9changes \u00e9quilibr\u00e9s. Elle trouve qu\u2019il est n\u00e9cessaire de suivre la voie trac\u00e9e par les deux Chefs d\u2019Etat Recep Tayyip Erdogan et Bassirou Diomaye Faye notamment lors de la visite du pr\u00e9sident de la R\u00e9publique du S\u00e9n\u00e9gal en T\u00fcrkiye, en octobre dernier. Dans ce sens, l\u2019ambassadrice a annonc\u00e9 la participation d\u2019une d\u00e9l\u00e9gation de chefs d\u2019entreprises turcs au Forum Invest in S\u00e9n\u00e9gal, pr\u00e9vu les 7 et 8 octobre prochain.<\/p>\n<p>La diplomate estime qu\u2019il est important de b\u00e2tir une coop\u00e9ration en \u00e9tant \u00e0 l\u2019\u00e9coute de ses partenaires. Elle encourage le partage d\u2019exp\u00e9riences dans les deux sens. Mme Sa\u011fman envisage l\u2019\u00e9largissement du Conseil d\u2019affaires s\u00e9n\u00e9galo-turc avec la CCIAD comme acteur cl\u00e9.<\/p>\n<p>A sa suite, le pr\u00e9sident de la CCIAD, Abdoulaye Sow a rappel\u00e9 l\u2019importance de la solidarit\u00e9 et du r\u00e9confort dans les moments difficiles. Il a \u00e9voqu\u00e9 les deux conventions sign\u00e9es avec DE\u0130K (<i>D\u0131\u015f Ekonomik \u0130li\u015fkiler Kurulu<\/i> en turc) ou Conseil des relations \u00e9conomiques ext\u00e9rieures de T\u00fcrkiye et la Chambre de Commerce d\u2019Istanbul. M. Sow a insist\u00e9 sur l\u2019encadrement des op\u00e9rateurs \u00e9conomiques des deux pays pour garantir des partenariats s\u00fbrs. Il soutient l\u2019organisation de missions \u00e9conomiques dans les deux sens.<\/p>\n<p>Le pr\u00e9sident de la CCIAD a affirm\u00e9 la disponibilit\u00e9 de l\u2019Institution Consulaire pour orienter les hommes d\u2019affaires turcs souhaitant investir au S\u00e9n\u00e9gal. Il a \u00e9galement abord\u00e9 la question de la transformation des produits locaux par les op\u00e9rateurs \u00e9conomiques s\u00e9n\u00e9galais.<\/p>\n<p><strong>(BIE)<\/strong><\/p>\n","protected":false},"excerpt":{"rendered":"<p>Le pr\u00e9sident de la Chambre de Commerce, d\u2019Industrie et d\u2019Agriculture de Dakar (CCIAD) a re\u00e7u l\u2019ambassadrice de la R\u00e9publique de T\u00fcrkiye au S\u00e9n\u00e9gal, Hatice Nur&#8230;<\/p>\n","protected":false},"author":1,"featured_media":8173,"comment_status":"closed","ping_status":"open","sticky":false,"template":"","format":"standard","meta":{"_jetpack_memberships_contains_paid_content":false,"footnotes":""},"categories":[8,10],"tags":[],"class_list":["post-8172","post","type-post","status-publish","format-standard","has-post-thumbnail","hentry","category-actualite-economique","category-infos-eco","wpcat-8-id","wpcat-10-id"],"yoast_head":"<!-- This site is optimized with the Yoast SEO plugin v27.1.1 - https:\/\/yoast.com\/product\/yoast-seo-wordpress\/ -->\n<title>Axe Dakar-Ankara : Vers le renforcement de la coop\u00e9ration \u00e9conomique - challenges economiques<\/title>\n<meta name=\"robots\" content=\"index, follow, max-snippet:-1, max-image-preview:large, max-video-preview:-1\" \/>\n<link rel=\"canonical\" href=\"https:\/\/challengeseconomiques.com\/?p=8172\" \/>\n<meta property=\"og:locale\" content=\"fr_FR\" \/>\n<meta property=\"og:type\" content=\"article\" \/>\n<meta property=\"og:title\" content=\"Axe Dakar-Ankara : Vers le renforcement de la coop\u00e9ration \u00e9conomique - challenges economiques\" \/>\n<meta property=\"og:description\" content=\"Le pr\u00e9sident de la Chambre de Commerce, d\u2019Industrie et d\u2019Agriculture de Dakar (CCIAD) a re\u00e7u l\u2019ambassadrice de la R\u00e9publique de T\u00fcrkiye au S\u00e9n\u00e9gal, Hatice Nur...\" \/>\n<meta property=\"og:url\" content=\"https:\/\/challengeseconomiques.com\/?p=8172\" \/>\n<meta property=\"og:site_name\" content=\"challenges economiques\" \/>\n<meta property=\"article:published_time\" content=\"2025-06-11T15:33:33+00:00\" \/>\n<meta property=\"article:modified_time\" content=\"2025-06-11T15:34:22+00:00\" \/>\n<meta property=\"og:image\" content=\"https:\/\/challengeseconomiques.com\/wp-content\/uploads\/2025\/06\/Ambassadrice-Turkiye-4.jpeg\" \/>\n\t<meta property=\"og:image:width\" content=\"1080\" \/>\n\t<meta property=\"og:image:height\" content=\"720\" \/>\n\t<meta property=\"og:image:type\" content=\"image\/jpeg\" \/>\n<meta name=\"author\" content=\"admin\" \/>\n<meta name=\"twitter:card\" content=\"summary_large_image\" \/>\n<meta name=\"twitter:label1\" content=\"\u00c9crit par\" \/>\n\t<meta name=\"twitter:data1\" content=\"admin\" \/>\n\t<meta name=\"twitter:label2\" content=\"Dur\u00e9e de lecture estim\u00e9e\" \/>\n\t<meta name=\"twitter:data2\" content=\"2 minutes\" \/>\n<script type=\"application\/ld+json\" class=\"yoast-schema-graph\">{\"@context\":\"https:\/\/schema.org\",\"@graph\":[{\"@type\":\"Article\",\"@id\":\"https:\/\/challengeseconomiques.com\/?p=8172#article\",\"isPartOf\":{\"@id\":\"https:\/\/challengeseconomiques.com\/?p=8172\"},\"author\":{\"name\":\"admin\",\"@id\":\"https:\/\/challengeseconomiques.com\/#\/schema\/person\/b4568c9afebc5a9238a771873801e349\"},\"headline\":\"Axe Dakar-Ankara : Vers le renforcement de la coop\u00e9ration \u00e9conomique\",\"datePublished\":\"2025-06-11T15:33:33+00:00\",\"dateModified\":\"2025-06-11T15:34:22+00:00\",\"mainEntityOfPage\":{\"@id\":\"https:\/\/challengeseconomiques.com\/?p=8172\"},\"wordCount\":408,\"image\":{\"@id\":\"https:\/\/challengeseconomiques.com\/?p=8172#primaryimage\"},\"thumbnailUrl\":\"https:\/\/challengeseconomiques.com\/wp-content\/uploads\/2025\/06\/Ambassadrice-Turkiye-4.jpeg\",\"articleSection\":[\"Actualit\u00e9 \u00e9conomique\",\"Infos \u00e9co\"],\"inLanguage\":\"fr-FR\"},{\"@type\":\"WebPage\",\"@id\":\"https:\/\/challengeseconomiques.com\/?p=8172\",\"url\":\"https:\/\/challengeseconomiques.com\/?p=8172\",\"name\":\"Axe Dakar-Ankara : Vers le renforcement de la coop\u00e9ration \u00e9conomique - challenges economiques\",\"isPartOf\":{\"@id\":\"https:\/\/challengeseconomiques.com\/#website\"},\"primaryImageOfPage\":{\"@id\":\"https:\/\/challengeseconomiques.com\/?p=8172#primaryimage\"},\"image\":{\"@id\":\"https:\/\/challengeseconomiques.com\/?p=8172#primaryimage\"},\"thumbnailUrl\":\"https:\/\/challengeseconomiques.com\/wp-content\/uploads\/2025\/06\/Ambassadrice-Turkiye-4.jpeg\",\"datePublished\":\"2025-06-11T15:33:33+00:00\",\"dateModified\":\"2025-06-11T15:34:22+00:00\",\"author\":{\"@id\":\"https:\/\/challengeseconomiques.com\/#\/schema\/person\/b4568c9afebc5a9238a771873801e349\"},\"breadcrumb\":{\"@id\":\"https:\/\/challengeseconomiques.com\/?p=8172#breadcrumb\"},\"inLanguage\":\"fr-FR\",\"potentialAction\":[{\"@type\":\"ReadAction\",\"target\":[\"https:\/\/challengeseconomiques.com\/?p=8172\"]}]},{\"@type\":\"ImageObject\",\"inLanguage\":\"fr-FR\",\"@id\":\"https:\/\/challengeseconomiques.com\/?p=8172#primaryimage\",\"url\":\"https:\/\/challengeseconomiques.com\/wp-content\/uploads\/2025\/06\/Ambassadrice-Turkiye-4.jpeg\",\"contentUrl\":\"https:\/\/challengeseconomiques.com\/wp-content\/uploads\/2025\/06\/Ambassadrice-Turkiye-4.jpeg\",\"width\":1080,\"height\":720},{\"@type\":\"BreadcrumbList\",\"@id\":\"https:\/\/challengeseconomiques.com\/?p=8172#breadcrumb\",\"itemListElement\":[{\"@type\":\"ListItem\",\"position\":1,\"name\":\"Home\",\"item\":\"https:\/\/challengeseconomiques.com\/\"},{\"@type\":\"ListItem\",\"position\":2,\"name\":\"Axe Dakar-Ankara : Vers le renforcement de la coop\u00e9ration \u00e9conomique\"}]},{\"@type\":\"WebSite\",\"@id\":\"https:\/\/challengeseconomiques.com\/#website\",\"url\":\"https:\/\/challengeseconomiques.com\/\",\"name\":\"challenges economiques\",\"description\":\"\",\"potentialAction\":[{\"@type\":\"SearchAction\",\"target\":{\"@type\":\"EntryPoint\",\"urlTemplate\":\"https:\/\/challengeseconomiques.com\/?s={search_term_string}\"},\"query-input\":{\"@type\":\"PropertyValueSpecification\",\"valueRequired\":true,\"valueName\":\"search_term_string\"}}],\"inLanguage\":\"fr-FR\"},{\"@type\":\"Person\",\"@id\":\"https:\/\/challengeseconomiques.com\/#\/schema\/person\/b4568c9afebc5a9238a771873801e349\",\"name\":\"admin\",\"image\":{\"@type\":\"ImageObject\",\"inLanguage\":\"fr-FR\",\"@id\":\"https:\/\/challengeseconomiques.com\/#\/schema\/person\/image\/\",\"url\":\"https:\/\/secure.gravatar.com\/avatar\/099e42240b5eea11acdb72751fcce0dd918603f0749d24974b7984ea47ed9fd9?s=96&d=mm&r=g\",\"contentUrl\":\"https:\/\/secure.gravatar.com\/avatar\/099e42240b5eea11acdb72751fcce0dd918603f0749d24974b7984ea47ed9fd9?s=96&d=mm&r=g\",\"caption\":\"admin\"},\"sameAs\":[\"https:\/\/challengeseconomiques.com\"],\"url\":\"https:\/\/challengeseconomiques.com\/?author=1\"}]}<\/script>\n<!-- \/ Yoast SEO plugin. -->","yoast_head_json":{"title":"Axe Dakar-Ankara : Vers le renforcement de la coop\u00e9ration \u00e9conomique - challenges economiques","robots":{"index":"index","follow":"follow","max-snippet":"max-snippet:-1","max-image-preview":"max-image-preview:large","max-video-preview":"max-video-preview:-1"},"canonical":"https:\/\/challengeseconomiques.com\/?p=8172","og_locale":"fr_FR","og_type":"article","og_title":"Axe Dakar-Ankara : Vers le renforcement de la coop\u00e9ration \u00e9conomique - challenges economiques","og_description":"Le pr\u00e9sident de la Chambre de Commerce, d\u2019Industrie et d\u2019Agriculture de Dakar (CCIAD) a re\u00e7u l\u2019ambassadrice de la R\u00e9publique de T\u00fcrkiye au S\u00e9n\u00e9gal, Hatice Nur...","og_url":"https:\/\/challengeseconomiques.com\/?p=8172","og_site_name":"challenges economiques","article_published_time":"2025-06-11T15:33:33+00:00","article_modified_time":"2025-06-11T15:34:22+00:00","og_image":[{"width":1080,"height":720,"url":"https:\/\/challengeseconomiques.com\/wp-content\/uploads\/2025\/06\/Ambassadrice-Turkiye-4.jpeg","type":"image\/jpeg"}],"author":"admin","twitter_card":"summary_large_image","twitter_misc":{"\u00c9crit par":"admin","Dur\u00e9e de lecture estim\u00e9e":"2 minutes"},"schema":{"@context":"https:\/\/schema.org","@graph":[{"@type":"Article","@id":"https:\/\/challengeseconomiques.com\/?p=8172#article","isPartOf":{"@id":"https:\/\/challengeseconomiques.com\/?p=8172"},"author":{"name":"admin","@id":"https:\/\/challengeseconomiques.com\/#\/schema\/person\/b4568c9afebc5a9238a771873801e349"},"headline":"Axe Dakar-Ankara : Vers le renforcement de la coop\u00e9ration \u00e9conomique","datePublished":"2025-06-11T15:33:33+00:00","dateModified":"2025-06-11T15:34:22+00:00","mainEntityOfPage":{"@id":"https:\/\/challengeseconomiques.com\/?p=8172"},"wordCount":408,"image":{"@id":"https:\/\/challengeseconomiques.com\/?p=8172#primaryimage"},"thumbnailUrl":"https:\/\/challengeseconomiques.com\/wp-content\/uploads\/2025\/06\/Ambassadrice-Turkiye-4.jpeg","articleSection":["Actualit\u00e9 \u00e9conomique","Infos \u00e9co"],"inLanguage":"fr-FR"},{"@type":"WebPage","@id":"https:\/\/challengeseconomiques.com\/?p=8172","url":"https:\/\/challengeseconomiques.com\/?p=8172","name":"Axe Dakar-Ankara : Vers le renforcement de la coop\u00e9ration \u00e9conomique - challenges economiques","isPartOf":{"@id":"https:\/\/challengeseconomiques.com\/#website"},"primaryImageOfPage":{"@id":"https:\/\/challengeseconomiques.com\/?p=8172#primaryimage"},"image":{"@id":"https:\/\/challengeseconomiques.com\/?p=8172#primaryimage"},"thumbnailUrl":"https:\/\/challengeseconomiques.com\/wp-content\/uploads\/2025\/06\/Ambassadrice-Turkiye-4.jpeg","datePublished":"2025-06-11T15:33:33+00:00","dateModified":"2025-06-11T15:34:22+00:00","author":{"@id":"https:\/\/challengeseconomiques.com\/#\/schema\/person\/b4568c9afebc5a9238a771873801e349"},"breadcrumb":{"@id":"https:\/\/challengeseconomiques.com\/?p=8172#breadcrumb"},"inLanguage":"fr-FR","potentialAction":[{"@type":"ReadAction","target":["https:\/\/challengeseconomiques.com\/?p=8172"]}]},{"@type":"ImageObject","inLanguage":"fr-FR","@id":"https:\/\/challengeseconomiques.com\/?p=8172#primaryimage","url":"https:\/\/challengeseconomiques.com\/wp-content\/uploads\/2025\/06\/Ambassadrice-Turkiye-4.jpeg","contentUrl":"https:\/\/challengeseconomiques.com\/wp-content\/uploads\/2025\/06\/Ambassadrice-Turkiye-4.jpeg","width":1080,"height":720},{"@type":"BreadcrumbList","@id":"https:\/\/challengeseconomiques.com\/?p=8172#breadcrumb","itemListElement":[{"@type":"ListItem","position":1,"name":"Home","item":"https:\/\/challengeseconomiques.com\/"},{"@type":"ListItem","position":2,"name":"Axe Dakar-Ankara : Vers le renforcement de la coop\u00e9ration \u00e9conomique"}]},{"@type":"WebSite","@id":"https:\/\/challengeseconomiques.com\/#website","url":"https:\/\/challengeseconomiques.com\/","name":"challenges economiques","description":"","potentialAction":[{"@type":"SearchAction","target":{"@type":"EntryPoint","urlTemplate":"https:\/\/challengeseconomiques.com\/?s={search_term_string}"},"query-input":{"@type":"PropertyValueSpecification","valueRequired":true,"valueName":"search_term_string"}}],"inLanguage":"fr-FR"},{"@type":"Person","@id":"https:\/\/challengeseconomiques.com\/#\/schema\/person\/b4568c9afebc5a9238a771873801e349","name":"admin","image":{"@type":"ImageObject","inLanguage":"fr-FR","@id":"https:\/\/challengeseconomiques.com\/#\/schema\/person\/image\/","url":"https:\/\/secure.gravatar.com\/avatar\/099e42240b5eea11acdb72751fcce0dd918603f0749d24974b7984ea47ed9fd9?s=96&d=mm&r=g","contentUrl":"https:\/\/secure.gravatar.com\/avatar\/099e42240b5eea11acdb72751fcce0dd918603f0749d24974b7984ea47ed9fd9?s=96&d=mm&r=g","caption":"admin"},"sameAs":["https:\/\/challengeseconomiques.com"],"url":"https:\/\/challengeseconomiques.com\/?author=1"}]}},"jetpack_featured_media_url":"https:\/\/challengeseconomiques.com\/wp-content\/uploads\/2025\/06\/Ambassadrice-Turkiye-4.jpeg","jetpack_sharing_enabled":true,"_links":{"self":[{"href":"https:\/\/challengeseconomiques.com\/index.php?rest_route=\/wp\/v2\/posts\/8172","targetHints":{"allow":["GET"]}}],"collection":[{"href":"https:\/\/challengeseconomiques.com\/index.php?rest_route=\/wp\/v2\/posts"}],"about":[{"href":"https:\/\/challengeseconomiques.com\/index.php?rest_route=\/wp\/v2\/types\/post"}],"author":[{"embeddable":true,"href":"https:\/\/challengeseconomiques.com\/index.php?rest_route=\/wp\/v2\/users\/1"}],"replies":[{"embeddable":true,"href":"https:\/\/challengeseconomiques.com\/index.php?rest_route=%2Fwp%2Fv2%2Fcomments&post=8172"}],"version-history":[{"count":1,"href":"https:\/\/challengeseconomiques.com\/index.php?rest_route=\/wp\/v2\/posts\/8172\/revisions"}],"predecessor-version":[{"id":8174,"href":"https:\/\/challengeseconomiques.com\/index.php?rest_route=\/wp\/v2\/posts\/8172\/revisions\/8174"}],"wp:featuredmedia":[{"embeddable":true,"href":"https:\/\/challengeseconomiques.com\/index.php?rest_route=\/wp\/v2\/media\/8173"}],"wp:attachment":[{"href":"https:\/\/challengeseconomiques.com\/index.php?rest_route=%2Fwp%2Fv2%2Fmedia&parent=8172"}],"wp:term":[{"taxonomy":"category","embeddable":true,"href":"https:\/\/challengeseconomiques.com\/index.php?rest_route=%2Fwp%2Fv2%2Fcategories&post=8172"},{"taxonomy":"post_tag","embeddable":true,"href":"https:\/\/challengeseconomiques.com\/index.php?rest_route=%2Fwp%2Fv2%2Ftags&post=8172"}],"curies":[{"name":"wp","href":"https:\/\/api.w.org\/{rel}","templated":true}]}}