{"id":8145,"date":"2025-06-04T12:26:12","date_gmt":"2025-06-04T12:26:12","guid":{"rendered":"https:\/\/challengeseconomiques.com\/?p=8145"},"modified":"2025-06-04T12:26:51","modified_gmt":"2025-06-04T12:26:51","slug":"reduction-du-deficit-budgetaire-du-senegal-a-162-milliards-de-francs-cfa-au-1er-trimestre-2025","status":"publish","type":"post","link":"https:\/\/challengeseconomiques.com\/?p=8145","title":{"rendered":"R\u00e9duction du d\u00e9ficit budg\u00e9taire du S\u00e9n\u00e9gal \u00e0 162 milliards de francs CFA au 1er trimestre 2025"},"content":{"rendered":"<p><strong>Cheikh Diba, ministre des finances du S\u00e9n\u00e9gal<\/strong><\/p>\n<p>Le d\u00e9ficit budg\u00e9taire du S\u00e9n\u00e9gal s\u2019est fortement r\u00e9duit au 1<sup>er<\/sup> trimestre de l\u2019ann\u00e9e 2025 et s\u2019est \u00e9tabli \u00e0 162,5 milliards de francs CFA contre 427,1 milliards francs CFA \u00e0 la m\u00eame p\u00e9riode, l\u2019ann\u00e9e pr\u00e9c\u00e9dente, soit une forte contraction de 62%, selon les donn\u00e9es officielles, informe un article du site d\u2019informations \u00e9conomiques Sikafinance.<\/p>\n<p>\u00ab\u00a0Cette am\u00e9lioration substantielle d\u00e9coule d\u2019une progression de 12,1% \u00e0 1019,5 milliards francs CFA des recettes l\u00e0 ou les d\u00e9penses ont diminu\u00e9 de 1,3% \u00e0 1181 milliards francs CFA\u00a0\u00bb, r\u00e9v\u00e8le encore l\u2019article de Sikafinance.<\/p>\n<p>Signalons qu\u2019une bonne tenue des recettes fiscales s\u2019ajoute \u00e0 la r\u00e9duction du d\u00e9ficit budg\u00e9taire de notre pays. En effet, les recettes fiscales, qui constituent 94% des recettes totales, ont enregistr\u00e9 une croissance de 10,5% par rapport \u00e0 fin mars 2024 (+91,6 milliards francs CFA). Simultan\u00e9ment, les recettes non fiscales (repr\u00e9sentant 6% des recettes totales) ont bondi de 56% \u00e0 57 milliards francs CFA sur la p\u00e9riode sous revue.<\/p>\n<p>Cette progression des recettes est notamment soutenue par la bonne performance du recouvrement des imp\u00f4ts directs avec une progression de 73,7 milliards francs CFA des taxes sur les biens et services int\u00e9rieurs et du fonds de s\u00e9curisation des importations des produits p\u00e9troliers (FSIPP), qui a progress\u00e9 de 5,8 milliards francs CFA, atteignant respectivement 387 milliards francs CFA, 250,9 milliards francs CFA et 22,3 milliards francs CFA.<\/p>\n<p>L\u2019article note toutefois que cette croissance a \u00e9t\u00e9 temp\u00e9r\u00e9e par une baisse des droits d\u2019enregistrement et de timbre, qui ont r\u00e9gress\u00e9 de 4,8 milliards francs CFA et des droits de douane sur le p\u00e9trole, qui ont aussi recul\u00e9 de 4,5 milliards francs CFA \u00e0 fin mars 2025.<\/p>\n<p><strong>Idrissa GUEYE<\/strong><\/p>\n","protected":false},"excerpt":{"rendered":"<p>Cheikh Diba, ministre des finances du S\u00e9n\u00e9gal Le d\u00e9ficit budg\u00e9taire du S\u00e9n\u00e9gal s\u2019est fortement r\u00e9duit au 1er trimestre de l\u2019ann\u00e9e 2025 et s\u2019est \u00e9tabli \u00e0&#8230;<\/p>\n","protected":false},"author":1,"featured_media":7736,"comment_status":"closed","ping_status":"open","sticky":false,"template":"","format":"standard","meta":{"_jetpack_memberships_contains_paid_content":false,"footnotes":""},"categories":[23,8,10],"tags":[],"class_list":["post-8145","post","type-post","status-publish","format-standard","has-post-thumbnail","hentry","category-a-la-une","category-actualite-economique","category-infos-eco","wpcat-23-id","wpcat-8-id","wpcat-10-id"],"yoast_head":"<!-- This site is optimized with the Yoast SEO plugin v27.1.1 - https:\/\/yoast.com\/product\/yoast-seo-wordpress\/ -->\n<title>R\u00e9duction du d\u00e9ficit budg\u00e9taire du S\u00e9n\u00e9gal \u00e0 162 milliards de francs CFA au 1er trimestre 2025 - challenges economiques<\/title>\n<meta name=\"robots\" content=\"index, follow, max-snippet:-1, max-image-preview:large, max-video-preview:-1\" \/>\n<link rel=\"canonical\" href=\"https:\/\/challengeseconomiques.com\/?p=8145\" \/>\n<meta property=\"og:locale\" content=\"fr_FR\" \/>\n<meta property=\"og:type\" content=\"article\" \/>\n<meta property=\"og:title\" content=\"R\u00e9duction du d\u00e9ficit budg\u00e9taire du S\u00e9n\u00e9gal \u00e0 162 milliards de francs CFA au 1er trimestre 2025 - challenges economiques\" \/>\n<meta property=\"og:description\" content=\"Cheikh Diba, ministre des finances du S\u00e9n\u00e9gal Le d\u00e9ficit budg\u00e9taire du S\u00e9n\u00e9gal s\u2019est fortement r\u00e9duit au 1er trimestre de l\u2019ann\u00e9e 2025 et s\u2019est \u00e9tabli \u00e0...\" \/>\n<meta property=\"og:url\" content=\"https:\/\/challengeseconomiques.com\/?p=8145\" \/>\n<meta property=\"og:site_name\" content=\"challenges economiques\" \/>\n<meta property=\"article:published_time\" content=\"2025-06-04T12:26:12+00:00\" \/>\n<meta property=\"article:modified_time\" content=\"2025-06-04T12:26:51+00:00\" \/>\n<meta property=\"og:image\" content=\"https:\/\/challengeseconomiques.com\/wp-content\/uploads\/2025\/02\/cheikh-diba1.png\" \/>\n\t<meta property=\"og:image:width\" content=\"747\" \/>\n\t<meta property=\"og:image:height\" content=\"392\" \/>\n\t<meta property=\"og:image:type\" content=\"image\/png\" \/>\n<meta name=\"author\" content=\"admin\" \/>\n<meta name=\"twitter:card\" content=\"summary_large_image\" \/>\n<meta name=\"twitter:label1\" content=\"\u00c9crit par\" \/>\n\t<meta name=\"twitter:data1\" content=\"admin\" \/>\n\t<meta name=\"twitter:label2\" content=\"Dur\u00e9e de lecture estim\u00e9e\" \/>\n\t<meta name=\"twitter:data2\" content=\"1 minute\" \/>\n<script type=\"application\/ld+json\" class=\"yoast-schema-graph\">{\"@context\":\"https:\/\/schema.org\",\"@graph\":[{\"@type\":\"Article\",\"@id\":\"https:\/\/challengeseconomiques.com\/?p=8145#article\",\"isPartOf\":{\"@id\":\"https:\/\/challengeseconomiques.com\/?p=8145\"},\"author\":{\"name\":\"admin\",\"@id\":\"https:\/\/challengeseconomiques.com\/#\/schema\/person\/b4568c9afebc5a9238a771873801e349\"},\"headline\":\"R\u00e9duction du d\u00e9ficit budg\u00e9taire du S\u00e9n\u00e9gal \u00e0 162 milliards de francs CFA au 1er trimestre 2025\",\"datePublished\":\"2025-06-04T12:26:12+00:00\",\"dateModified\":\"2025-06-04T12:26:51+00:00\",\"mainEntityOfPage\":{\"@id\":\"https:\/\/challengeseconomiques.com\/?p=8145\"},\"wordCount\":306,\"image\":{\"@id\":\"https:\/\/challengeseconomiques.com\/?p=8145#primaryimage\"},\"thumbnailUrl\":\"https:\/\/challengeseconomiques.com\/wp-content\/uploads\/2025\/02\/cheikh-diba1.png\",\"articleSection\":[\"A la une\",\"Actualit\u00e9 \u00e9conomique\",\"Infos \u00e9co\"],\"inLanguage\":\"fr-FR\"},{\"@type\":\"WebPage\",\"@id\":\"https:\/\/challengeseconomiques.com\/?p=8145\",\"url\":\"https:\/\/challengeseconomiques.com\/?p=8145\",\"name\":\"R\u00e9duction du d\u00e9ficit budg\u00e9taire du S\u00e9n\u00e9gal \u00e0 162 milliards de francs CFA au 1er trimestre 2025 - challenges economiques\",\"isPartOf\":{\"@id\":\"https:\/\/challengeseconomiques.com\/#website\"},\"primaryImageOfPage\":{\"@id\":\"https:\/\/challengeseconomiques.com\/?p=8145#primaryimage\"},\"image\":{\"@id\":\"https:\/\/challengeseconomiques.com\/?p=8145#primaryimage\"},\"thumbnailUrl\":\"https:\/\/challengeseconomiques.com\/wp-content\/uploads\/2025\/02\/cheikh-diba1.png\",\"datePublished\":\"2025-06-04T12:26:12+00:00\",\"dateModified\":\"2025-06-04T12:26:51+00:00\",\"author\":{\"@id\":\"https:\/\/challengeseconomiques.com\/#\/schema\/person\/b4568c9afebc5a9238a771873801e349\"},\"breadcrumb\":{\"@id\":\"https:\/\/challengeseconomiques.com\/?p=8145#breadcrumb\"},\"inLanguage\":\"fr-FR\",\"potentialAction\":[{\"@type\":\"ReadAction\",\"target\":[\"https:\/\/challengeseconomiques.com\/?p=8145\"]}]},{\"@type\":\"ImageObject\",\"inLanguage\":\"fr-FR\",\"@id\":\"https:\/\/challengeseconomiques.com\/?p=8145#primaryimage\",\"url\":\"https:\/\/challengeseconomiques.com\/wp-content\/uploads\/2025\/02\/cheikh-diba1.png\",\"contentUrl\":\"https:\/\/challengeseconomiques.com\/wp-content\/uploads\/2025\/02\/cheikh-diba1.png\",\"width\":747,\"height\":392},{\"@type\":\"BreadcrumbList\",\"@id\":\"https:\/\/challengeseconomiques.com\/?p=8145#breadcrumb\",\"itemListElement\":[{\"@type\":\"ListItem\",\"position\":1,\"name\":\"Home\",\"item\":\"https:\/\/challengeseconomiques.com\/\"},{\"@type\":\"ListItem\",\"position\":2,\"name\":\"R\u00e9duction du d\u00e9ficit budg\u00e9taire du S\u00e9n\u00e9gal \u00e0 162 milliards de francs CFA au 1er trimestre 2025\"}]},{\"@type\":\"WebSite\",\"@id\":\"https:\/\/challengeseconomiques.com\/#website\",\"url\":\"https:\/\/challengeseconomiques.com\/\",\"name\":\"challenges economiques\",\"description\":\"\",\"potentialAction\":[{\"@type\":\"SearchAction\",\"target\":{\"@type\":\"EntryPoint\",\"urlTemplate\":\"https:\/\/challengeseconomiques.com\/?s={search_term_string}\"},\"query-input\":{\"@type\":\"PropertyValueSpecification\",\"valueRequired\":true,\"valueName\":\"search_term_string\"}}],\"inLanguage\":\"fr-FR\"},{\"@type\":\"Person\",\"@id\":\"https:\/\/challengeseconomiques.com\/#\/schema\/person\/b4568c9afebc5a9238a771873801e349\",\"name\":\"admin\",\"image\":{\"@type\":\"ImageObject\",\"inLanguage\":\"fr-FR\",\"@id\":\"https:\/\/challengeseconomiques.com\/#\/schema\/person\/image\/\",\"url\":\"https:\/\/secure.gravatar.com\/avatar\/099e42240b5eea11acdb72751fcce0dd918603f0749d24974b7984ea47ed9fd9?s=96&d=mm&r=g\",\"contentUrl\":\"https:\/\/secure.gravatar.com\/avatar\/099e42240b5eea11acdb72751fcce0dd918603f0749d24974b7984ea47ed9fd9?s=96&d=mm&r=g\",\"caption\":\"admin\"},\"sameAs\":[\"https:\/\/challengeseconomiques.com\"],\"url\":\"https:\/\/challengeseconomiques.com\/?author=1\"}]}<\/script>\n<!-- \/ Yoast SEO plugin. -->","yoast_head_json":{"title":"R\u00e9duction du d\u00e9ficit budg\u00e9taire du S\u00e9n\u00e9gal \u00e0 162 milliards de francs CFA au 1er trimestre 2025 - challenges economiques","robots":{"index":"index","follow":"follow","max-snippet":"max-snippet:-1","max-image-preview":"max-image-preview:large","max-video-preview":"max-video-preview:-1"},"canonical":"https:\/\/challengeseconomiques.com\/?p=8145","og_locale":"fr_FR","og_type":"article","og_title":"R\u00e9duction du d\u00e9ficit budg\u00e9taire du S\u00e9n\u00e9gal \u00e0 162 milliards de francs CFA au 1er trimestre 2025 - challenges economiques","og_description":"Cheikh Diba, ministre des finances du S\u00e9n\u00e9gal Le d\u00e9ficit budg\u00e9taire du S\u00e9n\u00e9gal s\u2019est fortement r\u00e9duit au 1er trimestre de l\u2019ann\u00e9e 2025 et s\u2019est \u00e9tabli \u00e0...","og_url":"https:\/\/challengeseconomiques.com\/?p=8145","og_site_name":"challenges economiques","article_published_time":"2025-06-04T12:26:12+00:00","article_modified_time":"2025-06-04T12:26:51+00:00","og_image":[{"width":747,"height":392,"url":"https:\/\/challengeseconomiques.com\/wp-content\/uploads\/2025\/02\/cheikh-diba1.png","type":"image\/png"}],"author":"admin","twitter_card":"summary_large_image","twitter_misc":{"\u00c9crit par":"admin","Dur\u00e9e de lecture estim\u00e9e":"1 minute"},"schema":{"@context":"https:\/\/schema.org","@graph":[{"@type":"Article","@id":"https:\/\/challengeseconomiques.com\/?p=8145#article","isPartOf":{"@id":"https:\/\/challengeseconomiques.com\/?p=8145"},"author":{"name":"admin","@id":"https:\/\/challengeseconomiques.com\/#\/schema\/person\/b4568c9afebc5a9238a771873801e349"},"headline":"R\u00e9duction du d\u00e9ficit budg\u00e9taire du S\u00e9n\u00e9gal \u00e0 162 milliards de francs CFA au 1er trimestre 2025","datePublished":"2025-06-04T12:26:12+00:00","dateModified":"2025-06-04T12:26:51+00:00","mainEntityOfPage":{"@id":"https:\/\/challengeseconomiques.com\/?p=8145"},"wordCount":306,"image":{"@id":"https:\/\/challengeseconomiques.com\/?p=8145#primaryimage"},"thumbnailUrl":"https:\/\/challengeseconomiques.com\/wp-content\/uploads\/2025\/02\/cheikh-diba1.png","articleSection":["A la une","Actualit\u00e9 \u00e9conomique","Infos \u00e9co"],"inLanguage":"fr-FR"},{"@type":"WebPage","@id":"https:\/\/challengeseconomiques.com\/?p=8145","url":"https:\/\/challengeseconomiques.com\/?p=8145","name":"R\u00e9duction du d\u00e9ficit budg\u00e9taire du S\u00e9n\u00e9gal \u00e0 162 milliards de francs CFA au 1er trimestre 2025 - challenges economiques","isPartOf":{"@id":"https:\/\/challengeseconomiques.com\/#website"},"primaryImageOfPage":{"@id":"https:\/\/challengeseconomiques.com\/?p=8145#primaryimage"},"image":{"@id":"https:\/\/challengeseconomiques.com\/?p=8145#primaryimage"},"thumbnailUrl":"https:\/\/challengeseconomiques.com\/wp-content\/uploads\/2025\/02\/cheikh-diba1.png","datePublished":"2025-06-04T12:26:12+00:00","dateModified":"2025-06-04T12:26:51+00:00","author":{"@id":"https:\/\/challengeseconomiques.com\/#\/schema\/person\/b4568c9afebc5a9238a771873801e349"},"breadcrumb":{"@id":"https:\/\/challengeseconomiques.com\/?p=8145#breadcrumb"},"inLanguage":"fr-FR","potentialAction":[{"@type":"ReadAction","target":["https:\/\/challengeseconomiques.com\/?p=8145"]}]},{"@type":"ImageObject","inLanguage":"fr-FR","@id":"https:\/\/challengeseconomiques.com\/?p=8145#primaryimage","url":"https:\/\/challengeseconomiques.com\/wp-content\/uploads\/2025\/02\/cheikh-diba1.png","contentUrl":"https:\/\/challengeseconomiques.com\/wp-content\/uploads\/2025\/02\/cheikh-diba1.png","width":747,"height":392},{"@type":"BreadcrumbList","@id":"https:\/\/challengeseconomiques.com\/?p=8145#breadcrumb","itemListElement":[{"@type":"ListItem","position":1,"name":"Home","item":"https:\/\/challengeseconomiques.com\/"},{"@type":"ListItem","position":2,"name":"R\u00e9duction du d\u00e9ficit budg\u00e9taire du S\u00e9n\u00e9gal \u00e0 162 milliards de francs CFA au 1er trimestre 2025"}]},{"@type":"WebSite","@id":"https:\/\/challengeseconomiques.com\/#website","url":"https:\/\/challengeseconomiques.com\/","name":"challenges economiques","description":"","potentialAction":[{"@type":"SearchAction","target":{"@type":"EntryPoint","urlTemplate":"https:\/\/challengeseconomiques.com\/?s={search_term_string}"},"query-input":{"@type":"PropertyValueSpecification","valueRequired":true,"valueName":"search_term_string"}}],"inLanguage":"fr-FR"},{"@type":"Person","@id":"https:\/\/challengeseconomiques.com\/#\/schema\/person\/b4568c9afebc5a9238a771873801e349","name":"admin","image":{"@type":"ImageObject","inLanguage":"fr-FR","@id":"https:\/\/challengeseconomiques.com\/#\/schema\/person\/image\/","url":"https:\/\/secure.gravatar.com\/avatar\/099e42240b5eea11acdb72751fcce0dd918603f0749d24974b7984ea47ed9fd9?s=96&d=mm&r=g","contentUrl":"https:\/\/secure.gravatar.com\/avatar\/099e42240b5eea11acdb72751fcce0dd918603f0749d24974b7984ea47ed9fd9?s=96&d=mm&r=g","caption":"admin"},"sameAs":["https:\/\/challengeseconomiques.com"],"url":"https:\/\/challengeseconomiques.com\/?author=1"}]}},"jetpack_featured_media_url":"https:\/\/challengeseconomiques.com\/wp-content\/uploads\/2025\/02\/cheikh-diba1.png","jetpack_sharing_enabled":true,"_links":{"self":[{"href":"https:\/\/challengeseconomiques.com\/index.php?rest_route=\/wp\/v2\/posts\/8145","targetHints":{"allow":["GET"]}}],"collection":[{"href":"https:\/\/challengeseconomiques.com\/index.php?rest_route=\/wp\/v2\/posts"}],"about":[{"href":"https:\/\/challengeseconomiques.com\/index.php?rest_route=\/wp\/v2\/types\/post"}],"author":[{"embeddable":true,"href":"https:\/\/challengeseconomiques.com\/index.php?rest_route=\/wp\/v2\/users\/1"}],"replies":[{"embeddable":true,"href":"https:\/\/challengeseconomiques.com\/index.php?rest_route=%2Fwp%2Fv2%2Fcomments&post=8145"}],"version-history":[{"count":1,"href":"https:\/\/challengeseconomiques.com\/index.php?rest_route=\/wp\/v2\/posts\/8145\/revisions"}],"predecessor-version":[{"id":8146,"href":"https:\/\/challengeseconomiques.com\/index.php?rest_route=\/wp\/v2\/posts\/8145\/revisions\/8146"}],"wp:featuredmedia":[{"embeddable":true,"href":"https:\/\/challengeseconomiques.com\/index.php?rest_route=\/wp\/v2\/media\/7736"}],"wp:attachment":[{"href":"https:\/\/challengeseconomiques.com\/index.php?rest_route=%2Fwp%2Fv2%2Fmedia&parent=8145"}],"wp:term":[{"taxonomy":"category","embeddable":true,"href":"https:\/\/challengeseconomiques.com\/index.php?rest_route=%2Fwp%2Fv2%2Fcategories&post=8145"},{"taxonomy":"post_tag","embeddable":true,"href":"https:\/\/challengeseconomiques.com\/index.php?rest_route=%2Fwp%2Fv2%2Ftags&post=8145"}],"curies":[{"name":"wp","href":"https:\/\/api.w.org\/{rel}","templated":true}]}}