{"id":8048,"date":"2025-04-25T12:24:15","date_gmt":"2025-04-25T12:24:15","guid":{"rendered":"https:\/\/challengeseconomiques.com\/?p=8048"},"modified":"2025-04-25T12:25:11","modified_gmt":"2025-04-25T12:25:11","slug":"une-croissance-mondiale-au-ralenti","status":"publish","type":"post","link":"https:\/\/challengeseconomiques.com\/?p=8048","title":{"rendered":"Une croissance mondiale au ralenti"},"content":{"rendered":"<p><strong>Conscient de l\u2019incertitude actuelle, le FMI revoit en forte baisse ses pr\u00e9visions de croissance mondiale pour 2024 et 2025. La r\u00e9vision est plus modeste pour l\u2019Afrique subsaharienne. Actualisation.<\/strong><\/p>\n<p>&nbsp;<\/p>\n<p>Apr\u00e8s une s\u00e9rie de chocs sans pr\u00e9c\u00e9dent ces derni\u00e8res ann\u00e9es, la croissance mondiale a \u00e9t\u00e9 stable mais d\u00e9cevante jusqu\u2019\u00e0 la fin 2024. Et selon les \u00e9conomistes du FMI (Fonds mon\u00e9taire international), cette situation \u00ab\u00a0<em>ne devrait pas \u00e9voluer<\/em>\u00a0\u00bb. Le FMI publie ce 22 avril 2025 une mise \u00e0 jour de ses <em>Perspectives de l\u2019\u00e9conomie mondiale<\/em>, qui tient notamment compte des mesures tarifaires d\u00e9cid\u00e9es, puis suspendues, par l\u2019administration am\u00e9ricaine.<\/p>\n<p>Ces droits de douane, s\u2019ils se confirment, \u00ab\u00a0c<em>onstituent un choc n\u00e9gatif majeur sur la croissance<\/em>\u00a0\u00bb. L\u2019impr\u00e9visibilit\u00e9 avec laquelle ces mesures sont mises en \u0153uvre a \u00e9galement des effets n\u00e9gatifs sur l\u2019activit\u00e9 \u00e9conomique et les perspectives.<\/p>\n<blockquote><p><em>\u00ab\u00a0En mati\u00e8re de politiques, nous appelons \u00e0 la prudence, \u00e0 la clart\u00e9 et au renforcement de la collaboration<\/em>\u00a0\u00bb, r\u00e9sume l\u2019\u00e9conomiste du FMI Pierre-Olivier Gourinchas.<\/p><\/blockquote>\n<p>Le FMI a bien du mal \u00e0 \u00e9tablir des pr\u00e9visions selon ses sc\u00e9narios habituels, compte tenu de l\u2019incertitude actuelle. Ses donn\u00e9es reposent principalement sur diff\u00e9rentes hypoth\u00e8ses en mati\u00e8re de politique commerciale.<\/p>\n<p>\u00ab\u00a0<em>L\u2019accentuation rapide des tensions commerciales et le degr\u00e9 d\u2019incertitude exceptionnellement \u00e9lev\u00e9 qui entoure les politiques publiques devraient avoir des r\u00e9percussions significatives sur l\u2019activit\u00e9 \u00e9conomique mondiale.<\/em>\u00a0\u00bb<\/p>\n<p>Quoi qu\u2019il en soit, le FMI pr\u00e9voit d\u00e9sormais un net ralentissement de la croissance mondiale, qui pourrait tomber \u00e0 2,8\u00a0% en 2025 et \u00e0 3\u00a0% en 2026, contre 3,3\u00a0% pr\u00e9vus jusque-l\u00e0 pour ces deux ann\u00e9es. \u00ab\u00a0<em>Ces chiffres sont tr\u00e8s inf\u00e9rieurs \u00e0 la moyenne historique de 3,7\u00a0% observ\u00e9e entre 2000 et 2019<\/em>\u00a0\u00bb, reconna\u00eet l\u2019institution mon\u00e9taire. Dans ces pr\u00e9visions de r\u00e9f\u00e9rence, la croissance dans les pays avanc\u00e9s devrait s\u2019\u00e9tablir \u00e0 1,4\u00a0% en 2025. Aux \u00c9tats-Unis, la croissance devrait ralentir \u00e0 1,8\u00a0%, soit 0,9 point de pourcentage de moins que ce que pr\u00e9voyait le FMI en janvier\u00a0!<\/p>\n<p>Dans la zone euro, la croissance devrait s\u2019\u00e9tablir \u00e0 0,8\u00a0%, ce qui correspond \u00e0 un ralentissement de 0,2 point de pourcentage. Dans les pays \u00e9mergents et les pays en d\u00e9veloppement, la croissance devrait ralentir pour atteindre 3,7\u00a0% en 2025 et 3,9\u00a0% en 2026. Les r\u00e9visions sont les plus significatives pour les pays les plus affect\u00e9s par les r\u00e9centes mesures commerciales, notamment la Chine.<\/p>\n<p>&nbsp;<\/p>\n<p><strong>Une inflation mod\u00e9r\u00e9e dans les pays en d\u00e9veloppement<\/strong><\/p>\n<p>Le ralentissement serait moins marqu\u00e9 en Afrique subsaharienne, mais le \u00ab rebond \u00bb est repouss\u00e9 \u00e0 une date ult\u00e9rieure. Apr\u00e8s 4 % en 2024, la croissance serait de 3,8 % en 2025 et de 2,7 % en 2026. Pour le Nigeria, cens\u00e9e \u00eatre locomotive d\u2019une partie de l\u2019Afrique, la croissance se tasserait \u00e0 3,0 % cette ann\u00e9e (contre 3,4 % en 2024) et \u00e0 2,7 % en 2026. Une locomotive \u00e0 la tra\u00eene, donc. La croissance serait encore plus lente en Afrique du Sud : 1,0\u00a0% en 2025 et 1,3\u00a0% en 2026, apr\u00e8s un mince 0,6 % en 2024.<\/p>\n<p>Ce qui fait r\u00e9agir Herv\u00e9 Ndoba, ministre des Finances et du Budget de la R\u00e9publique centrafricaine, et Kristalina Georgieva, directrice g\u00e9n\u00e9rale du FMI, au nom du Groupe consultatif africain, une instance de dialogue entre les dirigeants africains et l\u2019institution de Washington.<\/p>\n<p>\u00ab <em>Si la croissance en Afrique fait preuve d\u2019une certaine r\u00e9silience face \u00e0 de multiples chocs, le changement soudain des perspectives mondiales a interrompu la dynamique de croissance. La croissance sur le continent a \u00e9t\u00e9 r\u00e9vis\u00e9e \u00e0 la baisse de 0,3 point de pourcentage, \u00e0 3,9 % pour 2025. Les mesures \u00e9nergiques prises pour r\u00e9duire l\u2019inflation, stabiliser la dette publique et r\u00e9duire les d\u00e9s\u00e9quilibres ext\u00e9rieurs risquent d\u2019\u00eatre compromises par de nouveaux chocs. Les risques pesant sur les perspectives sont \u00e9lev\u00e9s dans un contexte d\u2019incertitude accrue et il existe des diff\u00e9rences importantes entre les pays, les \u00c9tats fragiles et touch\u00e9s par des conflits \u00e9tant confront\u00e9s \u00e0 des d\u00e9fis particuli\u00e8rement aigus<\/em>.\u00a0\u00bb<\/p>\n<p><img fetchpriority=\"high\" decoding=\"async\" class=\"wp-image-89099 alignright lazyloaded\" src=\"https:\/\/magazinedelafrique.com\/wp-content\/uploads\/2025\/04\/FMI.jpg\" sizes=\"(max-width: 335px) 100vw, 335px\" srcset=\"https:\/\/magazinedelafrique.com\/wp-content\/uploads\/2025\/04\/FMI.jpg 1024w, https:\/\/magazinedelafrique.com\/wp-content\/uploads\/2025\/04\/FMI-300x188.jpg 300w, https:\/\/magazinedelafrique.com\/wp-content\/uploads\/2025\/04\/FMI-768x482.jpg 768w\" alt=\"Si\u00e8ge du FMI\" width=\"335\" height=\"210\" data-src=\"https:\/\/magazinedelafrique.com\/wp-content\/uploads\/2025\/04\/FMI.jpg\" data-srcset=\"https:\/\/magazinedelafrique.com\/wp-content\/uploads\/2025\/04\/FMI.jpg 1024w, https:\/\/magazinedelafrique.com\/wp-content\/uploads\/2025\/04\/FMI-300x188.jpg 300w, https:\/\/magazinedelafrique.com\/wp-content\/uploads\/2025\/04\/FMI-768x482.jpg 768w\" data-sizes=\"(max-width: 335px) 100vw, 335px\" \/>De son c\u00f4t\u00e9, l\u2019inflation, au niveau mondial, devrait reculer \u00e0 un rythme l\u00e9g\u00e8rement plus lent que ce qui \u00e9tait pr\u00e9vu en janvier, s\u2019inqui\u00e8te le FMI, pour s\u2019\u00e9tablir \u00e0 4,3\u00a0% en 2025 et \u00e0 3,6\u00a0% en 2026. Le FMI pr\u00e9voit surtout un regain d\u2019inflation dans les pays avanc\u00e9s et au contraire, une d\u00e9c\u00e9l\u00e9ration plus marqu\u00e9e que pr\u00e9vu dans les pays en d\u00e9veloppement. Sans surprise, les \u00e9conomistes rel\u00e8vent que l\u2019\u00ab\u00a0<em>augmentation des risques baissiers est ce qui ressort le plus de ces pr\u00e9visions\u00a0<\/em>\u00bb. Une intensification de la guerre commerciale et des incertitudes encore plus vives autour des politiques commerciales pourraient encore freiner la croissance \u00e0 court et \u00e0 long termes, tandis que l\u2019\u00e9rosion des marges de manoeuvre compromettrait la capacit\u00e9 des pays \u00e0 faire face \u00e0 de futurs chocs.<\/p>\n<p>Le FMI redoute de nouveaux ajustements brusques des march\u00e9s financiers (actions et devises) et des flux de capitaux. \u00ab\u00a0<em>Cela pourrait entra\u00eener une instabilit\u00e9 financi\u00e8re plus g\u00e9n\u00e9rale, qui pourrait nuire au syst\u00e8me mon\u00e9taire international.<\/em>\u00a0\u00bb L\u2019\u00e9volution d\u00e9mographique et la diminution de la main-d\u2019\u0153uvre \u00e9trang\u00e8re pourraient limiter la croissance potentielle et menacer la viabilit\u00e9 budg\u00e9taire.<\/p>\n<p>Dans ce contexte, la r\u00e9silience de nombreux grands pays \u00e9mergents pourrait \u00eatre mise \u00e0 l\u2019\u00e9preuve alors que le service de dettes \u00e9lev\u00e9es devient plus difficile \u00e0 une p\u00e9riode o\u00f9 les conditions financi\u00e8res mondiales sont d\u00e9favorables. Tandis qu\u2019un tarissement de l\u2019aide internationale au d\u00e9veloppement pourrait accentuer la pression sur les pays \u00e0 faible revenu, les endetter davantage ou les contraindre \u00e0 proc\u00e9der \u00e0 d\u2019importants ajustements budg\u00e9taires, ce qui aurait des cons\u00e9quences imm\u00e9diates sur la croissance et le niveau de vie.<\/p>\n<p>Le FMI rel\u00e8ve n\u00e9anmoins quelques points positifs\u00a0: une d\u00e9sescalade des droits de douane et la conclusion de nouveaux accords permettant de clarifier et de stabiliser les politiques commerciales pourraient stimuler la croissance mondiale. Dans ce contexte, \u00ab\u00a0<em>la voie \u00e0 suivre exige clart\u00e9 et coordination<\/em>\u00a0\u00bb, pr\u00f4ne le FMI.<\/p>\n<p><strong>Le Magazine de l&rsquo;Afrique<\/strong><\/p>\n","protected":false},"excerpt":{"rendered":"<p>Conscient de l\u2019incertitude actuelle, le FMI revoit en forte baisse ses pr\u00e9visions de croissance mondiale pour 2024 et 2025. La r\u00e9vision est plus modeste pour&#8230;<\/p>\n","protected":false},"author":1,"featured_media":5889,"comment_status":"closed","ping_status":"open","sticky":false,"template":"","format":"standard","meta":{"_jetpack_memberships_contains_paid_content":false,"footnotes":""},"categories":[15],"tags":[],"class_list":["post-8048","post","type-post","status-publish","format-standard","has-post-thumbnail","hentry","category-analyse","wpcat-15-id"],"yoast_head":"<!-- This site is optimized with the Yoast SEO plugin v27.1.1 - https:\/\/yoast.com\/product\/yoast-seo-wordpress\/ -->\n<title>Une croissance mondiale au ralenti - challenges economiques<\/title>\n<meta name=\"robots\" content=\"index, follow, max-snippet:-1, max-image-preview:large, max-video-preview:-1\" \/>\n<link rel=\"canonical\" href=\"https:\/\/challengeseconomiques.com\/?p=8048\" \/>\n<meta property=\"og:locale\" content=\"fr_FR\" \/>\n<meta property=\"og:type\" content=\"article\" \/>\n<meta property=\"og:title\" content=\"Une croissance mondiale au ralenti - challenges economiques\" \/>\n<meta property=\"og:description\" content=\"Conscient de l\u2019incertitude actuelle, le FMI revoit en forte baisse ses pr\u00e9visions de croissance mondiale pour 2024 et 2025. La r\u00e9vision est plus modeste pour...\" \/>\n<meta property=\"og:url\" content=\"https:\/\/challengeseconomiques.com\/?p=8048\" \/>\n<meta property=\"og:site_name\" content=\"challenges economiques\" \/>\n<meta property=\"article:published_time\" content=\"2025-04-25T12:24:15+00:00\" \/>\n<meta property=\"article:modified_time\" content=\"2025-04-25T12:25:11+00:00\" \/>\n<meta property=\"og:image\" content=\"https:\/\/challengeseconomiques.com\/wp-content\/uploads\/2024\/01\/Previsions-770x470-1.webp\" \/>\n\t<meta property=\"og:image:width\" content=\"770\" \/>\n\t<meta property=\"og:image:height\" content=\"470\" \/>\n\t<meta property=\"og:image:type\" content=\"image\/webp\" \/>\n<meta name=\"author\" content=\"admin\" \/>\n<meta name=\"twitter:card\" content=\"summary_large_image\" \/>\n<meta name=\"twitter:label1\" content=\"\u00c9crit par\" \/>\n\t<meta name=\"twitter:data1\" content=\"admin\" \/>\n\t<meta name=\"twitter:label2\" content=\"Dur\u00e9e de lecture estim\u00e9e\" \/>\n\t<meta name=\"twitter:data2\" content=\"5 minutes\" \/>\n<script type=\"application\/ld+json\" class=\"yoast-schema-graph\">{\"@context\":\"https:\/\/schema.org\",\"@graph\":[{\"@type\":\"Article\",\"@id\":\"https:\/\/challengeseconomiques.com\/?p=8048#article\",\"isPartOf\":{\"@id\":\"https:\/\/challengeseconomiques.com\/?p=8048\"},\"author\":{\"name\":\"admin\",\"@id\":\"https:\/\/challengeseconomiques.com\/#\/schema\/person\/b4568c9afebc5a9238a771873801e349\"},\"headline\":\"Une croissance mondiale au ralenti\",\"datePublished\":\"2025-04-25T12:24:15+00:00\",\"dateModified\":\"2025-04-25T12:25:11+00:00\",\"mainEntityOfPage\":{\"@id\":\"https:\/\/challengeseconomiques.com\/?p=8048\"},\"wordCount\":993,\"image\":{\"@id\":\"https:\/\/challengeseconomiques.com\/?p=8048#primaryimage\"},\"thumbnailUrl\":\"https:\/\/challengeseconomiques.com\/wp-content\/uploads\/2024\/01\/Previsions-770x470-1.webp\",\"articleSection\":[\"Analyse\"],\"inLanguage\":\"fr-FR\"},{\"@type\":\"WebPage\",\"@id\":\"https:\/\/challengeseconomiques.com\/?p=8048\",\"url\":\"https:\/\/challengeseconomiques.com\/?p=8048\",\"name\":\"Une croissance mondiale au ralenti - challenges economiques\",\"isPartOf\":{\"@id\":\"https:\/\/challengeseconomiques.com\/#website\"},\"primaryImageOfPage\":{\"@id\":\"https:\/\/challengeseconomiques.com\/?p=8048#primaryimage\"},\"image\":{\"@id\":\"https:\/\/challengeseconomiques.com\/?p=8048#primaryimage\"},\"thumbnailUrl\":\"https:\/\/challengeseconomiques.com\/wp-content\/uploads\/2024\/01\/Previsions-770x470-1.webp\",\"datePublished\":\"2025-04-25T12:24:15+00:00\",\"dateModified\":\"2025-04-25T12:25:11+00:00\",\"author\":{\"@id\":\"https:\/\/challengeseconomiques.com\/#\/schema\/person\/b4568c9afebc5a9238a771873801e349\"},\"breadcrumb\":{\"@id\":\"https:\/\/challengeseconomiques.com\/?p=8048#breadcrumb\"},\"inLanguage\":\"fr-FR\",\"potentialAction\":[{\"@type\":\"ReadAction\",\"target\":[\"https:\/\/challengeseconomiques.com\/?p=8048\"]}]},{\"@type\":\"ImageObject\",\"inLanguage\":\"fr-FR\",\"@id\":\"https:\/\/challengeseconomiques.com\/?p=8048#primaryimage\",\"url\":\"https:\/\/challengeseconomiques.com\/wp-content\/uploads\/2024\/01\/Previsions-770x470-1.webp\",\"contentUrl\":\"https:\/\/challengeseconomiques.com\/wp-content\/uploads\/2024\/01\/Previsions-770x470-1.webp\",\"width\":770,\"height\":470},{\"@type\":\"BreadcrumbList\",\"@id\":\"https:\/\/challengeseconomiques.com\/?p=8048#breadcrumb\",\"itemListElement\":[{\"@type\":\"ListItem\",\"position\":1,\"name\":\"Home\",\"item\":\"https:\/\/challengeseconomiques.com\/\"},{\"@type\":\"ListItem\",\"position\":2,\"name\":\"Une croissance mondiale au ralenti\"}]},{\"@type\":\"WebSite\",\"@id\":\"https:\/\/challengeseconomiques.com\/#website\",\"url\":\"https:\/\/challengeseconomiques.com\/\",\"name\":\"challenges economiques\",\"description\":\"\",\"potentialAction\":[{\"@type\":\"SearchAction\",\"target\":{\"@type\":\"EntryPoint\",\"urlTemplate\":\"https:\/\/challengeseconomiques.com\/?s={search_term_string}\"},\"query-input\":{\"@type\":\"PropertyValueSpecification\",\"valueRequired\":true,\"valueName\":\"search_term_string\"}}],\"inLanguage\":\"fr-FR\"},{\"@type\":\"Person\",\"@id\":\"https:\/\/challengeseconomiques.com\/#\/schema\/person\/b4568c9afebc5a9238a771873801e349\",\"name\":\"admin\",\"image\":{\"@type\":\"ImageObject\",\"inLanguage\":\"fr-FR\",\"@id\":\"https:\/\/challengeseconomiques.com\/#\/schema\/person\/image\/\",\"url\":\"https:\/\/secure.gravatar.com\/avatar\/099e42240b5eea11acdb72751fcce0dd918603f0749d24974b7984ea47ed9fd9?s=96&d=mm&r=g\",\"contentUrl\":\"https:\/\/secure.gravatar.com\/avatar\/099e42240b5eea11acdb72751fcce0dd918603f0749d24974b7984ea47ed9fd9?s=96&d=mm&r=g\",\"caption\":\"admin\"},\"sameAs\":[\"https:\/\/challengeseconomiques.com\"],\"url\":\"https:\/\/challengeseconomiques.com\/?author=1\"}]}<\/script>\n<!-- \/ Yoast SEO plugin. -->","yoast_head_json":{"title":"Une croissance mondiale au ralenti - challenges economiques","robots":{"index":"index","follow":"follow","max-snippet":"max-snippet:-1","max-image-preview":"max-image-preview:large","max-video-preview":"max-video-preview:-1"},"canonical":"https:\/\/challengeseconomiques.com\/?p=8048","og_locale":"fr_FR","og_type":"article","og_title":"Une croissance mondiale au ralenti - challenges economiques","og_description":"Conscient de l\u2019incertitude actuelle, le FMI revoit en forte baisse ses pr\u00e9visions de croissance mondiale pour 2024 et 2025. La r\u00e9vision est plus modeste pour...","og_url":"https:\/\/challengeseconomiques.com\/?p=8048","og_site_name":"challenges economiques","article_published_time":"2025-04-25T12:24:15+00:00","article_modified_time":"2025-04-25T12:25:11+00:00","og_image":[{"width":770,"height":470,"url":"https:\/\/challengeseconomiques.com\/wp-content\/uploads\/2024\/01\/Previsions-770x470-1.webp","type":"image\/webp"}],"author":"admin","twitter_card":"summary_large_image","twitter_misc":{"\u00c9crit par":"admin","Dur\u00e9e de lecture estim\u00e9e":"5 minutes"},"schema":{"@context":"https:\/\/schema.org","@graph":[{"@type":"Article","@id":"https:\/\/challengeseconomiques.com\/?p=8048#article","isPartOf":{"@id":"https:\/\/challengeseconomiques.com\/?p=8048"},"author":{"name":"admin","@id":"https:\/\/challengeseconomiques.com\/#\/schema\/person\/b4568c9afebc5a9238a771873801e349"},"headline":"Une croissance mondiale au ralenti","datePublished":"2025-04-25T12:24:15+00:00","dateModified":"2025-04-25T12:25:11+00:00","mainEntityOfPage":{"@id":"https:\/\/challengeseconomiques.com\/?p=8048"},"wordCount":993,"image":{"@id":"https:\/\/challengeseconomiques.com\/?p=8048#primaryimage"},"thumbnailUrl":"https:\/\/challengeseconomiques.com\/wp-content\/uploads\/2024\/01\/Previsions-770x470-1.webp","articleSection":["Analyse"],"inLanguage":"fr-FR"},{"@type":"WebPage","@id":"https:\/\/challengeseconomiques.com\/?p=8048","url":"https:\/\/challengeseconomiques.com\/?p=8048","name":"Une croissance mondiale au ralenti - challenges economiques","isPartOf":{"@id":"https:\/\/challengeseconomiques.com\/#website"},"primaryImageOfPage":{"@id":"https:\/\/challengeseconomiques.com\/?p=8048#primaryimage"},"image":{"@id":"https:\/\/challengeseconomiques.com\/?p=8048#primaryimage"},"thumbnailUrl":"https:\/\/challengeseconomiques.com\/wp-content\/uploads\/2024\/01\/Previsions-770x470-1.webp","datePublished":"2025-04-25T12:24:15+00:00","dateModified":"2025-04-25T12:25:11+00:00","author":{"@id":"https:\/\/challengeseconomiques.com\/#\/schema\/person\/b4568c9afebc5a9238a771873801e349"},"breadcrumb":{"@id":"https:\/\/challengeseconomiques.com\/?p=8048#breadcrumb"},"inLanguage":"fr-FR","potentialAction":[{"@type":"ReadAction","target":["https:\/\/challengeseconomiques.com\/?p=8048"]}]},{"@type":"ImageObject","inLanguage":"fr-FR","@id":"https:\/\/challengeseconomiques.com\/?p=8048#primaryimage","url":"https:\/\/challengeseconomiques.com\/wp-content\/uploads\/2024\/01\/Previsions-770x470-1.webp","contentUrl":"https:\/\/challengeseconomiques.com\/wp-content\/uploads\/2024\/01\/Previsions-770x470-1.webp","width":770,"height":470},{"@type":"BreadcrumbList","@id":"https:\/\/challengeseconomiques.com\/?p=8048#breadcrumb","itemListElement":[{"@type":"ListItem","position":1,"name":"Home","item":"https:\/\/challengeseconomiques.com\/"},{"@type":"ListItem","position":2,"name":"Une croissance mondiale au ralenti"}]},{"@type":"WebSite","@id":"https:\/\/challengeseconomiques.com\/#website","url":"https:\/\/challengeseconomiques.com\/","name":"challenges economiques","description":"","potentialAction":[{"@type":"SearchAction","target":{"@type":"EntryPoint","urlTemplate":"https:\/\/challengeseconomiques.com\/?s={search_term_string}"},"query-input":{"@type":"PropertyValueSpecification","valueRequired":true,"valueName":"search_term_string"}}],"inLanguage":"fr-FR"},{"@type":"Person","@id":"https:\/\/challengeseconomiques.com\/#\/schema\/person\/b4568c9afebc5a9238a771873801e349","name":"admin","image":{"@type":"ImageObject","inLanguage":"fr-FR","@id":"https:\/\/challengeseconomiques.com\/#\/schema\/person\/image\/","url":"https:\/\/secure.gravatar.com\/avatar\/099e42240b5eea11acdb72751fcce0dd918603f0749d24974b7984ea47ed9fd9?s=96&d=mm&r=g","contentUrl":"https:\/\/secure.gravatar.com\/avatar\/099e42240b5eea11acdb72751fcce0dd918603f0749d24974b7984ea47ed9fd9?s=96&d=mm&r=g","caption":"admin"},"sameAs":["https:\/\/challengeseconomiques.com"],"url":"https:\/\/challengeseconomiques.com\/?author=1"}]}},"jetpack_featured_media_url":"https:\/\/challengeseconomiques.com\/wp-content\/uploads\/2024\/01\/Previsions-770x470-1.webp","jetpack_sharing_enabled":true,"_links":{"self":[{"href":"https:\/\/challengeseconomiques.com\/index.php?rest_route=\/wp\/v2\/posts\/8048","targetHints":{"allow":["GET"]}}],"collection":[{"href":"https:\/\/challengeseconomiques.com\/index.php?rest_route=\/wp\/v2\/posts"}],"about":[{"href":"https:\/\/challengeseconomiques.com\/index.php?rest_route=\/wp\/v2\/types\/post"}],"author":[{"embeddable":true,"href":"https:\/\/challengeseconomiques.com\/index.php?rest_route=\/wp\/v2\/users\/1"}],"replies":[{"embeddable":true,"href":"https:\/\/challengeseconomiques.com\/index.php?rest_route=%2Fwp%2Fv2%2Fcomments&post=8048"}],"version-history":[{"count":1,"href":"https:\/\/challengeseconomiques.com\/index.php?rest_route=\/wp\/v2\/posts\/8048\/revisions"}],"predecessor-version":[{"id":8049,"href":"https:\/\/challengeseconomiques.com\/index.php?rest_route=\/wp\/v2\/posts\/8048\/revisions\/8049"}],"wp:featuredmedia":[{"embeddable":true,"href":"https:\/\/challengeseconomiques.com\/index.php?rest_route=\/wp\/v2\/media\/5889"}],"wp:attachment":[{"href":"https:\/\/challengeseconomiques.com\/index.php?rest_route=%2Fwp%2Fv2%2Fmedia&parent=8048"}],"wp:term":[{"taxonomy":"category","embeddable":true,"href":"https:\/\/challengeseconomiques.com\/index.php?rest_route=%2Fwp%2Fv2%2Fcategories&post=8048"},{"taxonomy":"post_tag","embeddable":true,"href":"https:\/\/challengeseconomiques.com\/index.php?rest_route=%2Fwp%2Fv2%2Ftags&post=8048"}],"curies":[{"name":"wp","href":"https:\/\/api.w.org\/{rel}","templated":true}]}}