{"id":8045,"date":"2025-04-23T20:28:19","date_gmt":"2025-04-23T20:28:19","guid":{"rendered":"https:\/\/challengeseconomiques.com\/?p=8045"},"modified":"2025-04-23T20:29:16","modified_gmt":"2025-04-23T20:29:16","slug":"le-president-de-la-cciad-magnifie-les-liens-de-cooperation-avec-la-cci","status":"publish","type":"post","link":"https:\/\/challengeseconomiques.com\/?p=8045","title":{"rendered":"Le Pr\u00e9sident de la CCIAD magnifie les liens de coop\u00e9ration avec la CCI"},"content":{"rendered":"<p>Abdoulaye Sow, le pr\u00e9sident de la chambre de commerce et d\u2019agriculture de Dakar (CCIAD) a fait part mercredi de l\u2019importance particuli\u00e8re qu\u2019il attache \u00e0 la relation de confiance, empreinte de respect mutuel et d\u2019exigence, qui lie depuis de nombreuses ann\u00e9es la Chambre de Commerce Internationale (CCI) \u00e0 la CCIAD.<\/p>\n<p>Il estime que l\u2019adh\u00e9sion au r\u00e9seau mondial de la CCI constitue pour son institution, un levier strat\u00e9gique de premier plan. S\u2019exprimant \u00e0 l\u2019occasion de la journ\u00e9e de sensibilisation d\u00e9di\u00e9e au carnet A.T.A (Admission Temporaire), M. Sow a affirm\u00e9 que la CCI offre non seulement un acc\u00e8s privil\u00e9gi\u00e9 \u00e0 l\u2019expertise internationale, mais permet \u00e9galement \u00e0 la CCIAD de faire entendre la voix du secteur priv\u00e9 s\u00e9n\u00e9galais dans les plus hautes sph\u00e8res de la gouvernance \u00e9conomique mondiale.<\/p>\n<p>\u00ab\u00a0\u00c0 travers cette coop\u00e9ration, fond\u00e9e sur les bases de transparence, de libre entreprise et d\u2019int\u00e9gration r\u00e9gionale, nous avons conduit plusieurs initiatives ambitieuses, orient\u00e9es vers la modernisation de nos outils de gestion, le renforcement des capacit\u00e9s op\u00e9rationnelles de nos membres et la promotion d\u2019un commerce plus innovant, plus agile et plus comp\u00e9titif\u00a0\u00bb, a rappel\u00e9 Abdoulaye Sow.<\/p>\n<p>Il a fait remarquer que la constance et la qualit\u00e9 de l\u2019appui de la CCI dans la mise en \u0153uvre de projets structurants sont \u00e0 l\u2019origine de la journ\u00e9e de sensibilisation d\u00e9di\u00e9e au carnet A.T.A.<\/p>\n<p>\u00c0 son avis, cette initiative illustre de mani\u00e8re \u00e9loquente la volont\u00e9 commune de la CCIAD et la CCI de doter le tissu \u00e9conomique s\u00e9n\u00e9galais de m\u00e9canismes performants, capables d\u2019accro\u00eetre la comp\u00e9titivit\u00e9 de la CCIAD et de faciliter son int\u00e9gration dans les grandes cha\u00eenes de valeur r\u00e9gionales et internationales.<\/p>\n","protected":false},"excerpt":{"rendered":"<p>Abdoulaye Sow, le pr\u00e9sident de la chambre de commerce et d\u2019agriculture de Dakar (CCIAD) a fait part mercredi de l\u2019importance particuli\u00e8re qu\u2019il attache \u00e0 la&#8230;<\/p>\n","protected":false},"author":1,"featured_media":8046,"comment_status":"closed","ping_status":"open","sticky":false,"template":"","format":"standard","meta":{"_jetpack_memberships_contains_paid_content":false,"footnotes":""},"categories":[23,8],"tags":[],"class_list":["post-8045","post","type-post","status-publish","format-standard","has-post-thumbnail","hentry","category-a-la-une","category-actualite-economique","wpcat-23-id","wpcat-8-id"],"yoast_head":"<!-- This site is optimized with the Yoast SEO plugin v27.1.1 - https:\/\/yoast.com\/product\/yoast-seo-wordpress\/ -->\n<title>Le Pr\u00e9sident de la CCIAD magnifie les liens de coop\u00e9ration avec la CCI - challenges economiques<\/title>\n<meta name=\"robots\" content=\"index, follow, max-snippet:-1, max-image-preview:large, max-video-preview:-1\" \/>\n<link rel=\"canonical\" href=\"https:\/\/challengeseconomiques.com\/?p=8045\" \/>\n<meta property=\"og:locale\" content=\"fr_FR\" \/>\n<meta property=\"og:type\" content=\"article\" \/>\n<meta property=\"og:title\" content=\"Le Pr\u00e9sident de la CCIAD magnifie les liens de coop\u00e9ration avec la CCI - challenges economiques\" \/>\n<meta property=\"og:description\" content=\"Abdoulaye Sow, le pr\u00e9sident de la chambre de commerce et d\u2019agriculture de Dakar (CCIAD) a fait part mercredi de l\u2019importance particuli\u00e8re qu\u2019il attache \u00e0 la...\" \/>\n<meta property=\"og:url\" content=\"https:\/\/challengeseconomiques.com\/?p=8045\" \/>\n<meta property=\"og:site_name\" content=\"challenges economiques\" \/>\n<meta property=\"article:published_time\" content=\"2025-04-23T20:28:19+00:00\" \/>\n<meta property=\"article:modified_time\" content=\"2025-04-23T20:29:16+00:00\" \/>\n<meta property=\"og:image\" content=\"https:\/\/challengeseconomiques.com\/wp-content\/uploads\/2025\/04\/sowcciad.png\" \/>\n\t<meta property=\"og:image:width\" content=\"554\" \/>\n\t<meta property=\"og:image:height\" content=\"311\" \/>\n\t<meta property=\"og:image:type\" content=\"image\/png\" \/>\n<meta name=\"author\" content=\"admin\" \/>\n<meta name=\"twitter:card\" content=\"summary_large_image\" \/>\n<meta name=\"twitter:label1\" content=\"\u00c9crit par\" \/>\n\t<meta name=\"twitter:data1\" content=\"admin\" \/>\n\t<meta name=\"twitter:label2\" content=\"Dur\u00e9e de lecture estim\u00e9e\" \/>\n\t<meta name=\"twitter:data2\" content=\"2 minutes\" \/>\n<script type=\"application\/ld+json\" class=\"yoast-schema-graph\">{\"@context\":\"https:\/\/schema.org\",\"@graph\":[{\"@type\":\"Article\",\"@id\":\"https:\/\/challengeseconomiques.com\/?p=8045#article\",\"isPartOf\":{\"@id\":\"https:\/\/challengeseconomiques.com\/?p=8045\"},\"author\":{\"name\":\"admin\",\"@id\":\"https:\/\/challengeseconomiques.com\/#\/schema\/person\/b4568c9afebc5a9238a771873801e349\"},\"headline\":\"Le Pr\u00e9sident de la CCIAD magnifie les liens de coop\u00e9ration avec la CCI\",\"datePublished\":\"2025-04-23T20:28:19+00:00\",\"dateModified\":\"2025-04-23T20:29:16+00:00\",\"mainEntityOfPage\":{\"@id\":\"https:\/\/challengeseconomiques.com\/?p=8045\"},\"wordCount\":320,\"image\":{\"@id\":\"https:\/\/challengeseconomiques.com\/?p=8045#primaryimage\"},\"thumbnailUrl\":\"https:\/\/challengeseconomiques.com\/wp-content\/uploads\/2025\/04\/sowcciad.png\",\"articleSection\":[\"A la une\",\"Actualit\u00e9 \u00e9conomique\"],\"inLanguage\":\"fr-FR\"},{\"@type\":\"WebPage\",\"@id\":\"https:\/\/challengeseconomiques.com\/?p=8045\",\"url\":\"https:\/\/challengeseconomiques.com\/?p=8045\",\"name\":\"Le Pr\u00e9sident de la CCIAD magnifie les liens de coop\u00e9ration avec la CCI - challenges economiques\",\"isPartOf\":{\"@id\":\"https:\/\/challengeseconomiques.com\/#website\"},\"primaryImageOfPage\":{\"@id\":\"https:\/\/challengeseconomiques.com\/?p=8045#primaryimage\"},\"image\":{\"@id\":\"https:\/\/challengeseconomiques.com\/?p=8045#primaryimage\"},\"thumbnailUrl\":\"https:\/\/challengeseconomiques.com\/wp-content\/uploads\/2025\/04\/sowcciad.png\",\"datePublished\":\"2025-04-23T20:28:19+00:00\",\"dateModified\":\"2025-04-23T20:29:16+00:00\",\"author\":{\"@id\":\"https:\/\/challengeseconomiques.com\/#\/schema\/person\/b4568c9afebc5a9238a771873801e349\"},\"breadcrumb\":{\"@id\":\"https:\/\/challengeseconomiques.com\/?p=8045#breadcrumb\"},\"inLanguage\":\"fr-FR\",\"potentialAction\":[{\"@type\":\"ReadAction\",\"target\":[\"https:\/\/challengeseconomiques.com\/?p=8045\"]}]},{\"@type\":\"ImageObject\",\"inLanguage\":\"fr-FR\",\"@id\":\"https:\/\/challengeseconomiques.com\/?p=8045#primaryimage\",\"url\":\"https:\/\/challengeseconomiques.com\/wp-content\/uploads\/2025\/04\/sowcciad.png\",\"contentUrl\":\"https:\/\/challengeseconomiques.com\/wp-content\/uploads\/2025\/04\/sowcciad.png\",\"width\":554,\"height\":311},{\"@type\":\"BreadcrumbList\",\"@id\":\"https:\/\/challengeseconomiques.com\/?p=8045#breadcrumb\",\"itemListElement\":[{\"@type\":\"ListItem\",\"position\":1,\"name\":\"Home\",\"item\":\"https:\/\/challengeseconomiques.com\/\"},{\"@type\":\"ListItem\",\"position\":2,\"name\":\"Le Pr\u00e9sident de la CCIAD magnifie les liens de coop\u00e9ration avec la CCI\"}]},{\"@type\":\"WebSite\",\"@id\":\"https:\/\/challengeseconomiques.com\/#website\",\"url\":\"https:\/\/challengeseconomiques.com\/\",\"name\":\"challenges economiques\",\"description\":\"\",\"potentialAction\":[{\"@type\":\"SearchAction\",\"target\":{\"@type\":\"EntryPoint\",\"urlTemplate\":\"https:\/\/challengeseconomiques.com\/?s={search_term_string}\"},\"query-input\":{\"@type\":\"PropertyValueSpecification\",\"valueRequired\":true,\"valueName\":\"search_term_string\"}}],\"inLanguage\":\"fr-FR\"},{\"@type\":\"Person\",\"@id\":\"https:\/\/challengeseconomiques.com\/#\/schema\/person\/b4568c9afebc5a9238a771873801e349\",\"name\":\"admin\",\"image\":{\"@type\":\"ImageObject\",\"inLanguage\":\"fr-FR\",\"@id\":\"https:\/\/challengeseconomiques.com\/#\/schema\/person\/image\/\",\"url\":\"https:\/\/secure.gravatar.com\/avatar\/099e42240b5eea11acdb72751fcce0dd918603f0749d24974b7984ea47ed9fd9?s=96&d=mm&r=g\",\"contentUrl\":\"https:\/\/secure.gravatar.com\/avatar\/099e42240b5eea11acdb72751fcce0dd918603f0749d24974b7984ea47ed9fd9?s=96&d=mm&r=g\",\"caption\":\"admin\"},\"sameAs\":[\"https:\/\/challengeseconomiques.com\"],\"url\":\"https:\/\/challengeseconomiques.com\/?author=1\"}]}<\/script>\n<!-- \/ Yoast SEO plugin. -->","yoast_head_json":{"title":"Le Pr\u00e9sident de la CCIAD magnifie les liens de coop\u00e9ration avec la CCI - challenges economiques","robots":{"index":"index","follow":"follow","max-snippet":"max-snippet:-1","max-image-preview":"max-image-preview:large","max-video-preview":"max-video-preview:-1"},"canonical":"https:\/\/challengeseconomiques.com\/?p=8045","og_locale":"fr_FR","og_type":"article","og_title":"Le Pr\u00e9sident de la CCIAD magnifie les liens de coop\u00e9ration avec la CCI - challenges economiques","og_description":"Abdoulaye Sow, le pr\u00e9sident de la chambre de commerce et d\u2019agriculture de Dakar (CCIAD) a fait part mercredi de l\u2019importance particuli\u00e8re qu\u2019il attache \u00e0 la...","og_url":"https:\/\/challengeseconomiques.com\/?p=8045","og_site_name":"challenges economiques","article_published_time":"2025-04-23T20:28:19+00:00","article_modified_time":"2025-04-23T20:29:16+00:00","og_image":[{"width":554,"height":311,"url":"https:\/\/challengeseconomiques.com\/wp-content\/uploads\/2025\/04\/sowcciad.png","type":"image\/png"}],"author":"admin","twitter_card":"summary_large_image","twitter_misc":{"\u00c9crit par":"admin","Dur\u00e9e de lecture estim\u00e9e":"2 minutes"},"schema":{"@context":"https:\/\/schema.org","@graph":[{"@type":"Article","@id":"https:\/\/challengeseconomiques.com\/?p=8045#article","isPartOf":{"@id":"https:\/\/challengeseconomiques.com\/?p=8045"},"author":{"name":"admin","@id":"https:\/\/challengeseconomiques.com\/#\/schema\/person\/b4568c9afebc5a9238a771873801e349"},"headline":"Le Pr\u00e9sident de la CCIAD magnifie les liens de coop\u00e9ration avec la CCI","datePublished":"2025-04-23T20:28:19+00:00","dateModified":"2025-04-23T20:29:16+00:00","mainEntityOfPage":{"@id":"https:\/\/challengeseconomiques.com\/?p=8045"},"wordCount":320,"image":{"@id":"https:\/\/challengeseconomiques.com\/?p=8045#primaryimage"},"thumbnailUrl":"https:\/\/challengeseconomiques.com\/wp-content\/uploads\/2025\/04\/sowcciad.png","articleSection":["A la une","Actualit\u00e9 \u00e9conomique"],"inLanguage":"fr-FR"},{"@type":"WebPage","@id":"https:\/\/challengeseconomiques.com\/?p=8045","url":"https:\/\/challengeseconomiques.com\/?p=8045","name":"Le Pr\u00e9sident de la CCIAD magnifie les liens de coop\u00e9ration avec la CCI - challenges economiques","isPartOf":{"@id":"https:\/\/challengeseconomiques.com\/#website"},"primaryImageOfPage":{"@id":"https:\/\/challengeseconomiques.com\/?p=8045#primaryimage"},"image":{"@id":"https:\/\/challengeseconomiques.com\/?p=8045#primaryimage"},"thumbnailUrl":"https:\/\/challengeseconomiques.com\/wp-content\/uploads\/2025\/04\/sowcciad.png","datePublished":"2025-04-23T20:28:19+00:00","dateModified":"2025-04-23T20:29:16+00:00","author":{"@id":"https:\/\/challengeseconomiques.com\/#\/schema\/person\/b4568c9afebc5a9238a771873801e349"},"breadcrumb":{"@id":"https:\/\/challengeseconomiques.com\/?p=8045#breadcrumb"},"inLanguage":"fr-FR","potentialAction":[{"@type":"ReadAction","target":["https:\/\/challengeseconomiques.com\/?p=8045"]}]},{"@type":"ImageObject","inLanguage":"fr-FR","@id":"https:\/\/challengeseconomiques.com\/?p=8045#primaryimage","url":"https:\/\/challengeseconomiques.com\/wp-content\/uploads\/2025\/04\/sowcciad.png","contentUrl":"https:\/\/challengeseconomiques.com\/wp-content\/uploads\/2025\/04\/sowcciad.png","width":554,"height":311},{"@type":"BreadcrumbList","@id":"https:\/\/challengeseconomiques.com\/?p=8045#breadcrumb","itemListElement":[{"@type":"ListItem","position":1,"name":"Home","item":"https:\/\/challengeseconomiques.com\/"},{"@type":"ListItem","position":2,"name":"Le Pr\u00e9sident de la CCIAD magnifie les liens de coop\u00e9ration avec la CCI"}]},{"@type":"WebSite","@id":"https:\/\/challengeseconomiques.com\/#website","url":"https:\/\/challengeseconomiques.com\/","name":"challenges economiques","description":"","potentialAction":[{"@type":"SearchAction","target":{"@type":"EntryPoint","urlTemplate":"https:\/\/challengeseconomiques.com\/?s={search_term_string}"},"query-input":{"@type":"PropertyValueSpecification","valueRequired":true,"valueName":"search_term_string"}}],"inLanguage":"fr-FR"},{"@type":"Person","@id":"https:\/\/challengeseconomiques.com\/#\/schema\/person\/b4568c9afebc5a9238a771873801e349","name":"admin","image":{"@type":"ImageObject","inLanguage":"fr-FR","@id":"https:\/\/challengeseconomiques.com\/#\/schema\/person\/image\/","url":"https:\/\/secure.gravatar.com\/avatar\/099e42240b5eea11acdb72751fcce0dd918603f0749d24974b7984ea47ed9fd9?s=96&d=mm&r=g","contentUrl":"https:\/\/secure.gravatar.com\/avatar\/099e42240b5eea11acdb72751fcce0dd918603f0749d24974b7984ea47ed9fd9?s=96&d=mm&r=g","caption":"admin"},"sameAs":["https:\/\/challengeseconomiques.com"],"url":"https:\/\/challengeseconomiques.com\/?author=1"}]}},"jetpack_featured_media_url":"https:\/\/challengeseconomiques.com\/wp-content\/uploads\/2025\/04\/sowcciad.png","jetpack_sharing_enabled":true,"_links":{"self":[{"href":"https:\/\/challengeseconomiques.com\/index.php?rest_route=\/wp\/v2\/posts\/8045","targetHints":{"allow":["GET"]}}],"collection":[{"href":"https:\/\/challengeseconomiques.com\/index.php?rest_route=\/wp\/v2\/posts"}],"about":[{"href":"https:\/\/challengeseconomiques.com\/index.php?rest_route=\/wp\/v2\/types\/post"}],"author":[{"embeddable":true,"href":"https:\/\/challengeseconomiques.com\/index.php?rest_route=\/wp\/v2\/users\/1"}],"replies":[{"embeddable":true,"href":"https:\/\/challengeseconomiques.com\/index.php?rest_route=%2Fwp%2Fv2%2Fcomments&post=8045"}],"version-history":[{"count":1,"href":"https:\/\/challengeseconomiques.com\/index.php?rest_route=\/wp\/v2\/posts\/8045\/revisions"}],"predecessor-version":[{"id":8047,"href":"https:\/\/challengeseconomiques.com\/index.php?rest_route=\/wp\/v2\/posts\/8045\/revisions\/8047"}],"wp:featuredmedia":[{"embeddable":true,"href":"https:\/\/challengeseconomiques.com\/index.php?rest_route=\/wp\/v2\/media\/8046"}],"wp:attachment":[{"href":"https:\/\/challengeseconomiques.com\/index.php?rest_route=%2Fwp%2Fv2%2Fmedia&parent=8045"}],"wp:term":[{"taxonomy":"category","embeddable":true,"href":"https:\/\/challengeseconomiques.com\/index.php?rest_route=%2Fwp%2Fv2%2Fcategories&post=8045"},{"taxonomy":"post_tag","embeddable":true,"href":"https:\/\/challengeseconomiques.com\/index.php?rest_route=%2Fwp%2Fv2%2Ftags&post=8045"}],"curies":[{"name":"wp","href":"https:\/\/api.w.org\/{rel}","templated":true}]}}