{"id":8038,"date":"2025-04-17T15:14:59","date_gmt":"2025-04-17T15:14:59","guid":{"rendered":"https:\/\/challengeseconomiques.com\/?p=8038"},"modified":"2025-04-17T15:16:36","modified_gmt":"2025-04-17T15:16:36","slug":"le-conseil-des-gouverneurs-de-la-bidc-tient-sa-23eme-assemblee-generale-annuelle","status":"publish","type":"post","link":"https:\/\/challengeseconomiques.com\/?p=8038","title":{"rendered":"Le Conseil des Gouverneurs de la BIDC tient sa 23\u00e8me Assembl\u00e9e G\u00e9n\u00e9rale Annuelle"},"content":{"rendered":"<p>Le Conseil des Gouverneurs de la Banque d&rsquo;Investissement et de D\u00e9veloppement de la CEDEAO (BIDC) a tenu sa 23<sup>\u00e8me<\/sup> \u00a0session ordinaire le 14 avril 2025 \u00e0 Banjul, en Gambie. La r\u00e9union, pr\u00e9sid\u00e9e par le Pr\u00e9sident sortant et Gouverneur pour la Gambie, l&rsquo;honorable Seedy K. M. Keita, ministre des Finances et des Affaires \u00e9conomiques, a \u00e9t\u00e9 rehauss\u00e9e par la pr\u00e9sence de Son Excellence Muhammed B. S. Jallow, Vice-Pr\u00e9sident de la R\u00e9publique de Gambie, qui repr\u00e9sentait Son Excellence Adama Barrow, Pr\u00e9sident de la R\u00e9publique de Gambie.<\/p>\n<p>Le Conseil des Gouverneurs, instance supr\u00eame de prise de d\u00e9cision de la Banque, compos\u00e9 des ministres des Finances et du Plan des \u00c9tats membres de la CEDEAO, s&rsquo;est r\u00e9uni pour examiner un certain nombre de questions cl\u00e9s relatives \u00e0 la gouvernance et \u00e0 l&rsquo;administration de la Banque, telles que le rapport d&rsquo;activit\u00e9 et les \u00e9tats financiers annuels de la Banque, la constitution du nouveau Conseil d&rsquo;Administration de la BIDC et l&rsquo;\u00e9lection du nouveau Pr\u00e9sident du Conseil des Gouverneurs.<\/p>\n<p>Dans son discours de bienvenue, Dr George Agyekum Donkor, Pr\u00e9sident de la BIDC et de son Conseil d&rsquo;Administration, a rendu un vibrant hommage au Pr\u00e9sident sortant du Conseil des Gouverneurs pour son engagement ind\u00e9fectible, son soutien et ses conseils tout au long de son mandat, tout en exprimant sa gratitude aux Gouverneurs pour avoir soutenu la Banque dans l&rsquo;ex\u00e9cution de ses activit\u00e9s. En ce qui concerne la performance de la Banque en 2024, Dr Donkor a soulign\u00e9 que la BIDC a r\u00e9alis\u00e9 des progr\u00e8s remarquables, en doublant son portefeuille de pr\u00eats et son bilan dans le processus. Il a not\u00e9 que la Banque a enregistr\u00e9 une augmentation de 12,86% de ses b\u00e9n\u00e9fices par rapport \u00e0 2023, ce qui peut \u00eatre attribu\u00e9 \u00e0 plusieurs facteurs, notamment l&rsquo;augmentation des d\u00e9caissements, la focalisation strat\u00e9gique sur les secteurs et l&rsquo;efficacit\u00e9 accrue de la mobilisation des ressources.<\/p>\n<p>Dans son discours d&rsquo;ouverture, le Vice-Pr\u00e9sident de la R\u00e9publique de Gambie a exhort\u00e9 la BIDC \u00e0 explorer des produits de financement hors bilan plus innovants et plus transparents, afin de permettre aux \u00c9tats membres de poursuivre leurs objectifs de d\u00e9veloppement sans accro\u00eetre de mani\u00e8re significative leur profil d&rsquo;endettement. Il a \u00e9galement appel\u00e9 \u00e0 la mise en place de lignes commerciales pour les acteurs du secteur priv\u00e9 qui importent de la sous-r\u00e9gion et au d\u00e9ploiement d&rsquo;initiatives visant \u00e0 stimuler le commerce intra-r\u00e9gional.<\/p>\n<p>Dans le cadre de la c\u00e9r\u00e9monie d&rsquo;ouverture de la r\u00e9union, la Banque a sign\u00e9 un pr\u00eat destin\u00e9 au secteur public d&rsquo;un montant de 10 millions USD accord\u00e9 au Gouvernement de la Gambie, pour soutenir la \u00ab National Food Security Processing and Marketing Corporation \u00bb (Soci\u00e9t\u00e9 nationale de transformation et de commercialisation de la s\u00e9curit\u00e9 alimentaire) pour la deuxi\u00e8me phase du Plan National d&rsquo;Investissement Agricole &#8211; S\u00e9curit\u00e9 alimentaire et nutritionnelle (GNAIP II-FNS).<\/p>\n<p>Le projet, qui vise \u00e0 am\u00e9liorer la s\u00e9curit\u00e9 alimentaire et \u00e0 stimuler la productivit\u00e9 agricole, est conforme \u00e0 la strat\u00e9gie de la Banque qui consiste \u00e0 investir dans des secteurs cl\u00e9s tels que l&rsquo;agriculture, la technologie, l&rsquo;industrie, le transport, etc., afin de favoriser le d\u00e9veloppement socio- \u00e9conomique au profit des groupes de population \u00e9conomiquement vuln\u00e9rables dans l&rsquo;ensemble de la sous-r\u00e9gion de la CEDEAO.<\/p>\n<p>Le Conseil a \u00e9galement nomm\u00e9 un nouveau Pr\u00e9sident du Conseil des Gouverneurs de la BIDC, en la personne de l&rsquo;honorable Dr Cassiel Ato Baah Forson, ministre des Finances de la R\u00e9publique du Ghana\u00a0.<\/p>\n<p><strong>(BIDC)<\/strong><\/p>\n","protected":false},"excerpt":{"rendered":"<p>Le Conseil des Gouverneurs de la Banque d&rsquo;Investissement et de D\u00e9veloppement de la CEDEAO (BIDC) a tenu sa 23\u00e8me \u00a0session ordinaire le 14 avril 2025&#8230;<\/p>\n","protected":false},"author":1,"featured_media":8039,"comment_status":"closed","ping_status":"open","sticky":false,"template":"","format":"standard","meta":{"_jetpack_memberships_contains_paid_content":false,"footnotes":""},"categories":[8,10],"tags":[],"class_list":["post-8038","post","type-post","status-publish","format-standard","has-post-thumbnail","hentry","category-actualite-economique","category-infos-eco","wpcat-8-id","wpcat-10-id"],"yoast_head":"<!-- This site is optimized with the Yoast SEO plugin v27.1.1 - https:\/\/yoast.com\/product\/yoast-seo-wordpress\/ -->\n<title>Le Conseil des Gouverneurs de la BIDC tient sa 23\u00e8me Assembl\u00e9e G\u00e9n\u00e9rale Annuelle - challenges economiques<\/title>\n<meta name=\"robots\" content=\"index, follow, max-snippet:-1, max-image-preview:large, max-video-preview:-1\" \/>\n<link rel=\"canonical\" href=\"https:\/\/challengeseconomiques.com\/?p=8038\" \/>\n<meta property=\"og:locale\" content=\"fr_FR\" \/>\n<meta property=\"og:type\" content=\"article\" \/>\n<meta property=\"og:title\" content=\"Le Conseil des Gouverneurs de la BIDC tient sa 23\u00e8me Assembl\u00e9e G\u00e9n\u00e9rale Annuelle - challenges economiques\" \/>\n<meta property=\"og:description\" content=\"Le Conseil des Gouverneurs de la Banque d&rsquo;Investissement et de D\u00e9veloppement de la CEDEAO (BIDC) a tenu sa 23\u00e8me \u00a0session ordinaire le 14 avril 2025...\" \/>\n<meta property=\"og:url\" content=\"https:\/\/challengeseconomiques.com\/?p=8038\" \/>\n<meta property=\"og:site_name\" content=\"challenges economiques\" \/>\n<meta property=\"article:published_time\" content=\"2025-04-17T15:14:59+00:00\" \/>\n<meta property=\"article:modified_time\" content=\"2025-04-17T15:16:36+00:00\" \/>\n<meta property=\"og:image\" content=\"https:\/\/challengeseconomiques.com\/wp-content\/uploads\/2025\/04\/bidcgambie.jpg\" \/>\n\t<meta property=\"og:image:width\" content=\"1080\" \/>\n\t<meta property=\"og:image:height\" content=\"552\" \/>\n\t<meta property=\"og:image:type\" content=\"image\/jpeg\" \/>\n<meta name=\"author\" content=\"admin\" \/>\n<meta name=\"twitter:card\" content=\"summary_large_image\" \/>\n<meta name=\"twitter:label1\" content=\"\u00c9crit par\" \/>\n\t<meta name=\"twitter:data1\" content=\"admin\" \/>\n\t<meta name=\"twitter:label2\" content=\"Dur\u00e9e de lecture estim\u00e9e\" \/>\n\t<meta name=\"twitter:data2\" content=\"3 minutes\" \/>\n<script type=\"application\/ld+json\" class=\"yoast-schema-graph\">{\"@context\":\"https:\/\/schema.org\",\"@graph\":[{\"@type\":\"Article\",\"@id\":\"https:\/\/challengeseconomiques.com\/?p=8038#article\",\"isPartOf\":{\"@id\":\"https:\/\/challengeseconomiques.com\/?p=8038\"},\"author\":{\"name\":\"admin\",\"@id\":\"https:\/\/challengeseconomiques.com\/#\/schema\/person\/b4568c9afebc5a9238a771873801e349\"},\"headline\":\"Le Conseil des Gouverneurs de la BIDC tient sa 23\u00e8me Assembl\u00e9e G\u00e9n\u00e9rale Annuelle\",\"datePublished\":\"2025-04-17T15:14:59+00:00\",\"dateModified\":\"2025-04-17T15:16:36+00:00\",\"mainEntityOfPage\":{\"@id\":\"https:\/\/challengeseconomiques.com\/?p=8038\"},\"wordCount\":624,\"image\":{\"@id\":\"https:\/\/challengeseconomiques.com\/?p=8038#primaryimage\"},\"thumbnailUrl\":\"https:\/\/challengeseconomiques.com\/wp-content\/uploads\/2025\/04\/bidcgambie.jpg\",\"articleSection\":[\"Actualit\u00e9 \u00e9conomique\",\"Infos \u00e9co\"],\"inLanguage\":\"fr-FR\"},{\"@type\":\"WebPage\",\"@id\":\"https:\/\/challengeseconomiques.com\/?p=8038\",\"url\":\"https:\/\/challengeseconomiques.com\/?p=8038\",\"name\":\"Le Conseil des Gouverneurs de la BIDC tient sa 23\u00e8me Assembl\u00e9e G\u00e9n\u00e9rale Annuelle - challenges economiques\",\"isPartOf\":{\"@id\":\"https:\/\/challengeseconomiques.com\/#website\"},\"primaryImageOfPage\":{\"@id\":\"https:\/\/challengeseconomiques.com\/?p=8038#primaryimage\"},\"image\":{\"@id\":\"https:\/\/challengeseconomiques.com\/?p=8038#primaryimage\"},\"thumbnailUrl\":\"https:\/\/challengeseconomiques.com\/wp-content\/uploads\/2025\/04\/bidcgambie.jpg\",\"datePublished\":\"2025-04-17T15:14:59+00:00\",\"dateModified\":\"2025-04-17T15:16:36+00:00\",\"author\":{\"@id\":\"https:\/\/challengeseconomiques.com\/#\/schema\/person\/b4568c9afebc5a9238a771873801e349\"},\"breadcrumb\":{\"@id\":\"https:\/\/challengeseconomiques.com\/?p=8038#breadcrumb\"},\"inLanguage\":\"fr-FR\",\"potentialAction\":[{\"@type\":\"ReadAction\",\"target\":[\"https:\/\/challengeseconomiques.com\/?p=8038\"]}]},{\"@type\":\"ImageObject\",\"inLanguage\":\"fr-FR\",\"@id\":\"https:\/\/challengeseconomiques.com\/?p=8038#primaryimage\",\"url\":\"https:\/\/challengeseconomiques.com\/wp-content\/uploads\/2025\/04\/bidcgambie.jpg\",\"contentUrl\":\"https:\/\/challengeseconomiques.com\/wp-content\/uploads\/2025\/04\/bidcgambie.jpg\",\"width\":1080,\"height\":552},{\"@type\":\"BreadcrumbList\",\"@id\":\"https:\/\/challengeseconomiques.com\/?p=8038#breadcrumb\",\"itemListElement\":[{\"@type\":\"ListItem\",\"position\":1,\"name\":\"Home\",\"item\":\"https:\/\/challengeseconomiques.com\/\"},{\"@type\":\"ListItem\",\"position\":2,\"name\":\"Le Conseil des Gouverneurs de la BIDC tient sa 23\u00e8me Assembl\u00e9e G\u00e9n\u00e9rale Annuelle\"}]},{\"@type\":\"WebSite\",\"@id\":\"https:\/\/challengeseconomiques.com\/#website\",\"url\":\"https:\/\/challengeseconomiques.com\/\",\"name\":\"challenges economiques\",\"description\":\"\",\"potentialAction\":[{\"@type\":\"SearchAction\",\"target\":{\"@type\":\"EntryPoint\",\"urlTemplate\":\"https:\/\/challengeseconomiques.com\/?s={search_term_string}\"},\"query-input\":{\"@type\":\"PropertyValueSpecification\",\"valueRequired\":true,\"valueName\":\"search_term_string\"}}],\"inLanguage\":\"fr-FR\"},{\"@type\":\"Person\",\"@id\":\"https:\/\/challengeseconomiques.com\/#\/schema\/person\/b4568c9afebc5a9238a771873801e349\",\"name\":\"admin\",\"image\":{\"@type\":\"ImageObject\",\"inLanguage\":\"fr-FR\",\"@id\":\"https:\/\/challengeseconomiques.com\/#\/schema\/person\/image\/\",\"url\":\"https:\/\/secure.gravatar.com\/avatar\/099e42240b5eea11acdb72751fcce0dd918603f0749d24974b7984ea47ed9fd9?s=96&d=mm&r=g\",\"contentUrl\":\"https:\/\/secure.gravatar.com\/avatar\/099e42240b5eea11acdb72751fcce0dd918603f0749d24974b7984ea47ed9fd9?s=96&d=mm&r=g\",\"caption\":\"admin\"},\"sameAs\":[\"https:\/\/challengeseconomiques.com\"],\"url\":\"https:\/\/challengeseconomiques.com\/?author=1\"}]}<\/script>\n<!-- \/ Yoast SEO plugin. -->","yoast_head_json":{"title":"Le Conseil des Gouverneurs de la BIDC tient sa 23\u00e8me Assembl\u00e9e G\u00e9n\u00e9rale Annuelle - challenges economiques","robots":{"index":"index","follow":"follow","max-snippet":"max-snippet:-1","max-image-preview":"max-image-preview:large","max-video-preview":"max-video-preview:-1"},"canonical":"https:\/\/challengeseconomiques.com\/?p=8038","og_locale":"fr_FR","og_type":"article","og_title":"Le Conseil des Gouverneurs de la BIDC tient sa 23\u00e8me Assembl\u00e9e G\u00e9n\u00e9rale Annuelle - challenges economiques","og_description":"Le Conseil des Gouverneurs de la Banque d&rsquo;Investissement et de D\u00e9veloppement de la CEDEAO (BIDC) a tenu sa 23\u00e8me \u00a0session ordinaire le 14 avril 2025...","og_url":"https:\/\/challengeseconomiques.com\/?p=8038","og_site_name":"challenges economiques","article_published_time":"2025-04-17T15:14:59+00:00","article_modified_time":"2025-04-17T15:16:36+00:00","og_image":[{"width":1080,"height":552,"url":"https:\/\/challengeseconomiques.com\/wp-content\/uploads\/2025\/04\/bidcgambie.jpg","type":"image\/jpeg"}],"author":"admin","twitter_card":"summary_large_image","twitter_misc":{"\u00c9crit par":"admin","Dur\u00e9e de lecture estim\u00e9e":"3 minutes"},"schema":{"@context":"https:\/\/schema.org","@graph":[{"@type":"Article","@id":"https:\/\/challengeseconomiques.com\/?p=8038#article","isPartOf":{"@id":"https:\/\/challengeseconomiques.com\/?p=8038"},"author":{"name":"admin","@id":"https:\/\/challengeseconomiques.com\/#\/schema\/person\/b4568c9afebc5a9238a771873801e349"},"headline":"Le Conseil des Gouverneurs de la BIDC tient sa 23\u00e8me Assembl\u00e9e G\u00e9n\u00e9rale Annuelle","datePublished":"2025-04-17T15:14:59+00:00","dateModified":"2025-04-17T15:16:36+00:00","mainEntityOfPage":{"@id":"https:\/\/challengeseconomiques.com\/?p=8038"},"wordCount":624,"image":{"@id":"https:\/\/challengeseconomiques.com\/?p=8038#primaryimage"},"thumbnailUrl":"https:\/\/challengeseconomiques.com\/wp-content\/uploads\/2025\/04\/bidcgambie.jpg","articleSection":["Actualit\u00e9 \u00e9conomique","Infos \u00e9co"],"inLanguage":"fr-FR"},{"@type":"WebPage","@id":"https:\/\/challengeseconomiques.com\/?p=8038","url":"https:\/\/challengeseconomiques.com\/?p=8038","name":"Le Conseil des Gouverneurs de la BIDC tient sa 23\u00e8me Assembl\u00e9e G\u00e9n\u00e9rale Annuelle - challenges economiques","isPartOf":{"@id":"https:\/\/challengeseconomiques.com\/#website"},"primaryImageOfPage":{"@id":"https:\/\/challengeseconomiques.com\/?p=8038#primaryimage"},"image":{"@id":"https:\/\/challengeseconomiques.com\/?p=8038#primaryimage"},"thumbnailUrl":"https:\/\/challengeseconomiques.com\/wp-content\/uploads\/2025\/04\/bidcgambie.jpg","datePublished":"2025-04-17T15:14:59+00:00","dateModified":"2025-04-17T15:16:36+00:00","author":{"@id":"https:\/\/challengeseconomiques.com\/#\/schema\/person\/b4568c9afebc5a9238a771873801e349"},"breadcrumb":{"@id":"https:\/\/challengeseconomiques.com\/?p=8038#breadcrumb"},"inLanguage":"fr-FR","potentialAction":[{"@type":"ReadAction","target":["https:\/\/challengeseconomiques.com\/?p=8038"]}]},{"@type":"ImageObject","inLanguage":"fr-FR","@id":"https:\/\/challengeseconomiques.com\/?p=8038#primaryimage","url":"https:\/\/challengeseconomiques.com\/wp-content\/uploads\/2025\/04\/bidcgambie.jpg","contentUrl":"https:\/\/challengeseconomiques.com\/wp-content\/uploads\/2025\/04\/bidcgambie.jpg","width":1080,"height":552},{"@type":"BreadcrumbList","@id":"https:\/\/challengeseconomiques.com\/?p=8038#breadcrumb","itemListElement":[{"@type":"ListItem","position":1,"name":"Home","item":"https:\/\/challengeseconomiques.com\/"},{"@type":"ListItem","position":2,"name":"Le Conseil des Gouverneurs de la BIDC tient sa 23\u00e8me Assembl\u00e9e G\u00e9n\u00e9rale Annuelle"}]},{"@type":"WebSite","@id":"https:\/\/challengeseconomiques.com\/#website","url":"https:\/\/challengeseconomiques.com\/","name":"challenges economiques","description":"","potentialAction":[{"@type":"SearchAction","target":{"@type":"EntryPoint","urlTemplate":"https:\/\/challengeseconomiques.com\/?s={search_term_string}"},"query-input":{"@type":"PropertyValueSpecification","valueRequired":true,"valueName":"search_term_string"}}],"inLanguage":"fr-FR"},{"@type":"Person","@id":"https:\/\/challengeseconomiques.com\/#\/schema\/person\/b4568c9afebc5a9238a771873801e349","name":"admin","image":{"@type":"ImageObject","inLanguage":"fr-FR","@id":"https:\/\/challengeseconomiques.com\/#\/schema\/person\/image\/","url":"https:\/\/secure.gravatar.com\/avatar\/099e42240b5eea11acdb72751fcce0dd918603f0749d24974b7984ea47ed9fd9?s=96&d=mm&r=g","contentUrl":"https:\/\/secure.gravatar.com\/avatar\/099e42240b5eea11acdb72751fcce0dd918603f0749d24974b7984ea47ed9fd9?s=96&d=mm&r=g","caption":"admin"},"sameAs":["https:\/\/challengeseconomiques.com"],"url":"https:\/\/challengeseconomiques.com\/?author=1"}]}},"jetpack_featured_media_url":"https:\/\/challengeseconomiques.com\/wp-content\/uploads\/2025\/04\/bidcgambie.jpg","jetpack_sharing_enabled":true,"_links":{"self":[{"href":"https:\/\/challengeseconomiques.com\/index.php?rest_route=\/wp\/v2\/posts\/8038","targetHints":{"allow":["GET"]}}],"collection":[{"href":"https:\/\/challengeseconomiques.com\/index.php?rest_route=\/wp\/v2\/posts"}],"about":[{"href":"https:\/\/challengeseconomiques.com\/index.php?rest_route=\/wp\/v2\/types\/post"}],"author":[{"embeddable":true,"href":"https:\/\/challengeseconomiques.com\/index.php?rest_route=\/wp\/v2\/users\/1"}],"replies":[{"embeddable":true,"href":"https:\/\/challengeseconomiques.com\/index.php?rest_route=%2Fwp%2Fv2%2Fcomments&post=8038"}],"version-history":[{"count":1,"href":"https:\/\/challengeseconomiques.com\/index.php?rest_route=\/wp\/v2\/posts\/8038\/revisions"}],"predecessor-version":[{"id":8040,"href":"https:\/\/challengeseconomiques.com\/index.php?rest_route=\/wp\/v2\/posts\/8038\/revisions\/8040"}],"wp:featuredmedia":[{"embeddable":true,"href":"https:\/\/challengeseconomiques.com\/index.php?rest_route=\/wp\/v2\/media\/8039"}],"wp:attachment":[{"href":"https:\/\/challengeseconomiques.com\/index.php?rest_route=%2Fwp%2Fv2%2Fmedia&parent=8038"}],"wp:term":[{"taxonomy":"category","embeddable":true,"href":"https:\/\/challengeseconomiques.com\/index.php?rest_route=%2Fwp%2Fv2%2Fcategories&post=8038"},{"taxonomy":"post_tag","embeddable":true,"href":"https:\/\/challengeseconomiques.com\/index.php?rest_route=%2Fwp%2Fv2%2Ftags&post=8038"}],"curies":[{"name":"wp","href":"https:\/\/api.w.org\/{rel}","templated":true}]}}