{"id":8035,"date":"2025-04-17T14:51:48","date_gmt":"2025-04-17T14:51:48","guid":{"rendered":"https:\/\/challengeseconomiques.com\/?p=8035"},"modified":"2025-04-17T14:52:25","modified_gmt":"2025-04-17T14:52:25","slug":"le-dg-de-la-haw-invite-le-corps-diplomatique-arabo-musulman-a-appuyer-la-dynamisation-du-waqf-au-senegal","status":"publish","type":"post","link":"https:\/\/challengeseconomiques.com\/?p=8035","title":{"rendered":"Le DG de la HAW invite le corps diplomatique arabo-musulman \u00e0 appuyer la dynamisation du waqf au S\u00e9n\u00e9gal"},"content":{"rendered":"<p>Le directeur g\u00e9n\u00e9ral de la haute autorit\u00e9 du waqf (HAW), Dr Ahmed Lamine Athie a invit\u00e9 le corps diplomatique arabo-musulman \u00e0 appuyer la dynamisation du waqf au S\u00e9n\u00e9gal. En effet, \u00e0 l\u2019occasion d\u2019une audience que lui a accord\u00e9e Muhammed Salim Jadad Alkathiri, l\u2019ambassadeur du Sultanat d\u2019Oman au S\u00e9n\u00e9gal, M. Athie a plaid\u00e9 pour un soutien financier et technique de ces pays pour sa structure, indique un communiqu\u00e9.<\/p>\n<p>Ainsi, a-t-il affirm\u00e9 que l\u2019expertise en mati\u00e8re de d\u00e9veloppement du Waqf, notamment dans les pays arabo-musulmans, sont essentiels pour renforcer la coop\u00e9ration internationale et favoriser l&rsquo;\u00e9change d&rsquo;exp\u00e9riences.<\/p>\n<p>\u00ab\u00a0Nous vous invitons \u00e0 partager vos bonnes pratiques et \u00e0 accompagner la HAW dans la mise en \u0153uvre de projets innovants et durables \u00bb, a lanc\u00e9 le DG de la HAW.<\/p>\n<p>En outre, le communiqu\u00e9 pr\u00e9cise que cette initiative s\u2019inscrit dans la politique de redynamisation des relations avec les pays arabes, un axe strat\u00e9gique pour la HAW, afin de promouvoir le waqf comme un levier innovant de la finance sociale islamique, contribuant au d\u00e9veloppement \u00e9conomique et social du S\u00e9n\u00e9gal en coh\u00e9rence avec l\u2019agenda national de transformation \u00ab S\u00e9n\u00e9gal 2050 \u00bb.<\/p>\n<p>Par ailleurs, le communiqu\u00e9 note que l\u2019audience avec l\u2019Ambassadeur d\u2019Oman marque un nouveau chapitre dans la coop\u00e9ration internationale de la HAW, qui, apr\u00e8s avoir renforc\u00e9 ses liens avec le Qatar le 27 mars dernier, \u00e9tend d\u00e9sormais son r\u00e9seau de partenariats au Sultanat d\u2019Oman.<\/p>\n<p>Ces \u00e9changes prometteurs ouvrent la voie \u00e0 un partage d\u2019expertises et \u00e0 un accompagnement technique accru, indispensables pour la mise en \u0153uvre de projets waqf innovants et durables au S\u00e9n\u00e9gal.<\/p>\n<p>La HAW a aussi r\u00e9affirm\u00e9 \u00a0son engagement \u00e0 mobiliser les ressources et les comp\u00e9tences internationales pour faire du Waqf un pilier central du d\u00e9veloppement social et \u00e9conomique, en s\u2019appuyant sur une coop\u00e9ration renforc\u00e9e avec le monde arabo-musulman.<\/p>\n<p><strong>Idrissa GUEYE<\/strong><\/p>\n","protected":false},"excerpt":{"rendered":"<p>Le directeur g\u00e9n\u00e9ral de la haute autorit\u00e9 du waqf (HAW), Dr Ahmed Lamine Athie a invit\u00e9 le corps diplomatique arabo-musulman \u00e0 appuyer la dynamisation du&#8230;<\/p>\n","protected":false},"author":1,"featured_media":8036,"comment_status":"closed","ping_status":"open","sticky":false,"template":"","format":"standard","meta":{"_jetpack_memberships_contains_paid_content":false,"footnotes":""},"categories":[23,8],"tags":[],"class_list":["post-8035","post","type-post","status-publish","format-standard","has-post-thumbnail","hentry","category-a-la-une","category-actualite-economique","wpcat-23-id","wpcat-8-id"],"yoast_head":"<!-- This site is optimized with the Yoast SEO plugin v27.1.1 - https:\/\/yoast.com\/product\/yoast-seo-wordpress\/ -->\n<title>Le DG de la HAW invite le corps diplomatique arabo-musulman \u00e0 appuyer la dynamisation du waqf au S\u00e9n\u00e9gal - challenges economiques<\/title>\n<meta name=\"robots\" content=\"index, follow, max-snippet:-1, max-image-preview:large, max-video-preview:-1\" \/>\n<link rel=\"canonical\" href=\"https:\/\/challengeseconomiques.com\/?p=8035\" \/>\n<meta property=\"og:locale\" content=\"fr_FR\" \/>\n<meta property=\"og:type\" content=\"article\" \/>\n<meta property=\"og:title\" content=\"Le DG de la HAW invite le corps diplomatique arabo-musulman \u00e0 appuyer la dynamisation du waqf au S\u00e9n\u00e9gal - challenges economiques\" \/>\n<meta property=\"og:description\" content=\"Le directeur g\u00e9n\u00e9ral de la haute autorit\u00e9 du waqf (HAW), Dr Ahmed Lamine Athie a invit\u00e9 le corps diplomatique arabo-musulman \u00e0 appuyer la dynamisation du...\" \/>\n<meta property=\"og:url\" content=\"https:\/\/challengeseconomiques.com\/?p=8035\" \/>\n<meta property=\"og:site_name\" content=\"challenges economiques\" \/>\n<meta property=\"article:published_time\" content=\"2025-04-17T14:51:48+00:00\" \/>\n<meta property=\"article:modified_time\" content=\"2025-04-17T14:52:25+00:00\" \/>\n<meta property=\"og:image\" content=\"https:\/\/challengeseconomiques.com\/wp-content\/uploads\/2025\/04\/OMANHAW.jpg\" \/>\n\t<meta property=\"og:image:width\" content=\"737\" \/>\n\t<meta property=\"og:image:height\" content=\"435\" \/>\n\t<meta property=\"og:image:type\" content=\"image\/jpeg\" \/>\n<meta name=\"author\" content=\"admin\" \/>\n<meta name=\"twitter:card\" content=\"summary_large_image\" \/>\n<meta name=\"twitter:label1\" content=\"\u00c9crit par\" \/>\n\t<meta name=\"twitter:data1\" content=\"admin\" \/>\n\t<meta name=\"twitter:label2\" content=\"Dur\u00e9e de lecture estim\u00e9e\" \/>\n\t<meta name=\"twitter:data2\" content=\"2 minutes\" \/>\n<script type=\"application\/ld+json\" class=\"yoast-schema-graph\">{\"@context\":\"https:\/\/schema.org\",\"@graph\":[{\"@type\":\"Article\",\"@id\":\"https:\/\/challengeseconomiques.com\/?p=8035#article\",\"isPartOf\":{\"@id\":\"https:\/\/challengeseconomiques.com\/?p=8035\"},\"author\":{\"name\":\"admin\",\"@id\":\"https:\/\/challengeseconomiques.com\/#\/schema\/person\/b4568c9afebc5a9238a771873801e349\"},\"headline\":\"Le DG de la HAW invite le corps diplomatique arabo-musulman \u00e0 appuyer la dynamisation du waqf au S\u00e9n\u00e9gal\",\"datePublished\":\"2025-04-17T14:51:48+00:00\",\"dateModified\":\"2025-04-17T14:52:25+00:00\",\"mainEntityOfPage\":{\"@id\":\"https:\/\/challengeseconomiques.com\/?p=8035\"},\"wordCount\":348,\"image\":{\"@id\":\"https:\/\/challengeseconomiques.com\/?p=8035#primaryimage\"},\"thumbnailUrl\":\"https:\/\/challengeseconomiques.com\/wp-content\/uploads\/2025\/04\/OMANHAW.jpg\",\"articleSection\":[\"A la une\",\"Actualit\u00e9 \u00e9conomique\"],\"inLanguage\":\"fr-FR\"},{\"@type\":\"WebPage\",\"@id\":\"https:\/\/challengeseconomiques.com\/?p=8035\",\"url\":\"https:\/\/challengeseconomiques.com\/?p=8035\",\"name\":\"Le DG de la HAW invite le corps diplomatique arabo-musulman \u00e0 appuyer la dynamisation du waqf au S\u00e9n\u00e9gal - challenges economiques\",\"isPartOf\":{\"@id\":\"https:\/\/challengeseconomiques.com\/#website\"},\"primaryImageOfPage\":{\"@id\":\"https:\/\/challengeseconomiques.com\/?p=8035#primaryimage\"},\"image\":{\"@id\":\"https:\/\/challengeseconomiques.com\/?p=8035#primaryimage\"},\"thumbnailUrl\":\"https:\/\/challengeseconomiques.com\/wp-content\/uploads\/2025\/04\/OMANHAW.jpg\",\"datePublished\":\"2025-04-17T14:51:48+00:00\",\"dateModified\":\"2025-04-17T14:52:25+00:00\",\"author\":{\"@id\":\"https:\/\/challengeseconomiques.com\/#\/schema\/person\/b4568c9afebc5a9238a771873801e349\"},\"breadcrumb\":{\"@id\":\"https:\/\/challengeseconomiques.com\/?p=8035#breadcrumb\"},\"inLanguage\":\"fr-FR\",\"potentialAction\":[{\"@type\":\"ReadAction\",\"target\":[\"https:\/\/challengeseconomiques.com\/?p=8035\"]}]},{\"@type\":\"ImageObject\",\"inLanguage\":\"fr-FR\",\"@id\":\"https:\/\/challengeseconomiques.com\/?p=8035#primaryimage\",\"url\":\"https:\/\/challengeseconomiques.com\/wp-content\/uploads\/2025\/04\/OMANHAW.jpg\",\"contentUrl\":\"https:\/\/challengeseconomiques.com\/wp-content\/uploads\/2025\/04\/OMANHAW.jpg\",\"width\":737,\"height\":435},{\"@type\":\"BreadcrumbList\",\"@id\":\"https:\/\/challengeseconomiques.com\/?p=8035#breadcrumb\",\"itemListElement\":[{\"@type\":\"ListItem\",\"position\":1,\"name\":\"Home\",\"item\":\"https:\/\/challengeseconomiques.com\/\"},{\"@type\":\"ListItem\",\"position\":2,\"name\":\"Le DG de la HAW invite le corps diplomatique arabo-musulman \u00e0 appuyer la dynamisation du waqf au S\u00e9n\u00e9gal\"}]},{\"@type\":\"WebSite\",\"@id\":\"https:\/\/challengeseconomiques.com\/#website\",\"url\":\"https:\/\/challengeseconomiques.com\/\",\"name\":\"challenges economiques\",\"description\":\"\",\"potentialAction\":[{\"@type\":\"SearchAction\",\"target\":{\"@type\":\"EntryPoint\",\"urlTemplate\":\"https:\/\/challengeseconomiques.com\/?s={search_term_string}\"},\"query-input\":{\"@type\":\"PropertyValueSpecification\",\"valueRequired\":true,\"valueName\":\"search_term_string\"}}],\"inLanguage\":\"fr-FR\"},{\"@type\":\"Person\",\"@id\":\"https:\/\/challengeseconomiques.com\/#\/schema\/person\/b4568c9afebc5a9238a771873801e349\",\"name\":\"admin\",\"image\":{\"@type\":\"ImageObject\",\"inLanguage\":\"fr-FR\",\"@id\":\"https:\/\/challengeseconomiques.com\/#\/schema\/person\/image\/\",\"url\":\"https:\/\/secure.gravatar.com\/avatar\/099e42240b5eea11acdb72751fcce0dd918603f0749d24974b7984ea47ed9fd9?s=96&d=mm&r=g\",\"contentUrl\":\"https:\/\/secure.gravatar.com\/avatar\/099e42240b5eea11acdb72751fcce0dd918603f0749d24974b7984ea47ed9fd9?s=96&d=mm&r=g\",\"caption\":\"admin\"},\"sameAs\":[\"https:\/\/challengeseconomiques.com\"],\"url\":\"https:\/\/challengeseconomiques.com\/?author=1\"}]}<\/script>\n<!-- \/ Yoast SEO plugin. -->","yoast_head_json":{"title":"Le DG de la HAW invite le corps diplomatique arabo-musulman \u00e0 appuyer la dynamisation du waqf au S\u00e9n\u00e9gal - challenges economiques","robots":{"index":"index","follow":"follow","max-snippet":"max-snippet:-1","max-image-preview":"max-image-preview:large","max-video-preview":"max-video-preview:-1"},"canonical":"https:\/\/challengeseconomiques.com\/?p=8035","og_locale":"fr_FR","og_type":"article","og_title":"Le DG de la HAW invite le corps diplomatique arabo-musulman \u00e0 appuyer la dynamisation du waqf au S\u00e9n\u00e9gal - challenges economiques","og_description":"Le directeur g\u00e9n\u00e9ral de la haute autorit\u00e9 du waqf (HAW), Dr Ahmed Lamine Athie a invit\u00e9 le corps diplomatique arabo-musulman \u00e0 appuyer la dynamisation du...","og_url":"https:\/\/challengeseconomiques.com\/?p=8035","og_site_name":"challenges economiques","article_published_time":"2025-04-17T14:51:48+00:00","article_modified_time":"2025-04-17T14:52:25+00:00","og_image":[{"width":737,"height":435,"url":"https:\/\/challengeseconomiques.com\/wp-content\/uploads\/2025\/04\/OMANHAW.jpg","type":"image\/jpeg"}],"author":"admin","twitter_card":"summary_large_image","twitter_misc":{"\u00c9crit par":"admin","Dur\u00e9e de lecture estim\u00e9e":"2 minutes"},"schema":{"@context":"https:\/\/schema.org","@graph":[{"@type":"Article","@id":"https:\/\/challengeseconomiques.com\/?p=8035#article","isPartOf":{"@id":"https:\/\/challengeseconomiques.com\/?p=8035"},"author":{"name":"admin","@id":"https:\/\/challengeseconomiques.com\/#\/schema\/person\/b4568c9afebc5a9238a771873801e349"},"headline":"Le DG de la HAW invite le corps diplomatique arabo-musulman \u00e0 appuyer la dynamisation du waqf au S\u00e9n\u00e9gal","datePublished":"2025-04-17T14:51:48+00:00","dateModified":"2025-04-17T14:52:25+00:00","mainEntityOfPage":{"@id":"https:\/\/challengeseconomiques.com\/?p=8035"},"wordCount":348,"image":{"@id":"https:\/\/challengeseconomiques.com\/?p=8035#primaryimage"},"thumbnailUrl":"https:\/\/challengeseconomiques.com\/wp-content\/uploads\/2025\/04\/OMANHAW.jpg","articleSection":["A la une","Actualit\u00e9 \u00e9conomique"],"inLanguage":"fr-FR"},{"@type":"WebPage","@id":"https:\/\/challengeseconomiques.com\/?p=8035","url":"https:\/\/challengeseconomiques.com\/?p=8035","name":"Le DG de la HAW invite le corps diplomatique arabo-musulman \u00e0 appuyer la dynamisation du waqf au S\u00e9n\u00e9gal - challenges economiques","isPartOf":{"@id":"https:\/\/challengeseconomiques.com\/#website"},"primaryImageOfPage":{"@id":"https:\/\/challengeseconomiques.com\/?p=8035#primaryimage"},"image":{"@id":"https:\/\/challengeseconomiques.com\/?p=8035#primaryimage"},"thumbnailUrl":"https:\/\/challengeseconomiques.com\/wp-content\/uploads\/2025\/04\/OMANHAW.jpg","datePublished":"2025-04-17T14:51:48+00:00","dateModified":"2025-04-17T14:52:25+00:00","author":{"@id":"https:\/\/challengeseconomiques.com\/#\/schema\/person\/b4568c9afebc5a9238a771873801e349"},"breadcrumb":{"@id":"https:\/\/challengeseconomiques.com\/?p=8035#breadcrumb"},"inLanguage":"fr-FR","potentialAction":[{"@type":"ReadAction","target":["https:\/\/challengeseconomiques.com\/?p=8035"]}]},{"@type":"ImageObject","inLanguage":"fr-FR","@id":"https:\/\/challengeseconomiques.com\/?p=8035#primaryimage","url":"https:\/\/challengeseconomiques.com\/wp-content\/uploads\/2025\/04\/OMANHAW.jpg","contentUrl":"https:\/\/challengeseconomiques.com\/wp-content\/uploads\/2025\/04\/OMANHAW.jpg","width":737,"height":435},{"@type":"BreadcrumbList","@id":"https:\/\/challengeseconomiques.com\/?p=8035#breadcrumb","itemListElement":[{"@type":"ListItem","position":1,"name":"Home","item":"https:\/\/challengeseconomiques.com\/"},{"@type":"ListItem","position":2,"name":"Le DG de la HAW invite le corps diplomatique arabo-musulman \u00e0 appuyer la dynamisation du waqf au S\u00e9n\u00e9gal"}]},{"@type":"WebSite","@id":"https:\/\/challengeseconomiques.com\/#website","url":"https:\/\/challengeseconomiques.com\/","name":"challenges economiques","description":"","potentialAction":[{"@type":"SearchAction","target":{"@type":"EntryPoint","urlTemplate":"https:\/\/challengeseconomiques.com\/?s={search_term_string}"},"query-input":{"@type":"PropertyValueSpecification","valueRequired":true,"valueName":"search_term_string"}}],"inLanguage":"fr-FR"},{"@type":"Person","@id":"https:\/\/challengeseconomiques.com\/#\/schema\/person\/b4568c9afebc5a9238a771873801e349","name":"admin","image":{"@type":"ImageObject","inLanguage":"fr-FR","@id":"https:\/\/challengeseconomiques.com\/#\/schema\/person\/image\/","url":"https:\/\/secure.gravatar.com\/avatar\/099e42240b5eea11acdb72751fcce0dd918603f0749d24974b7984ea47ed9fd9?s=96&d=mm&r=g","contentUrl":"https:\/\/secure.gravatar.com\/avatar\/099e42240b5eea11acdb72751fcce0dd918603f0749d24974b7984ea47ed9fd9?s=96&d=mm&r=g","caption":"admin"},"sameAs":["https:\/\/challengeseconomiques.com"],"url":"https:\/\/challengeseconomiques.com\/?author=1"}]}},"jetpack_featured_media_url":"https:\/\/challengeseconomiques.com\/wp-content\/uploads\/2025\/04\/OMANHAW.jpg","jetpack_sharing_enabled":true,"_links":{"self":[{"href":"https:\/\/challengeseconomiques.com\/index.php?rest_route=\/wp\/v2\/posts\/8035","targetHints":{"allow":["GET"]}}],"collection":[{"href":"https:\/\/challengeseconomiques.com\/index.php?rest_route=\/wp\/v2\/posts"}],"about":[{"href":"https:\/\/challengeseconomiques.com\/index.php?rest_route=\/wp\/v2\/types\/post"}],"author":[{"embeddable":true,"href":"https:\/\/challengeseconomiques.com\/index.php?rest_route=\/wp\/v2\/users\/1"}],"replies":[{"embeddable":true,"href":"https:\/\/challengeseconomiques.com\/index.php?rest_route=%2Fwp%2Fv2%2Fcomments&post=8035"}],"version-history":[{"count":1,"href":"https:\/\/challengeseconomiques.com\/index.php?rest_route=\/wp\/v2\/posts\/8035\/revisions"}],"predecessor-version":[{"id":8037,"href":"https:\/\/challengeseconomiques.com\/index.php?rest_route=\/wp\/v2\/posts\/8035\/revisions\/8037"}],"wp:featuredmedia":[{"embeddable":true,"href":"https:\/\/challengeseconomiques.com\/index.php?rest_route=\/wp\/v2\/media\/8036"}],"wp:attachment":[{"href":"https:\/\/challengeseconomiques.com\/index.php?rest_route=%2Fwp%2Fv2%2Fmedia&parent=8035"}],"wp:term":[{"taxonomy":"category","embeddable":true,"href":"https:\/\/challengeseconomiques.com\/index.php?rest_route=%2Fwp%2Fv2%2Fcategories&post=8035"},{"taxonomy":"post_tag","embeddable":true,"href":"https:\/\/challengeseconomiques.com\/index.php?rest_route=%2Fwp%2Fv2%2Ftags&post=8035"}],"curies":[{"name":"wp","href":"https:\/\/api.w.org\/{rel}","templated":true}]}}