{"id":8033,"date":"2025-04-17T12:51:53","date_gmt":"2025-04-17T12:51:53","guid":{"rendered":"https:\/\/challengeseconomiques.com\/?p=8033"},"modified":"2025-04-17T12:14:45","modified_gmt":"2025-04-17T12:14:45","slug":"bp-declare-avoir-acheve-le-chargement-de-sa-premiere-cargaison-de-gaz-a-la-frontiere-senegalo-mauritanienne","status":"publish","type":"post","link":"https:\/\/challengeseconomiques.com\/?p=8033","title":{"rendered":"BP d\u00e9clare avoir achev\u00e9 le chargement de sa premi\u00e8re cargaison de gaz \u00e0 la fronti\u00e8re s\u00e9n\u00e9galo-mauritanienne"},"content":{"rendered":"<p>La compagnie p\u00e9troli\u00e8re BP annonce avoir achev\u00e9 le chargement de la premi\u00e8re cargaison de gaz naturel liqu\u00e9fi\u00e9 (GNL) de Grand Tortue Ahmeyim, le champ qu\u2019elle exploite sur la fronti\u00e8re maritime s\u00e9n\u00e9galo-mauritanienne.<\/p>\n<p>Elle affirme dans un communiqu\u00e9 parvenu \u00e0 l\u2019APS, jeudi 17 avril, avoir \u201ccharg\u00e9 en toute s\u00e9curit\u00e9 la premi\u00e8re cargaison de GNL de la phase 1 du projet Grand Tortue Ahmeyim\u201d.<\/p>\n<p>\u201cCette premi\u00e8re cargaison confirmera la Mauritanie et le S\u00e9n\u00e9gal comme nations exportatrices de GNL\u201d, souligne la compagnie p\u00e9troli\u00e8re.<\/p>\n<p>BP signale que cette op\u00e9ration men\u00e9e \u00e0 GTA \u201crepr\u00e9sente [son] troisi\u00e8me lancement de projet majeur [\u2026] en 2025\u201d.<\/p>\n<p>\u201cCette premi\u00e8re cargaison en provenance de la Mauritanie et du S\u00e9n\u00e9gal marque un nouvel approvisionnement significatif pour les march\u00e9s \u00e9nerg\u00e9tiques mondiaux\u201d, d\u00e9clare l\u2019entreprise p\u00e9troli\u00e8re et gazi\u00e8re.<\/p>\n<p>\u201cC\u2019est l\u2019aboutissement de plusieurs ann\u00e9es de travail de l\u2019ensemble des \u00e9quipes projet et op\u00e9rations. F\u00e9licitations \u00e0 tous ceux qui ont permis de franchir cette \u00e9tape majeure en toute s\u00e9curit\u00e9 ! Je tiens \u00e9galement \u00e0 remercier les gouvernements de la Mauritanie et du S\u00e9n\u00e9gal, ainsi que nos partenaires, Kosmos Energy, PETROSEN et SMH, pour leur [\u2026] collaboration\u201d, rapporte le communiqu\u00e9 en citant Gordon Birrell, le vice-pr\u00e9sident ex\u00e9cutif charg\u00e9 de la production et des op\u00e9rations de la compagnie p\u00e9troli\u00e8re.<\/p>\n<p>BP ajoute que la premi\u00e8re cargaison de GNL a \u00e9t\u00e9 transf\u00e9r\u00e9e \u00e0 un transporteur, \u00e0 partir du navire flottant de gaz naturel liqu\u00e9fi\u00e9 de GTA, o\u00f9 le gaz naturel avait \u00e9t\u00e9 refroidi par cryog\u00e9nie, liqu\u00e9fi\u00e9 et stock\u00e9.<\/p>\n<p>La compagnie p\u00e9troli\u00e8re rappelle que Grand Tortue Ahmeyim est un \u201cprojet d\u2019importance nationale strat\u00e9gique\u201d pour les gouvernements mauritanien et s\u00e9n\u00e9galais.<\/p>\n<p>La phase 1 de GTA devrait produire environ 2,4 millions de tonnes de GNL par an pour r\u00e9pondre aux besoins \u00e9nerg\u00e9tiques mondiaux, avec une allocation de volumes de gaz qui sera \u00e9galement mise \u00e0 la disposition des march\u00e9s nationaux de la Mauritanie et du S\u00e9n\u00e9gal.<\/p>\n<p>&nbsp;<\/p>\n<p>\u201cC\u2019est un moment de grande fiert\u00e9 pour la Mauritanie et le S\u00e9n\u00e9gal. Tout au long du d\u00e9veloppement de ce projet, nous avons \u00e9tabli des relations solides avec les gouvernements h\u00f4tes, les communaut\u00e9s locales et nos partenaires, et nous nous r\u00e9jouissons de les renforcer dans les ann\u00e9es \u00e0 venir tandis que nous poursuivons nos op\u00e9rations\u201d, ajoute le communiqu\u00e9 en citant Dave Campbell, le vice-pr\u00e9sident senior de BP pour la Mauritanie et le S\u00e9n\u00e9gal.<\/p>\n<p>La compagnie p\u00e9troli\u00e8re rappelle qu\u2019elle est arriv\u00e9e en Mauritanie et au S\u00e9n\u00e9gal en 2017.<\/p>\n<p><strong>(APS)<\/strong><\/p>\n","protected":false},"excerpt":{"rendered":"<p>La compagnie p\u00e9troli\u00e8re BP annonce avoir achev\u00e9 le chargement de la premi\u00e8re cargaison de gaz naturel liqu\u00e9fi\u00e9 (GNL) de Grand Tortue Ahmeyim, le champ qu\u2019elle&#8230;<\/p>\n","protected":false},"author":1,"featured_media":6378,"comment_status":"closed","ping_status":"open","sticky":false,"template":"","format":"standard","meta":{"_jetpack_memberships_contains_paid_content":false,"footnotes":""},"categories":[23,8],"tags":[],"class_list":["post-8033","post","type-post","status-publish","format-standard","has-post-thumbnail","hentry","category-a-la-une","category-actualite-economique","wpcat-23-id","wpcat-8-id"],"yoast_head":"<!-- This site is optimized with the Yoast SEO plugin v27.1.1 - https:\/\/yoast.com\/product\/yoast-seo-wordpress\/ -->\n<title>BP d\u00e9clare avoir achev\u00e9 le chargement de sa premi\u00e8re cargaison de gaz \u00e0 la fronti\u00e8re s\u00e9n\u00e9galo-mauritanienne - challenges economiques<\/title>\n<meta name=\"robots\" content=\"index, follow, max-snippet:-1, max-image-preview:large, max-video-preview:-1\" \/>\n<link rel=\"canonical\" href=\"https:\/\/challengeseconomiques.com\/?p=8033\" \/>\n<meta property=\"og:locale\" content=\"fr_FR\" \/>\n<meta property=\"og:type\" content=\"article\" \/>\n<meta property=\"og:title\" content=\"BP d\u00e9clare avoir achev\u00e9 le chargement de sa premi\u00e8re cargaison de gaz \u00e0 la fronti\u00e8re s\u00e9n\u00e9galo-mauritanienne - challenges economiques\" \/>\n<meta property=\"og:description\" content=\"La compagnie p\u00e9troli\u00e8re BP annonce avoir achev\u00e9 le chargement de la premi\u00e8re cargaison de gaz naturel liqu\u00e9fi\u00e9 (GNL) de Grand Tortue Ahmeyim, le champ qu\u2019elle...\" \/>\n<meta property=\"og:url\" content=\"https:\/\/challengeseconomiques.com\/?p=8033\" \/>\n<meta property=\"og:site_name\" content=\"challenges economiques\" \/>\n<meta property=\"article:published_time\" content=\"2025-04-17T12:51:53+00:00\" \/>\n<meta property=\"og:image\" content=\"https:\/\/challengeseconomiques.com\/wp-content\/uploads\/2024\/05\/fpso.jpg\" \/>\n\t<meta property=\"og:image:width\" content=\"1040\" \/>\n\t<meta property=\"og:image:height\" content=\"780\" \/>\n\t<meta property=\"og:image:type\" content=\"image\/jpeg\" \/>\n<meta name=\"author\" content=\"admin\" \/>\n<meta name=\"twitter:card\" content=\"summary_large_image\" \/>\n<meta name=\"twitter:label1\" content=\"\u00c9crit par\" \/>\n\t<meta name=\"twitter:data1\" content=\"admin\" \/>\n\t<meta name=\"twitter:label2\" content=\"Dur\u00e9e de lecture estim\u00e9e\" \/>\n\t<meta name=\"twitter:data2\" content=\"2 minutes\" \/>\n<script type=\"application\/ld+json\" class=\"yoast-schema-graph\">{\"@context\":\"https:\/\/schema.org\",\"@graph\":[{\"@type\":\"Article\",\"@id\":\"https:\/\/challengeseconomiques.com\/?p=8033#article\",\"isPartOf\":{\"@id\":\"https:\/\/challengeseconomiques.com\/?p=8033\"},\"author\":{\"name\":\"admin\",\"@id\":\"https:\/\/challengeseconomiques.com\/#\/schema\/person\/b4568c9afebc5a9238a771873801e349\"},\"headline\":\"BP d\u00e9clare avoir achev\u00e9 le chargement de sa premi\u00e8re cargaison de gaz \u00e0 la fronti\u00e8re s\u00e9n\u00e9galo-mauritanienne\",\"datePublished\":\"2025-04-17T12:51:53+00:00\",\"mainEntityOfPage\":{\"@id\":\"https:\/\/challengeseconomiques.com\/?p=8033\"},\"wordCount\":472,\"image\":{\"@id\":\"https:\/\/challengeseconomiques.com\/?p=8033#primaryimage\"},\"thumbnailUrl\":\"https:\/\/challengeseconomiques.com\/wp-content\/uploads\/2024\/05\/fpso.jpg\",\"articleSection\":[\"A la une\",\"Actualit\u00e9 \u00e9conomique\"],\"inLanguage\":\"fr-FR\"},{\"@type\":\"WebPage\",\"@id\":\"https:\/\/challengeseconomiques.com\/?p=8033\",\"url\":\"https:\/\/challengeseconomiques.com\/?p=8033\",\"name\":\"BP d\u00e9clare avoir achev\u00e9 le chargement de sa premi\u00e8re cargaison de gaz \u00e0 la fronti\u00e8re s\u00e9n\u00e9galo-mauritanienne - challenges economiques\",\"isPartOf\":{\"@id\":\"https:\/\/challengeseconomiques.com\/#website\"},\"primaryImageOfPage\":{\"@id\":\"https:\/\/challengeseconomiques.com\/?p=8033#primaryimage\"},\"image\":{\"@id\":\"https:\/\/challengeseconomiques.com\/?p=8033#primaryimage\"},\"thumbnailUrl\":\"https:\/\/challengeseconomiques.com\/wp-content\/uploads\/2024\/05\/fpso.jpg\",\"datePublished\":\"2025-04-17T12:51:53+00:00\",\"author\":{\"@id\":\"https:\/\/challengeseconomiques.com\/#\/schema\/person\/b4568c9afebc5a9238a771873801e349\"},\"breadcrumb\":{\"@id\":\"https:\/\/challengeseconomiques.com\/?p=8033#breadcrumb\"},\"inLanguage\":\"fr-FR\",\"potentialAction\":[{\"@type\":\"ReadAction\",\"target\":[\"https:\/\/challengeseconomiques.com\/?p=8033\"]}]},{\"@type\":\"ImageObject\",\"inLanguage\":\"fr-FR\",\"@id\":\"https:\/\/challengeseconomiques.com\/?p=8033#primaryimage\",\"url\":\"https:\/\/challengeseconomiques.com\/wp-content\/uploads\/2024\/05\/fpso.jpg\",\"contentUrl\":\"https:\/\/challengeseconomiques.com\/wp-content\/uploads\/2024\/05\/fpso.jpg\",\"width\":1040,\"height\":780},{\"@type\":\"BreadcrumbList\",\"@id\":\"https:\/\/challengeseconomiques.com\/?p=8033#breadcrumb\",\"itemListElement\":[{\"@type\":\"ListItem\",\"position\":1,\"name\":\"Home\",\"item\":\"https:\/\/challengeseconomiques.com\/\"},{\"@type\":\"ListItem\",\"position\":2,\"name\":\"BP d\u00e9clare avoir achev\u00e9 le chargement de sa premi\u00e8re cargaison de gaz \u00e0 la fronti\u00e8re s\u00e9n\u00e9galo-mauritanienne\"}]},{\"@type\":\"WebSite\",\"@id\":\"https:\/\/challengeseconomiques.com\/#website\",\"url\":\"https:\/\/challengeseconomiques.com\/\",\"name\":\"challenges economiques\",\"description\":\"\",\"potentialAction\":[{\"@type\":\"SearchAction\",\"target\":{\"@type\":\"EntryPoint\",\"urlTemplate\":\"https:\/\/challengeseconomiques.com\/?s={search_term_string}\"},\"query-input\":{\"@type\":\"PropertyValueSpecification\",\"valueRequired\":true,\"valueName\":\"search_term_string\"}}],\"inLanguage\":\"fr-FR\"},{\"@type\":\"Person\",\"@id\":\"https:\/\/challengeseconomiques.com\/#\/schema\/person\/b4568c9afebc5a9238a771873801e349\",\"name\":\"admin\",\"image\":{\"@type\":\"ImageObject\",\"inLanguage\":\"fr-FR\",\"@id\":\"https:\/\/challengeseconomiques.com\/#\/schema\/person\/image\/\",\"url\":\"https:\/\/secure.gravatar.com\/avatar\/099e42240b5eea11acdb72751fcce0dd918603f0749d24974b7984ea47ed9fd9?s=96&d=mm&r=g\",\"contentUrl\":\"https:\/\/secure.gravatar.com\/avatar\/099e42240b5eea11acdb72751fcce0dd918603f0749d24974b7984ea47ed9fd9?s=96&d=mm&r=g\",\"caption\":\"admin\"},\"sameAs\":[\"https:\/\/challengeseconomiques.com\"],\"url\":\"https:\/\/challengeseconomiques.com\/?author=1\"}]}<\/script>\n<!-- \/ Yoast SEO plugin. -->","yoast_head_json":{"title":"BP d\u00e9clare avoir achev\u00e9 le chargement de sa premi\u00e8re cargaison de gaz \u00e0 la fronti\u00e8re s\u00e9n\u00e9galo-mauritanienne - challenges economiques","robots":{"index":"index","follow":"follow","max-snippet":"max-snippet:-1","max-image-preview":"max-image-preview:large","max-video-preview":"max-video-preview:-1"},"canonical":"https:\/\/challengeseconomiques.com\/?p=8033","og_locale":"fr_FR","og_type":"article","og_title":"BP d\u00e9clare avoir achev\u00e9 le chargement de sa premi\u00e8re cargaison de gaz \u00e0 la fronti\u00e8re s\u00e9n\u00e9galo-mauritanienne - challenges economiques","og_description":"La compagnie p\u00e9troli\u00e8re BP annonce avoir achev\u00e9 le chargement de la premi\u00e8re cargaison de gaz naturel liqu\u00e9fi\u00e9 (GNL) de Grand Tortue Ahmeyim, le champ qu\u2019elle...","og_url":"https:\/\/challengeseconomiques.com\/?p=8033","og_site_name":"challenges economiques","article_published_time":"2025-04-17T12:51:53+00:00","og_image":[{"width":1040,"height":780,"url":"https:\/\/challengeseconomiques.com\/wp-content\/uploads\/2024\/05\/fpso.jpg","type":"image\/jpeg"}],"author":"admin","twitter_card":"summary_large_image","twitter_misc":{"\u00c9crit par":"admin","Dur\u00e9e de lecture estim\u00e9e":"2 minutes"},"schema":{"@context":"https:\/\/schema.org","@graph":[{"@type":"Article","@id":"https:\/\/challengeseconomiques.com\/?p=8033#article","isPartOf":{"@id":"https:\/\/challengeseconomiques.com\/?p=8033"},"author":{"name":"admin","@id":"https:\/\/challengeseconomiques.com\/#\/schema\/person\/b4568c9afebc5a9238a771873801e349"},"headline":"BP d\u00e9clare avoir achev\u00e9 le chargement de sa premi\u00e8re cargaison de gaz \u00e0 la fronti\u00e8re s\u00e9n\u00e9galo-mauritanienne","datePublished":"2025-04-17T12:51:53+00:00","mainEntityOfPage":{"@id":"https:\/\/challengeseconomiques.com\/?p=8033"},"wordCount":472,"image":{"@id":"https:\/\/challengeseconomiques.com\/?p=8033#primaryimage"},"thumbnailUrl":"https:\/\/challengeseconomiques.com\/wp-content\/uploads\/2024\/05\/fpso.jpg","articleSection":["A la une","Actualit\u00e9 \u00e9conomique"],"inLanguage":"fr-FR"},{"@type":"WebPage","@id":"https:\/\/challengeseconomiques.com\/?p=8033","url":"https:\/\/challengeseconomiques.com\/?p=8033","name":"BP d\u00e9clare avoir achev\u00e9 le chargement de sa premi\u00e8re cargaison de gaz \u00e0 la fronti\u00e8re s\u00e9n\u00e9galo-mauritanienne - challenges economiques","isPartOf":{"@id":"https:\/\/challengeseconomiques.com\/#website"},"primaryImageOfPage":{"@id":"https:\/\/challengeseconomiques.com\/?p=8033#primaryimage"},"image":{"@id":"https:\/\/challengeseconomiques.com\/?p=8033#primaryimage"},"thumbnailUrl":"https:\/\/challengeseconomiques.com\/wp-content\/uploads\/2024\/05\/fpso.jpg","datePublished":"2025-04-17T12:51:53+00:00","author":{"@id":"https:\/\/challengeseconomiques.com\/#\/schema\/person\/b4568c9afebc5a9238a771873801e349"},"breadcrumb":{"@id":"https:\/\/challengeseconomiques.com\/?p=8033#breadcrumb"},"inLanguage":"fr-FR","potentialAction":[{"@type":"ReadAction","target":["https:\/\/challengeseconomiques.com\/?p=8033"]}]},{"@type":"ImageObject","inLanguage":"fr-FR","@id":"https:\/\/challengeseconomiques.com\/?p=8033#primaryimage","url":"https:\/\/challengeseconomiques.com\/wp-content\/uploads\/2024\/05\/fpso.jpg","contentUrl":"https:\/\/challengeseconomiques.com\/wp-content\/uploads\/2024\/05\/fpso.jpg","width":1040,"height":780},{"@type":"BreadcrumbList","@id":"https:\/\/challengeseconomiques.com\/?p=8033#breadcrumb","itemListElement":[{"@type":"ListItem","position":1,"name":"Home","item":"https:\/\/challengeseconomiques.com\/"},{"@type":"ListItem","position":2,"name":"BP d\u00e9clare avoir achev\u00e9 le chargement de sa premi\u00e8re cargaison de gaz \u00e0 la fronti\u00e8re s\u00e9n\u00e9galo-mauritanienne"}]},{"@type":"WebSite","@id":"https:\/\/challengeseconomiques.com\/#website","url":"https:\/\/challengeseconomiques.com\/","name":"challenges economiques","description":"","potentialAction":[{"@type":"SearchAction","target":{"@type":"EntryPoint","urlTemplate":"https:\/\/challengeseconomiques.com\/?s={search_term_string}"},"query-input":{"@type":"PropertyValueSpecification","valueRequired":true,"valueName":"search_term_string"}}],"inLanguage":"fr-FR"},{"@type":"Person","@id":"https:\/\/challengeseconomiques.com\/#\/schema\/person\/b4568c9afebc5a9238a771873801e349","name":"admin","image":{"@type":"ImageObject","inLanguage":"fr-FR","@id":"https:\/\/challengeseconomiques.com\/#\/schema\/person\/image\/","url":"https:\/\/secure.gravatar.com\/avatar\/099e42240b5eea11acdb72751fcce0dd918603f0749d24974b7984ea47ed9fd9?s=96&d=mm&r=g","contentUrl":"https:\/\/secure.gravatar.com\/avatar\/099e42240b5eea11acdb72751fcce0dd918603f0749d24974b7984ea47ed9fd9?s=96&d=mm&r=g","caption":"admin"},"sameAs":["https:\/\/challengeseconomiques.com"],"url":"https:\/\/challengeseconomiques.com\/?author=1"}]}},"jetpack_featured_media_url":"https:\/\/challengeseconomiques.com\/wp-content\/uploads\/2024\/05\/fpso.jpg","jetpack_sharing_enabled":true,"_links":{"self":[{"href":"https:\/\/challengeseconomiques.com\/index.php?rest_route=\/wp\/v2\/posts\/8033","targetHints":{"allow":["GET"]}}],"collection":[{"href":"https:\/\/challengeseconomiques.com\/index.php?rest_route=\/wp\/v2\/posts"}],"about":[{"href":"https:\/\/challengeseconomiques.com\/index.php?rest_route=\/wp\/v2\/types\/post"}],"author":[{"embeddable":true,"href":"https:\/\/challengeseconomiques.com\/index.php?rest_route=\/wp\/v2\/users\/1"}],"replies":[{"embeddable":true,"href":"https:\/\/challengeseconomiques.com\/index.php?rest_route=%2Fwp%2Fv2%2Fcomments&post=8033"}],"version-history":[{"count":1,"href":"https:\/\/challengeseconomiques.com\/index.php?rest_route=\/wp\/v2\/posts\/8033\/revisions"}],"predecessor-version":[{"id":8034,"href":"https:\/\/challengeseconomiques.com\/index.php?rest_route=\/wp\/v2\/posts\/8033\/revisions\/8034"}],"wp:featuredmedia":[{"embeddable":true,"href":"https:\/\/challengeseconomiques.com\/index.php?rest_route=\/wp\/v2\/media\/6378"}],"wp:attachment":[{"href":"https:\/\/challengeseconomiques.com\/index.php?rest_route=%2Fwp%2Fv2%2Fmedia&parent=8033"}],"wp:term":[{"taxonomy":"category","embeddable":true,"href":"https:\/\/challengeseconomiques.com\/index.php?rest_route=%2Fwp%2Fv2%2Fcategories&post=8033"},{"taxonomy":"post_tag","embeddable":true,"href":"https:\/\/challengeseconomiques.com\/index.php?rest_route=%2Fwp%2Fv2%2Ftags&post=8033"}],"curies":[{"name":"wp","href":"https:\/\/api.w.org\/{rel}","templated":true}]}}