{"id":7917,"date":"2025-03-18T13:45:53","date_gmt":"2025-03-18T13:45:53","guid":{"rendered":"https:\/\/challengeseconomiques.com\/?p=7917"},"modified":"2025-03-18T13:46:22","modified_gmt":"2025-03-18T13:46:22","slug":"integration-economique-volonte-commune-entre-la-cciad-et-le-task-force-de-la-cedeao","status":"publish","type":"post","link":"https:\/\/challengeseconomiques.com\/?p=7917","title":{"rendered":"Int\u00e9gration \u00e9conomique : Volont\u00e9 commune entre la CCIAD et le task force de la CEDEAO"},"content":{"rendered":"<p><strong>La Chambre de Commerce, d\u2019Industrie et d\u2019Agriculture de Dakar (CCIAD) a tenu une s\u00e9ance de travail avec la Task force sur le sch\u00e9ma de lib\u00e9ralisation des \u00e9changes de la Communaut\u00e9 \u00c9conomique Des \u00c9tats de l\u2019Afrique de l\u2019Ouest (CEDEAO). Les discussions ont port\u00e9 sur l\u2019\u00e9tat de la mise en \u0153uvre des recommandations au S\u00e9n\u00e9gal. Le Transit Routier Inter-Etats (TRIE) a \u00e9galement \u00e9t\u00e9 \u00e9voqu\u00e9 avec la d\u00e9l\u00e9gation dirig\u00e9e par Dr Mohamed Ibn CHAMBAS. La rencontre a eu lieu en pr\u00e9sence de repr\u00e9sentants du Minist\u00e8re de l\u2019Int\u00e9gration\u00a0 Africaine et du Port Autonome de Dakar. <\/strong><\/p>\n<p>Le pr\u00e9sident de la CCIAD, Abdoulaye Sow a soulign\u00e9 l\u2019importance du TRIE pour r\u00e9duire les d\u00e9lais de transit, limiter les co\u00fbts logistiques et faciliter la circulation des biens et services. Il a mis le curseur sur l\u2019importance de simplifier et d\u2019harmoniser les proc\u00e9dures.<\/p>\n<p>Ainsi, la CCIAD a \u00e9t\u00e9 d\u00e9sign\u00e9e Caution Nationale par d\u00e9cret n\u00b0 97-907 du 22 Ao\u00fbt 1997 instituant un Fonds de Garantie et dont l\u2019arr\u00eat\u00e9 interminist\u00e9riel n\u00b0 1475 du 25 F\u00e9vrier 1998 en fixe les modalit\u00e9s d\u2019application. Cette mesure conf\u00e8re \u00e0 l\u2019Institution Consulaire, le statut d\u2019administrateur du Fonds de Garantie du Transit Routier Inter-Etats sous la supervision d\u2019un Comit\u00e9 de Gestion pr\u00e9sid\u00e9 par le Ministre en charge des Finances.<\/p>\n<p><strong>Prosp\u00e9rit\u00e9 du peuple<\/strong><\/p>\n<p>De ce fait, une s\u00e9rie d\u2019actions a \u00e9t\u00e9 men\u00e9e et des mesures prises. Les Premiers Ministres du S\u00e9n\u00e9gal et du Mali ont d\u00e9cid\u00e9 d\u2019appliquer le TRIE \u00e0 partir du 1er juillet 2011. Si au Mali, l\u2019utilisation du TRIE est rendue obligatoire, au S\u00e9n\u00e9gal le TRIE est optionnel, faisant ainsi de la S110 le seul r\u00e9gime utilis\u00e9 au d\u00e9part du port de Dakar.<\/p>\n<p>Suite \u00e0 la r\u00e9union de la soixanti\u00e8me Session Ordinaire de la Conf\u00e9rence des Chefs d\u2019Etat et de Gouvernement de la CEDEAO qui s\u2019est tenue le 12 D\u00e9cembre 2021, \u00e0 Abuja, la Convention TRIE\/CEDEAO 82, instituant le TRIE et la Convention Additionnelle 90 relative \u00e0 sa garantie ont \u00e9t\u00e9 abrog\u00e9es et remplac\u00e9es par l\u2019Acte Additionnel A\/SA.2\/12\/21 relatif au Transit Communautaire de la CEDEAO et le r\u00e8glement 13 portant modalit\u00e9s de garantie du transit.<\/p>\n<p>M. Sow informe que depuis cette mesure communautaire, des blocages des marchandises en transit sous le r\u00e9gime TRIE au niveau du Bureau de Douanes du Port de Dakar ont \u00e9t\u00e9 constat\u00e9s, entrainant l\u2019arr\u00eat temporaire du Bureau de la CCIAD ouvert \u00e0 Kidira.<\/p>\n<p>Le constat, d\u2019apr\u00e8s lui, est le d\u00e9laissement du TRIE par les douanes. Il note que le nouveau dispositif pr\u00e9voit dans ses dispositions transitoires des conditions en attendant sa mise en \u0153uvre.<\/p>\n<p>Selon le pr\u00e9sident de la CCIAD, les obstacles ont des cons\u00e9quences \u00e9conomiques directes telles que l\u2019augmentation des co\u00fbts d\u2019acheminement, les pertes financi\u00e8res pour nos entreprises, la diminution de la comp\u00e9titivit\u00e9 de notre r\u00e9gion et le ralentissement de l\u2019int\u00e9gration \u00e9conomique sous-r\u00e9gionale.<\/p>\n<p>Le pr\u00e9sident de la CCIAD recommande la collaboration des pouvoirs publics, des institutions r\u00e9gionales et des acteurs du secteur priv\u00e9 pour trouver des solutions durables \u00e0 ces d\u00e9fis. Il est convaincu que l\u2019avenir de notre \u00e9conomie repose sur notre capacit\u00e9 \u00e0 faciliter les \u00e9changes et \u00e0 b\u00e2tir un cadre propice aux affaires. Ainsi, il rel\u00e8ve la responsabilit\u00e9 collective d\u2019assurer un transit routier efficace, s\u00e9curis\u00e9 et comp\u00e9titif au b\u00e9n\u00e9fice de tous.<\/p>\n<p>Pour sa part, le pr\u00e9sident de la task force, Dr. Mohamed Ibn CHAMBAS a fait savoir que sa d\u00e9l\u00e9gation revient d\u2019une mission sur le corridor Banjul-Dakar. Il trouve qu\u2019eu \u00e9gard aux liens \u00e9troits entre leurs peuples, le S\u00e9n\u00e9gal et la Gambie\u00a0 doivent servir d\u2019exemple d\u2019int\u00e9gration \u00e9conomique aux autres pays de la CEDEAO. Dr. CHAMBAS est pour l\u2019am\u00e9lioration des \u00e9changes \u00e9conomiques et commerciales entre les deux pays. Il consid\u00e8re le S\u00e9n\u00e9gal comme un carrefour comme l\u2019attestent ses relations avec la R\u00e9publique de Guin\u00e9e, la Guin\u00e9e-Bissau et le Mali. En cette ann\u00e9e marquant la c\u00e9l\u00e9bration du 50\u00e8me anniversaire de la CEDEAO, le pr\u00e9sident de la task force est pour la concr\u00e9tisation de la volont\u00e9 des p\u00e8res fondateurs. Le moyen d\u2019y parvenir, d\u2019apr\u00e8s lui, est de relever les d\u00e9fis pour la prosp\u00e9rit\u00e9 du peuple ouest-africain.<\/p>\n<p><strong>Diversifier l\u2019offre de transport<\/strong><\/p>\n<p>De son c\u00f4t\u00e9, le secr\u00e9taire g\u00e9n\u00e9ral de la CCIAD, Dr. Mbaye Chim\u00e8re Ndiaye a indiqu\u00e9 que le commerce interr\u00e9gionale souffre du probl\u00e8me de production et de la persistance des tracasseries constituant des barri\u00e8res non-tarifaires. En d\u00e9pit de la pertinence des m\u00e9canismes en place, leur mise en \u0153uvre pose probl\u00e8me, poursuit-il. Dr. Ndiaye propose de faire le suivi des directives r\u00e9gionales en appliquant des mesures coercitives. Il recommande la cr\u00e9ation d\u2019un organe de r\u00e9gulation en charge du suivi.<\/p>\n<p>Dans le m\u00eame ordre d\u2019id\u00e9es, le conseiller sp\u00e9cial du pr\u00e9sident de la CCIAD, Amath Beno\u00eet Gaye insiste sur la n\u00e9cessit\u00e9\u00a0 d\u2019\u00e9valuer les m\u00e9canismes. Il pointe du doigt le r\u00f4le central des Douanes pour l\u2019application des mesures. Cela doit \u00eatre port\u00e9 par une volont\u00e9 politique, d\u2019apr\u00e8s lui.<\/p>\n<p>Pour le chef du D\u00e9partement Promotion et D\u00e9veloppement des Entreprises \u00e0 l\u2019International (DPDEI), Khadidiatou Ndiaye Dia a mis en avant la pertinence de baser les \u00e9changes sous-r\u00e9gionaux sur les avantages comparatifs.<\/p>\n<p>Dans le m\u00eame sillage, le conseiller sp\u00e9cial du pr\u00e9sident de la CCIAD, Moustapha K\u00e2 a soulign\u00e9 l\u2019importance de r\u00e9gler les probl\u00e8mes structurels. D\u2019apr\u00e8s lui, la CEDEAO doit soutenir les projets\u00a0 ferroviaires et maritimes pour une diversification de l\u2019offre de transport des marchandises.<\/p>\n<p><strong>(BIE)<br \/>\n<\/strong><\/p>\n","protected":false},"excerpt":{"rendered":"<p>La Chambre de Commerce, d\u2019Industrie et d\u2019Agriculture de Dakar (CCIAD) a tenu une s\u00e9ance de travail avec la Task force sur le sch\u00e9ma de lib\u00e9ralisation&#8230;<\/p>\n","protected":false},"author":1,"featured_media":7918,"comment_status":"closed","ping_status":"open","sticky":false,"template":"","format":"standard","meta":{"_jetpack_memberships_contains_paid_content":false,"footnotes":""},"categories":[8,10],"tags":[],"class_list":["post-7917","post","type-post","status-publish","format-standard","has-post-thumbnail","hentry","category-actualite-economique","category-infos-eco","wpcat-8-id","wpcat-10-id"],"yoast_head":"<!-- This site is optimized with the Yoast SEO plugin v27.1.1 - https:\/\/yoast.com\/product\/yoast-seo-wordpress\/ -->\n<title>Int\u00e9gration \u00e9conomique : Volont\u00e9 commune entre la CCIAD et le task force de la CEDEAO - challenges economiques<\/title>\n<meta name=\"robots\" content=\"index, follow, max-snippet:-1, max-image-preview:large, max-video-preview:-1\" \/>\n<link rel=\"canonical\" href=\"https:\/\/challengeseconomiques.com\/?p=7917\" \/>\n<meta property=\"og:locale\" content=\"fr_FR\" \/>\n<meta property=\"og:type\" content=\"article\" \/>\n<meta property=\"og:title\" content=\"Int\u00e9gration \u00e9conomique : Volont\u00e9 commune entre la CCIAD et le task force de la CEDEAO - challenges economiques\" \/>\n<meta property=\"og:description\" content=\"La Chambre de Commerce, d\u2019Industrie et d\u2019Agriculture de Dakar (CCIAD) a tenu une s\u00e9ance de travail avec la Task force sur le sch\u00e9ma de lib\u00e9ralisation...\" \/>\n<meta property=\"og:url\" content=\"https:\/\/challengeseconomiques.com\/?p=7917\" \/>\n<meta property=\"og:site_name\" content=\"challenges economiques\" \/>\n<meta property=\"article:published_time\" content=\"2025-03-18T13:45:53+00:00\" \/>\n<meta property=\"article:modified_time\" content=\"2025-03-18T13:46:22+00:00\" \/>\n<meta property=\"og:image\" content=\"https:\/\/challengeseconomiques.com\/wp-content\/uploads\/2025\/03\/Rencontre_CCIAD_CEDEAO_1.jpeg\" \/>\n\t<meta property=\"og:image:width\" content=\"1600\" \/>\n\t<meta property=\"og:image:height\" content=\"1067\" \/>\n\t<meta property=\"og:image:type\" content=\"image\/jpeg\" \/>\n<meta name=\"author\" content=\"admin\" \/>\n<meta name=\"twitter:card\" content=\"summary_large_image\" \/>\n<meta name=\"twitter:label1\" content=\"\u00c9crit par\" \/>\n\t<meta name=\"twitter:data1\" content=\"admin\" \/>\n\t<meta name=\"twitter:label2\" content=\"Dur\u00e9e de lecture estim\u00e9e\" \/>\n\t<meta name=\"twitter:data2\" content=\"5 minutes\" \/>\n<script type=\"application\/ld+json\" class=\"yoast-schema-graph\">{\"@context\":\"https:\/\/schema.org\",\"@graph\":[{\"@type\":\"Article\",\"@id\":\"https:\/\/challengeseconomiques.com\/?p=7917#article\",\"isPartOf\":{\"@id\":\"https:\/\/challengeseconomiques.com\/?p=7917\"},\"author\":{\"name\":\"admin\",\"@id\":\"https:\/\/challengeseconomiques.com\/#\/schema\/person\/b4568c9afebc5a9238a771873801e349\"},\"headline\":\"Int\u00e9gration \u00e9conomique : Volont\u00e9 commune entre la CCIAD et le task force de la CEDEAO\",\"datePublished\":\"2025-03-18T13:45:53+00:00\",\"dateModified\":\"2025-03-18T13:46:22+00:00\",\"mainEntityOfPage\":{\"@id\":\"https:\/\/challengeseconomiques.com\/?p=7917\"},\"wordCount\":1018,\"image\":{\"@id\":\"https:\/\/challengeseconomiques.com\/?p=7917#primaryimage\"},\"thumbnailUrl\":\"https:\/\/challengeseconomiques.com\/wp-content\/uploads\/2025\/03\/Rencontre_CCIAD_CEDEAO_1.jpeg\",\"articleSection\":[\"Actualit\u00e9 \u00e9conomique\",\"Infos \u00e9co\"],\"inLanguage\":\"fr-FR\"},{\"@type\":\"WebPage\",\"@id\":\"https:\/\/challengeseconomiques.com\/?p=7917\",\"url\":\"https:\/\/challengeseconomiques.com\/?p=7917\",\"name\":\"Int\u00e9gration \u00e9conomique : Volont\u00e9 commune entre la CCIAD et le task force de la CEDEAO - challenges economiques\",\"isPartOf\":{\"@id\":\"https:\/\/challengeseconomiques.com\/#website\"},\"primaryImageOfPage\":{\"@id\":\"https:\/\/challengeseconomiques.com\/?p=7917#primaryimage\"},\"image\":{\"@id\":\"https:\/\/challengeseconomiques.com\/?p=7917#primaryimage\"},\"thumbnailUrl\":\"https:\/\/challengeseconomiques.com\/wp-content\/uploads\/2025\/03\/Rencontre_CCIAD_CEDEAO_1.jpeg\",\"datePublished\":\"2025-03-18T13:45:53+00:00\",\"dateModified\":\"2025-03-18T13:46:22+00:00\",\"author\":{\"@id\":\"https:\/\/challengeseconomiques.com\/#\/schema\/person\/b4568c9afebc5a9238a771873801e349\"},\"breadcrumb\":{\"@id\":\"https:\/\/challengeseconomiques.com\/?p=7917#breadcrumb\"},\"inLanguage\":\"fr-FR\",\"potentialAction\":[{\"@type\":\"ReadAction\",\"target\":[\"https:\/\/challengeseconomiques.com\/?p=7917\"]}]},{\"@type\":\"ImageObject\",\"inLanguage\":\"fr-FR\",\"@id\":\"https:\/\/challengeseconomiques.com\/?p=7917#primaryimage\",\"url\":\"https:\/\/challengeseconomiques.com\/wp-content\/uploads\/2025\/03\/Rencontre_CCIAD_CEDEAO_1.jpeg\",\"contentUrl\":\"https:\/\/challengeseconomiques.com\/wp-content\/uploads\/2025\/03\/Rencontre_CCIAD_CEDEAO_1.jpeg\",\"width\":1600,\"height\":1067},{\"@type\":\"BreadcrumbList\",\"@id\":\"https:\/\/challengeseconomiques.com\/?p=7917#breadcrumb\",\"itemListElement\":[{\"@type\":\"ListItem\",\"position\":1,\"name\":\"Home\",\"item\":\"https:\/\/challengeseconomiques.com\/\"},{\"@type\":\"ListItem\",\"position\":2,\"name\":\"Int\u00e9gration \u00e9conomique : Volont\u00e9 commune entre la CCIAD et le task force de la CEDEAO\"}]},{\"@type\":\"WebSite\",\"@id\":\"https:\/\/challengeseconomiques.com\/#website\",\"url\":\"https:\/\/challengeseconomiques.com\/\",\"name\":\"challenges economiques\",\"description\":\"\",\"potentialAction\":[{\"@type\":\"SearchAction\",\"target\":{\"@type\":\"EntryPoint\",\"urlTemplate\":\"https:\/\/challengeseconomiques.com\/?s={search_term_string}\"},\"query-input\":{\"@type\":\"PropertyValueSpecification\",\"valueRequired\":true,\"valueName\":\"search_term_string\"}}],\"inLanguage\":\"fr-FR\"},{\"@type\":\"Person\",\"@id\":\"https:\/\/challengeseconomiques.com\/#\/schema\/person\/b4568c9afebc5a9238a771873801e349\",\"name\":\"admin\",\"image\":{\"@type\":\"ImageObject\",\"inLanguage\":\"fr-FR\",\"@id\":\"https:\/\/challengeseconomiques.com\/#\/schema\/person\/image\/\",\"url\":\"https:\/\/secure.gravatar.com\/avatar\/099e42240b5eea11acdb72751fcce0dd918603f0749d24974b7984ea47ed9fd9?s=96&d=mm&r=g\",\"contentUrl\":\"https:\/\/secure.gravatar.com\/avatar\/099e42240b5eea11acdb72751fcce0dd918603f0749d24974b7984ea47ed9fd9?s=96&d=mm&r=g\",\"caption\":\"admin\"},\"sameAs\":[\"https:\/\/challengeseconomiques.com\"],\"url\":\"https:\/\/challengeseconomiques.com\/?author=1\"}]}<\/script>\n<!-- \/ Yoast SEO plugin. -->","yoast_head_json":{"title":"Int\u00e9gration \u00e9conomique : Volont\u00e9 commune entre la CCIAD et le task force de la CEDEAO - challenges economiques","robots":{"index":"index","follow":"follow","max-snippet":"max-snippet:-1","max-image-preview":"max-image-preview:large","max-video-preview":"max-video-preview:-1"},"canonical":"https:\/\/challengeseconomiques.com\/?p=7917","og_locale":"fr_FR","og_type":"article","og_title":"Int\u00e9gration \u00e9conomique : Volont\u00e9 commune entre la CCIAD et le task force de la CEDEAO - challenges economiques","og_description":"La Chambre de Commerce, d\u2019Industrie et d\u2019Agriculture de Dakar (CCIAD) a tenu une s\u00e9ance de travail avec la Task force sur le sch\u00e9ma de lib\u00e9ralisation...","og_url":"https:\/\/challengeseconomiques.com\/?p=7917","og_site_name":"challenges economiques","article_published_time":"2025-03-18T13:45:53+00:00","article_modified_time":"2025-03-18T13:46:22+00:00","og_image":[{"width":1600,"height":1067,"url":"https:\/\/challengeseconomiques.com\/wp-content\/uploads\/2025\/03\/Rencontre_CCIAD_CEDEAO_1.jpeg","type":"image\/jpeg"}],"author":"admin","twitter_card":"summary_large_image","twitter_misc":{"\u00c9crit par":"admin","Dur\u00e9e de lecture estim\u00e9e":"5 minutes"},"schema":{"@context":"https:\/\/schema.org","@graph":[{"@type":"Article","@id":"https:\/\/challengeseconomiques.com\/?p=7917#article","isPartOf":{"@id":"https:\/\/challengeseconomiques.com\/?p=7917"},"author":{"name":"admin","@id":"https:\/\/challengeseconomiques.com\/#\/schema\/person\/b4568c9afebc5a9238a771873801e349"},"headline":"Int\u00e9gration \u00e9conomique : Volont\u00e9 commune entre la CCIAD et le task force de la CEDEAO","datePublished":"2025-03-18T13:45:53+00:00","dateModified":"2025-03-18T13:46:22+00:00","mainEntityOfPage":{"@id":"https:\/\/challengeseconomiques.com\/?p=7917"},"wordCount":1018,"image":{"@id":"https:\/\/challengeseconomiques.com\/?p=7917#primaryimage"},"thumbnailUrl":"https:\/\/challengeseconomiques.com\/wp-content\/uploads\/2025\/03\/Rencontre_CCIAD_CEDEAO_1.jpeg","articleSection":["Actualit\u00e9 \u00e9conomique","Infos \u00e9co"],"inLanguage":"fr-FR"},{"@type":"WebPage","@id":"https:\/\/challengeseconomiques.com\/?p=7917","url":"https:\/\/challengeseconomiques.com\/?p=7917","name":"Int\u00e9gration \u00e9conomique : Volont\u00e9 commune entre la CCIAD et le task force de la CEDEAO - challenges economiques","isPartOf":{"@id":"https:\/\/challengeseconomiques.com\/#website"},"primaryImageOfPage":{"@id":"https:\/\/challengeseconomiques.com\/?p=7917#primaryimage"},"image":{"@id":"https:\/\/challengeseconomiques.com\/?p=7917#primaryimage"},"thumbnailUrl":"https:\/\/challengeseconomiques.com\/wp-content\/uploads\/2025\/03\/Rencontre_CCIAD_CEDEAO_1.jpeg","datePublished":"2025-03-18T13:45:53+00:00","dateModified":"2025-03-18T13:46:22+00:00","author":{"@id":"https:\/\/challengeseconomiques.com\/#\/schema\/person\/b4568c9afebc5a9238a771873801e349"},"breadcrumb":{"@id":"https:\/\/challengeseconomiques.com\/?p=7917#breadcrumb"},"inLanguage":"fr-FR","potentialAction":[{"@type":"ReadAction","target":["https:\/\/challengeseconomiques.com\/?p=7917"]}]},{"@type":"ImageObject","inLanguage":"fr-FR","@id":"https:\/\/challengeseconomiques.com\/?p=7917#primaryimage","url":"https:\/\/challengeseconomiques.com\/wp-content\/uploads\/2025\/03\/Rencontre_CCIAD_CEDEAO_1.jpeg","contentUrl":"https:\/\/challengeseconomiques.com\/wp-content\/uploads\/2025\/03\/Rencontre_CCIAD_CEDEAO_1.jpeg","width":1600,"height":1067},{"@type":"BreadcrumbList","@id":"https:\/\/challengeseconomiques.com\/?p=7917#breadcrumb","itemListElement":[{"@type":"ListItem","position":1,"name":"Home","item":"https:\/\/challengeseconomiques.com\/"},{"@type":"ListItem","position":2,"name":"Int\u00e9gration \u00e9conomique : Volont\u00e9 commune entre la CCIAD et le task force de la CEDEAO"}]},{"@type":"WebSite","@id":"https:\/\/challengeseconomiques.com\/#website","url":"https:\/\/challengeseconomiques.com\/","name":"challenges economiques","description":"","potentialAction":[{"@type":"SearchAction","target":{"@type":"EntryPoint","urlTemplate":"https:\/\/challengeseconomiques.com\/?s={search_term_string}"},"query-input":{"@type":"PropertyValueSpecification","valueRequired":true,"valueName":"search_term_string"}}],"inLanguage":"fr-FR"},{"@type":"Person","@id":"https:\/\/challengeseconomiques.com\/#\/schema\/person\/b4568c9afebc5a9238a771873801e349","name":"admin","image":{"@type":"ImageObject","inLanguage":"fr-FR","@id":"https:\/\/challengeseconomiques.com\/#\/schema\/person\/image\/","url":"https:\/\/secure.gravatar.com\/avatar\/099e42240b5eea11acdb72751fcce0dd918603f0749d24974b7984ea47ed9fd9?s=96&d=mm&r=g","contentUrl":"https:\/\/secure.gravatar.com\/avatar\/099e42240b5eea11acdb72751fcce0dd918603f0749d24974b7984ea47ed9fd9?s=96&d=mm&r=g","caption":"admin"},"sameAs":["https:\/\/challengeseconomiques.com"],"url":"https:\/\/challengeseconomiques.com\/?author=1"}]}},"jetpack_featured_media_url":"https:\/\/challengeseconomiques.com\/wp-content\/uploads\/2025\/03\/Rencontre_CCIAD_CEDEAO_1.jpeg","jetpack_sharing_enabled":true,"_links":{"self":[{"href":"https:\/\/challengeseconomiques.com\/index.php?rest_route=\/wp\/v2\/posts\/7917","targetHints":{"allow":["GET"]}}],"collection":[{"href":"https:\/\/challengeseconomiques.com\/index.php?rest_route=\/wp\/v2\/posts"}],"about":[{"href":"https:\/\/challengeseconomiques.com\/index.php?rest_route=\/wp\/v2\/types\/post"}],"author":[{"embeddable":true,"href":"https:\/\/challengeseconomiques.com\/index.php?rest_route=\/wp\/v2\/users\/1"}],"replies":[{"embeddable":true,"href":"https:\/\/challengeseconomiques.com\/index.php?rest_route=%2Fwp%2Fv2%2Fcomments&post=7917"}],"version-history":[{"count":1,"href":"https:\/\/challengeseconomiques.com\/index.php?rest_route=\/wp\/v2\/posts\/7917\/revisions"}],"predecessor-version":[{"id":7919,"href":"https:\/\/challengeseconomiques.com\/index.php?rest_route=\/wp\/v2\/posts\/7917\/revisions\/7919"}],"wp:featuredmedia":[{"embeddable":true,"href":"https:\/\/challengeseconomiques.com\/index.php?rest_route=\/wp\/v2\/media\/7918"}],"wp:attachment":[{"href":"https:\/\/challengeseconomiques.com\/index.php?rest_route=%2Fwp%2Fv2%2Fmedia&parent=7917"}],"wp:term":[{"taxonomy":"category","embeddable":true,"href":"https:\/\/challengeseconomiques.com\/index.php?rest_route=%2Fwp%2Fv2%2Fcategories&post=7917"},{"taxonomy":"post_tag","embeddable":true,"href":"https:\/\/challengeseconomiques.com\/index.php?rest_route=%2Fwp%2Fv2%2Ftags&post=7917"}],"curies":[{"name":"wp","href":"https:\/\/api.w.org\/{rel}","templated":true}]}}