{"id":7914,"date":"2025-03-18T12:12:23","date_gmt":"2025-03-18T12:12:23","guid":{"rendered":"https:\/\/challengeseconomiques.com\/?p=7914"},"modified":"2025-03-18T12:16:17","modified_gmt":"2025-03-18T12:16:17","slug":"la-sonatel-et-la-der-fj-veulent-impulser-lentreprenariat-des-femmes-et-des-jeunes","status":"publish","type":"post","link":"https:\/\/challengeseconomiques.com\/?p=7914","title":{"rendered":"La Sonatel et la Der\/fj veulent impulser l\u2019entreprenariat des femmes et des jeunes"},"content":{"rendered":"<p><strong>Le groupe Sonatel et la D\u00e9l\u00e9gation \u00e0 l\u2019entreprenariat rapide des femmes et de jeunes (DER) ont sign\u00e9, lundi, une convention de partenariat pour impulser une nouvelle dynamique qui met le num\u00e9rique au service de l\u2019entrepreneuriat des femmes et des jeunes.<\/strong><\/p>\n<p>\u2018\u2019Ce partenariat s\u2019inscrit ainsi dans la vision commune de la responsabilit\u00e9 soci\u00e9tale d\u2019entreprise (RSE) qui place la technologie, l\u2019innovation et la formation au service du d\u00e9veloppement durable en alignement avec les axes de la vision S\u00e9n\u00e9gal 2050\u2019\u2019, a d\u00e9clar\u00e9 Awa Niang, directrice de la communication institutionnelle et des relations ext\u00e9rieures de Sonatel.<\/p>\n<p>Selon elle, cette collaboration entre les deux structures constitue \u2018\u2019un acte fort\u2019\u2019 qui vient mat\u00e9rialiser un engagement commun en vue de \u2018\u2019cr\u00e9er des opportunit\u00e9s\u2019\u2019 pour les jeunes et les femmes du pays.<\/p>\n<p>\u2018\u2019Par la signature de ce protocole, nous c\u00e9l\u00e9brons un r\u00eave partag\u00e9, une vision audacieuse, un avenir o\u00f9 chaque talent s\u00e9n\u00e9galais, de Dakar \u00e0 Ziguinchor, de Saint-Louis \u00e0 Tambacounda, aura les moyens de briller\u2019\u2019, a indiqu\u00e9 de son c\u00f4t\u00e9 le directeur G\u00e9n\u00e9ral de Sonatel, S\u00e9kou Dram\u00e9.<\/p>\n<p>La Sonatel et la DER ambitionnent de r\u00e9v\u00e9ler tous ces talents \u00e0 travers la mise en place d\u2019espaces d\u00e9di\u00e9s pour \u00e9clore leurs potentiels, a t-il indiqu\u00e9.<\/p>\n<p>&nbsp;<\/p>\n<p>\u2018\u2019\u00c0 travers Orange Digital Centers et nos Startup Studios, nous offrirons aux jeunes entrepreneurs les outils, les formations et l\u2019accompagnement dont ils ont besoin pour r\u00e9ussir. Nous travaillerons main dans la main avec la D\u00e9l\u00e9gation G\u00e9n\u00e9rale pour faciliter l\u2019acc\u00e8s au financement, car nous savons que les grandes id\u00e9es ont besoin de moyens pour \u00e9clore\u2019\u2019, a-t-il dit.<\/p>\n<p>Il se r\u00e9jouit de voir que la vision de la Sonatel en faveur de l\u2019inclusion num\u00e9rique, sociale et financi\u00e8re est en parfaite harmonie avec la Vision S\u00e9n\u00e9gal 2050 et avec la mission de la DER-FJ.<\/p>\n<p>\u2018\u2019Nous allons ensemble investir dans l\u2019avenir. Cela passera par la transformation du Campus Num\u00e9rique de Bambey en un v\u00e9ritable hub d\u2019innovation, un lieu o\u00f9 les jeunes pourront acqu\u00e9rir les comp\u00e9tences num\u00e9riques indispensables pour les emplois de demain\u2019\u2019, a promis S\u00e9kou Dram\u00e9.<\/p>\n<p>La d\u00e9l\u00e9gu\u00e9e g\u00e9n\u00e9rale \u00e0 l\u2019Entreprenariat Rapide des femmes et des jeunes, Aida Mbodj a salu\u00e9 l\u2019engagement citoyen de la Sonatel qui figure parmi les 500 premi\u00e8res entreprises du continent.<\/p>\n<p>&nbsp;<\/p>\n<p>\u2018\u2019Notre mission commune, notre id\u00e9al commun, porte \u00e9galement sur un axe essentiel, l\u2019\u00e9ducation, la formation des entrepreneurs de num\u00e9rique, avec une attention toute particuli\u00e8re aux primo-entrepreneurs issus des milieux universitaires\u2019\u2019, a-t-elle renseign\u00e9.<\/p>\n<p>A\u00efda Mbodji est d\u2019avis que le num\u00e9rique va permettre de \u2018\u2019booster la performance\u2019\u2019 des femmes mais aussi les jeunes.<\/p>\n<p>\u2018\u2019Avec nos 46 antennes d\u00e9partementales install\u00e9es (\u2026) notre ambition est d\u2019offrir aux entrepreneurs technologiques s\u00e9n\u00e9galais, une exp\u00e9rience optimale \u00e0 la fois enrichissante et b\u00e9n\u00e9fique\u2019\u2019, a-t-elle assur\u00e9. Cela devra passer par la cr\u00e9ation d\u2019un \u00e9cosyst\u00e8me entrepreneurial inclusif, performant, harmonieux, capable de faire \u00e9merger \u2018\u2019des champions num\u00e9riques s\u00e9n\u00e9galais\u2019\u2019 qui seront les v\u00e9ritables moteurs d\u2019une croissance durable, a dit Mme Mbodj.<\/p>\n<p><strong>(APS)<\/strong> \u2013<\/p>\n<figure id=\"attachment_283340\" class=\"wp-caption alignnone\" aria-describedby=\"caption-attachment-283340\"><figcaption id=\"caption-attachment-283340\" class=\"wp-caption-text\"><\/figcaption><\/figure>\n<p>&nbsp;<\/p>\n<p>&nbsp;<\/p>\n<p>&nbsp;<\/p>\n","protected":false},"excerpt":{"rendered":"<p>Le groupe Sonatel et la D\u00e9l\u00e9gation \u00e0 l\u2019entreprenariat rapide des femmes et de jeunes (DER) ont sign\u00e9, lundi, une convention de partenariat pour impulser une&#8230;<\/p>\n","protected":false},"author":1,"featured_media":7915,"comment_status":"closed","ping_status":"open","sticky":false,"template":"","format":"standard","meta":{"_jetpack_memberships_contains_paid_content":false,"footnotes":""},"categories":[23,8],"tags":[],"class_list":["post-7914","post","type-post","status-publish","format-standard","has-post-thumbnail","hentry","category-a-la-une","category-actualite-economique","wpcat-23-id","wpcat-8-id"],"yoast_head":"<!-- This site is optimized with the Yoast SEO plugin v27.1.1 - https:\/\/yoast.com\/product\/yoast-seo-wordpress\/ -->\n<title>La Sonatel et la Der\/fj veulent impulser l\u2019entreprenariat des femmes et des jeunes - challenges economiques<\/title>\n<meta name=\"robots\" content=\"index, follow, max-snippet:-1, max-image-preview:large, max-video-preview:-1\" \/>\n<link rel=\"canonical\" href=\"https:\/\/challengeseconomiques.com\/?p=7914\" \/>\n<meta property=\"og:locale\" content=\"fr_FR\" \/>\n<meta property=\"og:type\" content=\"article\" \/>\n<meta property=\"og:title\" content=\"La Sonatel et la Der\/fj veulent impulser l\u2019entreprenariat des femmes et des jeunes - challenges economiques\" \/>\n<meta property=\"og:description\" content=\"Le groupe Sonatel et la D\u00e9l\u00e9gation \u00e0 l\u2019entreprenariat rapide des femmes et de jeunes (DER) ont sign\u00e9, lundi, une convention de partenariat pour impulser une...\" \/>\n<meta property=\"og:url\" content=\"https:\/\/challengeseconomiques.com\/?p=7914\" \/>\n<meta property=\"og:site_name\" content=\"challenges economiques\" \/>\n<meta property=\"article:published_time\" content=\"2025-03-18T12:12:23+00:00\" \/>\n<meta property=\"article:modified_time\" content=\"2025-03-18T12:16:17+00:00\" \/>\n<meta property=\"og:image\" content=\"https:\/\/challengeseconomiques.com\/wp-content\/uploads\/2025\/03\/sonatelder.jpg\" \/>\n\t<meta property=\"og:image:width\" content=\"1080\" \/>\n\t<meta property=\"og:image:height\" content=\"608\" \/>\n\t<meta property=\"og:image:type\" content=\"image\/jpeg\" \/>\n<meta name=\"author\" content=\"admin\" \/>\n<meta name=\"twitter:card\" content=\"summary_large_image\" \/>\n<meta name=\"twitter:label1\" content=\"\u00c9crit par\" \/>\n\t<meta name=\"twitter:data1\" content=\"admin\" \/>\n\t<meta name=\"twitter:label2\" content=\"Dur\u00e9e de lecture estim\u00e9e\" \/>\n\t<meta name=\"twitter:data2\" content=\"3 minutes\" \/>\n<script type=\"application\/ld+json\" class=\"yoast-schema-graph\">{\"@context\":\"https:\/\/schema.org\",\"@graph\":[{\"@type\":\"Article\",\"@id\":\"https:\/\/challengeseconomiques.com\/?p=7914#article\",\"isPartOf\":{\"@id\":\"https:\/\/challengeseconomiques.com\/?p=7914\"},\"author\":{\"name\":\"admin\",\"@id\":\"https:\/\/challengeseconomiques.com\/#\/schema\/person\/b4568c9afebc5a9238a771873801e349\"},\"headline\":\"La Sonatel et la Der\/fj veulent impulser l\u2019entreprenariat des femmes et des jeunes\",\"datePublished\":\"2025-03-18T12:12:23+00:00\",\"dateModified\":\"2025-03-18T12:16:17+00:00\",\"mainEntityOfPage\":{\"@id\":\"https:\/\/challengeseconomiques.com\/?p=7914\"},\"wordCount\":559,\"image\":{\"@id\":\"https:\/\/challengeseconomiques.com\/?p=7914#primaryimage\"},\"thumbnailUrl\":\"https:\/\/challengeseconomiques.com\/wp-content\/uploads\/2025\/03\/sonatelder.jpg\",\"articleSection\":[\"A la une\",\"Actualit\u00e9 \u00e9conomique\"],\"inLanguage\":\"fr-FR\"},{\"@type\":\"WebPage\",\"@id\":\"https:\/\/challengeseconomiques.com\/?p=7914\",\"url\":\"https:\/\/challengeseconomiques.com\/?p=7914\",\"name\":\"La Sonatel et la Der\/fj veulent impulser l\u2019entreprenariat des femmes et des jeunes - challenges economiques\",\"isPartOf\":{\"@id\":\"https:\/\/challengeseconomiques.com\/#website\"},\"primaryImageOfPage\":{\"@id\":\"https:\/\/challengeseconomiques.com\/?p=7914#primaryimage\"},\"image\":{\"@id\":\"https:\/\/challengeseconomiques.com\/?p=7914#primaryimage\"},\"thumbnailUrl\":\"https:\/\/challengeseconomiques.com\/wp-content\/uploads\/2025\/03\/sonatelder.jpg\",\"datePublished\":\"2025-03-18T12:12:23+00:00\",\"dateModified\":\"2025-03-18T12:16:17+00:00\",\"author\":{\"@id\":\"https:\/\/challengeseconomiques.com\/#\/schema\/person\/b4568c9afebc5a9238a771873801e349\"},\"breadcrumb\":{\"@id\":\"https:\/\/challengeseconomiques.com\/?p=7914#breadcrumb\"},\"inLanguage\":\"fr-FR\",\"potentialAction\":[{\"@type\":\"ReadAction\",\"target\":[\"https:\/\/challengeseconomiques.com\/?p=7914\"]}]},{\"@type\":\"ImageObject\",\"inLanguage\":\"fr-FR\",\"@id\":\"https:\/\/challengeseconomiques.com\/?p=7914#primaryimage\",\"url\":\"https:\/\/challengeseconomiques.com\/wp-content\/uploads\/2025\/03\/sonatelder.jpg\",\"contentUrl\":\"https:\/\/challengeseconomiques.com\/wp-content\/uploads\/2025\/03\/sonatelder.jpg\",\"width\":1080,\"height\":608},{\"@type\":\"BreadcrumbList\",\"@id\":\"https:\/\/challengeseconomiques.com\/?p=7914#breadcrumb\",\"itemListElement\":[{\"@type\":\"ListItem\",\"position\":1,\"name\":\"Home\",\"item\":\"https:\/\/challengeseconomiques.com\/\"},{\"@type\":\"ListItem\",\"position\":2,\"name\":\"La Sonatel et la Der\/fj veulent impulser l\u2019entreprenariat des femmes et des jeunes\"}]},{\"@type\":\"WebSite\",\"@id\":\"https:\/\/challengeseconomiques.com\/#website\",\"url\":\"https:\/\/challengeseconomiques.com\/\",\"name\":\"challenges economiques\",\"description\":\"\",\"potentialAction\":[{\"@type\":\"SearchAction\",\"target\":{\"@type\":\"EntryPoint\",\"urlTemplate\":\"https:\/\/challengeseconomiques.com\/?s={search_term_string}\"},\"query-input\":{\"@type\":\"PropertyValueSpecification\",\"valueRequired\":true,\"valueName\":\"search_term_string\"}}],\"inLanguage\":\"fr-FR\"},{\"@type\":\"Person\",\"@id\":\"https:\/\/challengeseconomiques.com\/#\/schema\/person\/b4568c9afebc5a9238a771873801e349\",\"name\":\"admin\",\"image\":{\"@type\":\"ImageObject\",\"inLanguage\":\"fr-FR\",\"@id\":\"https:\/\/challengeseconomiques.com\/#\/schema\/person\/image\/\",\"url\":\"https:\/\/secure.gravatar.com\/avatar\/099e42240b5eea11acdb72751fcce0dd918603f0749d24974b7984ea47ed9fd9?s=96&d=mm&r=g\",\"contentUrl\":\"https:\/\/secure.gravatar.com\/avatar\/099e42240b5eea11acdb72751fcce0dd918603f0749d24974b7984ea47ed9fd9?s=96&d=mm&r=g\",\"caption\":\"admin\"},\"sameAs\":[\"https:\/\/challengeseconomiques.com\"],\"url\":\"https:\/\/challengeseconomiques.com\/?author=1\"}]}<\/script>\n<!-- \/ Yoast SEO plugin. -->","yoast_head_json":{"title":"La Sonatel et la Der\/fj veulent impulser l\u2019entreprenariat des femmes et des jeunes - challenges economiques","robots":{"index":"index","follow":"follow","max-snippet":"max-snippet:-1","max-image-preview":"max-image-preview:large","max-video-preview":"max-video-preview:-1"},"canonical":"https:\/\/challengeseconomiques.com\/?p=7914","og_locale":"fr_FR","og_type":"article","og_title":"La Sonatel et la Der\/fj veulent impulser l\u2019entreprenariat des femmes et des jeunes - challenges economiques","og_description":"Le groupe Sonatel et la D\u00e9l\u00e9gation \u00e0 l\u2019entreprenariat rapide des femmes et de jeunes (DER) ont sign\u00e9, lundi, une convention de partenariat pour impulser une...","og_url":"https:\/\/challengeseconomiques.com\/?p=7914","og_site_name":"challenges economiques","article_published_time":"2025-03-18T12:12:23+00:00","article_modified_time":"2025-03-18T12:16:17+00:00","og_image":[{"width":1080,"height":608,"url":"https:\/\/challengeseconomiques.com\/wp-content\/uploads\/2025\/03\/sonatelder.jpg","type":"image\/jpeg"}],"author":"admin","twitter_card":"summary_large_image","twitter_misc":{"\u00c9crit par":"admin","Dur\u00e9e de lecture estim\u00e9e":"3 minutes"},"schema":{"@context":"https:\/\/schema.org","@graph":[{"@type":"Article","@id":"https:\/\/challengeseconomiques.com\/?p=7914#article","isPartOf":{"@id":"https:\/\/challengeseconomiques.com\/?p=7914"},"author":{"name":"admin","@id":"https:\/\/challengeseconomiques.com\/#\/schema\/person\/b4568c9afebc5a9238a771873801e349"},"headline":"La Sonatel et la Der\/fj veulent impulser l\u2019entreprenariat des femmes et des jeunes","datePublished":"2025-03-18T12:12:23+00:00","dateModified":"2025-03-18T12:16:17+00:00","mainEntityOfPage":{"@id":"https:\/\/challengeseconomiques.com\/?p=7914"},"wordCount":559,"image":{"@id":"https:\/\/challengeseconomiques.com\/?p=7914#primaryimage"},"thumbnailUrl":"https:\/\/challengeseconomiques.com\/wp-content\/uploads\/2025\/03\/sonatelder.jpg","articleSection":["A la une","Actualit\u00e9 \u00e9conomique"],"inLanguage":"fr-FR"},{"@type":"WebPage","@id":"https:\/\/challengeseconomiques.com\/?p=7914","url":"https:\/\/challengeseconomiques.com\/?p=7914","name":"La Sonatel et la Der\/fj veulent impulser l\u2019entreprenariat des femmes et des jeunes - challenges economiques","isPartOf":{"@id":"https:\/\/challengeseconomiques.com\/#website"},"primaryImageOfPage":{"@id":"https:\/\/challengeseconomiques.com\/?p=7914#primaryimage"},"image":{"@id":"https:\/\/challengeseconomiques.com\/?p=7914#primaryimage"},"thumbnailUrl":"https:\/\/challengeseconomiques.com\/wp-content\/uploads\/2025\/03\/sonatelder.jpg","datePublished":"2025-03-18T12:12:23+00:00","dateModified":"2025-03-18T12:16:17+00:00","author":{"@id":"https:\/\/challengeseconomiques.com\/#\/schema\/person\/b4568c9afebc5a9238a771873801e349"},"breadcrumb":{"@id":"https:\/\/challengeseconomiques.com\/?p=7914#breadcrumb"},"inLanguage":"fr-FR","potentialAction":[{"@type":"ReadAction","target":["https:\/\/challengeseconomiques.com\/?p=7914"]}]},{"@type":"ImageObject","inLanguage":"fr-FR","@id":"https:\/\/challengeseconomiques.com\/?p=7914#primaryimage","url":"https:\/\/challengeseconomiques.com\/wp-content\/uploads\/2025\/03\/sonatelder.jpg","contentUrl":"https:\/\/challengeseconomiques.com\/wp-content\/uploads\/2025\/03\/sonatelder.jpg","width":1080,"height":608},{"@type":"BreadcrumbList","@id":"https:\/\/challengeseconomiques.com\/?p=7914#breadcrumb","itemListElement":[{"@type":"ListItem","position":1,"name":"Home","item":"https:\/\/challengeseconomiques.com\/"},{"@type":"ListItem","position":2,"name":"La Sonatel et la Der\/fj veulent impulser l\u2019entreprenariat des femmes et des jeunes"}]},{"@type":"WebSite","@id":"https:\/\/challengeseconomiques.com\/#website","url":"https:\/\/challengeseconomiques.com\/","name":"challenges economiques","description":"","potentialAction":[{"@type":"SearchAction","target":{"@type":"EntryPoint","urlTemplate":"https:\/\/challengeseconomiques.com\/?s={search_term_string}"},"query-input":{"@type":"PropertyValueSpecification","valueRequired":true,"valueName":"search_term_string"}}],"inLanguage":"fr-FR"},{"@type":"Person","@id":"https:\/\/challengeseconomiques.com\/#\/schema\/person\/b4568c9afebc5a9238a771873801e349","name":"admin","image":{"@type":"ImageObject","inLanguage":"fr-FR","@id":"https:\/\/challengeseconomiques.com\/#\/schema\/person\/image\/","url":"https:\/\/secure.gravatar.com\/avatar\/099e42240b5eea11acdb72751fcce0dd918603f0749d24974b7984ea47ed9fd9?s=96&d=mm&r=g","contentUrl":"https:\/\/secure.gravatar.com\/avatar\/099e42240b5eea11acdb72751fcce0dd918603f0749d24974b7984ea47ed9fd9?s=96&d=mm&r=g","caption":"admin"},"sameAs":["https:\/\/challengeseconomiques.com"],"url":"https:\/\/challengeseconomiques.com\/?author=1"}]}},"jetpack_featured_media_url":"https:\/\/challengeseconomiques.com\/wp-content\/uploads\/2025\/03\/sonatelder.jpg","jetpack_sharing_enabled":true,"_links":{"self":[{"href":"https:\/\/challengeseconomiques.com\/index.php?rest_route=\/wp\/v2\/posts\/7914","targetHints":{"allow":["GET"]}}],"collection":[{"href":"https:\/\/challengeseconomiques.com\/index.php?rest_route=\/wp\/v2\/posts"}],"about":[{"href":"https:\/\/challengeseconomiques.com\/index.php?rest_route=\/wp\/v2\/types\/post"}],"author":[{"embeddable":true,"href":"https:\/\/challengeseconomiques.com\/index.php?rest_route=\/wp\/v2\/users\/1"}],"replies":[{"embeddable":true,"href":"https:\/\/challengeseconomiques.com\/index.php?rest_route=%2Fwp%2Fv2%2Fcomments&post=7914"}],"version-history":[{"count":1,"href":"https:\/\/challengeseconomiques.com\/index.php?rest_route=\/wp\/v2\/posts\/7914\/revisions"}],"predecessor-version":[{"id":7916,"href":"https:\/\/challengeseconomiques.com\/index.php?rest_route=\/wp\/v2\/posts\/7914\/revisions\/7916"}],"wp:featuredmedia":[{"embeddable":true,"href":"https:\/\/challengeseconomiques.com\/index.php?rest_route=\/wp\/v2\/media\/7915"}],"wp:attachment":[{"href":"https:\/\/challengeseconomiques.com\/index.php?rest_route=%2Fwp%2Fv2%2Fmedia&parent=7914"}],"wp:term":[{"taxonomy":"category","embeddable":true,"href":"https:\/\/challengeseconomiques.com\/index.php?rest_route=%2Fwp%2Fv2%2Fcategories&post=7914"},{"taxonomy":"post_tag","embeddable":true,"href":"https:\/\/challengeseconomiques.com\/index.php?rest_route=%2Fwp%2Fv2%2Ftags&post=7914"}],"curies":[{"name":"wp","href":"https:\/\/api.w.org\/{rel}","templated":true}]}}