{"id":7877,"date":"2025-03-07T16:19:35","date_gmt":"2025-03-07T16:19:35","guid":{"rendered":"https:\/\/challengeseconomiques.com\/?p=7877"},"modified":"2025-03-07T16:28:46","modified_gmt":"2025-03-07T16:28:46","slug":"senegal-fmi-vers-une-derogation-malgre-le-rapport-de-la-cour-des-comptes","status":"publish","type":"post","link":"https:\/\/challengeseconomiques.com\/?p=7877","title":{"rendered":"S\u00e9n\u00e9gal-Fmi: Vers une d\u00e9rogation malgr\u00e9 le rapport de la Cour des comptes ?"},"content":{"rendered":"<div class=\"elementor-element elementor-element-81202ea elementor-widget elementor-widget-theme-post-content\" data-id=\"81202ea\" data-element_type=\"widget\" data-settings=\"{&quot;enabled_visibility&quot;:&quot;yes&quot;,&quot;dce_visibility_selected&quot;:&quot;hide&quot;}\" data-widget_type=\"theme-post-content.default\">\n<div id=\"modal-ready\">\n<p><strong>Le Fonds mon\u00e9taire international (Fmi) a indiqu\u00e9, ce jeudi 06 mars \u00e0 Washington, qu\u2019il soutient le gouvernement dans ses efforts pour \u00ab pr\u00e9server \u00bb la viabilit\u00e9 budg\u00e9taire suite au rapport de la Cour des comptes r\u00e9v\u00e9lant l\u2019ampleur r\u00e9elle des d\u00e9ficits publics et de la dette. Par la voix de sa directrice de la communication, l\u2019institution a aussi laiss\u00e9 entendre que le S\u00e9n\u00e9gal pourrait b\u00e9n\u00e9ficier d\u2019une d\u00e9rogation de sa part.<\/strong><\/p>\n<p>&nbsp;<\/p>\n<p>Julie Kozack, directrice de la communication du Fmi, a \u00e9t\u00e9 interpell\u00e9e hier sur la situation du S\u00e9n\u00e9gal lors de son traditionnel point de presse relay\u00e9 en ligne.<\/p>\n<p>\u00ab\u00a0Nous sommes activement engag\u00e9s dans des discussions avec les autorit\u00e9s s\u00e9n\u00e9galaises concernant le rapport de la Cour des comptes et les fausses d\u00e9clarations associ\u00e9es dans le cadre du programme du Fmi. La Cour a confirm\u00e9 que le d\u00e9ficit budg\u00e9taire et la dette avaient \u00e9t\u00e9 sous-d\u00e9clar\u00e9s au cours de la p\u00e9riode de 2019 \u00e0 2023\u00a0\u00bb, a d\u2019embl\u00e9e d\u00e9clar\u00e9 la responsable de l\u2019institution financi\u00e8re. Interrog\u00e9e sur les cons\u00e9quences potentielles de ces nouveaux indicateurs macro\u00e9conomiques, Julie Korzack a indiqu\u00e9 que \u00ab le Fmi n\u2019impose aucune sanction pour les cas de fausse d\u00e9claration \u00bb.<\/p>\n<p>Selon la porte-parole, il appartient \u00e0 la direction du Fmi de d\u00e9cider des prochaines \u00e9tapes. \u00ab Et ces prochaines \u00e9tapes, vous savez, pourraient inclure une d\u00e9rogation. Et cette d\u00e9rogation pourrait \u00e9galement inclure une renonciation sans demande de remboursement. Nous travaillons donc avec les autorit\u00e9s s\u00e9n\u00e9galaises en soutenant autant que possible leurs efforts en mati\u00e8re de viabilit\u00e9 budg\u00e9taire et de viabilit\u00e9 de la dette\u00a0\u00bb, a-t-elle ajout\u00e9.<\/p>\n<p>Un rapport de la Cour des comptes portant sur la gestion des finances publiques de 2019 \u00e0 2024 et publi\u00e9 le 12 f\u00e9vrier a r\u00e9v\u00e9l\u00e9 que l\u2019encours total de la dette s\u2019\u00e9l\u00e8ve \u00e0 18 558,91 milliards de francs CFA, au 31 d\u00e9cembre 2023, et repr\u00e9sente 99,67 % du PIB, un taux sup\u00e9rieur au montant annonc\u00e9 par le pr\u00e9c\u00e9dent gouvernement. De m\u00eame, le d\u00e9ficit budg\u00e9taire recalcul\u00e9 par la Cour pour l\u2019ann\u00e9e 2023 est de 12,3 % contre 4,9 % annonc\u00e9s. Dans la foul\u00e9e du rapport, la plupart des agences de notation ont d\u00e9grad\u00e9 la r\u00e9putation du pays et restreint les marges de man\u0153uvre du gouvernement qui tient pour sa part \u00e0 mettre en avant \u00ab une d\u00e9marche de v\u00e9rit\u00e9 \u00bb dans un contexte de crise \u00e9conomique.Julie Korzack a pr\u00e9cis\u00e9 que les discussions entre le S\u00e9n\u00e9gal et le Fmi portent sur \u00ab\u00a0les mesures visant \u00e0 corriger et \u00e0 rem\u00e9dier aux fausses d\u00e9clarations qui ont eu lieu\u00a0\u00bb.<\/p>\n<p>Elle a aussi rappel\u00e9 que \u00ab\u00a0la r\u00e9solution des fausses d\u00e9clarations, conform\u00e9ment \u00e0 la politique du Fmi, est une condition pr\u00e9alable aux discussions sur toute aide financi\u00e8re future\u00a0\u00bb. Les r\u00e9unions de printemps du Fmi et de la Banque mondiale s\u2019ouvrent le 21 avril.<\/p>\n<p>( Le Soleil)<\/p>\n<\/div>\n<\/div>\n","protected":false},"excerpt":{"rendered":"<p>Le Fonds mon\u00e9taire international (Fmi) a indiqu\u00e9, ce jeudi 06 mars \u00e0 Washington, qu\u2019il soutient le gouvernement dans ses efforts pour \u00ab pr\u00e9server \u00bb la&#8230;<\/p>\n","protected":false},"author":1,"featured_media":4390,"comment_status":"closed","ping_status":"open","sticky":false,"template":"","format":"standard","meta":{"_jetpack_memberships_contains_paid_content":false,"footnotes":""},"categories":[9,10],"tags":[],"class_list":["post-7877","post","type-post","status-publish","format-standard","has-post-thumbnail","hentry","category-brvm","category-infos-eco","wpcat-9-id","wpcat-10-id"],"yoast_head":"<!-- This site is optimized with the Yoast SEO plugin v27.1.1 - https:\/\/yoast.com\/product\/yoast-seo-wordpress\/ -->\n<title>S\u00e9n\u00e9gal-Fmi: Vers une d\u00e9rogation malgr\u00e9 le rapport de la Cour des comptes ? - challenges economiques<\/title>\n<meta name=\"robots\" content=\"index, follow, max-snippet:-1, max-image-preview:large, max-video-preview:-1\" \/>\n<link rel=\"canonical\" href=\"https:\/\/challengeseconomiques.com\/?p=7877\" \/>\n<meta property=\"og:locale\" content=\"fr_FR\" \/>\n<meta property=\"og:type\" content=\"article\" \/>\n<meta property=\"og:title\" content=\"S\u00e9n\u00e9gal-Fmi: Vers une d\u00e9rogation malgr\u00e9 le rapport de la Cour des comptes ? - challenges economiques\" \/>\n<meta property=\"og:description\" content=\"Le Fonds mon\u00e9taire international (Fmi) a indiqu\u00e9, ce jeudi 06 mars \u00e0 Washington, qu\u2019il soutient le gouvernement dans ses efforts pour \u00ab pr\u00e9server \u00bb la...\" \/>\n<meta property=\"og:url\" content=\"https:\/\/challengeseconomiques.com\/?p=7877\" \/>\n<meta property=\"og:site_name\" content=\"challenges economiques\" \/>\n<meta property=\"article:published_time\" content=\"2025-03-07T16:19:35+00:00\" \/>\n<meta property=\"article:modified_time\" content=\"2025-03-07T16:28:46+00:00\" \/>\n<meta property=\"og:image\" content=\"https:\/\/challengeseconomiques.com\/wp-content\/uploads\/2023\/03\/FMI-Previsions.webp\" \/>\n\t<meta property=\"og:image:width\" content=\"800\" \/>\n\t<meta property=\"og:image:height\" content=\"500\" \/>\n\t<meta property=\"og:image:type\" content=\"image\/webp\" \/>\n<meta name=\"author\" content=\"admin\" \/>\n<meta name=\"twitter:card\" content=\"summary_large_image\" \/>\n<meta name=\"twitter:label1\" content=\"\u00c9crit par\" \/>\n\t<meta name=\"twitter:data1\" content=\"admin\" \/>\n\t<meta name=\"twitter:label2\" content=\"Dur\u00e9e de lecture estim\u00e9e\" \/>\n\t<meta name=\"twitter:data2\" content=\"3 minutes\" \/>\n<script type=\"application\/ld+json\" class=\"yoast-schema-graph\">{\"@context\":\"https:\/\/schema.org\",\"@graph\":[{\"@type\":\"Article\",\"@id\":\"https:\/\/challengeseconomiques.com\/?p=7877#article\",\"isPartOf\":{\"@id\":\"https:\/\/challengeseconomiques.com\/?p=7877\"},\"author\":{\"name\":\"admin\",\"@id\":\"https:\/\/challengeseconomiques.com\/#\/schema\/person\/b4568c9afebc5a9238a771873801e349\"},\"headline\":\"S\u00e9n\u00e9gal-Fmi: Vers une d\u00e9rogation malgr\u00e9 le rapport de la Cour des comptes ?\",\"datePublished\":\"2025-03-07T16:19:35+00:00\",\"dateModified\":\"2025-03-07T16:28:46+00:00\",\"mainEntityOfPage\":{\"@id\":\"https:\/\/challengeseconomiques.com\/?p=7877\"},\"wordCount\":515,\"image\":{\"@id\":\"https:\/\/challengeseconomiques.com\/?p=7877#primaryimage\"},\"thumbnailUrl\":\"https:\/\/challengeseconomiques.com\/wp-content\/uploads\/2023\/03\/FMI-Previsions.webp\",\"articleSection\":[\"BRVM\",\"Infos \u00e9co\"],\"inLanguage\":\"fr-FR\"},{\"@type\":\"WebPage\",\"@id\":\"https:\/\/challengeseconomiques.com\/?p=7877\",\"url\":\"https:\/\/challengeseconomiques.com\/?p=7877\",\"name\":\"S\u00e9n\u00e9gal-Fmi: Vers une d\u00e9rogation malgr\u00e9 le rapport de la Cour des comptes ? - challenges economiques\",\"isPartOf\":{\"@id\":\"https:\/\/challengeseconomiques.com\/#website\"},\"primaryImageOfPage\":{\"@id\":\"https:\/\/challengeseconomiques.com\/?p=7877#primaryimage\"},\"image\":{\"@id\":\"https:\/\/challengeseconomiques.com\/?p=7877#primaryimage\"},\"thumbnailUrl\":\"https:\/\/challengeseconomiques.com\/wp-content\/uploads\/2023\/03\/FMI-Previsions.webp\",\"datePublished\":\"2025-03-07T16:19:35+00:00\",\"dateModified\":\"2025-03-07T16:28:46+00:00\",\"author\":{\"@id\":\"https:\/\/challengeseconomiques.com\/#\/schema\/person\/b4568c9afebc5a9238a771873801e349\"},\"breadcrumb\":{\"@id\":\"https:\/\/challengeseconomiques.com\/?p=7877#breadcrumb\"},\"inLanguage\":\"fr-FR\",\"potentialAction\":[{\"@type\":\"ReadAction\",\"target\":[\"https:\/\/challengeseconomiques.com\/?p=7877\"]}]},{\"@type\":\"ImageObject\",\"inLanguage\":\"fr-FR\",\"@id\":\"https:\/\/challengeseconomiques.com\/?p=7877#primaryimage\",\"url\":\"https:\/\/challengeseconomiques.com\/wp-content\/uploads\/2023\/03\/FMI-Previsions.webp\",\"contentUrl\":\"https:\/\/challengeseconomiques.com\/wp-content\/uploads\/2023\/03\/FMI-Previsions.webp\",\"width\":800,\"height\":500},{\"@type\":\"BreadcrumbList\",\"@id\":\"https:\/\/challengeseconomiques.com\/?p=7877#breadcrumb\",\"itemListElement\":[{\"@type\":\"ListItem\",\"position\":1,\"name\":\"Home\",\"item\":\"https:\/\/challengeseconomiques.com\/\"},{\"@type\":\"ListItem\",\"position\":2,\"name\":\"S\u00e9n\u00e9gal-Fmi: Vers une d\u00e9rogation malgr\u00e9 le rapport de la Cour des comptes ?\"}]},{\"@type\":\"WebSite\",\"@id\":\"https:\/\/challengeseconomiques.com\/#website\",\"url\":\"https:\/\/challengeseconomiques.com\/\",\"name\":\"challenges economiques\",\"description\":\"\",\"potentialAction\":[{\"@type\":\"SearchAction\",\"target\":{\"@type\":\"EntryPoint\",\"urlTemplate\":\"https:\/\/challengeseconomiques.com\/?s={search_term_string}\"},\"query-input\":{\"@type\":\"PropertyValueSpecification\",\"valueRequired\":true,\"valueName\":\"search_term_string\"}}],\"inLanguage\":\"fr-FR\"},{\"@type\":\"Person\",\"@id\":\"https:\/\/challengeseconomiques.com\/#\/schema\/person\/b4568c9afebc5a9238a771873801e349\",\"name\":\"admin\",\"image\":{\"@type\":\"ImageObject\",\"inLanguage\":\"fr-FR\",\"@id\":\"https:\/\/challengeseconomiques.com\/#\/schema\/person\/image\/\",\"url\":\"https:\/\/secure.gravatar.com\/avatar\/099e42240b5eea11acdb72751fcce0dd918603f0749d24974b7984ea47ed9fd9?s=96&d=mm&r=g\",\"contentUrl\":\"https:\/\/secure.gravatar.com\/avatar\/099e42240b5eea11acdb72751fcce0dd918603f0749d24974b7984ea47ed9fd9?s=96&d=mm&r=g\",\"caption\":\"admin\"},\"sameAs\":[\"https:\/\/challengeseconomiques.com\"],\"url\":\"https:\/\/challengeseconomiques.com\/?author=1\"}]}<\/script>\n<!-- \/ Yoast SEO plugin. -->","yoast_head_json":{"title":"S\u00e9n\u00e9gal-Fmi: Vers une d\u00e9rogation malgr\u00e9 le rapport de la Cour des comptes ? - challenges economiques","robots":{"index":"index","follow":"follow","max-snippet":"max-snippet:-1","max-image-preview":"max-image-preview:large","max-video-preview":"max-video-preview:-1"},"canonical":"https:\/\/challengeseconomiques.com\/?p=7877","og_locale":"fr_FR","og_type":"article","og_title":"S\u00e9n\u00e9gal-Fmi: Vers une d\u00e9rogation malgr\u00e9 le rapport de la Cour des comptes ? - challenges economiques","og_description":"Le Fonds mon\u00e9taire international (Fmi) a indiqu\u00e9, ce jeudi 06 mars \u00e0 Washington, qu\u2019il soutient le gouvernement dans ses efforts pour \u00ab pr\u00e9server \u00bb la...","og_url":"https:\/\/challengeseconomiques.com\/?p=7877","og_site_name":"challenges economiques","article_published_time":"2025-03-07T16:19:35+00:00","article_modified_time":"2025-03-07T16:28:46+00:00","og_image":[{"width":800,"height":500,"url":"https:\/\/challengeseconomiques.com\/wp-content\/uploads\/2023\/03\/FMI-Previsions.webp","type":"image\/webp"}],"author":"admin","twitter_card":"summary_large_image","twitter_misc":{"\u00c9crit par":"admin","Dur\u00e9e de lecture estim\u00e9e":"3 minutes"},"schema":{"@context":"https:\/\/schema.org","@graph":[{"@type":"Article","@id":"https:\/\/challengeseconomiques.com\/?p=7877#article","isPartOf":{"@id":"https:\/\/challengeseconomiques.com\/?p=7877"},"author":{"name":"admin","@id":"https:\/\/challengeseconomiques.com\/#\/schema\/person\/b4568c9afebc5a9238a771873801e349"},"headline":"S\u00e9n\u00e9gal-Fmi: Vers une d\u00e9rogation malgr\u00e9 le rapport de la Cour des comptes ?","datePublished":"2025-03-07T16:19:35+00:00","dateModified":"2025-03-07T16:28:46+00:00","mainEntityOfPage":{"@id":"https:\/\/challengeseconomiques.com\/?p=7877"},"wordCount":515,"image":{"@id":"https:\/\/challengeseconomiques.com\/?p=7877#primaryimage"},"thumbnailUrl":"https:\/\/challengeseconomiques.com\/wp-content\/uploads\/2023\/03\/FMI-Previsions.webp","articleSection":["BRVM","Infos \u00e9co"],"inLanguage":"fr-FR"},{"@type":"WebPage","@id":"https:\/\/challengeseconomiques.com\/?p=7877","url":"https:\/\/challengeseconomiques.com\/?p=7877","name":"S\u00e9n\u00e9gal-Fmi: Vers une d\u00e9rogation malgr\u00e9 le rapport de la Cour des comptes ? - challenges economiques","isPartOf":{"@id":"https:\/\/challengeseconomiques.com\/#website"},"primaryImageOfPage":{"@id":"https:\/\/challengeseconomiques.com\/?p=7877#primaryimage"},"image":{"@id":"https:\/\/challengeseconomiques.com\/?p=7877#primaryimage"},"thumbnailUrl":"https:\/\/challengeseconomiques.com\/wp-content\/uploads\/2023\/03\/FMI-Previsions.webp","datePublished":"2025-03-07T16:19:35+00:00","dateModified":"2025-03-07T16:28:46+00:00","author":{"@id":"https:\/\/challengeseconomiques.com\/#\/schema\/person\/b4568c9afebc5a9238a771873801e349"},"breadcrumb":{"@id":"https:\/\/challengeseconomiques.com\/?p=7877#breadcrumb"},"inLanguage":"fr-FR","potentialAction":[{"@type":"ReadAction","target":["https:\/\/challengeseconomiques.com\/?p=7877"]}]},{"@type":"ImageObject","inLanguage":"fr-FR","@id":"https:\/\/challengeseconomiques.com\/?p=7877#primaryimage","url":"https:\/\/challengeseconomiques.com\/wp-content\/uploads\/2023\/03\/FMI-Previsions.webp","contentUrl":"https:\/\/challengeseconomiques.com\/wp-content\/uploads\/2023\/03\/FMI-Previsions.webp","width":800,"height":500},{"@type":"BreadcrumbList","@id":"https:\/\/challengeseconomiques.com\/?p=7877#breadcrumb","itemListElement":[{"@type":"ListItem","position":1,"name":"Home","item":"https:\/\/challengeseconomiques.com\/"},{"@type":"ListItem","position":2,"name":"S\u00e9n\u00e9gal-Fmi: Vers une d\u00e9rogation malgr\u00e9 le rapport de la Cour des comptes ?"}]},{"@type":"WebSite","@id":"https:\/\/challengeseconomiques.com\/#website","url":"https:\/\/challengeseconomiques.com\/","name":"challenges economiques","description":"","potentialAction":[{"@type":"SearchAction","target":{"@type":"EntryPoint","urlTemplate":"https:\/\/challengeseconomiques.com\/?s={search_term_string}"},"query-input":{"@type":"PropertyValueSpecification","valueRequired":true,"valueName":"search_term_string"}}],"inLanguage":"fr-FR"},{"@type":"Person","@id":"https:\/\/challengeseconomiques.com\/#\/schema\/person\/b4568c9afebc5a9238a771873801e349","name":"admin","image":{"@type":"ImageObject","inLanguage":"fr-FR","@id":"https:\/\/challengeseconomiques.com\/#\/schema\/person\/image\/","url":"https:\/\/secure.gravatar.com\/avatar\/099e42240b5eea11acdb72751fcce0dd918603f0749d24974b7984ea47ed9fd9?s=96&d=mm&r=g","contentUrl":"https:\/\/secure.gravatar.com\/avatar\/099e42240b5eea11acdb72751fcce0dd918603f0749d24974b7984ea47ed9fd9?s=96&d=mm&r=g","caption":"admin"},"sameAs":["https:\/\/challengeseconomiques.com"],"url":"https:\/\/challengeseconomiques.com\/?author=1"}]}},"jetpack_featured_media_url":"https:\/\/challengeseconomiques.com\/wp-content\/uploads\/2023\/03\/FMI-Previsions.webp","jetpack_sharing_enabled":true,"_links":{"self":[{"href":"https:\/\/challengeseconomiques.com\/index.php?rest_route=\/wp\/v2\/posts\/7877","targetHints":{"allow":["GET"]}}],"collection":[{"href":"https:\/\/challengeseconomiques.com\/index.php?rest_route=\/wp\/v2\/posts"}],"about":[{"href":"https:\/\/challengeseconomiques.com\/index.php?rest_route=\/wp\/v2\/types\/post"}],"author":[{"embeddable":true,"href":"https:\/\/challengeseconomiques.com\/index.php?rest_route=\/wp\/v2\/users\/1"}],"replies":[{"embeddable":true,"href":"https:\/\/challengeseconomiques.com\/index.php?rest_route=%2Fwp%2Fv2%2Fcomments&post=7877"}],"version-history":[{"count":1,"href":"https:\/\/challengeseconomiques.com\/index.php?rest_route=\/wp\/v2\/posts\/7877\/revisions"}],"predecessor-version":[{"id":7878,"href":"https:\/\/challengeseconomiques.com\/index.php?rest_route=\/wp\/v2\/posts\/7877\/revisions\/7878"}],"wp:featuredmedia":[{"embeddable":true,"href":"https:\/\/challengeseconomiques.com\/index.php?rest_route=\/wp\/v2\/media\/4390"}],"wp:attachment":[{"href":"https:\/\/challengeseconomiques.com\/index.php?rest_route=%2Fwp%2Fv2%2Fmedia&parent=7877"}],"wp:term":[{"taxonomy":"category","embeddable":true,"href":"https:\/\/challengeseconomiques.com\/index.php?rest_route=%2Fwp%2Fv2%2Fcategories&post=7877"},{"taxonomy":"post_tag","embeddable":true,"href":"https:\/\/challengeseconomiques.com\/index.php?rest_route=%2Fwp%2Fv2%2Ftags&post=7877"}],"curies":[{"name":"wp","href":"https:\/\/api.w.org\/{rel}","templated":true}]}}