{"id":7854,"date":"2025-02-25T12:39:07","date_gmt":"2025-02-25T12:39:07","guid":{"rendered":"https:\/\/challengeseconomiques.com\/?p=7854"},"modified":"2025-02-25T12:39:38","modified_gmt":"2025-02-25T12:39:38","slug":"le-senegal-lance-sa-nouvelle-strategie-numerique-denommee-new-deal-technologique","status":"publish","type":"post","link":"https:\/\/challengeseconomiques.com\/?p=7854","title":{"rendered":"Le S\u00e9n\u00e9gal lance sa nouvelle strat\u00e9gie num\u00e9rique d\u00e9nomm\u00e9e \u2018\u2019New deal technologique\u2019\u2019"},"content":{"rendered":"<p>Le S\u00e9n\u00e9gal proc\u00e8de, ce lundi, au lancement de sa nouvelle strat\u00e9gie num\u00e9rique d\u00e9nomm\u00e9e \u2018\u2019New deal technologique\u2019\u2019 qui se veut la source d\u2019une \u201dcroissance durable\u201d et \u201dle moteur d\u2019une administration performante au service des citoyens et des entreprises\u2019\u2019.<\/p>\n<p>La c\u00e9r\u00e9monie de lancement est pr\u00e9sid\u00e9e par le chef de l\u2019\u00c9tat, Bassirou Diomaye Diakhar Faye, au Centre International de Conf\u00e9rences Abdou Diouf (CICAD).<\/p>\n<p>Selon le minist\u00e8re de la Communication, des T\u00e9l\u00e9communications et du Num\u00e9rique, \u2018\u2019le S\u00e9n\u00e9gal compte faire de la recherche scientifique et l\u2019innovation technologique un objectif strat\u00e9gique prioritaire, source de croissance durable et moteur d\u2019une administration performante au service des citoyens et des entreprises\u2019\u2019.<\/p>\n<p>Dans un document de presse, la tutelle souligne que \u2018\u2019cette volont\u00e9 a \u00e9t\u00e9 clairement affich\u00e9e par le chef de l\u2019\u00c9tat qui, d\u00e8s sa prise de fonction, a demand\u00e9 de repenser l\u2019organisation et le fonctionnement de l\u2019administration, d\u2019accentuer la r\u00e9forme du service public autour de la digitalisation des proc\u00e9dures administratives et d\u2019amorcer le d\u00e9veloppement de l\u2019\u00e9conomie num\u00e9rique\u2019\u2019.<\/p>\n<p>\u2018\u2019Pour acc\u00e9l\u00e9rer la r\u00e9volution num\u00e9rique (SN VISION 2050 \u2013 OS6), indique le minist\u00e8re, la nouvelle strat\u00e9gie de l\u2019\u00c9tat du S\u00e9n\u00e9gal est (ainsi) articul\u00e9e autour de la souverainet\u00e9 num\u00e9rique; la digitalisation du service public; le d\u00e9veloppement de l\u2019\u00e9conomie num\u00e9rique\u2019\u2019, l\u2019objectif \u00e9tant de \u2018\u2019faire du S\u00e9n\u00e9gal, un leader du num\u00e9rique africain\u2019\u2019.<\/p>\n<p>La nouvelle strat\u00e9gie a vocation \u00e0 pr\u00e9senter \u2018\u2019une vision d\u2019ensemble des initiatives que compte prendre l\u2019\u00c9tat du S\u00e9n\u00e9gal dans le domaine du num\u00e9rique (\u2026)\u2019\u2019.<\/p>\n<p><strong>(APS)- <\/strong><\/p>\n","protected":false},"excerpt":{"rendered":"<p>Le S\u00e9n\u00e9gal proc\u00e8de, ce lundi, au lancement de sa nouvelle strat\u00e9gie num\u00e9rique d\u00e9nomm\u00e9e \u2018\u2019New deal technologique\u2019\u2019 qui se veut la source d\u2019une \u201dcroissance durable\u201d et&#8230;<\/p>\n","protected":false},"author":1,"featured_media":7855,"comment_status":"closed","ping_status":"open","sticky":false,"template":"","format":"standard","meta":{"_jetpack_memberships_contains_paid_content":false,"footnotes":""},"categories":[23,8],"tags":[],"class_list":["post-7854","post","type-post","status-publish","format-standard","has-post-thumbnail","hentry","category-a-la-une","category-actualite-economique","wpcat-23-id","wpcat-8-id"],"yoast_head":"<!-- This site is optimized with the Yoast SEO plugin v27.1.1 - https:\/\/yoast.com\/product\/yoast-seo-wordpress\/ -->\n<title>Le S\u00e9n\u00e9gal lance sa nouvelle strat\u00e9gie num\u00e9rique d\u00e9nomm\u00e9e \u2018\u2019New deal technologique\u2019\u2019 - challenges economiques<\/title>\n<meta name=\"robots\" content=\"index, follow, max-snippet:-1, max-image-preview:large, max-video-preview:-1\" \/>\n<link rel=\"canonical\" href=\"https:\/\/challengeseconomiques.com\/?p=7854\" \/>\n<meta property=\"og:locale\" content=\"fr_FR\" \/>\n<meta property=\"og:type\" content=\"article\" \/>\n<meta property=\"og:title\" content=\"Le S\u00e9n\u00e9gal lance sa nouvelle strat\u00e9gie num\u00e9rique d\u00e9nomm\u00e9e \u2018\u2019New deal technologique\u2019\u2019 - challenges economiques\" \/>\n<meta property=\"og:description\" content=\"Le S\u00e9n\u00e9gal proc\u00e8de, ce lundi, au lancement de sa nouvelle strat\u00e9gie num\u00e9rique d\u00e9nomm\u00e9e \u2018\u2019New deal technologique\u2019\u2019 qui se veut la source d\u2019une \u201dcroissance durable\u201d et...\" \/>\n<meta property=\"og:url\" content=\"https:\/\/challengeseconomiques.com\/?p=7854\" \/>\n<meta property=\"og:site_name\" content=\"challenges economiques\" \/>\n<meta property=\"article:published_time\" content=\"2025-02-25T12:39:07+00:00\" \/>\n<meta property=\"article:modified_time\" content=\"2025-02-25T12:39:38+00:00\" \/>\n<meta property=\"og:image\" content=\"https:\/\/challengeseconomiques.com\/wp-content\/uploads\/2025\/02\/presidiomaye.jpg\" \/>\n\t<meta property=\"og:image:width\" content=\"1024\" \/>\n\t<meta property=\"og:image:height\" content=\"678\" \/>\n\t<meta property=\"og:image:type\" content=\"image\/jpeg\" \/>\n<meta name=\"author\" content=\"admin\" \/>\n<meta name=\"twitter:card\" content=\"summary_large_image\" \/>\n<meta name=\"twitter:label1\" content=\"\u00c9crit par\" \/>\n\t<meta name=\"twitter:data1\" content=\"admin\" \/>\n\t<meta name=\"twitter:label2\" content=\"Dur\u00e9e de lecture estim\u00e9e\" \/>\n\t<meta name=\"twitter:data2\" content=\"1 minute\" \/>\n<script type=\"application\/ld+json\" class=\"yoast-schema-graph\">{\"@context\":\"https:\/\/schema.org\",\"@graph\":[{\"@type\":\"Article\",\"@id\":\"https:\/\/challengeseconomiques.com\/?p=7854#article\",\"isPartOf\":{\"@id\":\"https:\/\/challengeseconomiques.com\/?p=7854\"},\"author\":{\"name\":\"admin\",\"@id\":\"https:\/\/challengeseconomiques.com\/#\/schema\/person\/b4568c9afebc5a9238a771873801e349\"},\"headline\":\"Le S\u00e9n\u00e9gal lance sa nouvelle strat\u00e9gie num\u00e9rique d\u00e9nomm\u00e9e \u2018\u2019New deal technologique\u2019\u2019\",\"datePublished\":\"2025-02-25T12:39:07+00:00\",\"dateModified\":\"2025-02-25T12:39:38+00:00\",\"mainEntityOfPage\":{\"@id\":\"https:\/\/challengeseconomiques.com\/?p=7854\"},\"wordCount\":306,\"image\":{\"@id\":\"https:\/\/challengeseconomiques.com\/?p=7854#primaryimage\"},\"thumbnailUrl\":\"https:\/\/challengeseconomiques.com\/wp-content\/uploads\/2025\/02\/presidiomaye.jpg\",\"articleSection\":[\"A la une\",\"Actualit\u00e9 \u00e9conomique\"],\"inLanguage\":\"fr-FR\"},{\"@type\":\"WebPage\",\"@id\":\"https:\/\/challengeseconomiques.com\/?p=7854\",\"url\":\"https:\/\/challengeseconomiques.com\/?p=7854\",\"name\":\"Le S\u00e9n\u00e9gal lance sa nouvelle strat\u00e9gie num\u00e9rique d\u00e9nomm\u00e9e \u2018\u2019New deal technologique\u2019\u2019 - challenges economiques\",\"isPartOf\":{\"@id\":\"https:\/\/challengeseconomiques.com\/#website\"},\"primaryImageOfPage\":{\"@id\":\"https:\/\/challengeseconomiques.com\/?p=7854#primaryimage\"},\"image\":{\"@id\":\"https:\/\/challengeseconomiques.com\/?p=7854#primaryimage\"},\"thumbnailUrl\":\"https:\/\/challengeseconomiques.com\/wp-content\/uploads\/2025\/02\/presidiomaye.jpg\",\"datePublished\":\"2025-02-25T12:39:07+00:00\",\"dateModified\":\"2025-02-25T12:39:38+00:00\",\"author\":{\"@id\":\"https:\/\/challengeseconomiques.com\/#\/schema\/person\/b4568c9afebc5a9238a771873801e349\"},\"breadcrumb\":{\"@id\":\"https:\/\/challengeseconomiques.com\/?p=7854#breadcrumb\"},\"inLanguage\":\"fr-FR\",\"potentialAction\":[{\"@type\":\"ReadAction\",\"target\":[\"https:\/\/challengeseconomiques.com\/?p=7854\"]}]},{\"@type\":\"ImageObject\",\"inLanguage\":\"fr-FR\",\"@id\":\"https:\/\/challengeseconomiques.com\/?p=7854#primaryimage\",\"url\":\"https:\/\/challengeseconomiques.com\/wp-content\/uploads\/2025\/02\/presidiomaye.jpg\",\"contentUrl\":\"https:\/\/challengeseconomiques.com\/wp-content\/uploads\/2025\/02\/presidiomaye.jpg\",\"width\":1024,\"height\":678},{\"@type\":\"BreadcrumbList\",\"@id\":\"https:\/\/challengeseconomiques.com\/?p=7854#breadcrumb\",\"itemListElement\":[{\"@type\":\"ListItem\",\"position\":1,\"name\":\"Home\",\"item\":\"https:\/\/challengeseconomiques.com\/\"},{\"@type\":\"ListItem\",\"position\":2,\"name\":\"Le S\u00e9n\u00e9gal lance sa nouvelle strat\u00e9gie num\u00e9rique d\u00e9nomm\u00e9e \u2018\u2019New deal technologique\u2019\u2019\"}]},{\"@type\":\"WebSite\",\"@id\":\"https:\/\/challengeseconomiques.com\/#website\",\"url\":\"https:\/\/challengeseconomiques.com\/\",\"name\":\"challenges economiques\",\"description\":\"\",\"potentialAction\":[{\"@type\":\"SearchAction\",\"target\":{\"@type\":\"EntryPoint\",\"urlTemplate\":\"https:\/\/challengeseconomiques.com\/?s={search_term_string}\"},\"query-input\":{\"@type\":\"PropertyValueSpecification\",\"valueRequired\":true,\"valueName\":\"search_term_string\"}}],\"inLanguage\":\"fr-FR\"},{\"@type\":\"Person\",\"@id\":\"https:\/\/challengeseconomiques.com\/#\/schema\/person\/b4568c9afebc5a9238a771873801e349\",\"name\":\"admin\",\"image\":{\"@type\":\"ImageObject\",\"inLanguage\":\"fr-FR\",\"@id\":\"https:\/\/challengeseconomiques.com\/#\/schema\/person\/image\/\",\"url\":\"https:\/\/secure.gravatar.com\/avatar\/099e42240b5eea11acdb72751fcce0dd918603f0749d24974b7984ea47ed9fd9?s=96&d=mm&r=g\",\"contentUrl\":\"https:\/\/secure.gravatar.com\/avatar\/099e42240b5eea11acdb72751fcce0dd918603f0749d24974b7984ea47ed9fd9?s=96&d=mm&r=g\",\"caption\":\"admin\"},\"sameAs\":[\"https:\/\/challengeseconomiques.com\"],\"url\":\"https:\/\/challengeseconomiques.com\/?author=1\"}]}<\/script>\n<!-- \/ Yoast SEO plugin. -->","yoast_head_json":{"title":"Le S\u00e9n\u00e9gal lance sa nouvelle strat\u00e9gie num\u00e9rique d\u00e9nomm\u00e9e \u2018\u2019New deal technologique\u2019\u2019 - challenges economiques","robots":{"index":"index","follow":"follow","max-snippet":"max-snippet:-1","max-image-preview":"max-image-preview:large","max-video-preview":"max-video-preview:-1"},"canonical":"https:\/\/challengeseconomiques.com\/?p=7854","og_locale":"fr_FR","og_type":"article","og_title":"Le S\u00e9n\u00e9gal lance sa nouvelle strat\u00e9gie num\u00e9rique d\u00e9nomm\u00e9e \u2018\u2019New deal technologique\u2019\u2019 - challenges economiques","og_description":"Le S\u00e9n\u00e9gal proc\u00e8de, ce lundi, au lancement de sa nouvelle strat\u00e9gie num\u00e9rique d\u00e9nomm\u00e9e \u2018\u2019New deal technologique\u2019\u2019 qui se veut la source d\u2019une \u201dcroissance durable\u201d et...","og_url":"https:\/\/challengeseconomiques.com\/?p=7854","og_site_name":"challenges economiques","article_published_time":"2025-02-25T12:39:07+00:00","article_modified_time":"2025-02-25T12:39:38+00:00","og_image":[{"width":1024,"height":678,"url":"https:\/\/challengeseconomiques.com\/wp-content\/uploads\/2025\/02\/presidiomaye.jpg","type":"image\/jpeg"}],"author":"admin","twitter_card":"summary_large_image","twitter_misc":{"\u00c9crit par":"admin","Dur\u00e9e de lecture estim\u00e9e":"1 minute"},"schema":{"@context":"https:\/\/schema.org","@graph":[{"@type":"Article","@id":"https:\/\/challengeseconomiques.com\/?p=7854#article","isPartOf":{"@id":"https:\/\/challengeseconomiques.com\/?p=7854"},"author":{"name":"admin","@id":"https:\/\/challengeseconomiques.com\/#\/schema\/person\/b4568c9afebc5a9238a771873801e349"},"headline":"Le S\u00e9n\u00e9gal lance sa nouvelle strat\u00e9gie num\u00e9rique d\u00e9nomm\u00e9e \u2018\u2019New deal technologique\u2019\u2019","datePublished":"2025-02-25T12:39:07+00:00","dateModified":"2025-02-25T12:39:38+00:00","mainEntityOfPage":{"@id":"https:\/\/challengeseconomiques.com\/?p=7854"},"wordCount":306,"image":{"@id":"https:\/\/challengeseconomiques.com\/?p=7854#primaryimage"},"thumbnailUrl":"https:\/\/challengeseconomiques.com\/wp-content\/uploads\/2025\/02\/presidiomaye.jpg","articleSection":["A la une","Actualit\u00e9 \u00e9conomique"],"inLanguage":"fr-FR"},{"@type":"WebPage","@id":"https:\/\/challengeseconomiques.com\/?p=7854","url":"https:\/\/challengeseconomiques.com\/?p=7854","name":"Le S\u00e9n\u00e9gal lance sa nouvelle strat\u00e9gie num\u00e9rique d\u00e9nomm\u00e9e \u2018\u2019New deal technologique\u2019\u2019 - challenges economiques","isPartOf":{"@id":"https:\/\/challengeseconomiques.com\/#website"},"primaryImageOfPage":{"@id":"https:\/\/challengeseconomiques.com\/?p=7854#primaryimage"},"image":{"@id":"https:\/\/challengeseconomiques.com\/?p=7854#primaryimage"},"thumbnailUrl":"https:\/\/challengeseconomiques.com\/wp-content\/uploads\/2025\/02\/presidiomaye.jpg","datePublished":"2025-02-25T12:39:07+00:00","dateModified":"2025-02-25T12:39:38+00:00","author":{"@id":"https:\/\/challengeseconomiques.com\/#\/schema\/person\/b4568c9afebc5a9238a771873801e349"},"breadcrumb":{"@id":"https:\/\/challengeseconomiques.com\/?p=7854#breadcrumb"},"inLanguage":"fr-FR","potentialAction":[{"@type":"ReadAction","target":["https:\/\/challengeseconomiques.com\/?p=7854"]}]},{"@type":"ImageObject","inLanguage":"fr-FR","@id":"https:\/\/challengeseconomiques.com\/?p=7854#primaryimage","url":"https:\/\/challengeseconomiques.com\/wp-content\/uploads\/2025\/02\/presidiomaye.jpg","contentUrl":"https:\/\/challengeseconomiques.com\/wp-content\/uploads\/2025\/02\/presidiomaye.jpg","width":1024,"height":678},{"@type":"BreadcrumbList","@id":"https:\/\/challengeseconomiques.com\/?p=7854#breadcrumb","itemListElement":[{"@type":"ListItem","position":1,"name":"Home","item":"https:\/\/challengeseconomiques.com\/"},{"@type":"ListItem","position":2,"name":"Le S\u00e9n\u00e9gal lance sa nouvelle strat\u00e9gie num\u00e9rique d\u00e9nomm\u00e9e \u2018\u2019New deal technologique\u2019\u2019"}]},{"@type":"WebSite","@id":"https:\/\/challengeseconomiques.com\/#website","url":"https:\/\/challengeseconomiques.com\/","name":"challenges economiques","description":"","potentialAction":[{"@type":"SearchAction","target":{"@type":"EntryPoint","urlTemplate":"https:\/\/challengeseconomiques.com\/?s={search_term_string}"},"query-input":{"@type":"PropertyValueSpecification","valueRequired":true,"valueName":"search_term_string"}}],"inLanguage":"fr-FR"},{"@type":"Person","@id":"https:\/\/challengeseconomiques.com\/#\/schema\/person\/b4568c9afebc5a9238a771873801e349","name":"admin","image":{"@type":"ImageObject","inLanguage":"fr-FR","@id":"https:\/\/challengeseconomiques.com\/#\/schema\/person\/image\/","url":"https:\/\/secure.gravatar.com\/avatar\/099e42240b5eea11acdb72751fcce0dd918603f0749d24974b7984ea47ed9fd9?s=96&d=mm&r=g","contentUrl":"https:\/\/secure.gravatar.com\/avatar\/099e42240b5eea11acdb72751fcce0dd918603f0749d24974b7984ea47ed9fd9?s=96&d=mm&r=g","caption":"admin"},"sameAs":["https:\/\/challengeseconomiques.com"],"url":"https:\/\/challengeseconomiques.com\/?author=1"}]}},"jetpack_featured_media_url":"https:\/\/challengeseconomiques.com\/wp-content\/uploads\/2025\/02\/presidiomaye.jpg","jetpack_sharing_enabled":true,"_links":{"self":[{"href":"https:\/\/challengeseconomiques.com\/index.php?rest_route=\/wp\/v2\/posts\/7854","targetHints":{"allow":["GET"]}}],"collection":[{"href":"https:\/\/challengeseconomiques.com\/index.php?rest_route=\/wp\/v2\/posts"}],"about":[{"href":"https:\/\/challengeseconomiques.com\/index.php?rest_route=\/wp\/v2\/types\/post"}],"author":[{"embeddable":true,"href":"https:\/\/challengeseconomiques.com\/index.php?rest_route=\/wp\/v2\/users\/1"}],"replies":[{"embeddable":true,"href":"https:\/\/challengeseconomiques.com\/index.php?rest_route=%2Fwp%2Fv2%2Fcomments&post=7854"}],"version-history":[{"count":1,"href":"https:\/\/challengeseconomiques.com\/index.php?rest_route=\/wp\/v2\/posts\/7854\/revisions"}],"predecessor-version":[{"id":7856,"href":"https:\/\/challengeseconomiques.com\/index.php?rest_route=\/wp\/v2\/posts\/7854\/revisions\/7856"}],"wp:featuredmedia":[{"embeddable":true,"href":"https:\/\/challengeseconomiques.com\/index.php?rest_route=\/wp\/v2\/media\/7855"}],"wp:attachment":[{"href":"https:\/\/challengeseconomiques.com\/index.php?rest_route=%2Fwp%2Fv2%2Fmedia&parent=7854"}],"wp:term":[{"taxonomy":"category","embeddable":true,"href":"https:\/\/challengeseconomiques.com\/index.php?rest_route=%2Fwp%2Fv2%2Fcategories&post=7854"},{"taxonomy":"post_tag","embeddable":true,"href":"https:\/\/challengeseconomiques.com\/index.php?rest_route=%2Fwp%2Fv2%2Ftags&post=7854"}],"curies":[{"name":"wp","href":"https:\/\/api.w.org\/{rel}","templated":true}]}}