{"id":7846,"date":"2025-02-21T18:11:45","date_gmt":"2025-02-21T18:11:45","guid":{"rendered":"https:\/\/challengeseconomiques.com\/?p=7846"},"modified":"2025-02-21T18:14:04","modified_gmt":"2025-02-21T18:14:04","slug":"presidence-de-la-bad-la-liste-des-candidats-connue","status":"publish","type":"post","link":"https:\/\/challengeseconomiques.com\/?p=7846","title":{"rendered":"Pr\u00e9sidence de la BAD : La liste officielle  des candidats connue"},"content":{"rendered":"<p>Le successeur du nig\u00e9rian Akinwumi Ad\u00e9sina \u00e0 la t\u00eate de la banque africaine de d\u00e9veloppement sera choisi parmi ces cinq personnalit\u00e9s : M. HOTT Amadou, S\u00e9n\u00e9gal, Dr MAIMBO Samuel Munzele, Zambie , M. TAH Sidi Ould, Mauritanie, M. TOLLI Abbas Mahamat, Tchad et Mme TSHABALALA Bajabulile Swazi, Afrique du Sud. C\u2019est un \u00a0communiqu\u00e9 de la BAD qui donne l\u2019information. A l\u2019issue d\u2019une r\u00e9union du Comit\u00e9 directeur du Conseil des gouverneurs sur l\u2019\u00e9lection du pr\u00e9sident de la Banque africaine de d\u00e9veloppement tenue \u00a0les 11 et 12 f\u00e9vrier 2025, au si\u00e8ge du Groupe de la Banque \u00e0 Abidjan, C\u00f4te d\u2019Ivoire, \u00a0les candidatures de ces cinq personnalit\u00e9s \u00a0ont \u00e9t\u00e9 \u00a0valid\u00e9es, apr\u00e8s examen. L\u2019\u00e9lection du prochain Pr\u00e9sident de la banque africaine de d\u00e9veloppement aura lieu\u00a0\u00a0 le 29 mai 2025, \u00e0 l\u2019occasion des Assembl\u00e9es annuelles.<\/p>\n","protected":false},"excerpt":{"rendered":"<p>Le successeur du nig\u00e9rian Akinwumi Ad\u00e9sina \u00e0 la t\u00eate de la banque africaine de d\u00e9veloppement sera choisi parmi ces cinq personnalit\u00e9s : M. HOTT Amadou,&#8230;<\/p>\n","protected":false},"author":1,"featured_media":5018,"comment_status":"closed","ping_status":"open","sticky":false,"template":"","format":"standard","meta":{"_jetpack_memberships_contains_paid_content":false,"footnotes":""},"categories":[23,8,10],"tags":[],"class_list":["post-7846","post","type-post","status-publish","format-standard","has-post-thumbnail","hentry","category-a-la-une","category-actualite-economique","category-infos-eco","wpcat-23-id","wpcat-8-id","wpcat-10-id"],"yoast_head":"<!-- This site is optimized with the Yoast SEO plugin v27.1.1 - https:\/\/yoast.com\/product\/yoast-seo-wordpress\/ -->\n<title>Pr\u00e9sidence de la BAD : La liste officielle des candidats connue - challenges economiques<\/title>\n<meta name=\"robots\" content=\"index, follow, max-snippet:-1, max-image-preview:large, max-video-preview:-1\" \/>\n<link rel=\"canonical\" href=\"https:\/\/challengeseconomiques.com\/?p=7846\" \/>\n<meta property=\"og:locale\" content=\"fr_FR\" \/>\n<meta property=\"og:type\" content=\"article\" \/>\n<meta property=\"og:title\" content=\"Pr\u00e9sidence de la BAD : La liste officielle des candidats connue - challenges economiques\" \/>\n<meta property=\"og:description\" content=\"Le successeur du nig\u00e9rian Akinwumi Ad\u00e9sina \u00e0 la t\u00eate de la banque africaine de d\u00e9veloppement sera choisi parmi ces cinq personnalit\u00e9s : M. HOTT Amadou,...\" \/>\n<meta property=\"og:url\" content=\"https:\/\/challengeseconomiques.com\/?p=7846\" \/>\n<meta property=\"og:site_name\" content=\"challenges economiques\" \/>\n<meta property=\"article:published_time\" content=\"2025-02-21T18:11:45+00:00\" \/>\n<meta property=\"article:modified_time\" content=\"2025-02-21T18:14:04+00:00\" \/>\n<meta property=\"og:image\" content=\"https:\/\/challengeseconomiques.com\/wp-content\/uploads\/2023\/07\/badis.webp\" \/>\n\t<meta property=\"og:image:width\" content=\"1300\" \/>\n\t<meta property=\"og:image:height\" content=\"535\" \/>\n\t<meta property=\"og:image:type\" content=\"image\/webp\" \/>\n<meta name=\"author\" content=\"admin\" \/>\n<meta name=\"twitter:card\" content=\"summary_large_image\" \/>\n<meta name=\"twitter:label1\" content=\"\u00c9crit par\" \/>\n\t<meta name=\"twitter:data1\" content=\"admin\" \/>\n\t<meta name=\"twitter:label2\" content=\"Dur\u00e9e de lecture estim\u00e9e\" \/>\n\t<meta name=\"twitter:data2\" content=\"1 minute\" \/>\n<script type=\"application\/ld+json\" class=\"yoast-schema-graph\">{\"@context\":\"https:\/\/schema.org\",\"@graph\":[{\"@type\":\"Article\",\"@id\":\"https:\/\/challengeseconomiques.com\/?p=7846#article\",\"isPartOf\":{\"@id\":\"https:\/\/challengeseconomiques.com\/?p=7846\"},\"author\":{\"name\":\"admin\",\"@id\":\"https:\/\/challengeseconomiques.com\/#\/schema\/person\/b4568c9afebc5a9238a771873801e349\"},\"headline\":\"Pr\u00e9sidence de la BAD : La liste officielle des candidats connue\",\"datePublished\":\"2025-02-21T18:11:45+00:00\",\"dateModified\":\"2025-02-21T18:14:04+00:00\",\"mainEntityOfPage\":{\"@id\":\"https:\/\/challengeseconomiques.com\/?p=7846\"},\"wordCount\":158,\"image\":{\"@id\":\"https:\/\/challengeseconomiques.com\/?p=7846#primaryimage\"},\"thumbnailUrl\":\"https:\/\/challengeseconomiques.com\/wp-content\/uploads\/2023\/07\/badis.webp\",\"articleSection\":[\"A la une\",\"Actualit\u00e9 \u00e9conomique\",\"Infos \u00e9co\"],\"inLanguage\":\"fr-FR\"},{\"@type\":\"WebPage\",\"@id\":\"https:\/\/challengeseconomiques.com\/?p=7846\",\"url\":\"https:\/\/challengeseconomiques.com\/?p=7846\",\"name\":\"Pr\u00e9sidence de la BAD : La liste officielle des candidats connue - challenges economiques\",\"isPartOf\":{\"@id\":\"https:\/\/challengeseconomiques.com\/#website\"},\"primaryImageOfPage\":{\"@id\":\"https:\/\/challengeseconomiques.com\/?p=7846#primaryimage\"},\"image\":{\"@id\":\"https:\/\/challengeseconomiques.com\/?p=7846#primaryimage\"},\"thumbnailUrl\":\"https:\/\/challengeseconomiques.com\/wp-content\/uploads\/2023\/07\/badis.webp\",\"datePublished\":\"2025-02-21T18:11:45+00:00\",\"dateModified\":\"2025-02-21T18:14:04+00:00\",\"author\":{\"@id\":\"https:\/\/challengeseconomiques.com\/#\/schema\/person\/b4568c9afebc5a9238a771873801e349\"},\"breadcrumb\":{\"@id\":\"https:\/\/challengeseconomiques.com\/?p=7846#breadcrumb\"},\"inLanguage\":\"fr-FR\",\"potentialAction\":[{\"@type\":\"ReadAction\",\"target\":[\"https:\/\/challengeseconomiques.com\/?p=7846\"]}]},{\"@type\":\"ImageObject\",\"inLanguage\":\"fr-FR\",\"@id\":\"https:\/\/challengeseconomiques.com\/?p=7846#primaryimage\",\"url\":\"https:\/\/challengeseconomiques.com\/wp-content\/uploads\/2023\/07\/badis.webp\",\"contentUrl\":\"https:\/\/challengeseconomiques.com\/wp-content\/uploads\/2023\/07\/badis.webp\",\"width\":1300,\"height\":535},{\"@type\":\"BreadcrumbList\",\"@id\":\"https:\/\/challengeseconomiques.com\/?p=7846#breadcrumb\",\"itemListElement\":[{\"@type\":\"ListItem\",\"position\":1,\"name\":\"Home\",\"item\":\"https:\/\/challengeseconomiques.com\/\"},{\"@type\":\"ListItem\",\"position\":2,\"name\":\"Pr\u00e9sidence de la BAD : La liste officielle des candidats connue\"}]},{\"@type\":\"WebSite\",\"@id\":\"https:\/\/challengeseconomiques.com\/#website\",\"url\":\"https:\/\/challengeseconomiques.com\/\",\"name\":\"challenges economiques\",\"description\":\"\",\"potentialAction\":[{\"@type\":\"SearchAction\",\"target\":{\"@type\":\"EntryPoint\",\"urlTemplate\":\"https:\/\/challengeseconomiques.com\/?s={search_term_string}\"},\"query-input\":{\"@type\":\"PropertyValueSpecification\",\"valueRequired\":true,\"valueName\":\"search_term_string\"}}],\"inLanguage\":\"fr-FR\"},{\"@type\":\"Person\",\"@id\":\"https:\/\/challengeseconomiques.com\/#\/schema\/person\/b4568c9afebc5a9238a771873801e349\",\"name\":\"admin\",\"image\":{\"@type\":\"ImageObject\",\"inLanguage\":\"fr-FR\",\"@id\":\"https:\/\/challengeseconomiques.com\/#\/schema\/person\/image\/\",\"url\":\"https:\/\/secure.gravatar.com\/avatar\/099e42240b5eea11acdb72751fcce0dd918603f0749d24974b7984ea47ed9fd9?s=96&d=mm&r=g\",\"contentUrl\":\"https:\/\/secure.gravatar.com\/avatar\/099e42240b5eea11acdb72751fcce0dd918603f0749d24974b7984ea47ed9fd9?s=96&d=mm&r=g\",\"caption\":\"admin\"},\"sameAs\":[\"https:\/\/challengeseconomiques.com\"],\"url\":\"https:\/\/challengeseconomiques.com\/?author=1\"}]}<\/script>\n<!-- \/ Yoast SEO plugin. -->","yoast_head_json":{"title":"Pr\u00e9sidence de la BAD : La liste officielle des candidats connue - challenges economiques","robots":{"index":"index","follow":"follow","max-snippet":"max-snippet:-1","max-image-preview":"max-image-preview:large","max-video-preview":"max-video-preview:-1"},"canonical":"https:\/\/challengeseconomiques.com\/?p=7846","og_locale":"fr_FR","og_type":"article","og_title":"Pr\u00e9sidence de la BAD : La liste officielle des candidats connue - challenges economiques","og_description":"Le successeur du nig\u00e9rian Akinwumi Ad\u00e9sina \u00e0 la t\u00eate de la banque africaine de d\u00e9veloppement sera choisi parmi ces cinq personnalit\u00e9s : M. HOTT Amadou,...","og_url":"https:\/\/challengeseconomiques.com\/?p=7846","og_site_name":"challenges economiques","article_published_time":"2025-02-21T18:11:45+00:00","article_modified_time":"2025-02-21T18:14:04+00:00","og_image":[{"width":1300,"height":535,"url":"https:\/\/challengeseconomiques.com\/wp-content\/uploads\/2023\/07\/badis.webp","type":"image\/webp"}],"author":"admin","twitter_card":"summary_large_image","twitter_misc":{"\u00c9crit par":"admin","Dur\u00e9e de lecture estim\u00e9e":"1 minute"},"schema":{"@context":"https:\/\/schema.org","@graph":[{"@type":"Article","@id":"https:\/\/challengeseconomiques.com\/?p=7846#article","isPartOf":{"@id":"https:\/\/challengeseconomiques.com\/?p=7846"},"author":{"name":"admin","@id":"https:\/\/challengeseconomiques.com\/#\/schema\/person\/b4568c9afebc5a9238a771873801e349"},"headline":"Pr\u00e9sidence de la BAD : La liste officielle des candidats connue","datePublished":"2025-02-21T18:11:45+00:00","dateModified":"2025-02-21T18:14:04+00:00","mainEntityOfPage":{"@id":"https:\/\/challengeseconomiques.com\/?p=7846"},"wordCount":158,"image":{"@id":"https:\/\/challengeseconomiques.com\/?p=7846#primaryimage"},"thumbnailUrl":"https:\/\/challengeseconomiques.com\/wp-content\/uploads\/2023\/07\/badis.webp","articleSection":["A la une","Actualit\u00e9 \u00e9conomique","Infos \u00e9co"],"inLanguage":"fr-FR"},{"@type":"WebPage","@id":"https:\/\/challengeseconomiques.com\/?p=7846","url":"https:\/\/challengeseconomiques.com\/?p=7846","name":"Pr\u00e9sidence de la BAD : La liste officielle des candidats connue - challenges economiques","isPartOf":{"@id":"https:\/\/challengeseconomiques.com\/#website"},"primaryImageOfPage":{"@id":"https:\/\/challengeseconomiques.com\/?p=7846#primaryimage"},"image":{"@id":"https:\/\/challengeseconomiques.com\/?p=7846#primaryimage"},"thumbnailUrl":"https:\/\/challengeseconomiques.com\/wp-content\/uploads\/2023\/07\/badis.webp","datePublished":"2025-02-21T18:11:45+00:00","dateModified":"2025-02-21T18:14:04+00:00","author":{"@id":"https:\/\/challengeseconomiques.com\/#\/schema\/person\/b4568c9afebc5a9238a771873801e349"},"breadcrumb":{"@id":"https:\/\/challengeseconomiques.com\/?p=7846#breadcrumb"},"inLanguage":"fr-FR","potentialAction":[{"@type":"ReadAction","target":["https:\/\/challengeseconomiques.com\/?p=7846"]}]},{"@type":"ImageObject","inLanguage":"fr-FR","@id":"https:\/\/challengeseconomiques.com\/?p=7846#primaryimage","url":"https:\/\/challengeseconomiques.com\/wp-content\/uploads\/2023\/07\/badis.webp","contentUrl":"https:\/\/challengeseconomiques.com\/wp-content\/uploads\/2023\/07\/badis.webp","width":1300,"height":535},{"@type":"BreadcrumbList","@id":"https:\/\/challengeseconomiques.com\/?p=7846#breadcrumb","itemListElement":[{"@type":"ListItem","position":1,"name":"Home","item":"https:\/\/challengeseconomiques.com\/"},{"@type":"ListItem","position":2,"name":"Pr\u00e9sidence de la BAD : La liste officielle des candidats connue"}]},{"@type":"WebSite","@id":"https:\/\/challengeseconomiques.com\/#website","url":"https:\/\/challengeseconomiques.com\/","name":"challenges economiques","description":"","potentialAction":[{"@type":"SearchAction","target":{"@type":"EntryPoint","urlTemplate":"https:\/\/challengeseconomiques.com\/?s={search_term_string}"},"query-input":{"@type":"PropertyValueSpecification","valueRequired":true,"valueName":"search_term_string"}}],"inLanguage":"fr-FR"},{"@type":"Person","@id":"https:\/\/challengeseconomiques.com\/#\/schema\/person\/b4568c9afebc5a9238a771873801e349","name":"admin","image":{"@type":"ImageObject","inLanguage":"fr-FR","@id":"https:\/\/challengeseconomiques.com\/#\/schema\/person\/image\/","url":"https:\/\/secure.gravatar.com\/avatar\/099e42240b5eea11acdb72751fcce0dd918603f0749d24974b7984ea47ed9fd9?s=96&d=mm&r=g","contentUrl":"https:\/\/secure.gravatar.com\/avatar\/099e42240b5eea11acdb72751fcce0dd918603f0749d24974b7984ea47ed9fd9?s=96&d=mm&r=g","caption":"admin"},"sameAs":["https:\/\/challengeseconomiques.com"],"url":"https:\/\/challengeseconomiques.com\/?author=1"}]}},"jetpack_featured_media_url":"https:\/\/challengeseconomiques.com\/wp-content\/uploads\/2023\/07\/badis.webp","jetpack_sharing_enabled":true,"_links":{"self":[{"href":"https:\/\/challengeseconomiques.com\/index.php?rest_route=\/wp\/v2\/posts\/7846","targetHints":{"allow":["GET"]}}],"collection":[{"href":"https:\/\/challengeseconomiques.com\/index.php?rest_route=\/wp\/v2\/posts"}],"about":[{"href":"https:\/\/challengeseconomiques.com\/index.php?rest_route=\/wp\/v2\/types\/post"}],"author":[{"embeddable":true,"href":"https:\/\/challengeseconomiques.com\/index.php?rest_route=\/wp\/v2\/users\/1"}],"replies":[{"embeddable":true,"href":"https:\/\/challengeseconomiques.com\/index.php?rest_route=%2Fwp%2Fv2%2Fcomments&post=7846"}],"version-history":[{"count":2,"href":"https:\/\/challengeseconomiques.com\/index.php?rest_route=\/wp\/v2\/posts\/7846\/revisions"}],"predecessor-version":[{"id":7848,"href":"https:\/\/challengeseconomiques.com\/index.php?rest_route=\/wp\/v2\/posts\/7846\/revisions\/7848"}],"wp:featuredmedia":[{"embeddable":true,"href":"https:\/\/challengeseconomiques.com\/index.php?rest_route=\/wp\/v2\/media\/5018"}],"wp:attachment":[{"href":"https:\/\/challengeseconomiques.com\/index.php?rest_route=%2Fwp%2Fv2%2Fmedia&parent=7846"}],"wp:term":[{"taxonomy":"category","embeddable":true,"href":"https:\/\/challengeseconomiques.com\/index.php?rest_route=%2Fwp%2Fv2%2Fcategories&post=7846"},{"taxonomy":"post_tag","embeddable":true,"href":"https:\/\/challengeseconomiques.com\/index.php?rest_route=%2Fwp%2Fv2%2Ftags&post=7846"}],"curies":[{"name":"wp","href":"https:\/\/api.w.org\/{rel}","templated":true}]}}