{"id":7809,"date":"2025-02-17T17:07:12","date_gmt":"2025-02-17T17:07:12","guid":{"rendered":"https:\/\/challengeseconomiques.com\/?p=7809"},"modified":"2025-02-17T17:08:21","modified_gmt":"2025-02-17T17:08:21","slug":"cloture-de-la-phase-1-du-peevie-80-entreprises-outillees-en-veille-et-intelligence-economique","status":"publish","type":"post","link":"https:\/\/challengeseconomiques.com\/?p=7809","title":{"rendered":"Cl\u00f4ture de la Phase 1 du PEEVIE : 80 entreprises outill\u00e9es en veille et intelligence \u00e9conomique"},"content":{"rendered":"<p><strong>La Chambre de Commerce, d\u2019Industrie et d\u2019Agriculture de Dakar (CCIAD) a organis\u00e9, le jeudi 13 f\u00e9vrier 2025, la c\u00e9r\u00e9monie de cl\u00f4ture de la phase 1 du Projet d\u2019Encadrement des Entreprises en Veille et Intelligence \u00c9conomique (PEEVIE). Initi\u00e9e en 2020, cette phase a permis de former 80 entreprises dans divers domaines, notamment la compr\u00e9hension de l\u2019environnement \u00e9conomique, les proc\u00e9dures de soumission aux march\u00e9s et la participation aux rencontres \u00e9conomiques.<\/strong><\/p>\n<p>Plusieurs entreprises individuelles, Soci\u00e9t\u00e9s \u00e0 Responsabilit\u00e9 Limit\u00e9e (SARL), Soci\u00e9t\u00e9s Unipersonnelles \u00e0 Responsabilit\u00e9 Limit\u00e9e (SUARL) et un Groupement d\u2019Int\u00e9r\u00eat \u00c9conomique (GIE) ont b\u00e9n\u00e9fici\u00e9 de l\u2019accompagnement de la CCIAD. Ces entreprises op\u00e8rent dans des secteurs vari\u00e9s tels que le commerce, l\u2019agriculture, l\u2019\u00e9levage, les services, l\u2019industrie et les BTP.<\/p>\n<p>Selon le Secr\u00e9taire g\u00e9n\u00e9ral de la CCIAD, Dr Mbaye Chim\u00e8re Ndiaye, l\u2019objectif global du PEEVIE est d\u2019accompagner les entreprises, notamment celles qui ne sont pas \u00e9ligibles \u00e0 la Mise \u00e0 Niveau, afin d\u2019am\u00e9liorer leurs performances \u00e9conomiques gr\u00e2ce \u00e0 un syst\u00e8me de veille et d\u2019intelligence \u00e9conomique. L\u2019initiative vise ainsi \u00e0 leur fournir des informations strat\u00e9giques, \u00e0 renforcer les capacit\u00e9s des chefs d\u2019entreprise et \u00e0 faciliter la cr\u00e9ation de partenariats \u00e0 travers des salons, foires, forums, expositions et autres rencontres \u00e9conomiques. Ces entreprises ont \u00e9galement l\u2019opportunit\u00e9 de partager les meilleures pratiques lors de s\u00e9ances de networking, a-t-il indiqu\u00e9.<\/p>\n<p>D\u2019apr\u00e8s le Secr\u00e9taire g\u00e9n\u00e9ral, l\u2019intelligence \u00e9conomique est aujourd\u2019hui bien plus qu\u2019un simple outil strat\u00e9gique. \u00ab C\u2019est une culture, un \u00e9tat d\u2019esprit, une mani\u00e8re de penser et d\u2019agir dans un monde en perp\u00e9tuelle mutation. A travers ce projet, nous avons accompagn\u00e9 des entreprises dans la ma\u00eetrise de cette discipline en leur fournissant les cl\u00e9s pour anticiper les risques, saisir les opportunit\u00e9s et renforcer leur comp\u00e9titivit\u00e9 sur des march\u00e9s de plus en plus complexes \u00bb, a-t-il pr\u00e9cis\u00e9.<\/p>\n<p><strong>Des r\u00e9sultats probants<\/strong><\/p>\n<p>Au cours de la c\u00e9r\u00e9monie, les principaux r\u00e9sultats obtenus ont \u00e9t\u00e9 pr\u00e9sent\u00e9s. Dr Awa Gueye Beye, coordonnatrice du PEEVIE, a soulign\u00e9 que plusieurs entreprises disposent d\u00e9sormais d\u2019une meilleure compr\u00e9hension de l\u2019environnement \u00e9conomique ainsi que des proc\u00e9dures de soumission aux march\u00e9s publics. Le projet leur a \u00e9galement permis d\u2019am\u00e9liorer leur ma\u00eetrise des outils de gestion et de renforcer leur capacit\u00e9 \u00e0 participer aux rencontres commerciales.<\/p>\n<p>En raison de la pand\u00e9mie de COVID-19, qui a fortement impact\u00e9 l\u2019environnement \u00e9conomique, la dur\u00e9e du projet a \u00e9t\u00e9 prolong\u00e9e. Toutefois, le nombre d\u2019entreprises b\u00e9n\u00e9ficiaires, initialement fix\u00e9 \u00e0 50, a \u00e9t\u00e9 port\u00e9 \u00e0 80, a pr\u00e9cis\u00e9 Mme Beye. Les sessions de formation se sont d\u00e9roul\u00e9es en pr\u00e9sentiel pour certaines et en visioconf\u00e9rence pour d\u2019autres.<\/p>\n<p>Parmi les b\u00e9n\u00e9ficiaires, Samba Diop, p\u00e9trochimiste et directeur de l\u2019entreprise MESTTAM, estime que cette premi\u00e8re phase a \u00e9t\u00e9 tr\u00e8s \u00ab utile aux entreprises \u00bb. Il souligne que la plateforme mise en place leur permet d\u2019\u00e9changer r\u00e9guli\u00e8rement et de recevoir des informations \u00e9conomiques claires et pertinentes pour les aider dans leurs prises de d\u00e9cision. Il appelle \u00e9galement l\u2019\u00c9tat \u00e0 renforcer les moyens de la CCIAD afin d\u2019am\u00e9liorer l\u2019accompagnement des entreprises.<\/p>\n<p>Les b\u00e9n\u00e9ficiaires ont re\u00e7u leurs attestations de fin de formation. Selon le Secr\u00e9taire g\u00e9n\u00e9ral de la CCIAD, les activit\u00e9s de la phase 2 ont d\u00e9j\u00e0 commenc\u00e9, et la c\u00e9r\u00e9monie de lancement se tiendra prochainement.<\/p>\n<p><strong>(BIE)<br \/>\n<\/strong><\/p>\n","protected":false},"excerpt":{"rendered":"<p>La Chambre de Commerce, d\u2019Industrie et d\u2019Agriculture de Dakar (CCIAD) a organis\u00e9, le jeudi 13 f\u00e9vrier 2025, la c\u00e9r\u00e9monie de cl\u00f4ture de la phase 1&#8230;<\/p>\n","protected":false},"author":1,"featured_media":7810,"comment_status":"closed","ping_status":"open","sticky":false,"template":"","format":"standard","meta":{"_jetpack_memberships_contains_paid_content":false,"footnotes":""},"categories":[8,10],"tags":[],"class_list":["post-7809","post","type-post","status-publish","format-standard","has-post-thumbnail","hentry","category-actualite-economique","category-infos-eco","wpcat-8-id","wpcat-10-id"],"yoast_head":"<!-- This site is optimized with the Yoast SEO plugin v27.1.1 - https:\/\/yoast.com\/product\/yoast-seo-wordpress\/ -->\n<title>Cl\u00f4ture de la Phase 1 du PEEVIE : 80 entreprises outill\u00e9es en veille et intelligence \u00e9conomique - challenges economiques<\/title>\n<meta name=\"robots\" content=\"index, follow, max-snippet:-1, max-image-preview:large, max-video-preview:-1\" \/>\n<link rel=\"canonical\" href=\"https:\/\/challengeseconomiques.com\/?p=7809\" \/>\n<meta property=\"og:locale\" content=\"fr_FR\" \/>\n<meta property=\"og:type\" content=\"article\" \/>\n<meta property=\"og:title\" content=\"Cl\u00f4ture de la Phase 1 du PEEVIE : 80 entreprises outill\u00e9es en veille et intelligence \u00e9conomique - challenges economiques\" \/>\n<meta property=\"og:description\" content=\"La Chambre de Commerce, d\u2019Industrie et d\u2019Agriculture de Dakar (CCIAD) a organis\u00e9, le jeudi 13 f\u00e9vrier 2025, la c\u00e9r\u00e9monie de cl\u00f4ture de la phase 1...\" \/>\n<meta property=\"og:url\" content=\"https:\/\/challengeseconomiques.com\/?p=7809\" \/>\n<meta property=\"og:site_name\" content=\"challenges economiques\" \/>\n<meta property=\"article:published_time\" content=\"2025-02-17T17:07:12+00:00\" \/>\n<meta property=\"article:modified_time\" content=\"2025-02-17T17:08:21+00:00\" \/>\n<meta property=\"og:image\" content=\"https:\/\/challengeseconomiques.com\/wp-content\/uploads\/2025\/02\/PEEVIE_Diplomes_Phase-0.jpeg\" \/>\n\t<meta property=\"og:image:width\" content=\"1080\" \/>\n\t<meta property=\"og:image:height\" content=\"715\" \/>\n\t<meta property=\"og:image:type\" content=\"image\/jpeg\" \/>\n<meta name=\"author\" content=\"admin\" \/>\n<meta name=\"twitter:card\" content=\"summary_large_image\" \/>\n<meta name=\"twitter:label1\" content=\"\u00c9crit par\" \/>\n\t<meta name=\"twitter:data1\" content=\"admin\" \/>\n\t<meta name=\"twitter:label2\" content=\"Dur\u00e9e de lecture estim\u00e9e\" \/>\n\t<meta name=\"twitter:data2\" content=\"3 minutes\" \/>\n<script type=\"application\/ld+json\" class=\"yoast-schema-graph\">{\"@context\":\"https:\/\/schema.org\",\"@graph\":[{\"@type\":\"Article\",\"@id\":\"https:\/\/challengeseconomiques.com\/?p=7809#article\",\"isPartOf\":{\"@id\":\"https:\/\/challengeseconomiques.com\/?p=7809\"},\"author\":{\"name\":\"admin\",\"@id\":\"https:\/\/challengeseconomiques.com\/#\/schema\/person\/b4568c9afebc5a9238a771873801e349\"},\"headline\":\"Cl\u00f4ture de la Phase 1 du PEEVIE : 80 entreprises outill\u00e9es en veille et intelligence \u00e9conomique\",\"datePublished\":\"2025-02-17T17:07:12+00:00\",\"dateModified\":\"2025-02-17T17:08:21+00:00\",\"mainEntityOfPage\":{\"@id\":\"https:\/\/challengeseconomiques.com\/?p=7809\"},\"wordCount\":619,\"image\":{\"@id\":\"https:\/\/challengeseconomiques.com\/?p=7809#primaryimage\"},\"thumbnailUrl\":\"https:\/\/challengeseconomiques.com\/wp-content\/uploads\/2025\/02\/PEEVIE_Diplomes_Phase-0.jpeg\",\"articleSection\":[\"Actualit\u00e9 \u00e9conomique\",\"Infos \u00e9co\"],\"inLanguage\":\"fr-FR\"},{\"@type\":\"WebPage\",\"@id\":\"https:\/\/challengeseconomiques.com\/?p=7809\",\"url\":\"https:\/\/challengeseconomiques.com\/?p=7809\",\"name\":\"Cl\u00f4ture de la Phase 1 du PEEVIE : 80 entreprises outill\u00e9es en veille et intelligence \u00e9conomique - challenges economiques\",\"isPartOf\":{\"@id\":\"https:\/\/challengeseconomiques.com\/#website\"},\"primaryImageOfPage\":{\"@id\":\"https:\/\/challengeseconomiques.com\/?p=7809#primaryimage\"},\"image\":{\"@id\":\"https:\/\/challengeseconomiques.com\/?p=7809#primaryimage\"},\"thumbnailUrl\":\"https:\/\/challengeseconomiques.com\/wp-content\/uploads\/2025\/02\/PEEVIE_Diplomes_Phase-0.jpeg\",\"datePublished\":\"2025-02-17T17:07:12+00:00\",\"dateModified\":\"2025-02-17T17:08:21+00:00\",\"author\":{\"@id\":\"https:\/\/challengeseconomiques.com\/#\/schema\/person\/b4568c9afebc5a9238a771873801e349\"},\"breadcrumb\":{\"@id\":\"https:\/\/challengeseconomiques.com\/?p=7809#breadcrumb\"},\"inLanguage\":\"fr-FR\",\"potentialAction\":[{\"@type\":\"ReadAction\",\"target\":[\"https:\/\/challengeseconomiques.com\/?p=7809\"]}]},{\"@type\":\"ImageObject\",\"inLanguage\":\"fr-FR\",\"@id\":\"https:\/\/challengeseconomiques.com\/?p=7809#primaryimage\",\"url\":\"https:\/\/challengeseconomiques.com\/wp-content\/uploads\/2025\/02\/PEEVIE_Diplomes_Phase-0.jpeg\",\"contentUrl\":\"https:\/\/challengeseconomiques.com\/wp-content\/uploads\/2025\/02\/PEEVIE_Diplomes_Phase-0.jpeg\",\"width\":1080,\"height\":715},{\"@type\":\"BreadcrumbList\",\"@id\":\"https:\/\/challengeseconomiques.com\/?p=7809#breadcrumb\",\"itemListElement\":[{\"@type\":\"ListItem\",\"position\":1,\"name\":\"Home\",\"item\":\"https:\/\/challengeseconomiques.com\/\"},{\"@type\":\"ListItem\",\"position\":2,\"name\":\"Cl\u00f4ture de la Phase 1 du PEEVIE : 80 entreprises outill\u00e9es en veille et intelligence \u00e9conomique\"}]},{\"@type\":\"WebSite\",\"@id\":\"https:\/\/challengeseconomiques.com\/#website\",\"url\":\"https:\/\/challengeseconomiques.com\/\",\"name\":\"challenges economiques\",\"description\":\"\",\"potentialAction\":[{\"@type\":\"SearchAction\",\"target\":{\"@type\":\"EntryPoint\",\"urlTemplate\":\"https:\/\/challengeseconomiques.com\/?s={search_term_string}\"},\"query-input\":{\"@type\":\"PropertyValueSpecification\",\"valueRequired\":true,\"valueName\":\"search_term_string\"}}],\"inLanguage\":\"fr-FR\"},{\"@type\":\"Person\",\"@id\":\"https:\/\/challengeseconomiques.com\/#\/schema\/person\/b4568c9afebc5a9238a771873801e349\",\"name\":\"admin\",\"image\":{\"@type\":\"ImageObject\",\"inLanguage\":\"fr-FR\",\"@id\":\"https:\/\/challengeseconomiques.com\/#\/schema\/person\/image\/\",\"url\":\"https:\/\/secure.gravatar.com\/avatar\/099e42240b5eea11acdb72751fcce0dd918603f0749d24974b7984ea47ed9fd9?s=96&d=mm&r=g\",\"contentUrl\":\"https:\/\/secure.gravatar.com\/avatar\/099e42240b5eea11acdb72751fcce0dd918603f0749d24974b7984ea47ed9fd9?s=96&d=mm&r=g\",\"caption\":\"admin\"},\"sameAs\":[\"https:\/\/challengeseconomiques.com\"],\"url\":\"https:\/\/challengeseconomiques.com\/?author=1\"}]}<\/script>\n<!-- \/ Yoast SEO plugin. -->","yoast_head_json":{"title":"Cl\u00f4ture de la Phase 1 du PEEVIE : 80 entreprises outill\u00e9es en veille et intelligence \u00e9conomique - challenges economiques","robots":{"index":"index","follow":"follow","max-snippet":"max-snippet:-1","max-image-preview":"max-image-preview:large","max-video-preview":"max-video-preview:-1"},"canonical":"https:\/\/challengeseconomiques.com\/?p=7809","og_locale":"fr_FR","og_type":"article","og_title":"Cl\u00f4ture de la Phase 1 du PEEVIE : 80 entreprises outill\u00e9es en veille et intelligence \u00e9conomique - challenges economiques","og_description":"La Chambre de Commerce, d\u2019Industrie et d\u2019Agriculture de Dakar (CCIAD) a organis\u00e9, le jeudi 13 f\u00e9vrier 2025, la c\u00e9r\u00e9monie de cl\u00f4ture de la phase 1...","og_url":"https:\/\/challengeseconomiques.com\/?p=7809","og_site_name":"challenges economiques","article_published_time":"2025-02-17T17:07:12+00:00","article_modified_time":"2025-02-17T17:08:21+00:00","og_image":[{"width":1080,"height":715,"url":"https:\/\/challengeseconomiques.com\/wp-content\/uploads\/2025\/02\/PEEVIE_Diplomes_Phase-0.jpeg","type":"image\/jpeg"}],"author":"admin","twitter_card":"summary_large_image","twitter_misc":{"\u00c9crit par":"admin","Dur\u00e9e de lecture estim\u00e9e":"3 minutes"},"schema":{"@context":"https:\/\/schema.org","@graph":[{"@type":"Article","@id":"https:\/\/challengeseconomiques.com\/?p=7809#article","isPartOf":{"@id":"https:\/\/challengeseconomiques.com\/?p=7809"},"author":{"name":"admin","@id":"https:\/\/challengeseconomiques.com\/#\/schema\/person\/b4568c9afebc5a9238a771873801e349"},"headline":"Cl\u00f4ture de la Phase 1 du PEEVIE : 80 entreprises outill\u00e9es en veille et intelligence \u00e9conomique","datePublished":"2025-02-17T17:07:12+00:00","dateModified":"2025-02-17T17:08:21+00:00","mainEntityOfPage":{"@id":"https:\/\/challengeseconomiques.com\/?p=7809"},"wordCount":619,"image":{"@id":"https:\/\/challengeseconomiques.com\/?p=7809#primaryimage"},"thumbnailUrl":"https:\/\/challengeseconomiques.com\/wp-content\/uploads\/2025\/02\/PEEVIE_Diplomes_Phase-0.jpeg","articleSection":["Actualit\u00e9 \u00e9conomique","Infos \u00e9co"],"inLanguage":"fr-FR"},{"@type":"WebPage","@id":"https:\/\/challengeseconomiques.com\/?p=7809","url":"https:\/\/challengeseconomiques.com\/?p=7809","name":"Cl\u00f4ture de la Phase 1 du PEEVIE : 80 entreprises outill\u00e9es en veille et intelligence \u00e9conomique - challenges economiques","isPartOf":{"@id":"https:\/\/challengeseconomiques.com\/#website"},"primaryImageOfPage":{"@id":"https:\/\/challengeseconomiques.com\/?p=7809#primaryimage"},"image":{"@id":"https:\/\/challengeseconomiques.com\/?p=7809#primaryimage"},"thumbnailUrl":"https:\/\/challengeseconomiques.com\/wp-content\/uploads\/2025\/02\/PEEVIE_Diplomes_Phase-0.jpeg","datePublished":"2025-02-17T17:07:12+00:00","dateModified":"2025-02-17T17:08:21+00:00","author":{"@id":"https:\/\/challengeseconomiques.com\/#\/schema\/person\/b4568c9afebc5a9238a771873801e349"},"breadcrumb":{"@id":"https:\/\/challengeseconomiques.com\/?p=7809#breadcrumb"},"inLanguage":"fr-FR","potentialAction":[{"@type":"ReadAction","target":["https:\/\/challengeseconomiques.com\/?p=7809"]}]},{"@type":"ImageObject","inLanguage":"fr-FR","@id":"https:\/\/challengeseconomiques.com\/?p=7809#primaryimage","url":"https:\/\/challengeseconomiques.com\/wp-content\/uploads\/2025\/02\/PEEVIE_Diplomes_Phase-0.jpeg","contentUrl":"https:\/\/challengeseconomiques.com\/wp-content\/uploads\/2025\/02\/PEEVIE_Diplomes_Phase-0.jpeg","width":1080,"height":715},{"@type":"BreadcrumbList","@id":"https:\/\/challengeseconomiques.com\/?p=7809#breadcrumb","itemListElement":[{"@type":"ListItem","position":1,"name":"Home","item":"https:\/\/challengeseconomiques.com\/"},{"@type":"ListItem","position":2,"name":"Cl\u00f4ture de la Phase 1 du PEEVIE : 80 entreprises outill\u00e9es en veille et intelligence \u00e9conomique"}]},{"@type":"WebSite","@id":"https:\/\/challengeseconomiques.com\/#website","url":"https:\/\/challengeseconomiques.com\/","name":"challenges economiques","description":"","potentialAction":[{"@type":"SearchAction","target":{"@type":"EntryPoint","urlTemplate":"https:\/\/challengeseconomiques.com\/?s={search_term_string}"},"query-input":{"@type":"PropertyValueSpecification","valueRequired":true,"valueName":"search_term_string"}}],"inLanguage":"fr-FR"},{"@type":"Person","@id":"https:\/\/challengeseconomiques.com\/#\/schema\/person\/b4568c9afebc5a9238a771873801e349","name":"admin","image":{"@type":"ImageObject","inLanguage":"fr-FR","@id":"https:\/\/challengeseconomiques.com\/#\/schema\/person\/image\/","url":"https:\/\/secure.gravatar.com\/avatar\/099e42240b5eea11acdb72751fcce0dd918603f0749d24974b7984ea47ed9fd9?s=96&d=mm&r=g","contentUrl":"https:\/\/secure.gravatar.com\/avatar\/099e42240b5eea11acdb72751fcce0dd918603f0749d24974b7984ea47ed9fd9?s=96&d=mm&r=g","caption":"admin"},"sameAs":["https:\/\/challengeseconomiques.com"],"url":"https:\/\/challengeseconomiques.com\/?author=1"}]}},"jetpack_featured_media_url":"https:\/\/challengeseconomiques.com\/wp-content\/uploads\/2025\/02\/PEEVIE_Diplomes_Phase-0.jpeg","jetpack_sharing_enabled":true,"_links":{"self":[{"href":"https:\/\/challengeseconomiques.com\/index.php?rest_route=\/wp\/v2\/posts\/7809","targetHints":{"allow":["GET"]}}],"collection":[{"href":"https:\/\/challengeseconomiques.com\/index.php?rest_route=\/wp\/v2\/posts"}],"about":[{"href":"https:\/\/challengeseconomiques.com\/index.php?rest_route=\/wp\/v2\/types\/post"}],"author":[{"embeddable":true,"href":"https:\/\/challengeseconomiques.com\/index.php?rest_route=\/wp\/v2\/users\/1"}],"replies":[{"embeddable":true,"href":"https:\/\/challengeseconomiques.com\/index.php?rest_route=%2Fwp%2Fv2%2Fcomments&post=7809"}],"version-history":[{"count":2,"href":"https:\/\/challengeseconomiques.com\/index.php?rest_route=\/wp\/v2\/posts\/7809\/revisions"}],"predecessor-version":[{"id":7812,"href":"https:\/\/challengeseconomiques.com\/index.php?rest_route=\/wp\/v2\/posts\/7809\/revisions\/7812"}],"wp:featuredmedia":[{"embeddable":true,"href":"https:\/\/challengeseconomiques.com\/index.php?rest_route=\/wp\/v2\/media\/7810"}],"wp:attachment":[{"href":"https:\/\/challengeseconomiques.com\/index.php?rest_route=%2Fwp%2Fv2%2Fmedia&parent=7809"}],"wp:term":[{"taxonomy":"category","embeddable":true,"href":"https:\/\/challengeseconomiques.com\/index.php?rest_route=%2Fwp%2Fv2%2Fcategories&post=7809"},{"taxonomy":"post_tag","embeddable":true,"href":"https:\/\/challengeseconomiques.com\/index.php?rest_route=%2Fwp%2Fv2%2Ftags&post=7809"}],"curies":[{"name":"wp","href":"https:\/\/api.w.org\/{rel}","templated":true}]}}