{"id":7801,"date":"2025-02-17T16:54:41","date_gmt":"2025-02-17T16:54:41","guid":{"rendered":"https:\/\/challengeseconomiques.com\/?p=7801"},"modified":"2025-02-17T16:55:31","modified_gmt":"2025-02-17T16:55:31","slug":"bassirou-diomaye-faye-jai-profite-du-sommet-de-lua-pour-promouvoir-la-candidature-de-notre-compatriote-amadou-hott-a-la-presidence-de-la-bad","status":"publish","type":"post","link":"https:\/\/challengeseconomiques.com\/?p=7801","title":{"rendered":"Bassirou Diomaye Faye : \u00ab J\u2019ai profit\u00e9 du sommet de l\u2019UA pour promouvoir la candidature de notre compatriote Amadou Hott \u00e0 la pr\u00e9sidence de la BAD \u00bb"},"content":{"rendered":"<p>Le pr\u00e9sident de la R\u00e9publique a dit avoir profit\u00e9 du 38<sup>e<\/sup> sommet de l\u2019Union africaine (UA) pour demander \u00e0 ses pairs du continent de soutenir la candidature de l\u2019\u00e9conomiste, banquier et ancien ministre s\u00e9n\u00e9galais Amadou Hott \u00e0 la pr\u00e9sidence de la Banque africaine de d\u00e9veloppement (BAD).<\/p>\n<p>\u00ab\u00a0J\u2019ai particip\u00e9 [\u2026] au sommet de l\u2019Union africaine [\u2026] J\u2019en ai profit\u00e9 aussi pour promouvoir la candidature de notre compatriote Amadou Hott \u00e0 la pr\u00e9sidence de la Banque africaine de d\u00e9veloppement\u00a0\u00bb, a d\u00e9clar\u00e9 Bassirou Diomaye Faye \u00e0 la RTS1, \u00e0 son retour, dimanche, du sommet des chefs d\u2019\u00c9tat et de gouvernement de l\u2019UA.<\/p>\n<p>\u00ab\u00a0Nous consid\u00e9rons, au regard de son parcours et de son exp\u00e9rience bancaire [\u2026], qu\u2019il a le profil qu\u2019il faut pour diriger la BAD, qui est extr\u00eamement importante dans le dispositif de financement des \u00e9conomies africaines\u00a0\u00bb, a ajout\u00e9 M. Faye.<\/p>\n<p>L\u2019ancien ministre de l\u2019\u00c9conomie, du Plan et de la Coop\u00e9ration, \u00e2g\u00e9 de 52 ans, a une exp\u00e9rience de plusieurs \u00ab\u00a0d\u00e9cennies\u00a0\u00bb du secteur priv\u00e9 et de la banque, a-t-il rappel\u00e9.<\/p>\n<p>Le pr\u00e9sident s\u00e9n\u00e9galais dit exhorter ses pairs du continent \u00e0 soutenir la candidature d\u2019Amadou Hott et \u00e0 la d\u00e9fendre aupr\u00e8s de leurs homologues.<\/p>\n<p>Le 38<sup>e<\/sup> sommet des chefs d\u2019\u00c9tat et de gouvernement de l\u2019Union africaine a eu lieu ce week-end \u00e0 Addis-Abeba, en \u00c9thiopie. \u00ab\u00a0Ann\u00e9e de la justice pour les Africains et les personnes d\u2019ascendance africaine par le biais de r\u00e9parations\u00a0\u00bb \u00e9tait le th\u00e8me de cette rencontre des dirigeants du continent.<\/p>\n<p>Amadou Hott a d\u00e9missionn\u00e9 en septembre dernier de ses fonctions d\u2019envoy\u00e9 sp\u00e9cial du pr\u00e9sident de la BAD, charg\u00e9 de l\u2019Alliance pour l\u2019infrastructure verte en Afrique, afin de pr\u00e9parer sa candidature \u00e0 la pr\u00e9sidence de l\u2019institution financi\u00e8re.<\/p>\n<p>Selon le magazine \u00e9conomique et financier Financial Afrik, le B\u00e9ninois Romuald Wadagni, le Tchadien Abbas Mahamat Tolli, le Mauritanien Ousmane Kane et le Zambien Samuel Maimbo sont \u00e9galement candidats.<\/p>\n<p>La Banque africaine de d\u00e9veloppement va d\u00e9voiler, vendredi prochain, la liste des candidatures retenues pour l\u2019\u00e9lection de son pr\u00e9sident pr\u00e9vue le 25 mai prochain \u00e0 Abidjan.<\/p>\n<p><strong>(APS)<\/strong><\/p>\n","protected":false},"excerpt":{"rendered":"<p>Le pr\u00e9sident de la R\u00e9publique a dit avoir profit\u00e9 du 38e sommet de l\u2019Union africaine (UA) pour demander \u00e0 ses pairs du continent de soutenir&#8230;<\/p>\n","protected":false},"author":1,"featured_media":7802,"comment_status":"closed","ping_status":"open","sticky":false,"template":"","format":"standard","meta":{"_jetpack_memberships_contains_paid_content":false,"footnotes":""},"categories":[23,8],"tags":[],"class_list":["post-7801","post","type-post","status-publish","format-standard","has-post-thumbnail","hentry","category-a-la-une","category-actualite-economique","wpcat-23-id","wpcat-8-id"],"yoast_head":"<!-- This site is optimized with the Yoast SEO plugin v27.1.1 - https:\/\/yoast.com\/product\/yoast-seo-wordpress\/ -->\n<title>Bassirou Diomaye Faye : \u00ab J\u2019ai profit\u00e9 du sommet de l\u2019UA pour promouvoir la candidature de notre compatriote Amadou Hott \u00e0 la pr\u00e9sidence de la BAD \u00bb - challenges economiques<\/title>\n<meta name=\"robots\" content=\"index, follow, max-snippet:-1, max-image-preview:large, max-video-preview:-1\" \/>\n<link rel=\"canonical\" href=\"https:\/\/challengeseconomiques.com\/?p=7801\" \/>\n<meta property=\"og:locale\" content=\"fr_FR\" \/>\n<meta property=\"og:type\" content=\"article\" \/>\n<meta property=\"og:title\" content=\"Bassirou Diomaye Faye : \u00ab J\u2019ai profit\u00e9 du sommet de l\u2019UA pour promouvoir la candidature de notre compatriote Amadou Hott \u00e0 la pr\u00e9sidence de la BAD \u00bb - challenges economiques\" \/>\n<meta property=\"og:description\" content=\"Le pr\u00e9sident de la R\u00e9publique a dit avoir profit\u00e9 du 38e sommet de l\u2019Union africaine (UA) pour demander \u00e0 ses pairs du continent de soutenir...\" \/>\n<meta property=\"og:url\" content=\"https:\/\/challengeseconomiques.com\/?p=7801\" \/>\n<meta property=\"og:site_name\" content=\"challenges economiques\" \/>\n<meta property=\"article:published_time\" content=\"2025-02-17T16:54:41+00:00\" \/>\n<meta property=\"article:modified_time\" content=\"2025-02-17T16:55:31+00:00\" \/>\n<meta property=\"og:image\" content=\"https:\/\/challengeseconomiques.com\/wp-content\/uploads\/2025\/02\/diomay-ua-850x491-1.webp\" \/>\n\t<meta property=\"og:image:width\" content=\"850\" \/>\n\t<meta property=\"og:image:height\" content=\"491\" \/>\n\t<meta property=\"og:image:type\" content=\"image\/webp\" \/>\n<meta name=\"author\" content=\"admin\" \/>\n<meta name=\"twitter:card\" content=\"summary_large_image\" \/>\n<meta name=\"twitter:label1\" content=\"\u00c9crit par\" \/>\n\t<meta name=\"twitter:data1\" content=\"admin\" \/>\n\t<meta name=\"twitter:label2\" content=\"Dur\u00e9e de lecture estim\u00e9e\" \/>\n\t<meta name=\"twitter:data2\" content=\"2 minutes\" \/>\n<script type=\"application\/ld+json\" class=\"yoast-schema-graph\">{\"@context\":\"https:\/\/schema.org\",\"@graph\":[{\"@type\":\"Article\",\"@id\":\"https:\/\/challengeseconomiques.com\/?p=7801#article\",\"isPartOf\":{\"@id\":\"https:\/\/challengeseconomiques.com\/?p=7801\"},\"author\":{\"name\":\"admin\",\"@id\":\"https:\/\/challengeseconomiques.com\/#\/schema\/person\/b4568c9afebc5a9238a771873801e349\"},\"headline\":\"Bassirou Diomaye Faye : \u00ab J\u2019ai profit\u00e9 du sommet de l\u2019UA pour promouvoir la candidature de notre compatriote Amadou Hott \u00e0 la pr\u00e9sidence de la BAD \u00bb\",\"datePublished\":\"2025-02-17T16:54:41+00:00\",\"dateModified\":\"2025-02-17T16:55:31+00:00\",\"mainEntityOfPage\":{\"@id\":\"https:\/\/challengeseconomiques.com\/?p=7801\"},\"wordCount\":395,\"image\":{\"@id\":\"https:\/\/challengeseconomiques.com\/?p=7801#primaryimage\"},\"thumbnailUrl\":\"https:\/\/challengeseconomiques.com\/wp-content\/uploads\/2025\/02\/diomay-ua-850x491-1.webp\",\"articleSection\":[\"A la une\",\"Actualit\u00e9 \u00e9conomique\"],\"inLanguage\":\"fr-FR\"},{\"@type\":\"WebPage\",\"@id\":\"https:\/\/challengeseconomiques.com\/?p=7801\",\"url\":\"https:\/\/challengeseconomiques.com\/?p=7801\",\"name\":\"Bassirou Diomaye Faye : \u00ab J\u2019ai profit\u00e9 du sommet de l\u2019UA pour promouvoir la candidature de notre compatriote Amadou Hott \u00e0 la pr\u00e9sidence de la BAD \u00bb - challenges economiques\",\"isPartOf\":{\"@id\":\"https:\/\/challengeseconomiques.com\/#website\"},\"primaryImageOfPage\":{\"@id\":\"https:\/\/challengeseconomiques.com\/?p=7801#primaryimage\"},\"image\":{\"@id\":\"https:\/\/challengeseconomiques.com\/?p=7801#primaryimage\"},\"thumbnailUrl\":\"https:\/\/challengeseconomiques.com\/wp-content\/uploads\/2025\/02\/diomay-ua-850x491-1.webp\",\"datePublished\":\"2025-02-17T16:54:41+00:00\",\"dateModified\":\"2025-02-17T16:55:31+00:00\",\"author\":{\"@id\":\"https:\/\/challengeseconomiques.com\/#\/schema\/person\/b4568c9afebc5a9238a771873801e349\"},\"breadcrumb\":{\"@id\":\"https:\/\/challengeseconomiques.com\/?p=7801#breadcrumb\"},\"inLanguage\":\"fr-FR\",\"potentialAction\":[{\"@type\":\"ReadAction\",\"target\":[\"https:\/\/challengeseconomiques.com\/?p=7801\"]}]},{\"@type\":\"ImageObject\",\"inLanguage\":\"fr-FR\",\"@id\":\"https:\/\/challengeseconomiques.com\/?p=7801#primaryimage\",\"url\":\"https:\/\/challengeseconomiques.com\/wp-content\/uploads\/2025\/02\/diomay-ua-850x491-1.webp\",\"contentUrl\":\"https:\/\/challengeseconomiques.com\/wp-content\/uploads\/2025\/02\/diomay-ua-850x491-1.webp\",\"width\":850,\"height\":491},{\"@type\":\"BreadcrumbList\",\"@id\":\"https:\/\/challengeseconomiques.com\/?p=7801#breadcrumb\",\"itemListElement\":[{\"@type\":\"ListItem\",\"position\":1,\"name\":\"Home\",\"item\":\"https:\/\/challengeseconomiques.com\/\"},{\"@type\":\"ListItem\",\"position\":2,\"name\":\"Bassirou Diomaye Faye : \u00ab J\u2019ai profit\u00e9 du sommet de l\u2019UA pour promouvoir la candidature de notre compatriote Amadou Hott \u00e0 la pr\u00e9sidence de la BAD \u00bb\"}]},{\"@type\":\"WebSite\",\"@id\":\"https:\/\/challengeseconomiques.com\/#website\",\"url\":\"https:\/\/challengeseconomiques.com\/\",\"name\":\"challenges economiques\",\"description\":\"\",\"potentialAction\":[{\"@type\":\"SearchAction\",\"target\":{\"@type\":\"EntryPoint\",\"urlTemplate\":\"https:\/\/challengeseconomiques.com\/?s={search_term_string}\"},\"query-input\":{\"@type\":\"PropertyValueSpecification\",\"valueRequired\":true,\"valueName\":\"search_term_string\"}}],\"inLanguage\":\"fr-FR\"},{\"@type\":\"Person\",\"@id\":\"https:\/\/challengeseconomiques.com\/#\/schema\/person\/b4568c9afebc5a9238a771873801e349\",\"name\":\"admin\",\"image\":{\"@type\":\"ImageObject\",\"inLanguage\":\"fr-FR\",\"@id\":\"https:\/\/challengeseconomiques.com\/#\/schema\/person\/image\/\",\"url\":\"https:\/\/secure.gravatar.com\/avatar\/099e42240b5eea11acdb72751fcce0dd918603f0749d24974b7984ea47ed9fd9?s=96&d=mm&r=g\",\"contentUrl\":\"https:\/\/secure.gravatar.com\/avatar\/099e42240b5eea11acdb72751fcce0dd918603f0749d24974b7984ea47ed9fd9?s=96&d=mm&r=g\",\"caption\":\"admin\"},\"sameAs\":[\"https:\/\/challengeseconomiques.com\"],\"url\":\"https:\/\/challengeseconomiques.com\/?author=1\"}]}<\/script>\n<!-- \/ Yoast SEO plugin. -->","yoast_head_json":{"title":"Bassirou Diomaye Faye : \u00ab J\u2019ai profit\u00e9 du sommet de l\u2019UA pour promouvoir la candidature de notre compatriote Amadou Hott \u00e0 la pr\u00e9sidence de la BAD \u00bb - challenges economiques","robots":{"index":"index","follow":"follow","max-snippet":"max-snippet:-1","max-image-preview":"max-image-preview:large","max-video-preview":"max-video-preview:-1"},"canonical":"https:\/\/challengeseconomiques.com\/?p=7801","og_locale":"fr_FR","og_type":"article","og_title":"Bassirou Diomaye Faye : \u00ab J\u2019ai profit\u00e9 du sommet de l\u2019UA pour promouvoir la candidature de notre compatriote Amadou Hott \u00e0 la pr\u00e9sidence de la BAD \u00bb - challenges economiques","og_description":"Le pr\u00e9sident de la R\u00e9publique a dit avoir profit\u00e9 du 38e sommet de l\u2019Union africaine (UA) pour demander \u00e0 ses pairs du continent de soutenir...","og_url":"https:\/\/challengeseconomiques.com\/?p=7801","og_site_name":"challenges economiques","article_published_time":"2025-02-17T16:54:41+00:00","article_modified_time":"2025-02-17T16:55:31+00:00","og_image":[{"width":850,"height":491,"url":"https:\/\/challengeseconomiques.com\/wp-content\/uploads\/2025\/02\/diomay-ua-850x491-1.webp","type":"image\/webp"}],"author":"admin","twitter_card":"summary_large_image","twitter_misc":{"\u00c9crit par":"admin","Dur\u00e9e de lecture estim\u00e9e":"2 minutes"},"schema":{"@context":"https:\/\/schema.org","@graph":[{"@type":"Article","@id":"https:\/\/challengeseconomiques.com\/?p=7801#article","isPartOf":{"@id":"https:\/\/challengeseconomiques.com\/?p=7801"},"author":{"name":"admin","@id":"https:\/\/challengeseconomiques.com\/#\/schema\/person\/b4568c9afebc5a9238a771873801e349"},"headline":"Bassirou Diomaye Faye : \u00ab J\u2019ai profit\u00e9 du sommet de l\u2019UA pour promouvoir la candidature de notre compatriote Amadou Hott \u00e0 la pr\u00e9sidence de la BAD \u00bb","datePublished":"2025-02-17T16:54:41+00:00","dateModified":"2025-02-17T16:55:31+00:00","mainEntityOfPage":{"@id":"https:\/\/challengeseconomiques.com\/?p=7801"},"wordCount":395,"image":{"@id":"https:\/\/challengeseconomiques.com\/?p=7801#primaryimage"},"thumbnailUrl":"https:\/\/challengeseconomiques.com\/wp-content\/uploads\/2025\/02\/diomay-ua-850x491-1.webp","articleSection":["A la une","Actualit\u00e9 \u00e9conomique"],"inLanguage":"fr-FR"},{"@type":"WebPage","@id":"https:\/\/challengeseconomiques.com\/?p=7801","url":"https:\/\/challengeseconomiques.com\/?p=7801","name":"Bassirou Diomaye Faye : \u00ab J\u2019ai profit\u00e9 du sommet de l\u2019UA pour promouvoir la candidature de notre compatriote Amadou Hott \u00e0 la pr\u00e9sidence de la BAD \u00bb - challenges economiques","isPartOf":{"@id":"https:\/\/challengeseconomiques.com\/#website"},"primaryImageOfPage":{"@id":"https:\/\/challengeseconomiques.com\/?p=7801#primaryimage"},"image":{"@id":"https:\/\/challengeseconomiques.com\/?p=7801#primaryimage"},"thumbnailUrl":"https:\/\/challengeseconomiques.com\/wp-content\/uploads\/2025\/02\/diomay-ua-850x491-1.webp","datePublished":"2025-02-17T16:54:41+00:00","dateModified":"2025-02-17T16:55:31+00:00","author":{"@id":"https:\/\/challengeseconomiques.com\/#\/schema\/person\/b4568c9afebc5a9238a771873801e349"},"breadcrumb":{"@id":"https:\/\/challengeseconomiques.com\/?p=7801#breadcrumb"},"inLanguage":"fr-FR","potentialAction":[{"@type":"ReadAction","target":["https:\/\/challengeseconomiques.com\/?p=7801"]}]},{"@type":"ImageObject","inLanguage":"fr-FR","@id":"https:\/\/challengeseconomiques.com\/?p=7801#primaryimage","url":"https:\/\/challengeseconomiques.com\/wp-content\/uploads\/2025\/02\/diomay-ua-850x491-1.webp","contentUrl":"https:\/\/challengeseconomiques.com\/wp-content\/uploads\/2025\/02\/diomay-ua-850x491-1.webp","width":850,"height":491},{"@type":"BreadcrumbList","@id":"https:\/\/challengeseconomiques.com\/?p=7801#breadcrumb","itemListElement":[{"@type":"ListItem","position":1,"name":"Home","item":"https:\/\/challengeseconomiques.com\/"},{"@type":"ListItem","position":2,"name":"Bassirou Diomaye Faye : \u00ab J\u2019ai profit\u00e9 du sommet de l\u2019UA pour promouvoir la candidature de notre compatriote Amadou Hott \u00e0 la pr\u00e9sidence de la BAD \u00bb"}]},{"@type":"WebSite","@id":"https:\/\/challengeseconomiques.com\/#website","url":"https:\/\/challengeseconomiques.com\/","name":"challenges economiques","description":"","potentialAction":[{"@type":"SearchAction","target":{"@type":"EntryPoint","urlTemplate":"https:\/\/challengeseconomiques.com\/?s={search_term_string}"},"query-input":{"@type":"PropertyValueSpecification","valueRequired":true,"valueName":"search_term_string"}}],"inLanguage":"fr-FR"},{"@type":"Person","@id":"https:\/\/challengeseconomiques.com\/#\/schema\/person\/b4568c9afebc5a9238a771873801e349","name":"admin","image":{"@type":"ImageObject","inLanguage":"fr-FR","@id":"https:\/\/challengeseconomiques.com\/#\/schema\/person\/image\/","url":"https:\/\/secure.gravatar.com\/avatar\/099e42240b5eea11acdb72751fcce0dd918603f0749d24974b7984ea47ed9fd9?s=96&d=mm&r=g","contentUrl":"https:\/\/secure.gravatar.com\/avatar\/099e42240b5eea11acdb72751fcce0dd918603f0749d24974b7984ea47ed9fd9?s=96&d=mm&r=g","caption":"admin"},"sameAs":["https:\/\/challengeseconomiques.com"],"url":"https:\/\/challengeseconomiques.com\/?author=1"}]}},"jetpack_featured_media_url":"https:\/\/challengeseconomiques.com\/wp-content\/uploads\/2025\/02\/diomay-ua-850x491-1.webp","jetpack_sharing_enabled":true,"_links":{"self":[{"href":"https:\/\/challengeseconomiques.com\/index.php?rest_route=\/wp\/v2\/posts\/7801","targetHints":{"allow":["GET"]}}],"collection":[{"href":"https:\/\/challengeseconomiques.com\/index.php?rest_route=\/wp\/v2\/posts"}],"about":[{"href":"https:\/\/challengeseconomiques.com\/index.php?rest_route=\/wp\/v2\/types\/post"}],"author":[{"embeddable":true,"href":"https:\/\/challengeseconomiques.com\/index.php?rest_route=\/wp\/v2\/users\/1"}],"replies":[{"embeddable":true,"href":"https:\/\/challengeseconomiques.com\/index.php?rest_route=%2Fwp%2Fv2%2Fcomments&post=7801"}],"version-history":[{"count":1,"href":"https:\/\/challengeseconomiques.com\/index.php?rest_route=\/wp\/v2\/posts\/7801\/revisions"}],"predecessor-version":[{"id":7803,"href":"https:\/\/challengeseconomiques.com\/index.php?rest_route=\/wp\/v2\/posts\/7801\/revisions\/7803"}],"wp:featuredmedia":[{"embeddable":true,"href":"https:\/\/challengeseconomiques.com\/index.php?rest_route=\/wp\/v2\/media\/7802"}],"wp:attachment":[{"href":"https:\/\/challengeseconomiques.com\/index.php?rest_route=%2Fwp%2Fv2%2Fmedia&parent=7801"}],"wp:term":[{"taxonomy":"category","embeddable":true,"href":"https:\/\/challengeseconomiques.com\/index.php?rest_route=%2Fwp%2Fv2%2Fcategories&post=7801"},{"taxonomy":"post_tag","embeddable":true,"href":"https:\/\/challengeseconomiques.com\/index.php?rest_route=%2Fwp%2Fv2%2Ftags&post=7801"}],"curies":[{"name":"wp","href":"https:\/\/api.w.org\/{rel}","templated":true}]}}