{"id":7798,"date":"2025-02-14T20:11:00","date_gmt":"2025-02-14T20:11:00","guid":{"rendered":"https:\/\/challengeseconomiques.com\/?p=7798"},"modified":"2025-02-14T20:11:33","modified_gmt":"2025-02-14T20:11:33","slug":"la-cour-des-comptes-ne-devrait-t-elle-pas-aussi-auditer-la-gestion-des-finances-publiques-entre-2012-et-2019","status":"publish","type":"post","link":"https:\/\/challengeseconomiques.com\/?p=7798","title":{"rendered":"La cour des comptes ne devrait-t-elle pas aussi auditer la gestion des finances publiques entre 2012  et 2019 ?"},"content":{"rendered":"<p>Le rapport de la cour des comptes sur la gestion des finances publiques entre 2019 et 2023, marquant le second mandat du pr\u00e9sident \u00a0Macky Sall r\u00e9v\u00e8le\u00a0 des informations tr\u00e8s graves.<\/p>\n<p>Des responsables au plus haut sommet des finances publiques ont pos\u00e9 des actes qu\u2019un v\u00e9ritable comptable public ne devrait jamais se permettre.\u00a0 C\u2019est pourquoi, la question se pose de savoir est ce qu\u2019on a mis les hommes qu\u2019il faut \u00e0 la place qu\u2019il faut. Les derniers \u00e0 avoir occup\u00e9 les fonctions de ministre des finances ne sont pas des comptables publics. Ils peuvent certes \u00eatre de bons \u00e9conomistes, fiscalistes et m\u00eame planificateurs, mais ils ne sont pas de v\u00e9ritables sp\u00e9cialistes des finances publiques. Le comportement qu\u2019ils ont eu et que le rapport d\u00e9crit peut \u00eatre li\u00e9 \u00e0 cela. M\u00eame si d\u2019autres raisons peuvent \u00eatre \u00e9voqu\u00e9es. Notamment la personnalit\u00e9 de l\u2019occupant du poste. Est-il docile au point de laisser tout passer ? Est-il un carri\u00e9riste qui mise tout sur sa r\u00e9ussite et son ascension au sommet. Dans tous les cas, ils n\u2019ont certainement pas mesur\u00e9 la gravit\u00e9 des pratiques qui leur \u00e9taient confi\u00e9es.<\/p>\n<p>Dans cette histoire, il y a eu bien sur des hommes du tr\u00e9sor qui \u00e9taient dans la chaine. On peut dire qu\u2019ils \u00e9taient t\u00e9moins et ont gard\u00e9 le silence, en ex\u00e9cutant des d\u00e9cisions, car ils n\u2019\u00e9taient pas les d\u00e9cideurs. Cependant, leur silence peut \u00eatre interpr\u00e9t\u00e9 comme une faute de gestion, voire m\u00eame une complicit\u00e9.<\/p>\n<p>Pour situer les responsabilit\u00e9s, il faudra certainement aller voire qui a d\u00e9cid\u00e9, qui a sign\u00e9 et qui a donn\u00e9 l\u2019ordre et \u00e0 quelle date. Celui qui \u00e9tait ministre des finances au moment des faits est sans nul doute impliqu\u00e9 au premier chef. M\u00eame le ministre de l\u2019\u00e9conomie\u00a0 qui signait des conventions peut \u00eatre impliqu\u00e9 dans la chaine de responsabilit\u00e9.<\/p>\n<p>Pour rappel, Mamadou Abdoulaye Sow avait d\u00e9missionn\u00e9, alors qu\u2019il \u00e9tait ministre d\u00e9l\u00e9gu\u00e9 au budget car il avait refus\u00e9 d\u2019ex\u00e9cuter ce qu\u2019on lui demandait de faire. En tant que comptable public, il avait sa position \u00e0 d\u00e9fendre.<\/p>\n<p>Cela veut dire que ces pratiques \u00a0bien huil\u00e9es \u00a0ne datent certainement pas du second mandat de Macky Sall. Le pr\u00e9sident de la r\u00e9publique doit commanditer un audit de la gestion des finances publiques concernant au moins \u00a0les deux derniers mandats avant son accession au pouvoir.<\/p>\n","protected":false},"excerpt":{"rendered":"<p>Le rapport de la cour des comptes sur la gestion des finances publiques entre 2019 et 2023, marquant le second mandat du pr\u00e9sident \u00a0Macky Sall&#8230;<\/p>\n","protected":false},"author":3,"featured_media":7799,"comment_status":"closed","ping_status":"open","sticky":false,"template":"","format":"standard","meta":{"_jetpack_memberships_contains_paid_content":false,"footnotes":""},"categories":[23,15],"tags":[],"class_list":["post-7798","post","type-post","status-publish","format-standard","has-post-thumbnail","hentry","category-a-la-une","category-analyse","wpcat-23-id","wpcat-15-id"],"yoast_head":"<!-- This site is optimized with the Yoast SEO plugin v27.1.1 - https:\/\/yoast.com\/product\/yoast-seo-wordpress\/ -->\n<title>La cour des comptes ne devrait-t-elle pas aussi auditer la gestion des finances publiques entre 2012 et 2019 ? - challenges economiques<\/title>\n<meta name=\"robots\" content=\"index, follow, max-snippet:-1, max-image-preview:large, max-video-preview:-1\" \/>\n<link rel=\"canonical\" href=\"https:\/\/challengeseconomiques.com\/?p=7798\" \/>\n<meta property=\"og:locale\" content=\"fr_FR\" \/>\n<meta property=\"og:type\" content=\"article\" \/>\n<meta property=\"og:title\" content=\"La cour des comptes ne devrait-t-elle pas aussi auditer la gestion des finances publiques entre 2012 et 2019 ? - challenges economiques\" \/>\n<meta property=\"og:description\" content=\"Le rapport de la cour des comptes sur la gestion des finances publiques entre 2019 et 2023, marquant le second mandat du pr\u00e9sident \u00a0Macky Sall...\" \/>\n<meta property=\"og:url\" content=\"https:\/\/challengeseconomiques.com\/?p=7798\" \/>\n<meta property=\"og:site_name\" content=\"challenges economiques\" \/>\n<meta property=\"article:published_time\" content=\"2025-02-14T20:11:00+00:00\" \/>\n<meta property=\"article:modified_time\" content=\"2025-02-14T20:11:33+00:00\" \/>\n<meta property=\"og:image\" content=\"https:\/\/challengeseconomiques.com\/wp-content\/uploads\/2025\/02\/cour-des-comptes.webp\" \/>\n\t<meta property=\"og:image:width\" content=\"1920\" \/>\n\t<meta property=\"og:image:height\" content=\"1107\" \/>\n\t<meta property=\"og:image:type\" content=\"image\/webp\" \/>\n<meta name=\"author\" content=\"aliou kane ndiaye\" \/>\n<meta name=\"twitter:card\" content=\"summary_large_image\" \/>\n<meta name=\"twitter:label1\" content=\"\u00c9crit par\" \/>\n\t<meta name=\"twitter:data1\" content=\"aliou kane ndiaye\" \/>\n\t<meta name=\"twitter:label2\" content=\"Dur\u00e9e de lecture estim\u00e9e\" \/>\n\t<meta name=\"twitter:data2\" content=\"2 minutes\" \/>\n<script type=\"application\/ld+json\" class=\"yoast-schema-graph\">{\"@context\":\"https:\/\/schema.org\",\"@graph\":[{\"@type\":\"Article\",\"@id\":\"https:\/\/challengeseconomiques.com\/?p=7798#article\",\"isPartOf\":{\"@id\":\"https:\/\/challengeseconomiques.com\/?p=7798\"},\"author\":{\"name\":\"aliou kane ndiaye\",\"@id\":\"https:\/\/challengeseconomiques.com\/#\/schema\/person\/2f70a31e102db1741c1a1c00c2bbd8a6\"},\"headline\":\"La cour des comptes ne devrait-t-elle pas aussi auditer la gestion des finances publiques entre 2012 et 2019 ?\",\"datePublished\":\"2025-02-14T20:11:00+00:00\",\"dateModified\":\"2025-02-14T20:11:33+00:00\",\"mainEntityOfPage\":{\"@id\":\"https:\/\/challengeseconomiques.com\/?p=7798\"},\"wordCount\":432,\"image\":{\"@id\":\"https:\/\/challengeseconomiques.com\/?p=7798#primaryimage\"},\"thumbnailUrl\":\"https:\/\/challengeseconomiques.com\/wp-content\/uploads\/2025\/02\/cour-des-comptes.webp\",\"articleSection\":[\"A la une\",\"Analyse\"],\"inLanguage\":\"fr-FR\"},{\"@type\":\"WebPage\",\"@id\":\"https:\/\/challengeseconomiques.com\/?p=7798\",\"url\":\"https:\/\/challengeseconomiques.com\/?p=7798\",\"name\":\"La cour des comptes ne devrait-t-elle pas aussi auditer la gestion des finances publiques entre 2012 et 2019 ? - challenges economiques\",\"isPartOf\":{\"@id\":\"https:\/\/challengeseconomiques.com\/#website\"},\"primaryImageOfPage\":{\"@id\":\"https:\/\/challengeseconomiques.com\/?p=7798#primaryimage\"},\"image\":{\"@id\":\"https:\/\/challengeseconomiques.com\/?p=7798#primaryimage\"},\"thumbnailUrl\":\"https:\/\/challengeseconomiques.com\/wp-content\/uploads\/2025\/02\/cour-des-comptes.webp\",\"datePublished\":\"2025-02-14T20:11:00+00:00\",\"dateModified\":\"2025-02-14T20:11:33+00:00\",\"author\":{\"@id\":\"https:\/\/challengeseconomiques.com\/#\/schema\/person\/2f70a31e102db1741c1a1c00c2bbd8a6\"},\"breadcrumb\":{\"@id\":\"https:\/\/challengeseconomiques.com\/?p=7798#breadcrumb\"},\"inLanguage\":\"fr-FR\",\"potentialAction\":[{\"@type\":\"ReadAction\",\"target\":[\"https:\/\/challengeseconomiques.com\/?p=7798\"]}]},{\"@type\":\"ImageObject\",\"inLanguage\":\"fr-FR\",\"@id\":\"https:\/\/challengeseconomiques.com\/?p=7798#primaryimage\",\"url\":\"https:\/\/challengeseconomiques.com\/wp-content\/uploads\/2025\/02\/cour-des-comptes.webp\",\"contentUrl\":\"https:\/\/challengeseconomiques.com\/wp-content\/uploads\/2025\/02\/cour-des-comptes.webp\",\"width\":1920,\"height\":1107},{\"@type\":\"BreadcrumbList\",\"@id\":\"https:\/\/challengeseconomiques.com\/?p=7798#breadcrumb\",\"itemListElement\":[{\"@type\":\"ListItem\",\"position\":1,\"name\":\"Home\",\"item\":\"https:\/\/challengeseconomiques.com\/\"},{\"@type\":\"ListItem\",\"position\":2,\"name\":\"La cour des comptes ne devrait-t-elle pas aussi auditer la gestion des finances publiques entre 2012 et 2019 ?\"}]},{\"@type\":\"WebSite\",\"@id\":\"https:\/\/challengeseconomiques.com\/#website\",\"url\":\"https:\/\/challengeseconomiques.com\/\",\"name\":\"challenges economiques\",\"description\":\"\",\"potentialAction\":[{\"@type\":\"SearchAction\",\"target\":{\"@type\":\"EntryPoint\",\"urlTemplate\":\"https:\/\/challengeseconomiques.com\/?s={search_term_string}\"},\"query-input\":{\"@type\":\"PropertyValueSpecification\",\"valueRequired\":true,\"valueName\":\"search_term_string\"}}],\"inLanguage\":\"fr-FR\"},{\"@type\":\"Person\",\"@id\":\"https:\/\/challengeseconomiques.com\/#\/schema\/person\/2f70a31e102db1741c1a1c00c2bbd8a6\",\"name\":\"aliou kane ndiaye\",\"image\":{\"@type\":\"ImageObject\",\"inLanguage\":\"fr-FR\",\"@id\":\"https:\/\/challengeseconomiques.com\/#\/schema\/person\/image\/\",\"url\":\"https:\/\/secure.gravatar.com\/avatar\/df942321e58711a9f1fee838e446766660477bacd4b42fa20400d2c7cf4da7ca?s=96&d=mm&r=g\",\"contentUrl\":\"https:\/\/secure.gravatar.com\/avatar\/df942321e58711a9f1fee838e446766660477bacd4b42fa20400d2c7cf4da7ca?s=96&d=mm&r=g\",\"caption\":\"aliou kane ndiaye\"},\"sameAs\":[\"http:\/\/www.challengeseconomiques.com\"],\"url\":\"https:\/\/challengeseconomiques.com\/?author=3\"}]}<\/script>\n<!-- \/ Yoast SEO plugin. -->","yoast_head_json":{"title":"La cour des comptes ne devrait-t-elle pas aussi auditer la gestion des finances publiques entre 2012 et 2019 ? - challenges economiques","robots":{"index":"index","follow":"follow","max-snippet":"max-snippet:-1","max-image-preview":"max-image-preview:large","max-video-preview":"max-video-preview:-1"},"canonical":"https:\/\/challengeseconomiques.com\/?p=7798","og_locale":"fr_FR","og_type":"article","og_title":"La cour des comptes ne devrait-t-elle pas aussi auditer la gestion des finances publiques entre 2012 et 2019 ? - challenges economiques","og_description":"Le rapport de la cour des comptes sur la gestion des finances publiques entre 2019 et 2023, marquant le second mandat du pr\u00e9sident \u00a0Macky Sall...","og_url":"https:\/\/challengeseconomiques.com\/?p=7798","og_site_name":"challenges economiques","article_published_time":"2025-02-14T20:11:00+00:00","article_modified_time":"2025-02-14T20:11:33+00:00","og_image":[{"width":1920,"height":1107,"url":"https:\/\/challengeseconomiques.com\/wp-content\/uploads\/2025\/02\/cour-des-comptes.webp","type":"image\/webp"}],"author":"aliou kane ndiaye","twitter_card":"summary_large_image","twitter_misc":{"\u00c9crit par":"aliou kane ndiaye","Dur\u00e9e de lecture estim\u00e9e":"2 minutes"},"schema":{"@context":"https:\/\/schema.org","@graph":[{"@type":"Article","@id":"https:\/\/challengeseconomiques.com\/?p=7798#article","isPartOf":{"@id":"https:\/\/challengeseconomiques.com\/?p=7798"},"author":{"name":"aliou kane ndiaye","@id":"https:\/\/challengeseconomiques.com\/#\/schema\/person\/2f70a31e102db1741c1a1c00c2bbd8a6"},"headline":"La cour des comptes ne devrait-t-elle pas aussi auditer la gestion des finances publiques entre 2012 et 2019 ?","datePublished":"2025-02-14T20:11:00+00:00","dateModified":"2025-02-14T20:11:33+00:00","mainEntityOfPage":{"@id":"https:\/\/challengeseconomiques.com\/?p=7798"},"wordCount":432,"image":{"@id":"https:\/\/challengeseconomiques.com\/?p=7798#primaryimage"},"thumbnailUrl":"https:\/\/challengeseconomiques.com\/wp-content\/uploads\/2025\/02\/cour-des-comptes.webp","articleSection":["A la une","Analyse"],"inLanguage":"fr-FR"},{"@type":"WebPage","@id":"https:\/\/challengeseconomiques.com\/?p=7798","url":"https:\/\/challengeseconomiques.com\/?p=7798","name":"La cour des comptes ne devrait-t-elle pas aussi auditer la gestion des finances publiques entre 2012 et 2019 ? - challenges economiques","isPartOf":{"@id":"https:\/\/challengeseconomiques.com\/#website"},"primaryImageOfPage":{"@id":"https:\/\/challengeseconomiques.com\/?p=7798#primaryimage"},"image":{"@id":"https:\/\/challengeseconomiques.com\/?p=7798#primaryimage"},"thumbnailUrl":"https:\/\/challengeseconomiques.com\/wp-content\/uploads\/2025\/02\/cour-des-comptes.webp","datePublished":"2025-02-14T20:11:00+00:00","dateModified":"2025-02-14T20:11:33+00:00","author":{"@id":"https:\/\/challengeseconomiques.com\/#\/schema\/person\/2f70a31e102db1741c1a1c00c2bbd8a6"},"breadcrumb":{"@id":"https:\/\/challengeseconomiques.com\/?p=7798#breadcrumb"},"inLanguage":"fr-FR","potentialAction":[{"@type":"ReadAction","target":["https:\/\/challengeseconomiques.com\/?p=7798"]}]},{"@type":"ImageObject","inLanguage":"fr-FR","@id":"https:\/\/challengeseconomiques.com\/?p=7798#primaryimage","url":"https:\/\/challengeseconomiques.com\/wp-content\/uploads\/2025\/02\/cour-des-comptes.webp","contentUrl":"https:\/\/challengeseconomiques.com\/wp-content\/uploads\/2025\/02\/cour-des-comptes.webp","width":1920,"height":1107},{"@type":"BreadcrumbList","@id":"https:\/\/challengeseconomiques.com\/?p=7798#breadcrumb","itemListElement":[{"@type":"ListItem","position":1,"name":"Home","item":"https:\/\/challengeseconomiques.com\/"},{"@type":"ListItem","position":2,"name":"La cour des comptes ne devrait-t-elle pas aussi auditer la gestion des finances publiques entre 2012 et 2019 ?"}]},{"@type":"WebSite","@id":"https:\/\/challengeseconomiques.com\/#website","url":"https:\/\/challengeseconomiques.com\/","name":"challenges economiques","description":"","potentialAction":[{"@type":"SearchAction","target":{"@type":"EntryPoint","urlTemplate":"https:\/\/challengeseconomiques.com\/?s={search_term_string}"},"query-input":{"@type":"PropertyValueSpecification","valueRequired":true,"valueName":"search_term_string"}}],"inLanguage":"fr-FR"},{"@type":"Person","@id":"https:\/\/challengeseconomiques.com\/#\/schema\/person\/2f70a31e102db1741c1a1c00c2bbd8a6","name":"aliou kane ndiaye","image":{"@type":"ImageObject","inLanguage":"fr-FR","@id":"https:\/\/challengeseconomiques.com\/#\/schema\/person\/image\/","url":"https:\/\/secure.gravatar.com\/avatar\/df942321e58711a9f1fee838e446766660477bacd4b42fa20400d2c7cf4da7ca?s=96&d=mm&r=g","contentUrl":"https:\/\/secure.gravatar.com\/avatar\/df942321e58711a9f1fee838e446766660477bacd4b42fa20400d2c7cf4da7ca?s=96&d=mm&r=g","caption":"aliou kane ndiaye"},"sameAs":["http:\/\/www.challengeseconomiques.com"],"url":"https:\/\/challengeseconomiques.com\/?author=3"}]}},"jetpack_featured_media_url":"https:\/\/challengeseconomiques.com\/wp-content\/uploads\/2025\/02\/cour-des-comptes.webp","jetpack_sharing_enabled":true,"_links":{"self":[{"href":"https:\/\/challengeseconomiques.com\/index.php?rest_route=\/wp\/v2\/posts\/7798","targetHints":{"allow":["GET"]}}],"collection":[{"href":"https:\/\/challengeseconomiques.com\/index.php?rest_route=\/wp\/v2\/posts"}],"about":[{"href":"https:\/\/challengeseconomiques.com\/index.php?rest_route=\/wp\/v2\/types\/post"}],"author":[{"embeddable":true,"href":"https:\/\/challengeseconomiques.com\/index.php?rest_route=\/wp\/v2\/users\/3"}],"replies":[{"embeddable":true,"href":"https:\/\/challengeseconomiques.com\/index.php?rest_route=%2Fwp%2Fv2%2Fcomments&post=7798"}],"version-history":[{"count":1,"href":"https:\/\/challengeseconomiques.com\/index.php?rest_route=\/wp\/v2\/posts\/7798\/revisions"}],"predecessor-version":[{"id":7800,"href":"https:\/\/challengeseconomiques.com\/index.php?rest_route=\/wp\/v2\/posts\/7798\/revisions\/7800"}],"wp:featuredmedia":[{"embeddable":true,"href":"https:\/\/challengeseconomiques.com\/index.php?rest_route=\/wp\/v2\/media\/7799"}],"wp:attachment":[{"href":"https:\/\/challengeseconomiques.com\/index.php?rest_route=%2Fwp%2Fv2%2Fmedia&parent=7798"}],"wp:term":[{"taxonomy":"category","embeddable":true,"href":"https:\/\/challengeseconomiques.com\/index.php?rest_route=%2Fwp%2Fv2%2Fcategories&post=7798"},{"taxonomy":"post_tag","embeddable":true,"href":"https:\/\/challengeseconomiques.com\/index.php?rest_route=%2Fwp%2Fv2%2Ftags&post=7798"}],"curies":[{"name":"wp","href":"https:\/\/api.w.org\/{rel}","templated":true}]}}