{"id":7788,"date":"2025-02-13T17:41:45","date_gmt":"2025-02-13T17:41:45","guid":{"rendered":"https:\/\/challengeseconomiques.com\/?p=7788"},"modified":"2025-02-13T17:47:35","modified_gmt":"2025-02-13T17:47:35","slug":"le-regime-de-macky-sall-creve-le-plafond-avec-un-deficit-budgetaire-de-plus-de-12","status":"publish","type":"post","link":"https:\/\/challengeseconomiques.com\/?p=7788","title":{"rendered":"Macky Sall fait passer le d\u00e9ficit budg\u00e9taire de 6,7% en 2012 \u00e0 plus de 12 % en 2023"},"content":{"rendered":"<p>Le \u00a0pr\u00e9sident Macky Sall n\u2019a pas r\u00e9ussi \u00e0 maintenir le d\u00e9ficit budg\u00e9taire en dessous de 6%. Pourtant il s\u2018y \u00e9tait \u00a0engag\u00e9 \u00e0 son arriv\u00e9e au pouvoir en 2012, alors que Abdoulaye l\u2019avait laiss\u00e9 \u00e0\u00a0 6,7% du PIB.<\/p>\n<p>Le pr\u00e9sident Bassirou Diomaye Faye, a demand\u00e9 comme la loi l\u2019y autorise, \u00e0 la cour des comptes de lui\u00a0 faire un audit des finances publiques, pour la p\u00e9riode 2019\/2023. Dans le rapport que ladite cour a rendu public hier mercredi 12 f\u00e9vrier 2025, elle r\u00e9v\u00e8le que le chiffre donn\u00e9 par les \u00e9quipes de Macky Sall quand il quittait le pouvoir est diff\u00e9rent de la r\u00e9alit\u00e9. En v\u00e9rit\u00e9 , contrairement \u00a0aux dires de l\u2019ancien r\u00e9gime, qui d\u00e9clarait un d\u00e9ficit budg\u00e9taire moyen de 5,5% du PIB sur la p\u00e9riode 2019-2023, la cour des comptes fait ressortir dans son rapport un d\u00e9ficit moyen sur la p\u00e9riode de plus de 11%, avec des pics de 12,65% en 2022 et 12,30% en 2023<strong>.<\/strong> Des chiffres largement en de\u00e7\u00e0 de ceux que le Premier ministre, Ousmane Sonko \u00a0avait annonc\u00e9, lors de sa conf\u00e9rence de presse du mois de septembre 2024. Ces chiffres sont \u00e9galement largement en de\u00e7\u00e0 de la norme communautaire, avec les crit\u00e8res de convergences de \u00a0l\u2019UEMOA, qui pr\u00e9voient un d\u00e9ficit budg\u00e9taire maximal de 3% du PIB.<\/p>\n","protected":false},"excerpt":{"rendered":"<p>Le \u00a0pr\u00e9sident Macky Sall n\u2019a pas r\u00e9ussi \u00e0 maintenir le d\u00e9ficit budg\u00e9taire en dessous de 6%. Pourtant il s\u2018y \u00e9tait \u00a0engag\u00e9 \u00e0 son arriv\u00e9e au&#8230;<\/p>\n","protected":false},"author":3,"featured_media":7793,"comment_status":"closed","ping_status":"open","sticky":false,"template":"","format":"standard","meta":{"_jetpack_memberships_contains_paid_content":false,"footnotes":""},"categories":[23,8],"tags":[],"class_list":["post-7788","post","type-post","status-publish","format-standard","has-post-thumbnail","hentry","category-a-la-une","category-actualite-economique","wpcat-23-id","wpcat-8-id"],"yoast_head":"<!-- This site is optimized with the Yoast SEO plugin v27.1.1 - https:\/\/yoast.com\/product\/yoast-seo-wordpress\/ -->\n<title>Macky Sall fait passer le d\u00e9ficit budg\u00e9taire de 6,7% en 2012 \u00e0 plus de 12 % en 2023 - challenges economiques<\/title>\n<meta name=\"robots\" content=\"index, follow, max-snippet:-1, max-image-preview:large, max-video-preview:-1\" \/>\n<link rel=\"canonical\" href=\"https:\/\/challengeseconomiques.com\/?p=7788\" \/>\n<meta property=\"og:locale\" content=\"fr_FR\" \/>\n<meta property=\"og:type\" content=\"article\" \/>\n<meta property=\"og:title\" content=\"Macky Sall fait passer le d\u00e9ficit budg\u00e9taire de 6,7% en 2012 \u00e0 plus de 12 % en 2023 - challenges economiques\" \/>\n<meta property=\"og:description\" content=\"Le \u00a0pr\u00e9sident Macky Sall n\u2019a pas r\u00e9ussi \u00e0 maintenir le d\u00e9ficit budg\u00e9taire en dessous de 6%. Pourtant il s\u2018y \u00e9tait \u00a0engag\u00e9 \u00e0 son arriv\u00e9e au...\" \/>\n<meta property=\"og:url\" content=\"https:\/\/challengeseconomiques.com\/?p=7788\" \/>\n<meta property=\"og:site_name\" content=\"challenges economiques\" \/>\n<meta property=\"article:published_time\" content=\"2025-02-13T17:41:45+00:00\" \/>\n<meta property=\"article:modified_time\" content=\"2025-02-13T17:47:35+00:00\" \/>\n<meta property=\"og:image\" content=\"https:\/\/challengeseconomiques.com\/wp-content\/uploads\/2025\/02\/mackysall.jpg\" \/>\n\t<meta property=\"og:image:width\" content=\"1486\" \/>\n\t<meta property=\"og:image:height\" content=\"991\" \/>\n\t<meta property=\"og:image:type\" content=\"image\/jpeg\" \/>\n<meta name=\"author\" content=\"aliou kane ndiaye\" \/>\n<meta name=\"twitter:card\" content=\"summary_large_image\" \/>\n<meta name=\"twitter:label1\" content=\"\u00c9crit par\" \/>\n\t<meta name=\"twitter:data1\" content=\"aliou kane ndiaye\" \/>\n\t<meta name=\"twitter:label2\" content=\"Dur\u00e9e de lecture estim\u00e9e\" \/>\n\t<meta name=\"twitter:data2\" content=\"1 minute\" \/>\n<script type=\"application\/ld+json\" class=\"yoast-schema-graph\">{\"@context\":\"https:\/\/schema.org\",\"@graph\":[{\"@type\":\"Article\",\"@id\":\"https:\/\/challengeseconomiques.com\/?p=7788#article\",\"isPartOf\":{\"@id\":\"https:\/\/challengeseconomiques.com\/?p=7788\"},\"author\":{\"name\":\"aliou kane ndiaye\",\"@id\":\"https:\/\/challengeseconomiques.com\/#\/schema\/person\/2f70a31e102db1741c1a1c00c2bbd8a6\"},\"headline\":\"Macky Sall fait passer le d\u00e9ficit budg\u00e9taire de 6,7% en 2012 \u00e0 plus de 12 % en 2023\",\"datePublished\":\"2025-02-13T17:41:45+00:00\",\"dateModified\":\"2025-02-13T17:47:35+00:00\",\"mainEntityOfPage\":{\"@id\":\"https:\/\/challengeseconomiques.com\/?p=7788\"},\"wordCount\":235,\"image\":{\"@id\":\"https:\/\/challengeseconomiques.com\/?p=7788#primaryimage\"},\"thumbnailUrl\":\"https:\/\/challengeseconomiques.com\/wp-content\/uploads\/2025\/02\/mackysall.jpg\",\"articleSection\":[\"A la une\",\"Actualit\u00e9 \u00e9conomique\"],\"inLanguage\":\"fr-FR\"},{\"@type\":\"WebPage\",\"@id\":\"https:\/\/challengeseconomiques.com\/?p=7788\",\"url\":\"https:\/\/challengeseconomiques.com\/?p=7788\",\"name\":\"Macky Sall fait passer le d\u00e9ficit budg\u00e9taire de 6,7% en 2012 \u00e0 plus de 12 % en 2023 - challenges economiques\",\"isPartOf\":{\"@id\":\"https:\/\/challengeseconomiques.com\/#website\"},\"primaryImageOfPage\":{\"@id\":\"https:\/\/challengeseconomiques.com\/?p=7788#primaryimage\"},\"image\":{\"@id\":\"https:\/\/challengeseconomiques.com\/?p=7788#primaryimage\"},\"thumbnailUrl\":\"https:\/\/challengeseconomiques.com\/wp-content\/uploads\/2025\/02\/mackysall.jpg\",\"datePublished\":\"2025-02-13T17:41:45+00:00\",\"dateModified\":\"2025-02-13T17:47:35+00:00\",\"author\":{\"@id\":\"https:\/\/challengeseconomiques.com\/#\/schema\/person\/2f70a31e102db1741c1a1c00c2bbd8a6\"},\"breadcrumb\":{\"@id\":\"https:\/\/challengeseconomiques.com\/?p=7788#breadcrumb\"},\"inLanguage\":\"fr-FR\",\"potentialAction\":[{\"@type\":\"ReadAction\",\"target\":[\"https:\/\/challengeseconomiques.com\/?p=7788\"]}]},{\"@type\":\"ImageObject\",\"inLanguage\":\"fr-FR\",\"@id\":\"https:\/\/challengeseconomiques.com\/?p=7788#primaryimage\",\"url\":\"https:\/\/challengeseconomiques.com\/wp-content\/uploads\/2025\/02\/mackysall.jpg\",\"contentUrl\":\"https:\/\/challengeseconomiques.com\/wp-content\/uploads\/2025\/02\/mackysall.jpg\",\"width\":1486,\"height\":991,\"caption\":\"RUSSIA, ST PETERSBURG - JUNE 17, 2023: Senegal's President Macky Sall attends a meeting with Russian President Vladimir Putin to discuss possible ways to reach settlement in Ukraine at Constantine Palace. Sergei Bobylev\/TASS\/Sipa USA\/46905880\/MB\/2306171942\"},{\"@type\":\"BreadcrumbList\",\"@id\":\"https:\/\/challengeseconomiques.com\/?p=7788#breadcrumb\",\"itemListElement\":[{\"@type\":\"ListItem\",\"position\":1,\"name\":\"Home\",\"item\":\"https:\/\/challengeseconomiques.com\/\"},{\"@type\":\"ListItem\",\"position\":2,\"name\":\"Macky Sall fait passer le d\u00e9ficit budg\u00e9taire de 6,7% en 2012 \u00e0 plus de 12 % en 2023\"}]},{\"@type\":\"WebSite\",\"@id\":\"https:\/\/challengeseconomiques.com\/#website\",\"url\":\"https:\/\/challengeseconomiques.com\/\",\"name\":\"challenges economiques\",\"description\":\"\",\"potentialAction\":[{\"@type\":\"SearchAction\",\"target\":{\"@type\":\"EntryPoint\",\"urlTemplate\":\"https:\/\/challengeseconomiques.com\/?s={search_term_string}\"},\"query-input\":{\"@type\":\"PropertyValueSpecification\",\"valueRequired\":true,\"valueName\":\"search_term_string\"}}],\"inLanguage\":\"fr-FR\"},{\"@type\":\"Person\",\"@id\":\"https:\/\/challengeseconomiques.com\/#\/schema\/person\/2f70a31e102db1741c1a1c00c2bbd8a6\",\"name\":\"aliou kane ndiaye\",\"image\":{\"@type\":\"ImageObject\",\"inLanguage\":\"fr-FR\",\"@id\":\"https:\/\/challengeseconomiques.com\/#\/schema\/person\/image\/\",\"url\":\"https:\/\/secure.gravatar.com\/avatar\/df942321e58711a9f1fee838e446766660477bacd4b42fa20400d2c7cf4da7ca?s=96&d=mm&r=g\",\"contentUrl\":\"https:\/\/secure.gravatar.com\/avatar\/df942321e58711a9f1fee838e446766660477bacd4b42fa20400d2c7cf4da7ca?s=96&d=mm&r=g\",\"caption\":\"aliou kane ndiaye\"},\"sameAs\":[\"http:\/\/www.challengeseconomiques.com\"],\"url\":\"https:\/\/challengeseconomiques.com\/?author=3\"}]}<\/script>\n<!-- \/ Yoast SEO plugin. -->","yoast_head_json":{"title":"Macky Sall fait passer le d\u00e9ficit budg\u00e9taire de 6,7% en 2012 \u00e0 plus de 12 % en 2023 - challenges economiques","robots":{"index":"index","follow":"follow","max-snippet":"max-snippet:-1","max-image-preview":"max-image-preview:large","max-video-preview":"max-video-preview:-1"},"canonical":"https:\/\/challengeseconomiques.com\/?p=7788","og_locale":"fr_FR","og_type":"article","og_title":"Macky Sall fait passer le d\u00e9ficit budg\u00e9taire de 6,7% en 2012 \u00e0 plus de 12 % en 2023 - challenges economiques","og_description":"Le \u00a0pr\u00e9sident Macky Sall n\u2019a pas r\u00e9ussi \u00e0 maintenir le d\u00e9ficit budg\u00e9taire en dessous de 6%. Pourtant il s\u2018y \u00e9tait \u00a0engag\u00e9 \u00e0 son arriv\u00e9e au...","og_url":"https:\/\/challengeseconomiques.com\/?p=7788","og_site_name":"challenges economiques","article_published_time":"2025-02-13T17:41:45+00:00","article_modified_time":"2025-02-13T17:47:35+00:00","og_image":[{"width":1486,"height":991,"url":"https:\/\/challengeseconomiques.com\/wp-content\/uploads\/2025\/02\/mackysall.jpg","type":"image\/jpeg"}],"author":"aliou kane ndiaye","twitter_card":"summary_large_image","twitter_misc":{"\u00c9crit par":"aliou kane ndiaye","Dur\u00e9e de lecture estim\u00e9e":"1 minute"},"schema":{"@context":"https:\/\/schema.org","@graph":[{"@type":"Article","@id":"https:\/\/challengeseconomiques.com\/?p=7788#article","isPartOf":{"@id":"https:\/\/challengeseconomiques.com\/?p=7788"},"author":{"name":"aliou kane ndiaye","@id":"https:\/\/challengeseconomiques.com\/#\/schema\/person\/2f70a31e102db1741c1a1c00c2bbd8a6"},"headline":"Macky Sall fait passer le d\u00e9ficit budg\u00e9taire de 6,7% en 2012 \u00e0 plus de 12 % en 2023","datePublished":"2025-02-13T17:41:45+00:00","dateModified":"2025-02-13T17:47:35+00:00","mainEntityOfPage":{"@id":"https:\/\/challengeseconomiques.com\/?p=7788"},"wordCount":235,"image":{"@id":"https:\/\/challengeseconomiques.com\/?p=7788#primaryimage"},"thumbnailUrl":"https:\/\/challengeseconomiques.com\/wp-content\/uploads\/2025\/02\/mackysall.jpg","articleSection":["A la une","Actualit\u00e9 \u00e9conomique"],"inLanguage":"fr-FR"},{"@type":"WebPage","@id":"https:\/\/challengeseconomiques.com\/?p=7788","url":"https:\/\/challengeseconomiques.com\/?p=7788","name":"Macky Sall fait passer le d\u00e9ficit budg\u00e9taire de 6,7% en 2012 \u00e0 plus de 12 % en 2023 - challenges economiques","isPartOf":{"@id":"https:\/\/challengeseconomiques.com\/#website"},"primaryImageOfPage":{"@id":"https:\/\/challengeseconomiques.com\/?p=7788#primaryimage"},"image":{"@id":"https:\/\/challengeseconomiques.com\/?p=7788#primaryimage"},"thumbnailUrl":"https:\/\/challengeseconomiques.com\/wp-content\/uploads\/2025\/02\/mackysall.jpg","datePublished":"2025-02-13T17:41:45+00:00","dateModified":"2025-02-13T17:47:35+00:00","author":{"@id":"https:\/\/challengeseconomiques.com\/#\/schema\/person\/2f70a31e102db1741c1a1c00c2bbd8a6"},"breadcrumb":{"@id":"https:\/\/challengeseconomiques.com\/?p=7788#breadcrumb"},"inLanguage":"fr-FR","potentialAction":[{"@type":"ReadAction","target":["https:\/\/challengeseconomiques.com\/?p=7788"]}]},{"@type":"ImageObject","inLanguage":"fr-FR","@id":"https:\/\/challengeseconomiques.com\/?p=7788#primaryimage","url":"https:\/\/challengeseconomiques.com\/wp-content\/uploads\/2025\/02\/mackysall.jpg","contentUrl":"https:\/\/challengeseconomiques.com\/wp-content\/uploads\/2025\/02\/mackysall.jpg","width":1486,"height":991,"caption":"RUSSIA, ST PETERSBURG - JUNE 17, 2023: Senegal's President Macky Sall attends a meeting with Russian President Vladimir Putin to discuss possible ways to reach settlement in Ukraine at Constantine Palace. Sergei Bobylev\/TASS\/Sipa USA\/46905880\/MB\/2306171942"},{"@type":"BreadcrumbList","@id":"https:\/\/challengeseconomiques.com\/?p=7788#breadcrumb","itemListElement":[{"@type":"ListItem","position":1,"name":"Home","item":"https:\/\/challengeseconomiques.com\/"},{"@type":"ListItem","position":2,"name":"Macky Sall fait passer le d\u00e9ficit budg\u00e9taire de 6,7% en 2012 \u00e0 plus de 12 % en 2023"}]},{"@type":"WebSite","@id":"https:\/\/challengeseconomiques.com\/#website","url":"https:\/\/challengeseconomiques.com\/","name":"challenges economiques","description":"","potentialAction":[{"@type":"SearchAction","target":{"@type":"EntryPoint","urlTemplate":"https:\/\/challengeseconomiques.com\/?s={search_term_string}"},"query-input":{"@type":"PropertyValueSpecification","valueRequired":true,"valueName":"search_term_string"}}],"inLanguage":"fr-FR"},{"@type":"Person","@id":"https:\/\/challengeseconomiques.com\/#\/schema\/person\/2f70a31e102db1741c1a1c00c2bbd8a6","name":"aliou kane ndiaye","image":{"@type":"ImageObject","inLanguage":"fr-FR","@id":"https:\/\/challengeseconomiques.com\/#\/schema\/person\/image\/","url":"https:\/\/secure.gravatar.com\/avatar\/df942321e58711a9f1fee838e446766660477bacd4b42fa20400d2c7cf4da7ca?s=96&d=mm&r=g","contentUrl":"https:\/\/secure.gravatar.com\/avatar\/df942321e58711a9f1fee838e446766660477bacd4b42fa20400d2c7cf4da7ca?s=96&d=mm&r=g","caption":"aliou kane ndiaye"},"sameAs":["http:\/\/www.challengeseconomiques.com"],"url":"https:\/\/challengeseconomiques.com\/?author=3"}]}},"jetpack_featured_media_url":"https:\/\/challengeseconomiques.com\/wp-content\/uploads\/2025\/02\/mackysall.jpg","jetpack_sharing_enabled":true,"_links":{"self":[{"href":"https:\/\/challengeseconomiques.com\/index.php?rest_route=\/wp\/v2\/posts\/7788","targetHints":{"allow":["GET"]}}],"collection":[{"href":"https:\/\/challengeseconomiques.com\/index.php?rest_route=\/wp\/v2\/posts"}],"about":[{"href":"https:\/\/challengeseconomiques.com\/index.php?rest_route=\/wp\/v2\/types\/post"}],"author":[{"embeddable":true,"href":"https:\/\/challengeseconomiques.com\/index.php?rest_route=\/wp\/v2\/users\/3"}],"replies":[{"embeddable":true,"href":"https:\/\/challengeseconomiques.com\/index.php?rest_route=%2Fwp%2Fv2%2Fcomments&post=7788"}],"version-history":[{"count":2,"href":"https:\/\/challengeseconomiques.com\/index.php?rest_route=\/wp\/v2\/posts\/7788\/revisions"}],"predecessor-version":[{"id":7792,"href":"https:\/\/challengeseconomiques.com\/index.php?rest_route=\/wp\/v2\/posts\/7788\/revisions\/7792"}],"wp:featuredmedia":[{"embeddable":true,"href":"https:\/\/challengeseconomiques.com\/index.php?rest_route=\/wp\/v2\/media\/7793"}],"wp:attachment":[{"href":"https:\/\/challengeseconomiques.com\/index.php?rest_route=%2Fwp%2Fv2%2Fmedia&parent=7788"}],"wp:term":[{"taxonomy":"category","embeddable":true,"href":"https:\/\/challengeseconomiques.com\/index.php?rest_route=%2Fwp%2Fv2%2Fcategories&post=7788"},{"taxonomy":"post_tag","embeddable":true,"href":"https:\/\/challengeseconomiques.com\/index.php?rest_route=%2Fwp%2Fv2%2Ftags&post=7788"}],"curies":[{"name":"wp","href":"https:\/\/api.w.org\/{rel}","templated":true}]}}