{"id":7785,"date":"2025-02-13T14:13:45","date_gmt":"2025-02-13T14:13:45","guid":{"rendered":"https:\/\/challengeseconomiques.com\/?p=7785"},"modified":"2025-02-13T14:14:17","modified_gmt":"2025-02-13T14:14:17","slug":"la-bnde-installe-son-siege-social-a-limmeuble-elite-mustafa","status":"publish","type":"post","link":"https:\/\/challengeseconomiques.com\/?p=7785","title":{"rendered":"La BNDE installe son si\u00e8ge social \u00e0 l\u2019immeuble ELITE MUSTAFA"},"content":{"rendered":"<p>Dans le cadre de l\u2019am\u00e9lioration des conditions de travail et d\u2019accueil, la banque nationale pour le \u00a0d\u00e9veloppement \u00e9conomique (BNDE) a pris la d\u00e9cision de d\u00e9m\u00e9nager son si\u00e8ge social, qui se situe d\u00e9sormais au sein de l\u2019immeuble ELITE MUSTAFA, situ\u00e9 sur la VDN, informe un communiqu\u00e9 de l\u2019institution financi\u00e8re.<\/p>\n<p>En outre, la source indique que l\u2019agence du nouveau si\u00e8ge portera le nom d\u2019AL FOUTIYOU et sera ouverte \u00e0 la client\u00e8le ce 13 f\u00e9vrier 2025.<\/p>\n<p>\u00ab\u00a0La Banque reste r\u00e9solument tourn\u00e9e vers l\u2019avenir avec l\u2019objectif d\u2019am\u00e9liorer son service client dans un environnement toujours plus favorable \u00e0 ses \u00e9quipes et \u00e0 ses partenaires. Pour rappel, c\u2019est en janvier 2014 que la BNDE a d\u00e9marr\u00e9 ses activit\u00e9s, en tant que banque universelle innovante et accessible\u00a0\u00bb, ont affirm\u00e9 les responsables de la banque.<\/p>\n<p>&nbsp;<\/p>\n","protected":false},"excerpt":{"rendered":"<p>Dans le cadre de l\u2019am\u00e9lioration des conditions de travail et d\u2019accueil, la banque nationale pour le \u00a0d\u00e9veloppement \u00e9conomique (BNDE) a pris la d\u00e9cision de d\u00e9m\u00e9nager&#8230;<\/p>\n","protected":false},"author":3,"featured_media":7786,"comment_status":"closed","ping_status":"open","sticky":false,"template":"","format":"standard","meta":{"_jetpack_memberships_contains_paid_content":false,"footnotes":""},"categories":[23,10],"tags":[],"class_list":["post-7785","post","type-post","status-publish","format-standard","has-post-thumbnail","hentry","category-a-la-une","category-infos-eco","wpcat-23-id","wpcat-10-id"],"yoast_head":"<!-- This site is optimized with the Yoast SEO plugin v27.1.1 - https:\/\/yoast.com\/product\/yoast-seo-wordpress\/ -->\n<title>La BNDE installe son si\u00e8ge social \u00e0 l\u2019immeuble ELITE MUSTAFA - challenges economiques<\/title>\n<meta name=\"robots\" content=\"index, follow, max-snippet:-1, max-image-preview:large, max-video-preview:-1\" \/>\n<link rel=\"canonical\" href=\"https:\/\/challengeseconomiques.com\/?p=7785\" \/>\n<meta property=\"og:locale\" content=\"fr_FR\" \/>\n<meta property=\"og:type\" content=\"article\" \/>\n<meta property=\"og:title\" content=\"La BNDE installe son si\u00e8ge social \u00e0 l\u2019immeuble ELITE MUSTAFA - challenges economiques\" \/>\n<meta property=\"og:description\" content=\"Dans le cadre de l\u2019am\u00e9lioration des conditions de travail et d\u2019accueil, la banque nationale pour le \u00a0d\u00e9veloppement \u00e9conomique (BNDE) a pris la d\u00e9cision de d\u00e9m\u00e9nager...\" \/>\n<meta property=\"og:url\" content=\"https:\/\/challengeseconomiques.com\/?p=7785\" \/>\n<meta property=\"og:site_name\" content=\"challenges economiques\" \/>\n<meta property=\"article:published_time\" content=\"2025-02-13T14:13:45+00:00\" \/>\n<meta property=\"article:modified_time\" content=\"2025-02-13T14:14:17+00:00\" \/>\n<meta property=\"og:image\" content=\"https:\/\/challengeseconomiques.com\/wp-content\/uploads\/2025\/02\/bndenouveaisiege.jpg\" \/>\n\t<meta property=\"og:image:width\" content=\"1080\" \/>\n\t<meta property=\"og:image:height\" content=\"607\" \/>\n\t<meta property=\"og:image:type\" content=\"image\/jpeg\" \/>\n<meta name=\"author\" content=\"aliou kane ndiaye\" \/>\n<meta name=\"twitter:card\" content=\"summary_large_image\" \/>\n<meta name=\"twitter:label1\" content=\"\u00c9crit par\" \/>\n\t<meta name=\"twitter:data1\" content=\"aliou kane ndiaye\" \/>\n\t<meta name=\"twitter:label2\" content=\"Dur\u00e9e de lecture estim\u00e9e\" \/>\n\t<meta name=\"twitter:data2\" content=\"1 minute\" \/>\n<script type=\"application\/ld+json\" class=\"yoast-schema-graph\">{\"@context\":\"https:\/\/schema.org\",\"@graph\":[{\"@type\":\"Article\",\"@id\":\"https:\/\/challengeseconomiques.com\/?p=7785#article\",\"isPartOf\":{\"@id\":\"https:\/\/challengeseconomiques.com\/?p=7785\"},\"author\":{\"name\":\"aliou kane ndiaye\",\"@id\":\"https:\/\/challengeseconomiques.com\/#\/schema\/person\/2f70a31e102db1741c1a1c00c2bbd8a6\"},\"headline\":\"La BNDE installe son si\u00e8ge social \u00e0 l\u2019immeuble ELITE MUSTAFA\",\"datePublished\":\"2025-02-13T14:13:45+00:00\",\"dateModified\":\"2025-02-13T14:14:17+00:00\",\"mainEntityOfPage\":{\"@id\":\"https:\/\/challengeseconomiques.com\/?p=7785\"},\"wordCount\":159,\"image\":{\"@id\":\"https:\/\/challengeseconomiques.com\/?p=7785#primaryimage\"},\"thumbnailUrl\":\"https:\/\/challengeseconomiques.com\/wp-content\/uploads\/2025\/02\/bndenouveaisiege.jpg\",\"articleSection\":[\"A la une\",\"Infos \u00e9co\"],\"inLanguage\":\"fr-FR\"},{\"@type\":\"WebPage\",\"@id\":\"https:\/\/challengeseconomiques.com\/?p=7785\",\"url\":\"https:\/\/challengeseconomiques.com\/?p=7785\",\"name\":\"La BNDE installe son si\u00e8ge social \u00e0 l\u2019immeuble ELITE MUSTAFA - challenges economiques\",\"isPartOf\":{\"@id\":\"https:\/\/challengeseconomiques.com\/#website\"},\"primaryImageOfPage\":{\"@id\":\"https:\/\/challengeseconomiques.com\/?p=7785#primaryimage\"},\"image\":{\"@id\":\"https:\/\/challengeseconomiques.com\/?p=7785#primaryimage\"},\"thumbnailUrl\":\"https:\/\/challengeseconomiques.com\/wp-content\/uploads\/2025\/02\/bndenouveaisiege.jpg\",\"datePublished\":\"2025-02-13T14:13:45+00:00\",\"dateModified\":\"2025-02-13T14:14:17+00:00\",\"author\":{\"@id\":\"https:\/\/challengeseconomiques.com\/#\/schema\/person\/2f70a31e102db1741c1a1c00c2bbd8a6\"},\"breadcrumb\":{\"@id\":\"https:\/\/challengeseconomiques.com\/?p=7785#breadcrumb\"},\"inLanguage\":\"fr-FR\",\"potentialAction\":[{\"@type\":\"ReadAction\",\"target\":[\"https:\/\/challengeseconomiques.com\/?p=7785\"]}]},{\"@type\":\"ImageObject\",\"inLanguage\":\"fr-FR\",\"@id\":\"https:\/\/challengeseconomiques.com\/?p=7785#primaryimage\",\"url\":\"https:\/\/challengeseconomiques.com\/wp-content\/uploads\/2025\/02\/bndenouveaisiege.jpg\",\"contentUrl\":\"https:\/\/challengeseconomiques.com\/wp-content\/uploads\/2025\/02\/bndenouveaisiege.jpg\",\"width\":1080,\"height\":607},{\"@type\":\"BreadcrumbList\",\"@id\":\"https:\/\/challengeseconomiques.com\/?p=7785#breadcrumb\",\"itemListElement\":[{\"@type\":\"ListItem\",\"position\":1,\"name\":\"Home\",\"item\":\"https:\/\/challengeseconomiques.com\/\"},{\"@type\":\"ListItem\",\"position\":2,\"name\":\"La BNDE installe son si\u00e8ge social \u00e0 l\u2019immeuble ELITE MUSTAFA\"}]},{\"@type\":\"WebSite\",\"@id\":\"https:\/\/challengeseconomiques.com\/#website\",\"url\":\"https:\/\/challengeseconomiques.com\/\",\"name\":\"challenges economiques\",\"description\":\"\",\"potentialAction\":[{\"@type\":\"SearchAction\",\"target\":{\"@type\":\"EntryPoint\",\"urlTemplate\":\"https:\/\/challengeseconomiques.com\/?s={search_term_string}\"},\"query-input\":{\"@type\":\"PropertyValueSpecification\",\"valueRequired\":true,\"valueName\":\"search_term_string\"}}],\"inLanguage\":\"fr-FR\"},{\"@type\":\"Person\",\"@id\":\"https:\/\/challengeseconomiques.com\/#\/schema\/person\/2f70a31e102db1741c1a1c00c2bbd8a6\",\"name\":\"aliou kane ndiaye\",\"image\":{\"@type\":\"ImageObject\",\"inLanguage\":\"fr-FR\",\"@id\":\"https:\/\/challengeseconomiques.com\/#\/schema\/person\/image\/\",\"url\":\"https:\/\/secure.gravatar.com\/avatar\/df942321e58711a9f1fee838e446766660477bacd4b42fa20400d2c7cf4da7ca?s=96&d=mm&r=g\",\"contentUrl\":\"https:\/\/secure.gravatar.com\/avatar\/df942321e58711a9f1fee838e446766660477bacd4b42fa20400d2c7cf4da7ca?s=96&d=mm&r=g\",\"caption\":\"aliou kane ndiaye\"},\"sameAs\":[\"http:\/\/www.challengeseconomiques.com\"],\"url\":\"https:\/\/challengeseconomiques.com\/?author=3\"}]}<\/script>\n<!-- \/ Yoast SEO plugin. -->","yoast_head_json":{"title":"La BNDE installe son si\u00e8ge social \u00e0 l\u2019immeuble ELITE MUSTAFA - challenges economiques","robots":{"index":"index","follow":"follow","max-snippet":"max-snippet:-1","max-image-preview":"max-image-preview:large","max-video-preview":"max-video-preview:-1"},"canonical":"https:\/\/challengeseconomiques.com\/?p=7785","og_locale":"fr_FR","og_type":"article","og_title":"La BNDE installe son si\u00e8ge social \u00e0 l\u2019immeuble ELITE MUSTAFA - challenges economiques","og_description":"Dans le cadre de l\u2019am\u00e9lioration des conditions de travail et d\u2019accueil, la banque nationale pour le \u00a0d\u00e9veloppement \u00e9conomique (BNDE) a pris la d\u00e9cision de d\u00e9m\u00e9nager...","og_url":"https:\/\/challengeseconomiques.com\/?p=7785","og_site_name":"challenges economiques","article_published_time":"2025-02-13T14:13:45+00:00","article_modified_time":"2025-02-13T14:14:17+00:00","og_image":[{"width":1080,"height":607,"url":"https:\/\/challengeseconomiques.com\/wp-content\/uploads\/2025\/02\/bndenouveaisiege.jpg","type":"image\/jpeg"}],"author":"aliou kane ndiaye","twitter_card":"summary_large_image","twitter_misc":{"\u00c9crit par":"aliou kane ndiaye","Dur\u00e9e de lecture estim\u00e9e":"1 minute"},"schema":{"@context":"https:\/\/schema.org","@graph":[{"@type":"Article","@id":"https:\/\/challengeseconomiques.com\/?p=7785#article","isPartOf":{"@id":"https:\/\/challengeseconomiques.com\/?p=7785"},"author":{"name":"aliou kane ndiaye","@id":"https:\/\/challengeseconomiques.com\/#\/schema\/person\/2f70a31e102db1741c1a1c00c2bbd8a6"},"headline":"La BNDE installe son si\u00e8ge social \u00e0 l\u2019immeuble ELITE MUSTAFA","datePublished":"2025-02-13T14:13:45+00:00","dateModified":"2025-02-13T14:14:17+00:00","mainEntityOfPage":{"@id":"https:\/\/challengeseconomiques.com\/?p=7785"},"wordCount":159,"image":{"@id":"https:\/\/challengeseconomiques.com\/?p=7785#primaryimage"},"thumbnailUrl":"https:\/\/challengeseconomiques.com\/wp-content\/uploads\/2025\/02\/bndenouveaisiege.jpg","articleSection":["A la une","Infos \u00e9co"],"inLanguage":"fr-FR"},{"@type":"WebPage","@id":"https:\/\/challengeseconomiques.com\/?p=7785","url":"https:\/\/challengeseconomiques.com\/?p=7785","name":"La BNDE installe son si\u00e8ge social \u00e0 l\u2019immeuble ELITE MUSTAFA - challenges economiques","isPartOf":{"@id":"https:\/\/challengeseconomiques.com\/#website"},"primaryImageOfPage":{"@id":"https:\/\/challengeseconomiques.com\/?p=7785#primaryimage"},"image":{"@id":"https:\/\/challengeseconomiques.com\/?p=7785#primaryimage"},"thumbnailUrl":"https:\/\/challengeseconomiques.com\/wp-content\/uploads\/2025\/02\/bndenouveaisiege.jpg","datePublished":"2025-02-13T14:13:45+00:00","dateModified":"2025-02-13T14:14:17+00:00","author":{"@id":"https:\/\/challengeseconomiques.com\/#\/schema\/person\/2f70a31e102db1741c1a1c00c2bbd8a6"},"breadcrumb":{"@id":"https:\/\/challengeseconomiques.com\/?p=7785#breadcrumb"},"inLanguage":"fr-FR","potentialAction":[{"@type":"ReadAction","target":["https:\/\/challengeseconomiques.com\/?p=7785"]}]},{"@type":"ImageObject","inLanguage":"fr-FR","@id":"https:\/\/challengeseconomiques.com\/?p=7785#primaryimage","url":"https:\/\/challengeseconomiques.com\/wp-content\/uploads\/2025\/02\/bndenouveaisiege.jpg","contentUrl":"https:\/\/challengeseconomiques.com\/wp-content\/uploads\/2025\/02\/bndenouveaisiege.jpg","width":1080,"height":607},{"@type":"BreadcrumbList","@id":"https:\/\/challengeseconomiques.com\/?p=7785#breadcrumb","itemListElement":[{"@type":"ListItem","position":1,"name":"Home","item":"https:\/\/challengeseconomiques.com\/"},{"@type":"ListItem","position":2,"name":"La BNDE installe son si\u00e8ge social \u00e0 l\u2019immeuble ELITE MUSTAFA"}]},{"@type":"WebSite","@id":"https:\/\/challengeseconomiques.com\/#website","url":"https:\/\/challengeseconomiques.com\/","name":"challenges economiques","description":"","potentialAction":[{"@type":"SearchAction","target":{"@type":"EntryPoint","urlTemplate":"https:\/\/challengeseconomiques.com\/?s={search_term_string}"},"query-input":{"@type":"PropertyValueSpecification","valueRequired":true,"valueName":"search_term_string"}}],"inLanguage":"fr-FR"},{"@type":"Person","@id":"https:\/\/challengeseconomiques.com\/#\/schema\/person\/2f70a31e102db1741c1a1c00c2bbd8a6","name":"aliou kane ndiaye","image":{"@type":"ImageObject","inLanguage":"fr-FR","@id":"https:\/\/challengeseconomiques.com\/#\/schema\/person\/image\/","url":"https:\/\/secure.gravatar.com\/avatar\/df942321e58711a9f1fee838e446766660477bacd4b42fa20400d2c7cf4da7ca?s=96&d=mm&r=g","contentUrl":"https:\/\/secure.gravatar.com\/avatar\/df942321e58711a9f1fee838e446766660477bacd4b42fa20400d2c7cf4da7ca?s=96&d=mm&r=g","caption":"aliou kane ndiaye"},"sameAs":["http:\/\/www.challengeseconomiques.com"],"url":"https:\/\/challengeseconomiques.com\/?author=3"}]}},"jetpack_featured_media_url":"https:\/\/challengeseconomiques.com\/wp-content\/uploads\/2025\/02\/bndenouveaisiege.jpg","jetpack_sharing_enabled":true,"_links":{"self":[{"href":"https:\/\/challengeseconomiques.com\/index.php?rest_route=\/wp\/v2\/posts\/7785","targetHints":{"allow":["GET"]}}],"collection":[{"href":"https:\/\/challengeseconomiques.com\/index.php?rest_route=\/wp\/v2\/posts"}],"about":[{"href":"https:\/\/challengeseconomiques.com\/index.php?rest_route=\/wp\/v2\/types\/post"}],"author":[{"embeddable":true,"href":"https:\/\/challengeseconomiques.com\/index.php?rest_route=\/wp\/v2\/users\/3"}],"replies":[{"embeddable":true,"href":"https:\/\/challengeseconomiques.com\/index.php?rest_route=%2Fwp%2Fv2%2Fcomments&post=7785"}],"version-history":[{"count":1,"href":"https:\/\/challengeseconomiques.com\/index.php?rest_route=\/wp\/v2\/posts\/7785\/revisions"}],"predecessor-version":[{"id":7787,"href":"https:\/\/challengeseconomiques.com\/index.php?rest_route=\/wp\/v2\/posts\/7785\/revisions\/7787"}],"wp:featuredmedia":[{"embeddable":true,"href":"https:\/\/challengeseconomiques.com\/index.php?rest_route=\/wp\/v2\/media\/7786"}],"wp:attachment":[{"href":"https:\/\/challengeseconomiques.com\/index.php?rest_route=%2Fwp%2Fv2%2Fmedia&parent=7785"}],"wp:term":[{"taxonomy":"category","embeddable":true,"href":"https:\/\/challengeseconomiques.com\/index.php?rest_route=%2Fwp%2Fv2%2Fcategories&post=7785"},{"taxonomy":"post_tag","embeddable":true,"href":"https:\/\/challengeseconomiques.com\/index.php?rest_route=%2Fwp%2Fv2%2Ftags&post=7785"}],"curies":[{"name":"wp","href":"https:\/\/api.w.org\/{rel}","templated":true}]}}