{"id":7782,"date":"2025-02-12T17:40:20","date_gmt":"2025-02-12T17:40:20","guid":{"rendered":"https:\/\/challengeseconomiques.com\/?p=7782"},"modified":"2025-02-12T17:41:33","modified_gmt":"2025-02-12T17:41:33","slug":"la-cciad-et-le-fodem-veulent-aider-les-entreprises-a-disposer-detats-financiers-clairs-et-bien-structures","status":"publish","type":"post","link":"https:\/\/challengeseconomiques.com\/?p=7782","title":{"rendered":"La CCIAD et le FODEM veulent aider les entreprises \u00e0 disposer d\u2019\u00e9tats financiers clairs et bien structur\u00e9s"},"content":{"rendered":"<p><strong>La chambre de commerce d\u2019industrie et d\u2019agriculture de Dakar (CCIAD) et le fonds de d\u00e9veloppement et de solidarit\u00e9 municipal (FODEM) en partenariat avec CGA digital comptent s\u2019associer, afin d\u2019<\/strong><strong>aider les entreprises \u00e0 <\/strong><strong>disposer d\u2019\u00e9tats financiers clairs et bien structur\u00e9s. Il faut noter que l\u2019objectif de cette d\u00e9marche est de donner les possibilit\u00e9s \u00e0 75 entreprises d\u2019obtenir et structurer leurs \u00e9tats financiers.<\/strong><\/p>\n<p>\u00c0 propos de l\u2019adh\u00e9sion de la chambre de commerce de Dakar \u00e0 cette activit\u00e9, Ibrahima Lo, vice-pr\u00e9sident de l\u2019institution consulaire a argu\u00e9 du fait que pour une entreprise, les \u00e9tats financiers ne sont pas seulement une obligation administrative, ils sont avant tout un outil de gestion, de transparence et de prise de d\u00e9cision.<\/p>\n<p>\u00ab\u00a0Un accompagnement visant \u00e0 aider les entreprises \u00e0 obtenir et structurer leurs \u00e9tats financiers me semble essentiel pour le d\u00e9veloppement et la p\u00e9rennit\u00e9 de nos entreprises. Les \u00e9tats financiers sont avant tout un outil de gestion, de transparence et de prise de d\u00e9cision. Ils permettent d\u2019acc\u00e9der aux financements, d\u2019attirer des investisseurs et de planifier l\u2019avenir avec certitude et s\u00e9r\u00e9nit\u00e9\u00a0\u00bb, a relev\u00e9 le vice-pr\u00e9sident de la CCIAD.<\/p>\n<p>Ainsi, s\u2019exprimant \u00e0 l\u2019occasion de la c\u00e9r\u00e9monie lancement du programme d\u2019assistance technique en gestion comptable et financi\u00e8re gratuit, d\u00e9di\u00e9 \u00e0 l\u2019accompagnement d\u2019entreprises dans l\u2019obtention de leurs \u00e9tats financiers, M. Lo a \u00a0fait constater que ces documents constituent un v\u00e9ritable passeport pour la croissance et la durabilit\u00e9.<\/p>\n<p>Il a cependant fait remarquer \u00a0que de nombreuses entreprises, notamment les petites et moyennes entreprises (PME), rencontrent encore des difficult\u00e9s dans l\u2019\u00e9tablissement de ces documents.<\/p>\n<p>\u00ab\u00a0Parmi les difficult\u00e9s rencontr\u00e9es, nous pouvons noter principalement des ressources financi\u00e8res et humaines limit\u00e9es et le manque d\u2019expertise comptable. C\u2019est pourquoi la Chambre de Commerce a d\u00e9cid\u00e9 d\u2019agir en collaboration avec ses partenaires CGA digital, FODEM, GIZ, banque mondiale etc., afin de mettre en place un projet d\u2019appui \u00e0 la formalisation des entreprises\u00a0\u00bb, a-t-il dit.<\/p>\n<p>Il a de ce point de vue soutenu qu\u2019en tant qu\u2019Institution consulaire de Dakar, l\u2019engagement de la CCIAD est aujourd\u2019hui de cr\u00e9er un environnement o\u00f9 chaque entreprise, quelle que soit sa taille, puisse prosp\u00e9rer en s\u2019appuyant sur des bases financi\u00e8res solides et d\u2019avoir une gestion financi\u00e8re saine et transparente, condition indispensable \u00e0 son succ\u00e8s et \u00e0 sa croissance, selon lui.<\/p>\n<p>Parall\u00e8lement, il s\u2019est dit convaincu que la synergie d\u2019actions autour de cette activit\u00e9 permettra de b\u00e2tir ensemble un environnement \u00e9conomique plus solide o\u00f9 chaque entrepreneur peut prosp\u00e9rer en toute confiance.<\/p>\n<p>Le vice-pr\u00e9sident de la CCIAD a rappel\u00e9 aux entrepreneurs que ce projet est avant tout le leur, con\u00e7u pour les aider et faire vivre l\u2019\u00e9conomie s\u00e9n\u00e9galaise. Ainsi, il les a invit\u00e9s \u00e0 s\u2019en saisir pleinement et \u00e0 en tirer le meilleur parti.<\/p>\n<p>Mme Samb Aminata Diop, Directrice G\u00e9n\u00e9rale FODEM a abond\u00e9 dans le m\u00eame sens que M. Lo, en signalant que l\u2019acc\u00e8s au financement constitue un d\u00e9fi majeur pour les entrepreneurs s\u00e9n\u00e9galais, non sans faire observer que l\u2019\u00e9l\u00e9ment fondamental, qui conditionne cette accessibilit\u00e9 est la formalisation comptable.<\/p>\n<p>\u00ab\u00a0Aujourd&rsquo;hui,\u00a0moins de 3 % des entreprises au S\u00e9n\u00e9gal\u00a0respectent une comptabilit\u00e9 conforme aux normes en vigueur, notamment leurs chances de croissance et de p\u00e9rennisation. Face \u00e0 cette r\u00e9alit\u00e9, le\u00a0FODEM, en tant qu&rsquo;outil strat\u00e9gique de la\u00a0ville de Dakar, s&rsquo;engage activement dans la structuration des entreprises locales, afin de renforcer leur acc\u00e8s aux opportunit\u00e9s de financement\u00a0\u00bb, a-t-elle dit.<\/p>\n<p>Elle a d\u2019ailleurs inform\u00e9 que c\u2019est dans ce cadre que le FODEM a initi\u00e9, en partenariat avec\u00a0CGA Digital, un\u00a0programme d&rsquo;accompagnement de 400 entreprises\u00a0pour les aider \u00e0 structurer leur gestion comptable et financi\u00e8re.<\/p>\n<p>Revenant sur le r\u00f4le du FODEM dans la formalisation des entreprises, elle a soutenu qu\u2019en tant qu&rsquo;instrument de la ville de Dakar d\u00e9di\u00e9 \u00e0 l&rsquo;appui aux entrepreneurs, la structure\u00a0joue un r\u00f4le central \u00e0 travers un accompagnement technique et financier\u00a0pour la formalisation des entreprises informelles.<\/p>\n<p>Mme Samb a par ailleurs fait remarquer que l&rsquo;\u00e9conomie informelle, bien que dynamique et cr\u00e9atrice d&#8217;emplois, rencontre plusieurs obstacles majeurs dont notamment un manque de tra\u00e7abilit\u00e9 financi\u00e8re, rendant les entreprises invisibles aux banques et aux investisseurs.<\/p>\n<p>La patronne du FODEM a aussi list\u00e9 les difficult\u00e9s d&rsquo;acc\u00e8s aux financements, faute d&rsquo;\u00e9tats financiers conformes aux normes requises et un co\u00fbt per\u00e7u comme \u00e9lev\u00e9\u00a0pour la gestion comptable, freinant ainsi la volont\u00e9 de formalisation des TPE et PME.<\/p>\n<p>&nbsp;<\/p>\n","protected":false},"excerpt":{"rendered":"<p>La chambre de commerce d\u2019industrie et d\u2019agriculture de Dakar (CCIAD) et le fonds de d\u00e9veloppement et de solidarit\u00e9 municipal (FODEM) en partenariat avec CGA digital&#8230;<\/p>\n","protected":false},"author":1,"featured_media":7783,"comment_status":"closed","ping_status":"open","sticky":false,"template":"","format":"standard","meta":{"_jetpack_memberships_contains_paid_content":false,"footnotes":""},"categories":[23,10],"tags":[],"class_list":["post-7782","post","type-post","status-publish","format-standard","has-post-thumbnail","hentry","category-a-la-une","category-infos-eco","wpcat-23-id","wpcat-10-id"],"yoast_head":"<!-- This site is optimized with the Yoast SEO plugin v27.1.1 - https:\/\/yoast.com\/product\/yoast-seo-wordpress\/ -->\n<title>La CCIAD et le FODEM veulent aider les entreprises \u00e0 disposer d\u2019\u00e9tats financiers clairs et bien structur\u00e9s - challenges economiques<\/title>\n<meta name=\"robots\" content=\"index, follow, max-snippet:-1, max-image-preview:large, max-video-preview:-1\" \/>\n<link rel=\"canonical\" href=\"https:\/\/challengeseconomiques.com\/?p=7782\" \/>\n<meta property=\"og:locale\" content=\"fr_FR\" \/>\n<meta property=\"og:type\" content=\"article\" \/>\n<meta property=\"og:title\" content=\"La CCIAD et le FODEM veulent aider les entreprises \u00e0 disposer d\u2019\u00e9tats financiers clairs et bien structur\u00e9s - challenges economiques\" \/>\n<meta property=\"og:description\" content=\"La chambre de commerce d\u2019industrie et d\u2019agriculture de Dakar (CCIAD) et le fonds de d\u00e9veloppement et de solidarit\u00e9 municipal (FODEM) en partenariat avec CGA digital...\" \/>\n<meta property=\"og:url\" content=\"https:\/\/challengeseconomiques.com\/?p=7782\" \/>\n<meta property=\"og:site_name\" content=\"challenges economiques\" \/>\n<meta property=\"article:published_time\" content=\"2025-02-12T17:40:20+00:00\" \/>\n<meta property=\"article:modified_time\" content=\"2025-02-12T17:41:33+00:00\" \/>\n<meta property=\"og:image\" content=\"https:\/\/challengeseconomiques.com\/wp-content\/uploads\/2025\/02\/fodemcciad.jpg\" \/>\n\t<meta property=\"og:image:width\" content=\"2560\" \/>\n\t<meta property=\"og:image:height\" content=\"1706\" \/>\n\t<meta property=\"og:image:type\" content=\"image\/jpeg\" \/>\n<meta name=\"author\" content=\"admin\" \/>\n<meta name=\"twitter:card\" content=\"summary_large_image\" \/>\n<meta name=\"twitter:label1\" content=\"\u00c9crit par\" \/>\n\t<meta name=\"twitter:data1\" content=\"admin\" \/>\n\t<meta name=\"twitter:label2\" content=\"Dur\u00e9e de lecture estim\u00e9e\" \/>\n\t<meta name=\"twitter:data2\" content=\"4 minutes\" \/>\n<script type=\"application\/ld+json\" class=\"yoast-schema-graph\">{\"@context\":\"https:\/\/schema.org\",\"@graph\":[{\"@type\":\"Article\",\"@id\":\"https:\/\/challengeseconomiques.com\/?p=7782#article\",\"isPartOf\":{\"@id\":\"https:\/\/challengeseconomiques.com\/?p=7782\"},\"author\":{\"name\":\"admin\",\"@id\":\"https:\/\/challengeseconomiques.com\/#\/schema\/person\/b4568c9afebc5a9238a771873801e349\"},\"headline\":\"La CCIAD et le FODEM veulent aider les entreprises \u00e0 disposer d\u2019\u00e9tats financiers clairs et bien structur\u00e9s\",\"datePublished\":\"2025-02-12T17:40:20+00:00\",\"dateModified\":\"2025-02-12T17:41:33+00:00\",\"mainEntityOfPage\":{\"@id\":\"https:\/\/challengeseconomiques.com\/?p=7782\"},\"wordCount\":808,\"image\":{\"@id\":\"https:\/\/challengeseconomiques.com\/?p=7782#primaryimage\"},\"thumbnailUrl\":\"https:\/\/challengeseconomiques.com\/wp-content\/uploads\/2025\/02\/fodemcciad.jpg\",\"articleSection\":[\"A la une\",\"Infos \u00e9co\"],\"inLanguage\":\"fr-FR\"},{\"@type\":\"WebPage\",\"@id\":\"https:\/\/challengeseconomiques.com\/?p=7782\",\"url\":\"https:\/\/challengeseconomiques.com\/?p=7782\",\"name\":\"La CCIAD et le FODEM veulent aider les entreprises \u00e0 disposer d\u2019\u00e9tats financiers clairs et bien structur\u00e9s - challenges economiques\",\"isPartOf\":{\"@id\":\"https:\/\/challengeseconomiques.com\/#website\"},\"primaryImageOfPage\":{\"@id\":\"https:\/\/challengeseconomiques.com\/?p=7782#primaryimage\"},\"image\":{\"@id\":\"https:\/\/challengeseconomiques.com\/?p=7782#primaryimage\"},\"thumbnailUrl\":\"https:\/\/challengeseconomiques.com\/wp-content\/uploads\/2025\/02\/fodemcciad.jpg\",\"datePublished\":\"2025-02-12T17:40:20+00:00\",\"dateModified\":\"2025-02-12T17:41:33+00:00\",\"author\":{\"@id\":\"https:\/\/challengeseconomiques.com\/#\/schema\/person\/b4568c9afebc5a9238a771873801e349\"},\"breadcrumb\":{\"@id\":\"https:\/\/challengeseconomiques.com\/?p=7782#breadcrumb\"},\"inLanguage\":\"fr-FR\",\"potentialAction\":[{\"@type\":\"ReadAction\",\"target\":[\"https:\/\/challengeseconomiques.com\/?p=7782\"]}]},{\"@type\":\"ImageObject\",\"inLanguage\":\"fr-FR\",\"@id\":\"https:\/\/challengeseconomiques.com\/?p=7782#primaryimage\",\"url\":\"https:\/\/challengeseconomiques.com\/wp-content\/uploads\/2025\/02\/fodemcciad.jpg\",\"contentUrl\":\"https:\/\/challengeseconomiques.com\/wp-content\/uploads\/2025\/02\/fodemcciad.jpg\",\"width\":2560,\"height\":1706},{\"@type\":\"BreadcrumbList\",\"@id\":\"https:\/\/challengeseconomiques.com\/?p=7782#breadcrumb\",\"itemListElement\":[{\"@type\":\"ListItem\",\"position\":1,\"name\":\"Home\",\"item\":\"https:\/\/challengeseconomiques.com\/\"},{\"@type\":\"ListItem\",\"position\":2,\"name\":\"La CCIAD et le FODEM veulent aider les entreprises \u00e0 disposer d\u2019\u00e9tats financiers clairs et bien structur\u00e9s\"}]},{\"@type\":\"WebSite\",\"@id\":\"https:\/\/challengeseconomiques.com\/#website\",\"url\":\"https:\/\/challengeseconomiques.com\/\",\"name\":\"challenges economiques\",\"description\":\"\",\"potentialAction\":[{\"@type\":\"SearchAction\",\"target\":{\"@type\":\"EntryPoint\",\"urlTemplate\":\"https:\/\/challengeseconomiques.com\/?s={search_term_string}\"},\"query-input\":{\"@type\":\"PropertyValueSpecification\",\"valueRequired\":true,\"valueName\":\"search_term_string\"}}],\"inLanguage\":\"fr-FR\"},{\"@type\":\"Person\",\"@id\":\"https:\/\/challengeseconomiques.com\/#\/schema\/person\/b4568c9afebc5a9238a771873801e349\",\"name\":\"admin\",\"image\":{\"@type\":\"ImageObject\",\"inLanguage\":\"fr-FR\",\"@id\":\"https:\/\/challengeseconomiques.com\/#\/schema\/person\/image\/\",\"url\":\"https:\/\/secure.gravatar.com\/avatar\/099e42240b5eea11acdb72751fcce0dd918603f0749d24974b7984ea47ed9fd9?s=96&d=mm&r=g\",\"contentUrl\":\"https:\/\/secure.gravatar.com\/avatar\/099e42240b5eea11acdb72751fcce0dd918603f0749d24974b7984ea47ed9fd9?s=96&d=mm&r=g\",\"caption\":\"admin\"},\"sameAs\":[\"https:\/\/challengeseconomiques.com\"],\"url\":\"https:\/\/challengeseconomiques.com\/?author=1\"}]}<\/script>\n<!-- \/ Yoast SEO plugin. -->","yoast_head_json":{"title":"La CCIAD et le FODEM veulent aider les entreprises \u00e0 disposer d\u2019\u00e9tats financiers clairs et bien structur\u00e9s - challenges economiques","robots":{"index":"index","follow":"follow","max-snippet":"max-snippet:-1","max-image-preview":"max-image-preview:large","max-video-preview":"max-video-preview:-1"},"canonical":"https:\/\/challengeseconomiques.com\/?p=7782","og_locale":"fr_FR","og_type":"article","og_title":"La CCIAD et le FODEM veulent aider les entreprises \u00e0 disposer d\u2019\u00e9tats financiers clairs et bien structur\u00e9s - challenges economiques","og_description":"La chambre de commerce d\u2019industrie et d\u2019agriculture de Dakar (CCIAD) et le fonds de d\u00e9veloppement et de solidarit\u00e9 municipal (FODEM) en partenariat avec CGA digital...","og_url":"https:\/\/challengeseconomiques.com\/?p=7782","og_site_name":"challenges economiques","article_published_time":"2025-02-12T17:40:20+00:00","article_modified_time":"2025-02-12T17:41:33+00:00","og_image":[{"width":2560,"height":1706,"url":"https:\/\/challengeseconomiques.com\/wp-content\/uploads\/2025\/02\/fodemcciad.jpg","type":"image\/jpeg"}],"author":"admin","twitter_card":"summary_large_image","twitter_misc":{"\u00c9crit par":"admin","Dur\u00e9e de lecture estim\u00e9e":"4 minutes"},"schema":{"@context":"https:\/\/schema.org","@graph":[{"@type":"Article","@id":"https:\/\/challengeseconomiques.com\/?p=7782#article","isPartOf":{"@id":"https:\/\/challengeseconomiques.com\/?p=7782"},"author":{"name":"admin","@id":"https:\/\/challengeseconomiques.com\/#\/schema\/person\/b4568c9afebc5a9238a771873801e349"},"headline":"La CCIAD et le FODEM veulent aider les entreprises \u00e0 disposer d\u2019\u00e9tats financiers clairs et bien structur\u00e9s","datePublished":"2025-02-12T17:40:20+00:00","dateModified":"2025-02-12T17:41:33+00:00","mainEntityOfPage":{"@id":"https:\/\/challengeseconomiques.com\/?p=7782"},"wordCount":808,"image":{"@id":"https:\/\/challengeseconomiques.com\/?p=7782#primaryimage"},"thumbnailUrl":"https:\/\/challengeseconomiques.com\/wp-content\/uploads\/2025\/02\/fodemcciad.jpg","articleSection":["A la une","Infos \u00e9co"],"inLanguage":"fr-FR"},{"@type":"WebPage","@id":"https:\/\/challengeseconomiques.com\/?p=7782","url":"https:\/\/challengeseconomiques.com\/?p=7782","name":"La CCIAD et le FODEM veulent aider les entreprises \u00e0 disposer d\u2019\u00e9tats financiers clairs et bien structur\u00e9s - challenges economiques","isPartOf":{"@id":"https:\/\/challengeseconomiques.com\/#website"},"primaryImageOfPage":{"@id":"https:\/\/challengeseconomiques.com\/?p=7782#primaryimage"},"image":{"@id":"https:\/\/challengeseconomiques.com\/?p=7782#primaryimage"},"thumbnailUrl":"https:\/\/challengeseconomiques.com\/wp-content\/uploads\/2025\/02\/fodemcciad.jpg","datePublished":"2025-02-12T17:40:20+00:00","dateModified":"2025-02-12T17:41:33+00:00","author":{"@id":"https:\/\/challengeseconomiques.com\/#\/schema\/person\/b4568c9afebc5a9238a771873801e349"},"breadcrumb":{"@id":"https:\/\/challengeseconomiques.com\/?p=7782#breadcrumb"},"inLanguage":"fr-FR","potentialAction":[{"@type":"ReadAction","target":["https:\/\/challengeseconomiques.com\/?p=7782"]}]},{"@type":"ImageObject","inLanguage":"fr-FR","@id":"https:\/\/challengeseconomiques.com\/?p=7782#primaryimage","url":"https:\/\/challengeseconomiques.com\/wp-content\/uploads\/2025\/02\/fodemcciad.jpg","contentUrl":"https:\/\/challengeseconomiques.com\/wp-content\/uploads\/2025\/02\/fodemcciad.jpg","width":2560,"height":1706},{"@type":"BreadcrumbList","@id":"https:\/\/challengeseconomiques.com\/?p=7782#breadcrumb","itemListElement":[{"@type":"ListItem","position":1,"name":"Home","item":"https:\/\/challengeseconomiques.com\/"},{"@type":"ListItem","position":2,"name":"La CCIAD et le FODEM veulent aider les entreprises \u00e0 disposer d\u2019\u00e9tats financiers clairs et bien structur\u00e9s"}]},{"@type":"WebSite","@id":"https:\/\/challengeseconomiques.com\/#website","url":"https:\/\/challengeseconomiques.com\/","name":"challenges economiques","description":"","potentialAction":[{"@type":"SearchAction","target":{"@type":"EntryPoint","urlTemplate":"https:\/\/challengeseconomiques.com\/?s={search_term_string}"},"query-input":{"@type":"PropertyValueSpecification","valueRequired":true,"valueName":"search_term_string"}}],"inLanguage":"fr-FR"},{"@type":"Person","@id":"https:\/\/challengeseconomiques.com\/#\/schema\/person\/b4568c9afebc5a9238a771873801e349","name":"admin","image":{"@type":"ImageObject","inLanguage":"fr-FR","@id":"https:\/\/challengeseconomiques.com\/#\/schema\/person\/image\/","url":"https:\/\/secure.gravatar.com\/avatar\/099e42240b5eea11acdb72751fcce0dd918603f0749d24974b7984ea47ed9fd9?s=96&d=mm&r=g","contentUrl":"https:\/\/secure.gravatar.com\/avatar\/099e42240b5eea11acdb72751fcce0dd918603f0749d24974b7984ea47ed9fd9?s=96&d=mm&r=g","caption":"admin"},"sameAs":["https:\/\/challengeseconomiques.com"],"url":"https:\/\/challengeseconomiques.com\/?author=1"}]}},"jetpack_featured_media_url":"https:\/\/challengeseconomiques.com\/wp-content\/uploads\/2025\/02\/fodemcciad.jpg","jetpack_sharing_enabled":true,"_links":{"self":[{"href":"https:\/\/challengeseconomiques.com\/index.php?rest_route=\/wp\/v2\/posts\/7782","targetHints":{"allow":["GET"]}}],"collection":[{"href":"https:\/\/challengeseconomiques.com\/index.php?rest_route=\/wp\/v2\/posts"}],"about":[{"href":"https:\/\/challengeseconomiques.com\/index.php?rest_route=\/wp\/v2\/types\/post"}],"author":[{"embeddable":true,"href":"https:\/\/challengeseconomiques.com\/index.php?rest_route=\/wp\/v2\/users\/1"}],"replies":[{"embeddable":true,"href":"https:\/\/challengeseconomiques.com\/index.php?rest_route=%2Fwp%2Fv2%2Fcomments&post=7782"}],"version-history":[{"count":1,"href":"https:\/\/challengeseconomiques.com\/index.php?rest_route=\/wp\/v2\/posts\/7782\/revisions"}],"predecessor-version":[{"id":7784,"href":"https:\/\/challengeseconomiques.com\/index.php?rest_route=\/wp\/v2\/posts\/7782\/revisions\/7784"}],"wp:featuredmedia":[{"embeddable":true,"href":"https:\/\/challengeseconomiques.com\/index.php?rest_route=\/wp\/v2\/media\/7783"}],"wp:attachment":[{"href":"https:\/\/challengeseconomiques.com\/index.php?rest_route=%2Fwp%2Fv2%2Fmedia&parent=7782"}],"wp:term":[{"taxonomy":"category","embeddable":true,"href":"https:\/\/challengeseconomiques.com\/index.php?rest_route=%2Fwp%2Fv2%2Fcategories&post=7782"},{"taxonomy":"post_tag","embeddable":true,"href":"https:\/\/challengeseconomiques.com\/index.php?rest_route=%2Fwp%2Fv2%2Ftags&post=7782"}],"curies":[{"name":"wp","href":"https:\/\/api.w.org\/{rel}","templated":true}]}}