{"id":7778,"date":"2025-02-11T18:04:25","date_gmt":"2025-02-11T18:04:25","guid":{"rendered":"https:\/\/challengeseconomiques.com\/?p=7778"},"modified":"2025-02-11T18:04:59","modified_gmt":"2025-02-11T18:04:59","slug":"uemoa-les-pays-les-plus-touches-par-une-potentielle-fermeture-de-lusaid-par-les-usa","status":"publish","type":"post","link":"https:\/\/challengeseconomiques.com\/?p=7778","title":{"rendered":"Uemoa: les pays les plus touch\u00e9s par une potentielle fermeture de l&rsquo;USAID par les USA"},"content":{"rendered":"<p class=\"texte textearticle\"><strong>Outre des alli\u00e9s strat\u00e9giques comme le S\u00e9n\u00e9gal, les pays de l\u2019AES comptent parmi les principaux b\u00e9n\u00e9ficiaires de l&rsquo;USAID. En 2024, ces trois nations ont re\u00e7u plus de 827 millions de dollars, repr\u00e9sentant une large part des 1,264 milliard de dollars engag\u00e9s par les \u00c9tats-Unis.<\/strong><\/p>\n<p class=\"texte textearticle\">La d\u00e9cision de l\u2019administration Trump de suspendre pour 90 jours l\u2019aide am\u00e9ricaine aux pays \u00e9trangers a pris de court de nombreux gouvernements africains. Dans l\u2019Union \u00e9conomique et mon\u00e9taire ouest-africaine (UEMOA), o\u00f9 l\u2019USAID joue un r\u00f4le charni\u00e8re dans le financement des infrastructures de base, de la sant\u00e9 et de l\u2019humanitaire, l\u2019impact de cette d\u00e9cision risque d\u2019\u00eatre consid\u00e9rable. Mais quelles nations sont les plus expos\u00e9es \u00e0 ce retrait soudain des financements am\u00e9ricains ?<\/p>\n<p class=\"texte textearticle\"><strong>Au Sahel, un arr\u00eat brutal de l\u2019aide humanitaire<\/strong><\/p>\n<p class=\"texte textearticle\">Dans une r\u00e9gion d\u00e9j\u00e0 marqu\u00e9e par la guerre et l\u2019instabilit\u00e9, la suspension de l\u2019aide am\u00e9ricaine a des allures de nouvelle temp\u00eate. Le Niger, le Mali et le Burkina Faso figuraient parmi les plus grands b\u00e9n\u00e9ficiaires des financements de l\u2019USAID. En 2024, ces trois pays avaient re\u00e7u \u00e0 eux seuls plus de 827 millions de dollars sur 1,264 milliard\u00a0$ d\u2019engagements de la part des \u00c9tats-Unis, dont la majorit\u00e9 via l\u2019USAID. Par exemple, l\u2019USAID repr\u00e9sentait 99% des engagements de l\u2019Oncle Sam l\u2019ann\u00e9e derni\u00e8re. Cette ann\u00e9e-l\u00e0, 300 millions de dollars avaient \u00e9t\u00e9 approuv\u00e9s pour le Mali, 312 millions pour le Burkina Faso et 215 millions pour le Niger, apr\u00e8s 266 millions en 2023.<\/p>\n<p class=\"texte textearticle\">Ces engagements se traduisaient par des d\u00e9caissements concrets\u00a0: 332 millions de dollars ont \u00e9t\u00e9 vers\u00e9s au Niger, 254 millions au Mali et 225 millions au Burkina Faso. De quoi financer des programmes essentiels\u00a0: distribution de vivres, soins de sant\u00e9, d\u00e9veloppement agricole et soutien aux populations d\u00e9plac\u00e9es. Avec ce gel, c\u2019est tout un r\u00e9seau d\u2019aides locales qui risque de se retrouver \u00e0 sec, ce qui sans doute viendrait affecter un peu plus les \u00c9tats sah\u00e9liens dans leur lutte contre la pauvret\u00e9 et l\u2019ins\u00e9curit\u00e9.<\/p>\n<p><img decoding=\"async\" src=\"https:\/\/www.agenceecofin.com\/images\/1-engagement_copy.jpg\" alt=\"1 engagement copy\" \/><\/p>\n<p class=\"texte textearticle\"><strong>S\u00e9n\u00e9gal et C\u00f4te d\u2019Ivoire, des alli\u00e9s affect\u00e9s<\/strong><\/p>\n<p class=\"texte textearticle\">Moins touch\u00e9s par l\u2019instabilit\u00e9 politique, le S\u00e9n\u00e9gal et la C\u00f4te d\u2019Ivoire avaient jusqu\u2019ici su tirer profit de leur position de partenaires strat\u00e9giques des \u00c9tats-Unis. Dakar, qui avait re\u00e7u 209 millions de dollars d\u2019engagements en 2024, s\u2019\u00e9tait m\u00eame vu octroyer 325 millions\u00a0$ (d\u00e9caissements). En C\u00f4te d\u2019Ivoire, 115 millions de dollars avaient \u00e9t\u00e9 promis, et 246 millions avaient \u00e9t\u00e9 d\u00e9caiss\u00e9s, preuve d\u2019un soutien grandissant.<\/p>\n<p class=\"texte textearticle\">Ces fonds soutenaient une panoplie de projets\u00a0: d\u00e9veloppement des infrastructures, financement des PME, renforcement des secteurs \u00e9ducatifs et sanitaires. Avec la suspension des financements am\u00e9ricains, certains chantiers pourraient \u00eatre ralentis, voire stopp\u00e9s. Le programme de modernisation des transports urbains d\u2019Abidjan, partiellement soutenu par le Millennium Challenge Corporation (MCC), pourrait \u00eatre menac\u00e9. Au S\u00e9n\u00e9gal qui vient de signer un 3e compact, ax\u00e9 sur l\u2019\u00e9conomie bleue, au moins 146 millions\u00a0$ avaient \u00e9t\u00e9 d\u00e9bours\u00e9s l\u2019ann\u00e9e derni\u00e8re pour le programme. Dans les deux pays, leaders de l\u2019\u00e9conomie de l\u2019union, pas moins de 283 millions\u00a0$ ont \u00e9t\u00e9 d\u00e9ploy\u00e9s par l\u2019USAID en 2024 dans les secteurs de la sant\u00e9, notamment.<\/p>\n<p><img decoding=\"async\" src=\"https:\/\/www.agenceecofin.com\/images\/1-repartition.jpg\" alt=\"1 repartition\" \/><\/p>\n<p class=\"texte textearticle\"><strong>Le B\u00e9nin et le Togo, des \u00e9conomies vuln\u00e9rables<\/strong><\/p>\n<p class=\"texte textearticle\">Pour des pays comme le B\u00e9nin et le Togo, l\u2019aide am\u00e9ricaine \u00e9tait certes plus modeste (77 millions et 36 millions de dollars d\u2019engagements en 2024), mais elle repr\u00e9sentait une source de financement essentielle pour plusieurs secteurs cl\u00e9s.<\/p>\n<p><img decoding=\"async\" src=\"https:\/\/www.agenceecofin.com\/images\/1-americain.jpg\" alt=\"1 americain\" \/><\/p>\n<p class=\"texte textearticle\"><strong>Sant\u00e9, humanitaire, infrastructures\u00a0: quels secteurs sont menac\u00e9s ?<\/strong><\/p>\n<p class=\"texte textearticle\">Si les financements am\u00e9ricains \u00e9taient aussi massifs, c\u2019est parce qu\u2019ils couvraient des secteurs essentiels. En 2024, les agences am\u00e9ricaines avaient allou\u00e9 525 millions de dollars pour la sant\u00e9 (40%), incluant des programmes de vaccination et de lutte contre le paludisme ou de lutte contre le VIH. 459,7 millions\u00a0$ (35,4\u00a0%) dans l\u2019assistance humanitaire.\u00a0 366 millions via le Millennium Challenge Corporation (MCC), principalement pour le d\u00e9veloppement des infrastructures. 290 millions pour l\u2019aide humanitaire, en grande partie destin\u00e9s au Sahel.<\/p>\n<p class=\"texte textearticle\">Avec pr\u00e8s de 940 projets en cours, l\u2019arr\u00eat soudain de ces financements suscite des interrogations. Quels projets pourront \u00eatre poursuivis sans l\u2019appui am\u00e9ricain ? Quels acteurs internationaux pourront combler ce vide financier ?<\/p>\n<p><strong>(Agence Ecofin)\u00a0 <\/strong><\/p>\n","protected":false},"excerpt":{"rendered":"<p>Outre des alli\u00e9s strat\u00e9giques comme le S\u00e9n\u00e9gal, les pays de l\u2019AES comptent parmi les principaux b\u00e9n\u00e9ficiaires de l&rsquo;USAID. En 2024, ces trois nations ont re\u00e7u&#8230;<\/p>\n","protected":false},"author":1,"featured_media":7780,"comment_status":"closed","ping_status":"open","sticky":false,"template":"","format":"standard","meta":{"_jetpack_memberships_contains_paid_content":false,"footnotes":""},"categories":[15],"tags":[],"class_list":["post-7778","post","type-post","status-publish","format-standard","has-post-thumbnail","hentry","category-analyse","wpcat-15-id"],"yoast_head":"<!-- This site is optimized with the Yoast SEO plugin v27.1.1 - https:\/\/yoast.com\/product\/yoast-seo-wordpress\/ -->\n<title>Uemoa: les pays les plus touch\u00e9s par une potentielle fermeture de l&#039;USAID par les USA - challenges economiques<\/title>\n<meta name=\"robots\" content=\"index, follow, max-snippet:-1, max-image-preview:large, max-video-preview:-1\" \/>\n<link rel=\"canonical\" href=\"https:\/\/challengeseconomiques.com\/?p=7778\" \/>\n<meta property=\"og:locale\" content=\"fr_FR\" \/>\n<meta property=\"og:type\" content=\"article\" \/>\n<meta property=\"og:title\" content=\"Uemoa: les pays les plus touch\u00e9s par une potentielle fermeture de l&#039;USAID par les USA - challenges economiques\" \/>\n<meta property=\"og:description\" content=\"Outre des alli\u00e9s strat\u00e9giques comme le S\u00e9n\u00e9gal, les pays de l\u2019AES comptent parmi les principaux b\u00e9n\u00e9ficiaires de l&rsquo;USAID. En 2024, ces trois nations ont re\u00e7u...\" \/>\n<meta property=\"og:url\" content=\"https:\/\/challengeseconomiques.com\/?p=7778\" \/>\n<meta property=\"og:site_name\" content=\"challenges economiques\" \/>\n<meta property=\"article:published_time\" content=\"2025-02-11T18:04:25+00:00\" \/>\n<meta property=\"article:modified_time\" content=\"2025-02-11T18:04:59+00:00\" \/>\n<meta property=\"og:image\" content=\"https:\/\/challengeseconomiques.com\/wp-content\/uploads\/2025\/02\/usaidbon.jpg\" \/>\n\t<meta property=\"og:image:width\" content=\"1100\" \/>\n\t<meta property=\"og:image:height\" content=\"748\" \/>\n\t<meta property=\"og:image:type\" content=\"image\/jpeg\" \/>\n<meta name=\"author\" content=\"admin\" \/>\n<meta name=\"twitter:card\" content=\"summary_large_image\" \/>\n<meta name=\"twitter:label1\" content=\"\u00c9crit par\" \/>\n\t<meta name=\"twitter:data1\" content=\"admin\" \/>\n\t<meta name=\"twitter:label2\" content=\"Dur\u00e9e de lecture estim\u00e9e\" \/>\n\t<meta name=\"twitter:data2\" content=\"4 minutes\" \/>\n<script type=\"application\/ld+json\" class=\"yoast-schema-graph\">{\"@context\":\"https:\/\/schema.org\",\"@graph\":[{\"@type\":\"Article\",\"@id\":\"https:\/\/challengeseconomiques.com\/?p=7778#article\",\"isPartOf\":{\"@id\":\"https:\/\/challengeseconomiques.com\/?p=7778\"},\"author\":{\"name\":\"admin\",\"@id\":\"https:\/\/challengeseconomiques.com\/#\/schema\/person\/b4568c9afebc5a9238a771873801e349\"},\"headline\":\"Uemoa: les pays les plus touch\u00e9s par une potentielle fermeture de l&rsquo;USAID par les USA\",\"datePublished\":\"2025-02-11T18:04:25+00:00\",\"dateModified\":\"2025-02-11T18:04:59+00:00\",\"mainEntityOfPage\":{\"@id\":\"https:\/\/challengeseconomiques.com\/?p=7778\"},\"wordCount\":753,\"image\":{\"@id\":\"https:\/\/challengeseconomiques.com\/?p=7778#primaryimage\"},\"thumbnailUrl\":\"https:\/\/challengeseconomiques.com\/wp-content\/uploads\/2025\/02\/usaidbon.jpg\",\"articleSection\":[\"Analyse\"],\"inLanguage\":\"fr-FR\"},{\"@type\":\"WebPage\",\"@id\":\"https:\/\/challengeseconomiques.com\/?p=7778\",\"url\":\"https:\/\/challengeseconomiques.com\/?p=7778\",\"name\":\"Uemoa: les pays les plus touch\u00e9s par une potentielle fermeture de l'USAID par les USA - challenges economiques\",\"isPartOf\":{\"@id\":\"https:\/\/challengeseconomiques.com\/#website\"},\"primaryImageOfPage\":{\"@id\":\"https:\/\/challengeseconomiques.com\/?p=7778#primaryimage\"},\"image\":{\"@id\":\"https:\/\/challengeseconomiques.com\/?p=7778#primaryimage\"},\"thumbnailUrl\":\"https:\/\/challengeseconomiques.com\/wp-content\/uploads\/2025\/02\/usaidbon.jpg\",\"datePublished\":\"2025-02-11T18:04:25+00:00\",\"dateModified\":\"2025-02-11T18:04:59+00:00\",\"author\":{\"@id\":\"https:\/\/challengeseconomiques.com\/#\/schema\/person\/b4568c9afebc5a9238a771873801e349\"},\"breadcrumb\":{\"@id\":\"https:\/\/challengeseconomiques.com\/?p=7778#breadcrumb\"},\"inLanguage\":\"fr-FR\",\"potentialAction\":[{\"@type\":\"ReadAction\",\"target\":[\"https:\/\/challengeseconomiques.com\/?p=7778\"]}]},{\"@type\":\"ImageObject\",\"inLanguage\":\"fr-FR\",\"@id\":\"https:\/\/challengeseconomiques.com\/?p=7778#primaryimage\",\"url\":\"https:\/\/challengeseconomiques.com\/wp-content\/uploads\/2025\/02\/usaidbon.jpg\",\"contentUrl\":\"https:\/\/challengeseconomiques.com\/wp-content\/uploads\/2025\/02\/usaidbon.jpg\",\"width\":1100,\"height\":748},{\"@type\":\"BreadcrumbList\",\"@id\":\"https:\/\/challengeseconomiques.com\/?p=7778#breadcrumb\",\"itemListElement\":[{\"@type\":\"ListItem\",\"position\":1,\"name\":\"Home\",\"item\":\"https:\/\/challengeseconomiques.com\/\"},{\"@type\":\"ListItem\",\"position\":2,\"name\":\"Uemoa: les pays les plus touch\u00e9s par une potentielle fermeture de l&#8217;USAID par les USA\"}]},{\"@type\":\"WebSite\",\"@id\":\"https:\/\/challengeseconomiques.com\/#website\",\"url\":\"https:\/\/challengeseconomiques.com\/\",\"name\":\"challenges economiques\",\"description\":\"\",\"potentialAction\":[{\"@type\":\"SearchAction\",\"target\":{\"@type\":\"EntryPoint\",\"urlTemplate\":\"https:\/\/challengeseconomiques.com\/?s={search_term_string}\"},\"query-input\":{\"@type\":\"PropertyValueSpecification\",\"valueRequired\":true,\"valueName\":\"search_term_string\"}}],\"inLanguage\":\"fr-FR\"},{\"@type\":\"Person\",\"@id\":\"https:\/\/challengeseconomiques.com\/#\/schema\/person\/b4568c9afebc5a9238a771873801e349\",\"name\":\"admin\",\"image\":{\"@type\":\"ImageObject\",\"inLanguage\":\"fr-FR\",\"@id\":\"https:\/\/challengeseconomiques.com\/#\/schema\/person\/image\/\",\"url\":\"https:\/\/secure.gravatar.com\/avatar\/099e42240b5eea11acdb72751fcce0dd918603f0749d24974b7984ea47ed9fd9?s=96&d=mm&r=g\",\"contentUrl\":\"https:\/\/secure.gravatar.com\/avatar\/099e42240b5eea11acdb72751fcce0dd918603f0749d24974b7984ea47ed9fd9?s=96&d=mm&r=g\",\"caption\":\"admin\"},\"sameAs\":[\"https:\/\/challengeseconomiques.com\"],\"url\":\"https:\/\/challengeseconomiques.com\/?author=1\"}]}<\/script>\n<!-- \/ Yoast SEO plugin. -->","yoast_head_json":{"title":"Uemoa: les pays les plus touch\u00e9s par une potentielle fermeture de l'USAID par les USA - challenges economiques","robots":{"index":"index","follow":"follow","max-snippet":"max-snippet:-1","max-image-preview":"max-image-preview:large","max-video-preview":"max-video-preview:-1"},"canonical":"https:\/\/challengeseconomiques.com\/?p=7778","og_locale":"fr_FR","og_type":"article","og_title":"Uemoa: les pays les plus touch\u00e9s par une potentielle fermeture de l'USAID par les USA - challenges economiques","og_description":"Outre des alli\u00e9s strat\u00e9giques comme le S\u00e9n\u00e9gal, les pays de l\u2019AES comptent parmi les principaux b\u00e9n\u00e9ficiaires de l&rsquo;USAID. En 2024, ces trois nations ont re\u00e7u...","og_url":"https:\/\/challengeseconomiques.com\/?p=7778","og_site_name":"challenges economiques","article_published_time":"2025-02-11T18:04:25+00:00","article_modified_time":"2025-02-11T18:04:59+00:00","og_image":[{"width":1100,"height":748,"url":"https:\/\/challengeseconomiques.com\/wp-content\/uploads\/2025\/02\/usaidbon.jpg","type":"image\/jpeg"}],"author":"admin","twitter_card":"summary_large_image","twitter_misc":{"\u00c9crit par":"admin","Dur\u00e9e de lecture estim\u00e9e":"4 minutes"},"schema":{"@context":"https:\/\/schema.org","@graph":[{"@type":"Article","@id":"https:\/\/challengeseconomiques.com\/?p=7778#article","isPartOf":{"@id":"https:\/\/challengeseconomiques.com\/?p=7778"},"author":{"name":"admin","@id":"https:\/\/challengeseconomiques.com\/#\/schema\/person\/b4568c9afebc5a9238a771873801e349"},"headline":"Uemoa: les pays les plus touch\u00e9s par une potentielle fermeture de l&rsquo;USAID par les USA","datePublished":"2025-02-11T18:04:25+00:00","dateModified":"2025-02-11T18:04:59+00:00","mainEntityOfPage":{"@id":"https:\/\/challengeseconomiques.com\/?p=7778"},"wordCount":753,"image":{"@id":"https:\/\/challengeseconomiques.com\/?p=7778#primaryimage"},"thumbnailUrl":"https:\/\/challengeseconomiques.com\/wp-content\/uploads\/2025\/02\/usaidbon.jpg","articleSection":["Analyse"],"inLanguage":"fr-FR"},{"@type":"WebPage","@id":"https:\/\/challengeseconomiques.com\/?p=7778","url":"https:\/\/challengeseconomiques.com\/?p=7778","name":"Uemoa: les pays les plus touch\u00e9s par une potentielle fermeture de l'USAID par les USA - challenges economiques","isPartOf":{"@id":"https:\/\/challengeseconomiques.com\/#website"},"primaryImageOfPage":{"@id":"https:\/\/challengeseconomiques.com\/?p=7778#primaryimage"},"image":{"@id":"https:\/\/challengeseconomiques.com\/?p=7778#primaryimage"},"thumbnailUrl":"https:\/\/challengeseconomiques.com\/wp-content\/uploads\/2025\/02\/usaidbon.jpg","datePublished":"2025-02-11T18:04:25+00:00","dateModified":"2025-02-11T18:04:59+00:00","author":{"@id":"https:\/\/challengeseconomiques.com\/#\/schema\/person\/b4568c9afebc5a9238a771873801e349"},"breadcrumb":{"@id":"https:\/\/challengeseconomiques.com\/?p=7778#breadcrumb"},"inLanguage":"fr-FR","potentialAction":[{"@type":"ReadAction","target":["https:\/\/challengeseconomiques.com\/?p=7778"]}]},{"@type":"ImageObject","inLanguage":"fr-FR","@id":"https:\/\/challengeseconomiques.com\/?p=7778#primaryimage","url":"https:\/\/challengeseconomiques.com\/wp-content\/uploads\/2025\/02\/usaidbon.jpg","contentUrl":"https:\/\/challengeseconomiques.com\/wp-content\/uploads\/2025\/02\/usaidbon.jpg","width":1100,"height":748},{"@type":"BreadcrumbList","@id":"https:\/\/challengeseconomiques.com\/?p=7778#breadcrumb","itemListElement":[{"@type":"ListItem","position":1,"name":"Home","item":"https:\/\/challengeseconomiques.com\/"},{"@type":"ListItem","position":2,"name":"Uemoa: les pays les plus touch\u00e9s par une potentielle fermeture de l&#8217;USAID par les USA"}]},{"@type":"WebSite","@id":"https:\/\/challengeseconomiques.com\/#website","url":"https:\/\/challengeseconomiques.com\/","name":"challenges economiques","description":"","potentialAction":[{"@type":"SearchAction","target":{"@type":"EntryPoint","urlTemplate":"https:\/\/challengeseconomiques.com\/?s={search_term_string}"},"query-input":{"@type":"PropertyValueSpecification","valueRequired":true,"valueName":"search_term_string"}}],"inLanguage":"fr-FR"},{"@type":"Person","@id":"https:\/\/challengeseconomiques.com\/#\/schema\/person\/b4568c9afebc5a9238a771873801e349","name":"admin","image":{"@type":"ImageObject","inLanguage":"fr-FR","@id":"https:\/\/challengeseconomiques.com\/#\/schema\/person\/image\/","url":"https:\/\/secure.gravatar.com\/avatar\/099e42240b5eea11acdb72751fcce0dd918603f0749d24974b7984ea47ed9fd9?s=96&d=mm&r=g","contentUrl":"https:\/\/secure.gravatar.com\/avatar\/099e42240b5eea11acdb72751fcce0dd918603f0749d24974b7984ea47ed9fd9?s=96&d=mm&r=g","caption":"admin"},"sameAs":["https:\/\/challengeseconomiques.com"],"url":"https:\/\/challengeseconomiques.com\/?author=1"}]}},"jetpack_featured_media_url":"https:\/\/challengeseconomiques.com\/wp-content\/uploads\/2025\/02\/usaidbon.jpg","jetpack_sharing_enabled":true,"_links":{"self":[{"href":"https:\/\/challengeseconomiques.com\/index.php?rest_route=\/wp\/v2\/posts\/7778","targetHints":{"allow":["GET"]}}],"collection":[{"href":"https:\/\/challengeseconomiques.com\/index.php?rest_route=\/wp\/v2\/posts"}],"about":[{"href":"https:\/\/challengeseconomiques.com\/index.php?rest_route=\/wp\/v2\/types\/post"}],"author":[{"embeddable":true,"href":"https:\/\/challengeseconomiques.com\/index.php?rest_route=\/wp\/v2\/users\/1"}],"replies":[{"embeddable":true,"href":"https:\/\/challengeseconomiques.com\/index.php?rest_route=%2Fwp%2Fv2%2Fcomments&post=7778"}],"version-history":[{"count":1,"href":"https:\/\/challengeseconomiques.com\/index.php?rest_route=\/wp\/v2\/posts\/7778\/revisions"}],"predecessor-version":[{"id":7781,"href":"https:\/\/challengeseconomiques.com\/index.php?rest_route=\/wp\/v2\/posts\/7778\/revisions\/7781"}],"wp:featuredmedia":[{"embeddable":true,"href":"https:\/\/challengeseconomiques.com\/index.php?rest_route=\/wp\/v2\/media\/7780"}],"wp:attachment":[{"href":"https:\/\/challengeseconomiques.com\/index.php?rest_route=%2Fwp%2Fv2%2Fmedia&parent=7778"}],"wp:term":[{"taxonomy":"category","embeddable":true,"href":"https:\/\/challengeseconomiques.com\/index.php?rest_route=%2Fwp%2Fv2%2Fcategories&post=7778"},{"taxonomy":"post_tag","embeddable":true,"href":"https:\/\/challengeseconomiques.com\/index.php?rest_route=%2Fwp%2Fv2%2Ftags&post=7778"}],"curies":[{"name":"wp","href":"https:\/\/api.w.org\/{rel}","templated":true}]}}