{"id":7757,"date":"2025-02-07T20:59:46","date_gmt":"2025-02-07T20:59:46","guid":{"rendered":"https:\/\/challengeseconomiques.com\/?p=7757"},"modified":"2025-02-07T21:02:20","modified_gmt":"2025-02-07T21:02:20","slug":"un-dialogue-presidentiel-sur-lagence-africaine-de-notation","status":"publish","type":"post","link":"https:\/\/challengeseconomiques.com\/?p=7757","title":{"rendered":"Un \u00ab dialogue pr\u00e9sidentiel \u00bb sur l\u2019agence africaine de notation"},"content":{"rendered":"<p><strong>\u00c0 l\u2019occasion du Sommet de l\u2019Union africaine, le 14 f\u00e9vrier, les dirigeants africains auront l\u2019occasion de renforcer leur attachement \u00e0 la cr\u00e9ation d\u2019une agence africaine de <em>ratings<\/em>.<\/strong><\/p>\n<p>&nbsp;<\/p>\n<p>Alors que le continent poursuit sa marche vers l\u2019int\u00e9gration et la r\u00e9silience \u00e9conomiques, la cr\u00e9ation de l\u2019Agence africaine de notation de cr\u00e9dit (AfCRA, selon son acronyme anglais) repr\u00e9sente une \u00e9tape cruciale pour affirmer la position de l\u2019Afrique en mati\u00e8re de gouvernance financi\u00e8re mondiale.<\/p>\n<p>Selon l\u2019Union africaine, la cr\u00e9ation d\u2019une agence africaine d\u00e9di\u00e9e vise \u00e0 fournir des notations de cr\u00e9dit \u00e9quitables, transparentes et ax\u00e9es sur le d\u00e9veloppement, qui refl\u00e8tent les r\u00e9alit\u00e9s et le potentiel des \u00e9conomies africaines. L\u2019AfCRA devrait \u00eatre officiellement lanc\u00e9e en juin 2025 dans le cadre du programme plus large de l\u2019Union africaine pour l\u2019int\u00e9gration et l\u2019ind\u00e9pendance financi\u00e8res. Le processus de cr\u00e9ation est en cours, y compris les consultations des parties prenantes et les initiatives de renforcement des capacit\u00e9s.<\/p>\n<blockquote><p>Cet \u00e9v\u00e9nement, qui se tiendra en marge du 37<sup>e<\/sup> Sommet ordinaire de l\u2019Union africaine en son si\u00e8ge, \u00ab\u00a0souligne l\u2019engagement de l\u2019Afrique \u00e0 renforcer la souverainet\u00e9 financi\u00e8re du continent et \u00e0 relever les d\u00e9fis de longue date li\u00e9s aux trois agences internationales de notation de cr\u00e9dit\u00a0\u00bb, explique l\u2019UA.<\/p><\/blockquote>\n<p>Il s\u2019agit, rappelle l\u2019UA dans un document de pr\u00e9sentation, d\u2019une initiative continentale visant \u00e0 fournir des notations de cr\u00e9dit ind\u00e9pendantes, cr\u00e9dibles et africaines pour les \u00c9tats souverains, les entit\u00e9s sous-souveraines et les entreprises. \u00ab\u00a0<em>Son objectif principal est d\u2019am\u00e9liorer la transparence, de r\u00e9duire la d\u00e9pendance vis-\u00e0-vis des trois agences internationales de notation de cr\u00e9dit et de r\u00e9pondre aux besoins sp\u00e9cifiques des pays, des institutions et des contextes africains.\u00a0<\/em>\u00bb<\/p>\n<p>L\u2019AfCRA a \u00e9t\u00e9 cr\u00e9\u00e9e pour r\u00e9pondre aux pr\u00e9occupations concernant les biais per\u00e7us, les inexactitudes et les co\u00fbts \u00e9lev\u00e9s associ\u00e9s aux agences internationales de notation de cr\u00e9dit lors de l\u2019\u00e9valuation des pays africains. Elle permettra au continent de disposer d\u2019un syst\u00e8me de notation de cr\u00e9dit qui refl\u00e8te les r\u00e9alit\u00e9s sociales et \u00e9conomiques uniques de l\u2019Afrique et favorise une repr\u00e9sentation plus juste de sa solvabilit\u00e9.<\/p>\n<p>Contrairement aux agences de notation traditionnelles, celle-ci se concentrera exclusivement sur les \u00e9conomies africaines, en int\u00e9grant des donn\u00e9es et des indicateurs sp\u00e9cifiques \u00e0 la r\u00e9gion. Elle aura pour mandat de renforcer les march\u00e9s financiers africains tout en promouvant la transparence, l\u2019\u00e9quit\u00e9 et l\u2019inclusivit\u00e9. Elle mettra \u00e9galement l\u2019accent sur des cadres d\u2019\u00e9valuation du cr\u00e9dit ax\u00e9s sur le d\u00e9veloppement et adapt\u00e9s aux divers contextes du continent.<\/p>\n<p><strong>Un agenda serr\u00e9<\/strong><\/p>\n<p>De son c\u00f4t\u00e9, le M\u00e9canisme africain d\u2019\u00e9valuation par les pairs (MAEP)<strong> \u00ab\u00a0<\/strong><em>continuera de jouer un r\u00f4le crucial en tant que soutien et partenaire strat\u00e9gique dans le d\u00e9veloppement et les op\u00e9rations<\/em>\u00a0\u00bb de la nouvelle agence, promet l\u2019UA. Il fournira des informations sur la gouvernance, des cadres institutionnels et une expertise technique qui \u00e9claireront les m\u00e9thodologies de l\u2019agence de notation. Le MAEP veillera \u00e9galement \u00e0 ce que l\u2019agence s\u2019aligne sur les objectifs plus larges de l\u2019Union africaine en mati\u00e8re de d\u00e9veloppement durable et d\u2019int\u00e9gration.<\/p>\n<figure id=\"attachment_87663\" class=\"wp-caption aligncenter\" aria-describedby=\"caption-attachment-87663\"><img fetchpriority=\"high\" decoding=\"async\" class=\"wp-image-87663 lazyloaded\" src=\"https:\/\/magazinedelafrique.com\/wp-content\/uploads\/2025\/02\/Agences-de-notation-300x212.jpg\" sizes=\"(max-width: 384px) 100vw, 384px\" srcset=\"https:\/\/magazinedelafrique.com\/wp-content\/uploads\/2025\/02\/Agences-de-notation-300x212.jpg 300w, https:\/\/magazinedelafrique.com\/wp-content\/uploads\/2025\/02\/Agences-de-notation-1024x724.jpg 1024w, https:\/\/magazinedelafrique.com\/wp-content\/uploads\/2025\/02\/Agences-de-notation-768x543.jpg 768w, https:\/\/magazinedelafrique.com\/wp-content\/uploads\/2025\/02\/Agences-de-notation-1536x1087.jpg 1536w, https:\/\/magazinedelafrique.com\/wp-content\/uploads\/2025\/02\/Agences-de-notation-2048x1449.jpg 2048w\" alt=\"Logos des trois grandes agences am\u00e9ricaines.\" width=\"384\" height=\"271\" data-src=\"https:\/\/magazinedelafrique.com\/wp-content\/uploads\/2025\/02\/Agences-de-notation-300x212.jpg\" data-srcset=\"https:\/\/magazinedelafrique.com\/wp-content\/uploads\/2025\/02\/Agences-de-notation-300x212.jpg 300w, https:\/\/magazinedelafrique.com\/wp-content\/uploads\/2025\/02\/Agences-de-notation-1024x724.jpg 1024w, https:\/\/magazinedelafrique.com\/wp-content\/uploads\/2025\/02\/Agences-de-notation-768x543.jpg 768w, https:\/\/magazinedelafrique.com\/wp-content\/uploads\/2025\/02\/Agences-de-notation-1536x1087.jpg 1536w, https:\/\/magazinedelafrique.com\/wp-content\/uploads\/2025\/02\/Agences-de-notation-2048x1449.jpg 2048w\" data-sizes=\"(max-width: 384px) 100vw, 384px\" \/><figcaption id=\"caption-attachment-87663\" class=\"wp-caption-text\">Une agence africaine de cr\u00e9dit pourra-t-elle rivaliser avec les grands noms du secteur ?<\/figcaption><\/figure>\n<p>Dans l\u2019esprit de ses concepteurs, l\u2019objectif de l\u2019AfCRA n\u2019est pas de concurrencer ou de remplacer les trois agences de notation internationales, mais plut\u00f4t de les compl\u00e9ter en apportant une perspective alternative. Elle s\u2019attachera \u00e0 combler les lacunes en mati\u00e8re de donn\u00e9es et d\u2019analyse, \u00e0 prendre en compte les nuances r\u00e9gionales et \u00e0 promouvoir l\u2019int\u00e9gration financi\u00e8re africaine. \u00ab\u00a0<em>Cela permettra d\u2019avoir une vision diversifi\u00e9e de la solvabilit\u00e9 et favorisera la collaboration dans l\u2019int\u00e9r\u00eat de tous<\/em>.\u00a0\u00bb<\/p>\n<p>Empiriquement, l\u2019agence r\u00e9duira le co\u00fbt des notations de cr\u00e9dit pour les pays et les entreprises africains, am\u00e9liorera leur acc\u00e8s aux march\u00e9s des capitaux et garantira une repr\u00e9sentation plus juste de leur solvabilit\u00e9. Elle fournira \u00e9galement une plateforme pour promouvoir les projets et les investissements africains, stimuler la croissance \u00e9conomique et la stabilit\u00e9 financi\u00e8re r\u00e9gionale.<\/p>\n<p>Dans cette perspective, les chefs d\u2019\u00c9tat et de gouvernement se r\u00e9uniront pour un \u00ab\u00a0<em>dialogue pr\u00e9sidentiel\u00a0<\/em>\u00bb consacr\u00e9 \u00e0 la future agence africaine de notation de cr\u00e9dit, le 14 f\u00e9vrier 2025. Organis\u00e9 sous les auspices du MAEP, cet \u00e9v\u00e9nement conviera des d\u00e9cideurs politiques, des experts financiers et des partenaires de d\u00e9veloppement pour discuter de la cr\u00e9ation de cette nouvelle structure.<\/p>\n<p>Les principaux objectifs de la r\u00e9union seront de r\u00e9affirmer la volont\u00e9 politique et l\u2019engagement collectif en faveur de la cr\u00e9ation de l\u2019AfCRA\u00a0; de discuter de l\u2019avancement des travaux techniques en cours\u00a0; de d\u00e9finir le r\u00f4le de l\u2019agence dans le soutien \u00e0 la stabilit\u00e9 financi\u00e8re et \u00e0 la croissance de l\u2019Afrique\u00a0; d\u2019explorer les possibilit\u00e9s de partenariats de collaboration avec les partenaires de d\u00e9veloppement et les institutions financi\u00e8res internationales.<\/p>\n<p>Le Sommet de l\u2019Union africaine\u00a0se d\u00e9roulera les 15 et 16 f\u00e9vrier \u00e0 Addis-Abeba (\u00c9thiopie).<\/p>\n<p><strong>Le Magazine de l&rsquo;Afrique<\/strong><\/p>\n","protected":false},"excerpt":{"rendered":"<p>\u00c0 l\u2019occasion du Sommet de l\u2019Union africaine, le 14 f\u00e9vrier, les dirigeants africains auront l\u2019occasion de renforcer leur attachement \u00e0 la cr\u00e9ation d\u2019une agence africaine&#8230;<\/p>\n","protected":false},"author":1,"featured_media":7758,"comment_status":"closed","ping_status":"open","sticky":false,"template":"","format":"standard","meta":{"_jetpack_memberships_contains_paid_content":false,"footnotes":""},"categories":[8,10],"tags":[],"class_list":["post-7757","post","type-post","status-publish","format-standard","has-post-thumbnail","hentry","category-actualite-economique","category-infos-eco","wpcat-8-id","wpcat-10-id"],"yoast_head":"<!-- This site is optimized with the Yoast SEO plugin v27.1.1 - https:\/\/yoast.com\/product\/yoast-seo-wordpress\/ -->\n<title>Un \u00ab dialogue pr\u00e9sidentiel \u00bb sur l\u2019agence africaine de notation - challenges economiques<\/title>\n<meta name=\"robots\" content=\"index, follow, max-snippet:-1, max-image-preview:large, max-video-preview:-1\" \/>\n<link rel=\"canonical\" href=\"https:\/\/challengeseconomiques.com\/?p=7757\" \/>\n<meta property=\"og:locale\" content=\"fr_FR\" \/>\n<meta property=\"og:type\" content=\"article\" \/>\n<meta property=\"og:title\" content=\"Un \u00ab dialogue pr\u00e9sidentiel \u00bb sur l\u2019agence africaine de notation - challenges economiques\" \/>\n<meta property=\"og:description\" content=\"\u00c0 l\u2019occasion du Sommet de l\u2019Union africaine, le 14 f\u00e9vrier, les dirigeants africains auront l\u2019occasion de renforcer leur attachement \u00e0 la cr\u00e9ation d\u2019une agence africaine...\" \/>\n<meta property=\"og:url\" content=\"https:\/\/challengeseconomiques.com\/?p=7757\" \/>\n<meta property=\"og:site_name\" content=\"challenges economiques\" \/>\n<meta property=\"article:published_time\" content=\"2025-02-07T20:59:46+00:00\" \/>\n<meta property=\"article:modified_time\" content=\"2025-02-07T21:02:20+00:00\" \/>\n<meta property=\"og:image\" content=\"https:\/\/challengeseconomiques.com\/wp-content\/uploads\/2025\/02\/Union-africaine-770x470-1.webp\" \/>\n\t<meta property=\"og:image:width\" content=\"770\" \/>\n\t<meta property=\"og:image:height\" content=\"470\" \/>\n\t<meta property=\"og:image:type\" content=\"image\/webp\" \/>\n<meta name=\"author\" content=\"admin\" \/>\n<meta name=\"twitter:card\" content=\"summary_large_image\" \/>\n<meta name=\"twitter:label1\" content=\"\u00c9crit par\" \/>\n\t<meta name=\"twitter:data1\" content=\"admin\" \/>\n\t<meta name=\"twitter:label2\" content=\"Dur\u00e9e de lecture estim\u00e9e\" \/>\n\t<meta name=\"twitter:data2\" content=\"5 minutes\" \/>\n<script type=\"application\/ld+json\" class=\"yoast-schema-graph\">{\"@context\":\"https:\/\/schema.org\",\"@graph\":[{\"@type\":\"Article\",\"@id\":\"https:\/\/challengeseconomiques.com\/?p=7757#article\",\"isPartOf\":{\"@id\":\"https:\/\/challengeseconomiques.com\/?p=7757\"},\"author\":{\"name\":\"admin\",\"@id\":\"https:\/\/challengeseconomiques.com\/#\/schema\/person\/b4568c9afebc5a9238a771873801e349\"},\"headline\":\"Un \u00ab dialogue pr\u00e9sidentiel \u00bb sur l\u2019agence africaine de notation\",\"datePublished\":\"2025-02-07T20:59:46+00:00\",\"dateModified\":\"2025-02-07T21:02:20+00:00\",\"mainEntityOfPage\":{\"@id\":\"https:\/\/challengeseconomiques.com\/?p=7757\"},\"wordCount\":916,\"image\":{\"@id\":\"https:\/\/challengeseconomiques.com\/?p=7757#primaryimage\"},\"thumbnailUrl\":\"https:\/\/challengeseconomiques.com\/wp-content\/uploads\/2025\/02\/Union-africaine-770x470-1.webp\",\"articleSection\":[\"Actualit\u00e9 \u00e9conomique\",\"Infos \u00e9co\"],\"inLanguage\":\"fr-FR\"},{\"@type\":\"WebPage\",\"@id\":\"https:\/\/challengeseconomiques.com\/?p=7757\",\"url\":\"https:\/\/challengeseconomiques.com\/?p=7757\",\"name\":\"Un \u00ab dialogue pr\u00e9sidentiel \u00bb sur l\u2019agence africaine de notation - challenges economiques\",\"isPartOf\":{\"@id\":\"https:\/\/challengeseconomiques.com\/#website\"},\"primaryImageOfPage\":{\"@id\":\"https:\/\/challengeseconomiques.com\/?p=7757#primaryimage\"},\"image\":{\"@id\":\"https:\/\/challengeseconomiques.com\/?p=7757#primaryimage\"},\"thumbnailUrl\":\"https:\/\/challengeseconomiques.com\/wp-content\/uploads\/2025\/02\/Union-africaine-770x470-1.webp\",\"datePublished\":\"2025-02-07T20:59:46+00:00\",\"dateModified\":\"2025-02-07T21:02:20+00:00\",\"author\":{\"@id\":\"https:\/\/challengeseconomiques.com\/#\/schema\/person\/b4568c9afebc5a9238a771873801e349\"},\"breadcrumb\":{\"@id\":\"https:\/\/challengeseconomiques.com\/?p=7757#breadcrumb\"},\"inLanguage\":\"fr-FR\",\"potentialAction\":[{\"@type\":\"ReadAction\",\"target\":[\"https:\/\/challengeseconomiques.com\/?p=7757\"]}]},{\"@type\":\"ImageObject\",\"inLanguage\":\"fr-FR\",\"@id\":\"https:\/\/challengeseconomiques.com\/?p=7757#primaryimage\",\"url\":\"https:\/\/challengeseconomiques.com\/wp-content\/uploads\/2025\/02\/Union-africaine-770x470-1.webp\",\"contentUrl\":\"https:\/\/challengeseconomiques.com\/wp-content\/uploads\/2025\/02\/Union-africaine-770x470-1.webp\",\"width\":770,\"height\":470},{\"@type\":\"BreadcrumbList\",\"@id\":\"https:\/\/challengeseconomiques.com\/?p=7757#breadcrumb\",\"itemListElement\":[{\"@type\":\"ListItem\",\"position\":1,\"name\":\"Home\",\"item\":\"https:\/\/challengeseconomiques.com\/\"},{\"@type\":\"ListItem\",\"position\":2,\"name\":\"Un \u00ab dialogue pr\u00e9sidentiel \u00bb sur l\u2019agence africaine de notation\"}]},{\"@type\":\"WebSite\",\"@id\":\"https:\/\/challengeseconomiques.com\/#website\",\"url\":\"https:\/\/challengeseconomiques.com\/\",\"name\":\"challenges economiques\",\"description\":\"\",\"potentialAction\":[{\"@type\":\"SearchAction\",\"target\":{\"@type\":\"EntryPoint\",\"urlTemplate\":\"https:\/\/challengeseconomiques.com\/?s={search_term_string}\"},\"query-input\":{\"@type\":\"PropertyValueSpecification\",\"valueRequired\":true,\"valueName\":\"search_term_string\"}}],\"inLanguage\":\"fr-FR\"},{\"@type\":\"Person\",\"@id\":\"https:\/\/challengeseconomiques.com\/#\/schema\/person\/b4568c9afebc5a9238a771873801e349\",\"name\":\"admin\",\"image\":{\"@type\":\"ImageObject\",\"inLanguage\":\"fr-FR\",\"@id\":\"https:\/\/challengeseconomiques.com\/#\/schema\/person\/image\/\",\"url\":\"https:\/\/secure.gravatar.com\/avatar\/099e42240b5eea11acdb72751fcce0dd918603f0749d24974b7984ea47ed9fd9?s=96&d=mm&r=g\",\"contentUrl\":\"https:\/\/secure.gravatar.com\/avatar\/099e42240b5eea11acdb72751fcce0dd918603f0749d24974b7984ea47ed9fd9?s=96&d=mm&r=g\",\"caption\":\"admin\"},\"sameAs\":[\"https:\/\/challengeseconomiques.com\"],\"url\":\"https:\/\/challengeseconomiques.com\/?author=1\"}]}<\/script>\n<!-- \/ Yoast SEO plugin. -->","yoast_head_json":{"title":"Un \u00ab dialogue pr\u00e9sidentiel \u00bb sur l\u2019agence africaine de notation - challenges economiques","robots":{"index":"index","follow":"follow","max-snippet":"max-snippet:-1","max-image-preview":"max-image-preview:large","max-video-preview":"max-video-preview:-1"},"canonical":"https:\/\/challengeseconomiques.com\/?p=7757","og_locale":"fr_FR","og_type":"article","og_title":"Un \u00ab dialogue pr\u00e9sidentiel \u00bb sur l\u2019agence africaine de notation - challenges economiques","og_description":"\u00c0 l\u2019occasion du Sommet de l\u2019Union africaine, le 14 f\u00e9vrier, les dirigeants africains auront l\u2019occasion de renforcer leur attachement \u00e0 la cr\u00e9ation d\u2019une agence africaine...","og_url":"https:\/\/challengeseconomiques.com\/?p=7757","og_site_name":"challenges economiques","article_published_time":"2025-02-07T20:59:46+00:00","article_modified_time":"2025-02-07T21:02:20+00:00","og_image":[{"width":770,"height":470,"url":"https:\/\/challengeseconomiques.com\/wp-content\/uploads\/2025\/02\/Union-africaine-770x470-1.webp","type":"image\/webp"}],"author":"admin","twitter_card":"summary_large_image","twitter_misc":{"\u00c9crit par":"admin","Dur\u00e9e de lecture estim\u00e9e":"5 minutes"},"schema":{"@context":"https:\/\/schema.org","@graph":[{"@type":"Article","@id":"https:\/\/challengeseconomiques.com\/?p=7757#article","isPartOf":{"@id":"https:\/\/challengeseconomiques.com\/?p=7757"},"author":{"name":"admin","@id":"https:\/\/challengeseconomiques.com\/#\/schema\/person\/b4568c9afebc5a9238a771873801e349"},"headline":"Un \u00ab dialogue pr\u00e9sidentiel \u00bb sur l\u2019agence africaine de notation","datePublished":"2025-02-07T20:59:46+00:00","dateModified":"2025-02-07T21:02:20+00:00","mainEntityOfPage":{"@id":"https:\/\/challengeseconomiques.com\/?p=7757"},"wordCount":916,"image":{"@id":"https:\/\/challengeseconomiques.com\/?p=7757#primaryimage"},"thumbnailUrl":"https:\/\/challengeseconomiques.com\/wp-content\/uploads\/2025\/02\/Union-africaine-770x470-1.webp","articleSection":["Actualit\u00e9 \u00e9conomique","Infos \u00e9co"],"inLanguage":"fr-FR"},{"@type":"WebPage","@id":"https:\/\/challengeseconomiques.com\/?p=7757","url":"https:\/\/challengeseconomiques.com\/?p=7757","name":"Un \u00ab dialogue pr\u00e9sidentiel \u00bb sur l\u2019agence africaine de notation - challenges economiques","isPartOf":{"@id":"https:\/\/challengeseconomiques.com\/#website"},"primaryImageOfPage":{"@id":"https:\/\/challengeseconomiques.com\/?p=7757#primaryimage"},"image":{"@id":"https:\/\/challengeseconomiques.com\/?p=7757#primaryimage"},"thumbnailUrl":"https:\/\/challengeseconomiques.com\/wp-content\/uploads\/2025\/02\/Union-africaine-770x470-1.webp","datePublished":"2025-02-07T20:59:46+00:00","dateModified":"2025-02-07T21:02:20+00:00","author":{"@id":"https:\/\/challengeseconomiques.com\/#\/schema\/person\/b4568c9afebc5a9238a771873801e349"},"breadcrumb":{"@id":"https:\/\/challengeseconomiques.com\/?p=7757#breadcrumb"},"inLanguage":"fr-FR","potentialAction":[{"@type":"ReadAction","target":["https:\/\/challengeseconomiques.com\/?p=7757"]}]},{"@type":"ImageObject","inLanguage":"fr-FR","@id":"https:\/\/challengeseconomiques.com\/?p=7757#primaryimage","url":"https:\/\/challengeseconomiques.com\/wp-content\/uploads\/2025\/02\/Union-africaine-770x470-1.webp","contentUrl":"https:\/\/challengeseconomiques.com\/wp-content\/uploads\/2025\/02\/Union-africaine-770x470-1.webp","width":770,"height":470},{"@type":"BreadcrumbList","@id":"https:\/\/challengeseconomiques.com\/?p=7757#breadcrumb","itemListElement":[{"@type":"ListItem","position":1,"name":"Home","item":"https:\/\/challengeseconomiques.com\/"},{"@type":"ListItem","position":2,"name":"Un \u00ab dialogue pr\u00e9sidentiel \u00bb sur l\u2019agence africaine de notation"}]},{"@type":"WebSite","@id":"https:\/\/challengeseconomiques.com\/#website","url":"https:\/\/challengeseconomiques.com\/","name":"challenges economiques","description":"","potentialAction":[{"@type":"SearchAction","target":{"@type":"EntryPoint","urlTemplate":"https:\/\/challengeseconomiques.com\/?s={search_term_string}"},"query-input":{"@type":"PropertyValueSpecification","valueRequired":true,"valueName":"search_term_string"}}],"inLanguage":"fr-FR"},{"@type":"Person","@id":"https:\/\/challengeseconomiques.com\/#\/schema\/person\/b4568c9afebc5a9238a771873801e349","name":"admin","image":{"@type":"ImageObject","inLanguage":"fr-FR","@id":"https:\/\/challengeseconomiques.com\/#\/schema\/person\/image\/","url":"https:\/\/secure.gravatar.com\/avatar\/099e42240b5eea11acdb72751fcce0dd918603f0749d24974b7984ea47ed9fd9?s=96&d=mm&r=g","contentUrl":"https:\/\/secure.gravatar.com\/avatar\/099e42240b5eea11acdb72751fcce0dd918603f0749d24974b7984ea47ed9fd9?s=96&d=mm&r=g","caption":"admin"},"sameAs":["https:\/\/challengeseconomiques.com"],"url":"https:\/\/challengeseconomiques.com\/?author=1"}]}},"jetpack_featured_media_url":"https:\/\/challengeseconomiques.com\/wp-content\/uploads\/2025\/02\/Union-africaine-770x470-1.webp","jetpack_sharing_enabled":true,"_links":{"self":[{"href":"https:\/\/challengeseconomiques.com\/index.php?rest_route=\/wp\/v2\/posts\/7757","targetHints":{"allow":["GET"]}}],"collection":[{"href":"https:\/\/challengeseconomiques.com\/index.php?rest_route=\/wp\/v2\/posts"}],"about":[{"href":"https:\/\/challengeseconomiques.com\/index.php?rest_route=\/wp\/v2\/types\/post"}],"author":[{"embeddable":true,"href":"https:\/\/challengeseconomiques.com\/index.php?rest_route=\/wp\/v2\/users\/1"}],"replies":[{"embeddable":true,"href":"https:\/\/challengeseconomiques.com\/index.php?rest_route=%2Fwp%2Fv2%2Fcomments&post=7757"}],"version-history":[{"count":1,"href":"https:\/\/challengeseconomiques.com\/index.php?rest_route=\/wp\/v2\/posts\/7757\/revisions"}],"predecessor-version":[{"id":7759,"href":"https:\/\/challengeseconomiques.com\/index.php?rest_route=\/wp\/v2\/posts\/7757\/revisions\/7759"}],"wp:featuredmedia":[{"embeddable":true,"href":"https:\/\/challengeseconomiques.com\/index.php?rest_route=\/wp\/v2\/media\/7758"}],"wp:attachment":[{"href":"https:\/\/challengeseconomiques.com\/index.php?rest_route=%2Fwp%2Fv2%2Fmedia&parent=7757"}],"wp:term":[{"taxonomy":"category","embeddable":true,"href":"https:\/\/challengeseconomiques.com\/index.php?rest_route=%2Fwp%2Fv2%2Fcategories&post=7757"},{"taxonomy":"post_tag","embeddable":true,"href":"https:\/\/challengeseconomiques.com\/index.php?rest_route=%2Fwp%2Fv2%2Ftags&post=7757"}],"curies":[{"name":"wp","href":"https:\/\/api.w.org\/{rel}","templated":true}]}}