{"id":7751,"date":"2025-02-07T20:43:40","date_gmt":"2025-02-07T20:43:40","guid":{"rendered":"https:\/\/challengeseconomiques.com\/?p=7751"},"modified":"2025-02-07T20:44:15","modified_gmt":"2025-02-07T20:44:15","slug":"le-senegal-et-le-bresil-determines-a-consolider-les-liens-commerciaux-entre-les-deux-pays","status":"publish","type":"post","link":"https:\/\/challengeseconomiques.com\/?p=7751","title":{"rendered":"Le S\u00e9n\u00e9gal et le Br\u00e9sil d\u00e9termin\u00e9s \u00e0 consolider les liens commerciaux entre les deux pays"},"content":{"rendered":"<p><strong>Abdoulaye Sow, le pr\u00e9sident de la chambre de commerce, d\u2019industries et d\u2019agriculture de Dakar (CCIAD) et <\/strong><strong>Bruno Luiz Dos Santos Cobuccio, l\u2019ambassadeur du Br\u00e9sil au S\u00e9n\u00e9gal ont fait part de leurs v\u0153ux <\/strong><strong>\u00e0 consolider les liens commerciaux qui unissent les deux pays, en affirmant que ceux-ci peuvent aller au-del\u00e0 des \u00e9changes actuels en b\u00e9n\u00e9ficiant mieux aux <\/strong><strong>\u00e9conomies des <\/strong><strong>deux nations<\/strong>.<\/p>\n<p>En effet, intervenant lors de la c\u00e9r\u00e9monie d\u2019ouverture de la mission commerciale Br\u00e9sil-S\u00e9n\u00e9gal, le diplomate a indiqu\u00e9 que l\u2019exploration de nouvelles opportunit\u00e9s d\u2019affaires est un outil essentiel, pour dynamiser les relations entre le Br\u00e9sil et le S\u00e9n\u00e9gal, deux nations qui partagent des liens d\u2019amiti\u00e9 historiques ainsi que des affinit\u00e9s sociales et culturelles.<\/p>\n<p>\u00c0 son avis \u00a0un vaste potentiel reste \u00e0 explorer en mati\u00e8re de commerce et d\u2019investissements entre les deux pays.<\/p>\n<p>\u00ab\u00a0J\u2019esp\u00e8re que cette mission commerciale ne sera que la premi\u00e8re \u00e9tape de nombreuses autres initiatives, tant des gouvernements que des diverses organisations des deux pays, afin de ne pas laisser passer ces opportunit\u00e9s de cr\u00e9ation de richesse et de prosp\u00e9rit\u00e9 pour nos peuples\u00a0\u00bb, a notamment relev\u00e9 Bruno Luiz Dos Santos Cobuccio.<\/p>\n<p>Parall\u00e8lement, il s\u2019est dit convaincu que la mission commerciale Br\u00e9sil-S\u00e9n\u00e9gal ne profitera pas uniquement aux entreprises br\u00e9siliennes et s\u00e9n\u00e9galaises pr\u00e9sentes \u00e0 la rencontre.<\/p>\n<p>Ainsi, a-t-il soutenu qu\u2019une initiative comme celle-ci ouvre de nouvelles perspectives qui, en fin de compte, se traduiront par de l\u2019innovation, des emplois, de la croissance et en somme par un d\u00e9veloppement durable des \u00e9conomies des deux pays.<\/p>\n<p>\u00ab\u00a0Le Br\u00e9sil reconna\u00eet le potentiel du S\u00e9n\u00e9gal en tant que l\u2019un des p\u00f4les \u00e9conomiques les plus dynamiques de l\u2019Afrique de l\u2019Ouest et souhaite \u0153uvrer davantage pour dynamiser et \u00e9largir notre coop\u00e9ration bilat\u00e9rale\u00a0\u00bb, a fait remarquer l\u2019ambassadeur.<\/p>\n<p>Et selon lui, pour ce faire, le dialogue entre entrepreneurs, autorit\u00e9s et institutions de financement cr\u00e9era les conditions propices \u00e0 des partenariats durables et mutuellement b\u00e9n\u00e9fiques.<\/p>\n<p>Notons que cette mission commerciale \u00e0 laquelle a pris part, Ousmane Mbaye, le secr\u00e9taire g\u00e9n\u00e9ral du minist\u00e8re de l\u2019agriculture est une rencontre multisectorielle entre les op\u00e9rateurs \u00e9conomiques br\u00e9siliens et s\u00e9n\u00e9galais. Son objectif est d\u2019augmenter significativement le volume des \u00e9changes commerciaux entre le S\u00e9n\u00e9gal et le Br\u00e9sil.<\/p>\n<p>Abdoulaye Sow, le pr\u00e9sident de la CCIAD a de son c\u00f4t\u00e9 rappel\u00e9 que le Br\u00e9sil est sur le plan \u00e9conomique, un pays en grande mutation avec une puissance agricole et industrielle remarquable \u00e0 l\u2019\u00e9chelle mondiale.<\/p>\n<p>\u00ab\u00a0Ouvert sur l\u2019ext\u00e9rieur, son agriculture est domin\u00e9e par les grandes cultures exportatrices de caf\u00e9, soja, ma\u00efs ainsi que la production de biocarburants, l\u2019industrie et les produits miniers\u00a0\u00bb, a signal\u00e9 M. Sow, assurant que le S\u00e9n\u00e9gal de son cot\u00e9, avec sa stabilit\u00e9 politique, son \u00e9conomie dynamique et sa position strat\u00e9gique en Afrique de l\u2019Ouest, va offrir un environnement propice aux investissements.<\/p>\n<p>Le pr\u00e9sident de la CCIAD a aussi not\u00e9 que le S\u00e9n\u00e9gal est engag\u00e9 dans des r\u00e9formes structurelles ambitieuses, visant \u00e0 moderniser nos infrastructures, renforcer notre secteur industriel et promouvoir l\u2019innovation.<\/p>\n<p>Il a \u00e0 cet effet list\u00e9 des secteurs tels que l\u2019agriculture, les \u00e9nergies renouvelables, les technologies de l\u2019information et le tourisme, qui pr\u00e9sentent selon lui, des opportunit\u00e9s immenses pour les investisseurs br\u00e9siliens.<\/p>\n<p>\u00ab\u00a0L\u2019adoption d\u2019un nouveau r\u00e9f\u00e9rentiel \u00e9conomique, l\u2019Agenda National de Transformation \u00e0 l\u2019horizon 2050, qui va acc\u00e9l\u00e9rer la trajectoire de d\u00e9veloppement du S\u00e9n\u00e9gal et pour la mise en \u0153uvre duquel, la participation du partenaire strat\u00e9gique que constitue le Br\u00e9sil est fortement attendue\u00a0\u00bb, a-t-il ajout\u00e9.<\/p>\n","protected":false},"excerpt":{"rendered":"<p>Abdoulaye Sow, le pr\u00e9sident de la chambre de commerce, d\u2019industries et d\u2019agriculture de Dakar (CCIAD) et Bruno Luiz Dos Santos Cobuccio, l\u2019ambassadeur du Br\u00e9sil au&#8230;<\/p>\n","protected":false},"author":1,"featured_media":7752,"comment_status":"closed","ping_status":"open","sticky":false,"template":"","format":"standard","meta":{"_jetpack_memberships_contains_paid_content":false,"footnotes":""},"categories":[23,8],"tags":[],"class_list":["post-7751","post","type-post","status-publish","format-standard","has-post-thumbnail","hentry","category-a-la-une","category-actualite-economique","wpcat-23-id","wpcat-8-id"],"yoast_head":"<!-- This site is optimized with the Yoast SEO plugin v27.1.1 - https:\/\/yoast.com\/product\/yoast-seo-wordpress\/ -->\n<title>Le S\u00e9n\u00e9gal et le Br\u00e9sil d\u00e9termin\u00e9s \u00e0 consolider les liens commerciaux entre les deux pays - challenges economiques<\/title>\n<meta name=\"robots\" content=\"index, follow, max-snippet:-1, max-image-preview:large, max-video-preview:-1\" \/>\n<link rel=\"canonical\" href=\"https:\/\/challengeseconomiques.com\/?p=7751\" \/>\n<meta property=\"og:locale\" content=\"fr_FR\" \/>\n<meta property=\"og:type\" content=\"article\" \/>\n<meta property=\"og:title\" content=\"Le S\u00e9n\u00e9gal et le Br\u00e9sil d\u00e9termin\u00e9s \u00e0 consolider les liens commerciaux entre les deux pays - challenges economiques\" \/>\n<meta property=\"og:description\" content=\"Abdoulaye Sow, le pr\u00e9sident de la chambre de commerce, d\u2019industries et d\u2019agriculture de Dakar (CCIAD) et Bruno Luiz Dos Santos Cobuccio, l\u2019ambassadeur du Br\u00e9sil au...\" \/>\n<meta property=\"og:url\" content=\"https:\/\/challengeseconomiques.com\/?p=7751\" \/>\n<meta property=\"og:site_name\" content=\"challenges economiques\" \/>\n<meta property=\"article:published_time\" content=\"2025-02-07T20:43:40+00:00\" \/>\n<meta property=\"article:modified_time\" content=\"2025-02-07T20:44:15+00:00\" \/>\n<meta property=\"og:image\" content=\"https:\/\/challengeseconomiques.com\/wp-content\/uploads\/2025\/02\/Forum_Bresil_CCIAD_2025_11.jpeg\" \/>\n\t<meta property=\"og:image:width\" content=\"1280\" \/>\n\t<meta property=\"og:image:height\" content=\"853\" \/>\n\t<meta property=\"og:image:type\" content=\"image\/jpeg\" \/>\n<meta name=\"author\" content=\"admin\" \/>\n<meta name=\"twitter:card\" content=\"summary_large_image\" \/>\n<meta name=\"twitter:label1\" content=\"\u00c9crit par\" \/>\n\t<meta name=\"twitter:data1\" content=\"admin\" \/>\n\t<meta name=\"twitter:label2\" content=\"Dur\u00e9e de lecture estim\u00e9e\" \/>\n\t<meta name=\"twitter:data2\" content=\"3 minutes\" \/>\n<script type=\"application\/ld+json\" class=\"yoast-schema-graph\">{\"@context\":\"https:\/\/schema.org\",\"@graph\":[{\"@type\":\"Article\",\"@id\":\"https:\/\/challengeseconomiques.com\/?p=7751#article\",\"isPartOf\":{\"@id\":\"https:\/\/challengeseconomiques.com\/?p=7751\"},\"author\":{\"name\":\"admin\",\"@id\":\"https:\/\/challengeseconomiques.com\/#\/schema\/person\/b4568c9afebc5a9238a771873801e349\"},\"headline\":\"Le S\u00e9n\u00e9gal et le Br\u00e9sil d\u00e9termin\u00e9s \u00e0 consolider les liens commerciaux entre les deux pays\",\"datePublished\":\"2025-02-07T20:43:40+00:00\",\"dateModified\":\"2025-02-07T20:44:15+00:00\",\"mainEntityOfPage\":{\"@id\":\"https:\/\/challengeseconomiques.com\/?p=7751\"},\"wordCount\":666,\"image\":{\"@id\":\"https:\/\/challengeseconomiques.com\/?p=7751#primaryimage\"},\"thumbnailUrl\":\"https:\/\/challengeseconomiques.com\/wp-content\/uploads\/2025\/02\/Forum_Bresil_CCIAD_2025_11.jpeg\",\"articleSection\":[\"A la une\",\"Actualit\u00e9 \u00e9conomique\"],\"inLanguage\":\"fr-FR\"},{\"@type\":\"WebPage\",\"@id\":\"https:\/\/challengeseconomiques.com\/?p=7751\",\"url\":\"https:\/\/challengeseconomiques.com\/?p=7751\",\"name\":\"Le S\u00e9n\u00e9gal et le Br\u00e9sil d\u00e9termin\u00e9s \u00e0 consolider les liens commerciaux entre les deux pays - challenges economiques\",\"isPartOf\":{\"@id\":\"https:\/\/challengeseconomiques.com\/#website\"},\"primaryImageOfPage\":{\"@id\":\"https:\/\/challengeseconomiques.com\/?p=7751#primaryimage\"},\"image\":{\"@id\":\"https:\/\/challengeseconomiques.com\/?p=7751#primaryimage\"},\"thumbnailUrl\":\"https:\/\/challengeseconomiques.com\/wp-content\/uploads\/2025\/02\/Forum_Bresil_CCIAD_2025_11.jpeg\",\"datePublished\":\"2025-02-07T20:43:40+00:00\",\"dateModified\":\"2025-02-07T20:44:15+00:00\",\"author\":{\"@id\":\"https:\/\/challengeseconomiques.com\/#\/schema\/person\/b4568c9afebc5a9238a771873801e349\"},\"breadcrumb\":{\"@id\":\"https:\/\/challengeseconomiques.com\/?p=7751#breadcrumb\"},\"inLanguage\":\"fr-FR\",\"potentialAction\":[{\"@type\":\"ReadAction\",\"target\":[\"https:\/\/challengeseconomiques.com\/?p=7751\"]}]},{\"@type\":\"ImageObject\",\"inLanguage\":\"fr-FR\",\"@id\":\"https:\/\/challengeseconomiques.com\/?p=7751#primaryimage\",\"url\":\"https:\/\/challengeseconomiques.com\/wp-content\/uploads\/2025\/02\/Forum_Bresil_CCIAD_2025_11.jpeg\",\"contentUrl\":\"https:\/\/challengeseconomiques.com\/wp-content\/uploads\/2025\/02\/Forum_Bresil_CCIAD_2025_11.jpeg\",\"width\":1280,\"height\":853},{\"@type\":\"BreadcrumbList\",\"@id\":\"https:\/\/challengeseconomiques.com\/?p=7751#breadcrumb\",\"itemListElement\":[{\"@type\":\"ListItem\",\"position\":1,\"name\":\"Home\",\"item\":\"https:\/\/challengeseconomiques.com\/\"},{\"@type\":\"ListItem\",\"position\":2,\"name\":\"Le S\u00e9n\u00e9gal et le Br\u00e9sil d\u00e9termin\u00e9s \u00e0 consolider les liens commerciaux entre les deux pays\"}]},{\"@type\":\"WebSite\",\"@id\":\"https:\/\/challengeseconomiques.com\/#website\",\"url\":\"https:\/\/challengeseconomiques.com\/\",\"name\":\"challenges economiques\",\"description\":\"\",\"potentialAction\":[{\"@type\":\"SearchAction\",\"target\":{\"@type\":\"EntryPoint\",\"urlTemplate\":\"https:\/\/challengeseconomiques.com\/?s={search_term_string}\"},\"query-input\":{\"@type\":\"PropertyValueSpecification\",\"valueRequired\":true,\"valueName\":\"search_term_string\"}}],\"inLanguage\":\"fr-FR\"},{\"@type\":\"Person\",\"@id\":\"https:\/\/challengeseconomiques.com\/#\/schema\/person\/b4568c9afebc5a9238a771873801e349\",\"name\":\"admin\",\"image\":{\"@type\":\"ImageObject\",\"inLanguage\":\"fr-FR\",\"@id\":\"https:\/\/challengeseconomiques.com\/#\/schema\/person\/image\/\",\"url\":\"https:\/\/secure.gravatar.com\/avatar\/099e42240b5eea11acdb72751fcce0dd918603f0749d24974b7984ea47ed9fd9?s=96&d=mm&r=g\",\"contentUrl\":\"https:\/\/secure.gravatar.com\/avatar\/099e42240b5eea11acdb72751fcce0dd918603f0749d24974b7984ea47ed9fd9?s=96&d=mm&r=g\",\"caption\":\"admin\"},\"sameAs\":[\"https:\/\/challengeseconomiques.com\"],\"url\":\"https:\/\/challengeseconomiques.com\/?author=1\"}]}<\/script>\n<!-- \/ Yoast SEO plugin. -->","yoast_head_json":{"title":"Le S\u00e9n\u00e9gal et le Br\u00e9sil d\u00e9termin\u00e9s \u00e0 consolider les liens commerciaux entre les deux pays - challenges economiques","robots":{"index":"index","follow":"follow","max-snippet":"max-snippet:-1","max-image-preview":"max-image-preview:large","max-video-preview":"max-video-preview:-1"},"canonical":"https:\/\/challengeseconomiques.com\/?p=7751","og_locale":"fr_FR","og_type":"article","og_title":"Le S\u00e9n\u00e9gal et le Br\u00e9sil d\u00e9termin\u00e9s \u00e0 consolider les liens commerciaux entre les deux pays - challenges economiques","og_description":"Abdoulaye Sow, le pr\u00e9sident de la chambre de commerce, d\u2019industries et d\u2019agriculture de Dakar (CCIAD) et Bruno Luiz Dos Santos Cobuccio, l\u2019ambassadeur du Br\u00e9sil au...","og_url":"https:\/\/challengeseconomiques.com\/?p=7751","og_site_name":"challenges economiques","article_published_time":"2025-02-07T20:43:40+00:00","article_modified_time":"2025-02-07T20:44:15+00:00","og_image":[{"width":1280,"height":853,"url":"https:\/\/challengeseconomiques.com\/wp-content\/uploads\/2025\/02\/Forum_Bresil_CCIAD_2025_11.jpeg","type":"image\/jpeg"}],"author":"admin","twitter_card":"summary_large_image","twitter_misc":{"\u00c9crit par":"admin","Dur\u00e9e de lecture estim\u00e9e":"3 minutes"},"schema":{"@context":"https:\/\/schema.org","@graph":[{"@type":"Article","@id":"https:\/\/challengeseconomiques.com\/?p=7751#article","isPartOf":{"@id":"https:\/\/challengeseconomiques.com\/?p=7751"},"author":{"name":"admin","@id":"https:\/\/challengeseconomiques.com\/#\/schema\/person\/b4568c9afebc5a9238a771873801e349"},"headline":"Le S\u00e9n\u00e9gal et le Br\u00e9sil d\u00e9termin\u00e9s \u00e0 consolider les liens commerciaux entre les deux pays","datePublished":"2025-02-07T20:43:40+00:00","dateModified":"2025-02-07T20:44:15+00:00","mainEntityOfPage":{"@id":"https:\/\/challengeseconomiques.com\/?p=7751"},"wordCount":666,"image":{"@id":"https:\/\/challengeseconomiques.com\/?p=7751#primaryimage"},"thumbnailUrl":"https:\/\/challengeseconomiques.com\/wp-content\/uploads\/2025\/02\/Forum_Bresil_CCIAD_2025_11.jpeg","articleSection":["A la une","Actualit\u00e9 \u00e9conomique"],"inLanguage":"fr-FR"},{"@type":"WebPage","@id":"https:\/\/challengeseconomiques.com\/?p=7751","url":"https:\/\/challengeseconomiques.com\/?p=7751","name":"Le S\u00e9n\u00e9gal et le Br\u00e9sil d\u00e9termin\u00e9s \u00e0 consolider les liens commerciaux entre les deux pays - challenges economiques","isPartOf":{"@id":"https:\/\/challengeseconomiques.com\/#website"},"primaryImageOfPage":{"@id":"https:\/\/challengeseconomiques.com\/?p=7751#primaryimage"},"image":{"@id":"https:\/\/challengeseconomiques.com\/?p=7751#primaryimage"},"thumbnailUrl":"https:\/\/challengeseconomiques.com\/wp-content\/uploads\/2025\/02\/Forum_Bresil_CCIAD_2025_11.jpeg","datePublished":"2025-02-07T20:43:40+00:00","dateModified":"2025-02-07T20:44:15+00:00","author":{"@id":"https:\/\/challengeseconomiques.com\/#\/schema\/person\/b4568c9afebc5a9238a771873801e349"},"breadcrumb":{"@id":"https:\/\/challengeseconomiques.com\/?p=7751#breadcrumb"},"inLanguage":"fr-FR","potentialAction":[{"@type":"ReadAction","target":["https:\/\/challengeseconomiques.com\/?p=7751"]}]},{"@type":"ImageObject","inLanguage":"fr-FR","@id":"https:\/\/challengeseconomiques.com\/?p=7751#primaryimage","url":"https:\/\/challengeseconomiques.com\/wp-content\/uploads\/2025\/02\/Forum_Bresil_CCIAD_2025_11.jpeg","contentUrl":"https:\/\/challengeseconomiques.com\/wp-content\/uploads\/2025\/02\/Forum_Bresil_CCIAD_2025_11.jpeg","width":1280,"height":853},{"@type":"BreadcrumbList","@id":"https:\/\/challengeseconomiques.com\/?p=7751#breadcrumb","itemListElement":[{"@type":"ListItem","position":1,"name":"Home","item":"https:\/\/challengeseconomiques.com\/"},{"@type":"ListItem","position":2,"name":"Le S\u00e9n\u00e9gal et le Br\u00e9sil d\u00e9termin\u00e9s \u00e0 consolider les liens commerciaux entre les deux pays"}]},{"@type":"WebSite","@id":"https:\/\/challengeseconomiques.com\/#website","url":"https:\/\/challengeseconomiques.com\/","name":"challenges economiques","description":"","potentialAction":[{"@type":"SearchAction","target":{"@type":"EntryPoint","urlTemplate":"https:\/\/challengeseconomiques.com\/?s={search_term_string}"},"query-input":{"@type":"PropertyValueSpecification","valueRequired":true,"valueName":"search_term_string"}}],"inLanguage":"fr-FR"},{"@type":"Person","@id":"https:\/\/challengeseconomiques.com\/#\/schema\/person\/b4568c9afebc5a9238a771873801e349","name":"admin","image":{"@type":"ImageObject","inLanguage":"fr-FR","@id":"https:\/\/challengeseconomiques.com\/#\/schema\/person\/image\/","url":"https:\/\/secure.gravatar.com\/avatar\/099e42240b5eea11acdb72751fcce0dd918603f0749d24974b7984ea47ed9fd9?s=96&d=mm&r=g","contentUrl":"https:\/\/secure.gravatar.com\/avatar\/099e42240b5eea11acdb72751fcce0dd918603f0749d24974b7984ea47ed9fd9?s=96&d=mm&r=g","caption":"admin"},"sameAs":["https:\/\/challengeseconomiques.com"],"url":"https:\/\/challengeseconomiques.com\/?author=1"}]}},"jetpack_featured_media_url":"https:\/\/challengeseconomiques.com\/wp-content\/uploads\/2025\/02\/Forum_Bresil_CCIAD_2025_11.jpeg","jetpack_sharing_enabled":true,"_links":{"self":[{"href":"https:\/\/challengeseconomiques.com\/index.php?rest_route=\/wp\/v2\/posts\/7751","targetHints":{"allow":["GET"]}}],"collection":[{"href":"https:\/\/challengeseconomiques.com\/index.php?rest_route=\/wp\/v2\/posts"}],"about":[{"href":"https:\/\/challengeseconomiques.com\/index.php?rest_route=\/wp\/v2\/types\/post"}],"author":[{"embeddable":true,"href":"https:\/\/challengeseconomiques.com\/index.php?rest_route=\/wp\/v2\/users\/1"}],"replies":[{"embeddable":true,"href":"https:\/\/challengeseconomiques.com\/index.php?rest_route=%2Fwp%2Fv2%2Fcomments&post=7751"}],"version-history":[{"count":1,"href":"https:\/\/challengeseconomiques.com\/index.php?rest_route=\/wp\/v2\/posts\/7751\/revisions"}],"predecessor-version":[{"id":7753,"href":"https:\/\/challengeseconomiques.com\/index.php?rest_route=\/wp\/v2\/posts\/7751\/revisions\/7753"}],"wp:featuredmedia":[{"embeddable":true,"href":"https:\/\/challengeseconomiques.com\/index.php?rest_route=\/wp\/v2\/media\/7752"}],"wp:attachment":[{"href":"https:\/\/challengeseconomiques.com\/index.php?rest_route=%2Fwp%2Fv2%2Fmedia&parent=7751"}],"wp:term":[{"taxonomy":"category","embeddable":true,"href":"https:\/\/challengeseconomiques.com\/index.php?rest_route=%2Fwp%2Fv2%2Fcategories&post=7751"},{"taxonomy":"post_tag","embeddable":true,"href":"https:\/\/challengeseconomiques.com\/index.php?rest_route=%2Fwp%2Fv2%2Ftags&post=7751"}],"curies":[{"name":"wp","href":"https:\/\/api.w.org\/{rel}","templated":true}]}}