{"id":7744,"date":"2025-02-05T18:50:48","date_gmt":"2025-02-05T18:50:48","guid":{"rendered":"https:\/\/challengeseconomiques.com\/?p=7744"},"modified":"2025-02-05T18:51:31","modified_gmt":"2025-02-05T18:51:31","slug":"la-bni-et-la-bnde-sallient-pour-le-financement-du-developpement-en-cote-divoire-et-au-senegal","status":"publish","type":"post","link":"https:\/\/challengeseconomiques.com\/?p=7744","title":{"rendered":"La BNI et la BNDE s\u2019allient pour le financement du d\u00e9veloppement en C\u00f4te d\u2019Ivoire et au S\u00e9n\u00e9gal"},"content":{"rendered":"<p>La banque nationale d\u2019investissement (BNI) de la C\u00f4te d\u2019Ivoire et la banque nationale pour le d\u00e9veloppement \u00e9conomique (BNDE) du S\u00e9n\u00e9gal ont sign\u00e9 une convention cadre de partenariat, marquant une avanc\u00e9e majeure dans la coop\u00e9ration financi\u00e8re entre la C\u00f4te d\u2019Ivoire et le S\u00e9n\u00e9gal, indique un communiqu\u00e9 transmis \u00e0 notre r\u00e9daction.<\/p>\n<p>La source note que cette alliance strat\u00e9gique vise \u00e0 renforcer les m\u00e9canismes de financement destin\u00e9s aux projets structurants, aux petites et moyennes entreprises (PME) et aux entrepreneurs dans les deux pays.<\/p>\n<p>Il faut pr\u00e9ciser que la c\u00e9r\u00e9monie de signature de cette convention entre la BNDE et la BNI s\u2019est tenue en pr\u00e9sence de Mamadou FAYE, le directeur g\u00e9n\u00e9ral de la BNDE et J\u00e9r\u00f4me AHUA, le directeur g\u00e9n\u00e9ral adjoint en charge du commercial de la BNI.<\/p>\n<p>Idrissa Coulibaly, le directeur g\u00e9n\u00e9ral de la filiale Asset Management BNI GESTION, ainsi que de plusieurs hauts responsables des deux institutions ont aussi pris part \u00e0 cette activit\u00e9, qui symbolise selon le communiqu\u00e9, un engagement commun en faveur du d\u00e9veloppement \u00e9conomique durable et inclusif au sein de la zone UEMOA.<\/p>\n<p>\u00ab\u00a0La signature de cette convention traduit la volont\u00e9 des deux institutions de mutualiser leurs expertises et ressources, pour r\u00e9pondre aux d\u00e9fis \u00e9conomiques et accompagner les initiatives de transformation dans les secteurs cl\u00e9s de nos \u00e9conomies respectives. Elle repose sur des valeurs partag\u00e9es telles que l\u2019innovation financi\u00e8re, la solidarit\u00e9 \u00e9conomique et l\u2019appui aux projets \u00e0 fort impact\u00a0\u00bb, d\u00e9taille le communiqu\u00e9.<\/p>\n<p>Les deux institutions ont aussi pr\u00e9cis\u00e9 qu\u2019\u00e0 travers cette collaboration, elles uniront leurs forces pour entre autres faciliter l\u2019acc\u00e8s au financement des entrepreneurs, des PME et des grands projets nationaux, d\u00e9velopper des solutions de financement et de placement innovantes adapt\u00e9es aux besoins sp\u00e9cifiques des acteurs \u00e9conomiques des deux pays et renforcer les \u00e9changes d\u2019expertise et les meilleures pratiques en mati\u00e8re de gestion des risques et de structuration financi\u00e8re.<\/p>\n<p>J\u00e9r\u00f4me AHUA, le directeur g\u00e9n\u00e9ral adjoint en charge du Commercial de la BNI, a salu\u00e9 la vision commune et la synergie des \u00e9quipes ayant permis de concr\u00e9tiser ce partenariat. Il a soulign\u00e9 que cette convention marque un tournant d\u00e9cisif dans la mani\u00e8re dont la BNI et la BNDE travailleront ensemble pour catalyser le d\u00e9veloppement \u00e9conomique de la r\u00e9gion.<\/p>\n<p>Il faut signaler que la BNI a en outre tenu \u00e0 f\u00e9liciter la BNDE pour ses 10 ans d\u2019existence, soulignant la solidit\u00e9 et la croissance de cette institution au service du d\u00e9veloppement du S\u00e9n\u00e9gal.<\/p>\n<p><strong>Idrissa GUEYE<\/strong><\/p>\n","protected":false},"excerpt":{"rendered":"<p>La banque nationale d\u2019investissement (BNI) de la C\u00f4te d\u2019Ivoire et la banque nationale pour le d\u00e9veloppement \u00e9conomique (BNDE) du S\u00e9n\u00e9gal ont sign\u00e9 une convention cadre&#8230;<\/p>\n","protected":false},"author":1,"featured_media":7745,"comment_status":"closed","ping_status":"open","sticky":false,"template":"","format":"standard","meta":{"_jetpack_memberships_contains_paid_content":false,"footnotes":""},"categories":[23,8,10],"tags":[],"class_list":["post-7744","post","type-post","status-publish","format-standard","has-post-thumbnail","hentry","category-a-la-une","category-actualite-economique","category-infos-eco","wpcat-23-id","wpcat-8-id","wpcat-10-id"],"yoast_head":"<!-- This site is optimized with the Yoast SEO plugin v27.1.1 - https:\/\/yoast.com\/product\/yoast-seo-wordpress\/ -->\n<title>La BNI et la BNDE s\u2019allient pour le financement du d\u00e9veloppement en C\u00f4te d\u2019Ivoire et au S\u00e9n\u00e9gal - challenges economiques<\/title>\n<meta name=\"robots\" content=\"index, follow, max-snippet:-1, max-image-preview:large, max-video-preview:-1\" \/>\n<link rel=\"canonical\" href=\"https:\/\/challengeseconomiques.com\/?p=7744\" \/>\n<meta property=\"og:locale\" content=\"fr_FR\" \/>\n<meta property=\"og:type\" content=\"article\" \/>\n<meta property=\"og:title\" content=\"La BNI et la BNDE s\u2019allient pour le financement du d\u00e9veloppement en C\u00f4te d\u2019Ivoire et au S\u00e9n\u00e9gal - challenges economiques\" \/>\n<meta property=\"og:description\" content=\"La banque nationale d\u2019investissement (BNI) de la C\u00f4te d\u2019Ivoire et la banque nationale pour le d\u00e9veloppement \u00e9conomique (BNDE) du S\u00e9n\u00e9gal ont sign\u00e9 une convention cadre...\" \/>\n<meta property=\"og:url\" content=\"https:\/\/challengeseconomiques.com\/?p=7744\" \/>\n<meta property=\"og:site_name\" content=\"challenges economiques\" \/>\n<meta property=\"article:published_time\" content=\"2025-02-05T18:50:48+00:00\" \/>\n<meta property=\"article:modified_time\" content=\"2025-02-05T18:51:31+00:00\" \/>\n<meta property=\"og:image\" content=\"https:\/\/challengeseconomiques.com\/wp-content\/uploads\/2025\/02\/bndebni.jpg\" \/>\n\t<meta property=\"og:image:width\" content=\"1280\" \/>\n\t<meta property=\"og:image:height\" content=\"1194\" \/>\n\t<meta property=\"og:image:type\" content=\"image\/jpeg\" \/>\n<meta name=\"author\" content=\"admin\" \/>\n<meta name=\"twitter:card\" content=\"summary_large_image\" \/>\n<meta name=\"twitter:label1\" content=\"\u00c9crit par\" \/>\n\t<meta name=\"twitter:data1\" content=\"admin\" \/>\n\t<meta name=\"twitter:label2\" content=\"Dur\u00e9e de lecture estim\u00e9e\" \/>\n\t<meta name=\"twitter:data2\" content=\"2 minutes\" \/>\n<script type=\"application\/ld+json\" class=\"yoast-schema-graph\">{\"@context\":\"https:\/\/schema.org\",\"@graph\":[{\"@type\":\"Article\",\"@id\":\"https:\/\/challengeseconomiques.com\/?p=7744#article\",\"isPartOf\":{\"@id\":\"https:\/\/challengeseconomiques.com\/?p=7744\"},\"author\":{\"name\":\"admin\",\"@id\":\"https:\/\/challengeseconomiques.com\/#\/schema\/person\/b4568c9afebc5a9238a771873801e349\"},\"headline\":\"La BNI et la BNDE s\u2019allient pour le financement du d\u00e9veloppement en C\u00f4te d\u2019Ivoire et au S\u00e9n\u00e9gal\",\"datePublished\":\"2025-02-05T18:50:48+00:00\",\"dateModified\":\"2025-02-05T18:51:31+00:00\",\"mainEntityOfPage\":{\"@id\":\"https:\/\/challengeseconomiques.com\/?p=7744\"},\"wordCount\":474,\"image\":{\"@id\":\"https:\/\/challengeseconomiques.com\/?p=7744#primaryimage\"},\"thumbnailUrl\":\"https:\/\/challengeseconomiques.com\/wp-content\/uploads\/2025\/02\/bndebni.jpg\",\"articleSection\":[\"A la une\",\"Actualit\u00e9 \u00e9conomique\",\"Infos \u00e9co\"],\"inLanguage\":\"fr-FR\"},{\"@type\":\"WebPage\",\"@id\":\"https:\/\/challengeseconomiques.com\/?p=7744\",\"url\":\"https:\/\/challengeseconomiques.com\/?p=7744\",\"name\":\"La BNI et la BNDE s\u2019allient pour le financement du d\u00e9veloppement en C\u00f4te d\u2019Ivoire et au S\u00e9n\u00e9gal - challenges economiques\",\"isPartOf\":{\"@id\":\"https:\/\/challengeseconomiques.com\/#website\"},\"primaryImageOfPage\":{\"@id\":\"https:\/\/challengeseconomiques.com\/?p=7744#primaryimage\"},\"image\":{\"@id\":\"https:\/\/challengeseconomiques.com\/?p=7744#primaryimage\"},\"thumbnailUrl\":\"https:\/\/challengeseconomiques.com\/wp-content\/uploads\/2025\/02\/bndebni.jpg\",\"datePublished\":\"2025-02-05T18:50:48+00:00\",\"dateModified\":\"2025-02-05T18:51:31+00:00\",\"author\":{\"@id\":\"https:\/\/challengeseconomiques.com\/#\/schema\/person\/b4568c9afebc5a9238a771873801e349\"},\"breadcrumb\":{\"@id\":\"https:\/\/challengeseconomiques.com\/?p=7744#breadcrumb\"},\"inLanguage\":\"fr-FR\",\"potentialAction\":[{\"@type\":\"ReadAction\",\"target\":[\"https:\/\/challengeseconomiques.com\/?p=7744\"]}]},{\"@type\":\"ImageObject\",\"inLanguage\":\"fr-FR\",\"@id\":\"https:\/\/challengeseconomiques.com\/?p=7744#primaryimage\",\"url\":\"https:\/\/challengeseconomiques.com\/wp-content\/uploads\/2025\/02\/bndebni.jpg\",\"contentUrl\":\"https:\/\/challengeseconomiques.com\/wp-content\/uploads\/2025\/02\/bndebni.jpg\",\"width\":1280,\"height\":1194},{\"@type\":\"BreadcrumbList\",\"@id\":\"https:\/\/challengeseconomiques.com\/?p=7744#breadcrumb\",\"itemListElement\":[{\"@type\":\"ListItem\",\"position\":1,\"name\":\"Home\",\"item\":\"https:\/\/challengeseconomiques.com\/\"},{\"@type\":\"ListItem\",\"position\":2,\"name\":\"La BNI et la BNDE s\u2019allient pour le financement du d\u00e9veloppement en C\u00f4te d\u2019Ivoire et au S\u00e9n\u00e9gal\"}]},{\"@type\":\"WebSite\",\"@id\":\"https:\/\/challengeseconomiques.com\/#website\",\"url\":\"https:\/\/challengeseconomiques.com\/\",\"name\":\"challenges economiques\",\"description\":\"\",\"potentialAction\":[{\"@type\":\"SearchAction\",\"target\":{\"@type\":\"EntryPoint\",\"urlTemplate\":\"https:\/\/challengeseconomiques.com\/?s={search_term_string}\"},\"query-input\":{\"@type\":\"PropertyValueSpecification\",\"valueRequired\":true,\"valueName\":\"search_term_string\"}}],\"inLanguage\":\"fr-FR\"},{\"@type\":\"Person\",\"@id\":\"https:\/\/challengeseconomiques.com\/#\/schema\/person\/b4568c9afebc5a9238a771873801e349\",\"name\":\"admin\",\"image\":{\"@type\":\"ImageObject\",\"inLanguage\":\"fr-FR\",\"@id\":\"https:\/\/challengeseconomiques.com\/#\/schema\/person\/image\/\",\"url\":\"https:\/\/secure.gravatar.com\/avatar\/099e42240b5eea11acdb72751fcce0dd918603f0749d24974b7984ea47ed9fd9?s=96&d=mm&r=g\",\"contentUrl\":\"https:\/\/secure.gravatar.com\/avatar\/099e42240b5eea11acdb72751fcce0dd918603f0749d24974b7984ea47ed9fd9?s=96&d=mm&r=g\",\"caption\":\"admin\"},\"sameAs\":[\"https:\/\/challengeseconomiques.com\"],\"url\":\"https:\/\/challengeseconomiques.com\/?author=1\"}]}<\/script>\n<!-- \/ Yoast SEO plugin. -->","yoast_head_json":{"title":"La BNI et la BNDE s\u2019allient pour le financement du d\u00e9veloppement en C\u00f4te d\u2019Ivoire et au S\u00e9n\u00e9gal - challenges economiques","robots":{"index":"index","follow":"follow","max-snippet":"max-snippet:-1","max-image-preview":"max-image-preview:large","max-video-preview":"max-video-preview:-1"},"canonical":"https:\/\/challengeseconomiques.com\/?p=7744","og_locale":"fr_FR","og_type":"article","og_title":"La BNI et la BNDE s\u2019allient pour le financement du d\u00e9veloppement en C\u00f4te d\u2019Ivoire et au S\u00e9n\u00e9gal - challenges economiques","og_description":"La banque nationale d\u2019investissement (BNI) de la C\u00f4te d\u2019Ivoire et la banque nationale pour le d\u00e9veloppement \u00e9conomique (BNDE) du S\u00e9n\u00e9gal ont sign\u00e9 une convention cadre...","og_url":"https:\/\/challengeseconomiques.com\/?p=7744","og_site_name":"challenges economiques","article_published_time":"2025-02-05T18:50:48+00:00","article_modified_time":"2025-02-05T18:51:31+00:00","og_image":[{"width":1280,"height":1194,"url":"https:\/\/challengeseconomiques.com\/wp-content\/uploads\/2025\/02\/bndebni.jpg","type":"image\/jpeg"}],"author":"admin","twitter_card":"summary_large_image","twitter_misc":{"\u00c9crit par":"admin","Dur\u00e9e de lecture estim\u00e9e":"2 minutes"},"schema":{"@context":"https:\/\/schema.org","@graph":[{"@type":"Article","@id":"https:\/\/challengeseconomiques.com\/?p=7744#article","isPartOf":{"@id":"https:\/\/challengeseconomiques.com\/?p=7744"},"author":{"name":"admin","@id":"https:\/\/challengeseconomiques.com\/#\/schema\/person\/b4568c9afebc5a9238a771873801e349"},"headline":"La BNI et la BNDE s\u2019allient pour le financement du d\u00e9veloppement en C\u00f4te d\u2019Ivoire et au S\u00e9n\u00e9gal","datePublished":"2025-02-05T18:50:48+00:00","dateModified":"2025-02-05T18:51:31+00:00","mainEntityOfPage":{"@id":"https:\/\/challengeseconomiques.com\/?p=7744"},"wordCount":474,"image":{"@id":"https:\/\/challengeseconomiques.com\/?p=7744#primaryimage"},"thumbnailUrl":"https:\/\/challengeseconomiques.com\/wp-content\/uploads\/2025\/02\/bndebni.jpg","articleSection":["A la une","Actualit\u00e9 \u00e9conomique","Infos \u00e9co"],"inLanguage":"fr-FR"},{"@type":"WebPage","@id":"https:\/\/challengeseconomiques.com\/?p=7744","url":"https:\/\/challengeseconomiques.com\/?p=7744","name":"La BNI et la BNDE s\u2019allient pour le financement du d\u00e9veloppement en C\u00f4te d\u2019Ivoire et au S\u00e9n\u00e9gal - challenges economiques","isPartOf":{"@id":"https:\/\/challengeseconomiques.com\/#website"},"primaryImageOfPage":{"@id":"https:\/\/challengeseconomiques.com\/?p=7744#primaryimage"},"image":{"@id":"https:\/\/challengeseconomiques.com\/?p=7744#primaryimage"},"thumbnailUrl":"https:\/\/challengeseconomiques.com\/wp-content\/uploads\/2025\/02\/bndebni.jpg","datePublished":"2025-02-05T18:50:48+00:00","dateModified":"2025-02-05T18:51:31+00:00","author":{"@id":"https:\/\/challengeseconomiques.com\/#\/schema\/person\/b4568c9afebc5a9238a771873801e349"},"breadcrumb":{"@id":"https:\/\/challengeseconomiques.com\/?p=7744#breadcrumb"},"inLanguage":"fr-FR","potentialAction":[{"@type":"ReadAction","target":["https:\/\/challengeseconomiques.com\/?p=7744"]}]},{"@type":"ImageObject","inLanguage":"fr-FR","@id":"https:\/\/challengeseconomiques.com\/?p=7744#primaryimage","url":"https:\/\/challengeseconomiques.com\/wp-content\/uploads\/2025\/02\/bndebni.jpg","contentUrl":"https:\/\/challengeseconomiques.com\/wp-content\/uploads\/2025\/02\/bndebni.jpg","width":1280,"height":1194},{"@type":"BreadcrumbList","@id":"https:\/\/challengeseconomiques.com\/?p=7744#breadcrumb","itemListElement":[{"@type":"ListItem","position":1,"name":"Home","item":"https:\/\/challengeseconomiques.com\/"},{"@type":"ListItem","position":2,"name":"La BNI et la BNDE s\u2019allient pour le financement du d\u00e9veloppement en C\u00f4te d\u2019Ivoire et au S\u00e9n\u00e9gal"}]},{"@type":"WebSite","@id":"https:\/\/challengeseconomiques.com\/#website","url":"https:\/\/challengeseconomiques.com\/","name":"challenges economiques","description":"","potentialAction":[{"@type":"SearchAction","target":{"@type":"EntryPoint","urlTemplate":"https:\/\/challengeseconomiques.com\/?s={search_term_string}"},"query-input":{"@type":"PropertyValueSpecification","valueRequired":true,"valueName":"search_term_string"}}],"inLanguage":"fr-FR"},{"@type":"Person","@id":"https:\/\/challengeseconomiques.com\/#\/schema\/person\/b4568c9afebc5a9238a771873801e349","name":"admin","image":{"@type":"ImageObject","inLanguage":"fr-FR","@id":"https:\/\/challengeseconomiques.com\/#\/schema\/person\/image\/","url":"https:\/\/secure.gravatar.com\/avatar\/099e42240b5eea11acdb72751fcce0dd918603f0749d24974b7984ea47ed9fd9?s=96&d=mm&r=g","contentUrl":"https:\/\/secure.gravatar.com\/avatar\/099e42240b5eea11acdb72751fcce0dd918603f0749d24974b7984ea47ed9fd9?s=96&d=mm&r=g","caption":"admin"},"sameAs":["https:\/\/challengeseconomiques.com"],"url":"https:\/\/challengeseconomiques.com\/?author=1"}]}},"jetpack_featured_media_url":"https:\/\/challengeseconomiques.com\/wp-content\/uploads\/2025\/02\/bndebni.jpg","jetpack_sharing_enabled":true,"_links":{"self":[{"href":"https:\/\/challengeseconomiques.com\/index.php?rest_route=\/wp\/v2\/posts\/7744","targetHints":{"allow":["GET"]}}],"collection":[{"href":"https:\/\/challengeseconomiques.com\/index.php?rest_route=\/wp\/v2\/posts"}],"about":[{"href":"https:\/\/challengeseconomiques.com\/index.php?rest_route=\/wp\/v2\/types\/post"}],"author":[{"embeddable":true,"href":"https:\/\/challengeseconomiques.com\/index.php?rest_route=\/wp\/v2\/users\/1"}],"replies":[{"embeddable":true,"href":"https:\/\/challengeseconomiques.com\/index.php?rest_route=%2Fwp%2Fv2%2Fcomments&post=7744"}],"version-history":[{"count":1,"href":"https:\/\/challengeseconomiques.com\/index.php?rest_route=\/wp\/v2\/posts\/7744\/revisions"}],"predecessor-version":[{"id":7746,"href":"https:\/\/challengeseconomiques.com\/index.php?rest_route=\/wp\/v2\/posts\/7744\/revisions\/7746"}],"wp:featuredmedia":[{"embeddable":true,"href":"https:\/\/challengeseconomiques.com\/index.php?rest_route=\/wp\/v2\/media\/7745"}],"wp:attachment":[{"href":"https:\/\/challengeseconomiques.com\/index.php?rest_route=%2Fwp%2Fv2%2Fmedia&parent=7744"}],"wp:term":[{"taxonomy":"category","embeddable":true,"href":"https:\/\/challengeseconomiques.com\/index.php?rest_route=%2Fwp%2Fv2%2Fcategories&post=7744"},{"taxonomy":"post_tag","embeddable":true,"href":"https:\/\/challengeseconomiques.com\/index.php?rest_route=%2Fwp%2Fv2%2Ftags&post=7744"}],"curies":[{"name":"wp","href":"https:\/\/api.w.org\/{rel}","templated":true}]}}