{"id":7721,"date":"2025-01-30T16:48:45","date_gmt":"2025-01-30T16:48:45","guid":{"rendered":"https:\/\/challengeseconomiques.com\/?p=7721"},"modified":"2025-01-30T16:49:22","modified_gmt":"2025-01-30T16:49:22","slug":"commandes-publiques-agricoles-le-ministere-de-lagriculture-et-larcop-posent-un-acte-fort","status":"publish","type":"post","link":"https:\/\/challengeseconomiques.com\/?p=7721","title":{"rendered":"Commandes publiques agricoles : Le minist\u00e8re de l\u2019Agriculture et l\u2019ARCOP posent un acte fort"},"content":{"rendered":"<p>Dans le cadre des orientations strat\u00e9giques fix\u00e9es par le pr\u00e9sident de la R\u00e9publique, Bassirou Diomaye Faye, sur la rationalisation du budget de l\u2019\u00c9tat et la gestion efficiente des commandes publiques, le Minist\u00e8re de l\u2019Agriculture, de la Souverainet\u00e9 Alimentaire et de l\u2019\u00c9levage (MASAE) s\u2019engage pleinement \u00e0 relever les d\u00e9fis li\u00e9s \u00e0 la campagne agricole 2025-2026. C\u2019est du moins ce que nous apprend un post du minist\u00e8re sur sa page facebook.<\/p>\n<p>En collaboration avec l\u2019Agence de R\u00e9gulation de la Commande Publique (ARCOP), note la m\u00eame source, le MASAE a organis\u00e9 une importante r\u00e9union d\u2019\u00e9change ax\u00e9e sur la r\u00e9glementation des acquisitions d\u2019intrants agricoles. \u00ab\u00a0Cette rencontre a permis d\u2019analyser le cadre d\u2019application du Code des march\u00e9s publics pour garantir une acquisition transparente, rapide et efficace des intrants, services et infrastructures agricoles essentiels\u00a0\u00bb, explique-t-elle.<\/p>\n<p>Ainsi, le minist\u00e8re a retenu trois actions prioritaires annonc\u00e9es :<\/p>\n<ol class=\"wp-block-list\">\n<li>Cr\u00e9ation des GIEs de m\u00e9canisation pour les jeunes : En partenariat avec le secteur priv\u00e9 national, ces Groupements d\u2019Int\u00e9r\u00eat \u00c9conomique offriront des services agricoles subventionn\u00e9s aux producteurs. Les phases pilotes d\u00e9buteront avec le mat\u00e9riel agricole d\u00e9j\u00e0 disponible dans le cadre du projet Intermaq ;<\/li>\n<li>Construction acc\u00e9l\u00e9r\u00e9e des 14 premi\u00e8res Coop\u00e9ratives Agricoles Communautaires (CACs) : Ces infrastructures strat\u00e9giques seront au c\u0153ur de la transformation agricole nationale et renforceront les capacit\u00e9s locales de production et de stockage ;<\/li>\n<li>Organisation des commandes group\u00e9es d\u2019intrants agricoles : Avec le lancement du Bulk Procurement Programme, l\u2019objectif est d\u2019assurer la disponibilit\u00e9 des engrais d\u2019ici mi-mars 2025 pour garantir une campagne agricole r\u00e9ussie.<\/li>\n<\/ol>\n<p>Lors de cet atelier, le ministre a exhort\u00e9 le Directeur G\u00e9n\u00e9ral de l\u2019ARCOP \u00e0 finaliser un Manuel de Proc\u00e9dure Acc\u00e9l\u00e9r\u00e9, destin\u00e9 \u00e0 simplifier et diligenter les projets prioritaires du MASAE. Toute chose qui pousse le minist\u00e8re \u00e0 affirmer que l\u2019acte qui vient d\u2019\u00eatre pos\u00e9 constitue un pas d\u00e9cisif vers l\u2019autosuffisance alimentaire et l\u2019efficience des ressources publiques.<\/p>\n<p><strong>Espacedev<\/strong><\/p>\n","protected":false},"excerpt":{"rendered":"<p>Dans le cadre des orientations strat\u00e9giques fix\u00e9es par le pr\u00e9sident de la R\u00e9publique, Bassirou Diomaye Faye, sur la rationalisation du budget de l\u2019\u00c9tat et la&#8230;<\/p>\n","protected":false},"author":1,"featured_media":7722,"comment_status":"closed","ping_status":"open","sticky":false,"template":"","format":"standard","meta":{"_jetpack_memberships_contains_paid_content":false,"footnotes":""},"categories":[8],"tags":[],"class_list":["post-7721","post","type-post","status-publish","format-standard","has-post-thumbnail","hentry","category-actualite-economique","wpcat-8-id"],"yoast_head":"<!-- This site is optimized with the Yoast SEO plugin v27.1.1 - https:\/\/yoast.com\/product\/yoast-seo-wordpress\/ -->\n<title>Commandes publiques agricoles : Le minist\u00e8re de l\u2019Agriculture et l\u2019ARCOP posent un acte fort - challenges economiques<\/title>\n<meta name=\"robots\" content=\"index, follow, max-snippet:-1, max-image-preview:large, max-video-preview:-1\" \/>\n<link rel=\"canonical\" href=\"https:\/\/challengeseconomiques.com\/?p=7721\" \/>\n<meta property=\"og:locale\" content=\"fr_FR\" \/>\n<meta property=\"og:type\" content=\"article\" \/>\n<meta property=\"og:title\" content=\"Commandes publiques agricoles : Le minist\u00e8re de l\u2019Agriculture et l\u2019ARCOP posent un acte fort - challenges economiques\" \/>\n<meta property=\"og:description\" content=\"Dans le cadre des orientations strat\u00e9giques fix\u00e9es par le pr\u00e9sident de la R\u00e9publique, Bassirou Diomaye Faye, sur la rationalisation du budget de l\u2019\u00c9tat et la...\" \/>\n<meta property=\"og:url\" content=\"https:\/\/challengeseconomiques.com\/?p=7721\" \/>\n<meta property=\"og:site_name\" content=\"challenges economiques\" \/>\n<meta property=\"article:published_time\" content=\"2025-01-30T16:48:45+00:00\" \/>\n<meta property=\"article:modified_time\" content=\"2025-01-30T16:49:22+00:00\" \/>\n<meta property=\"og:image\" content=\"https:\/\/challengeseconomiques.com\/wp-content\/uploads\/2025\/01\/ARCOP-696x464-1.jpg\" \/>\n\t<meta property=\"og:image:width\" content=\"696\" \/>\n\t<meta property=\"og:image:height\" content=\"464\" \/>\n\t<meta property=\"og:image:type\" content=\"image\/jpeg\" \/>\n<meta name=\"author\" content=\"admin\" \/>\n<meta name=\"twitter:card\" content=\"summary_large_image\" \/>\n<meta name=\"twitter:label1\" content=\"\u00c9crit par\" \/>\n\t<meta name=\"twitter:data1\" content=\"admin\" \/>\n\t<meta name=\"twitter:label2\" content=\"Dur\u00e9e de lecture estim\u00e9e\" \/>\n\t<meta name=\"twitter:data2\" content=\"2 minutes\" \/>\n<script type=\"application\/ld+json\" class=\"yoast-schema-graph\">{\"@context\":\"https:\/\/schema.org\",\"@graph\":[{\"@type\":\"Article\",\"@id\":\"https:\/\/challengeseconomiques.com\/?p=7721#article\",\"isPartOf\":{\"@id\":\"https:\/\/challengeseconomiques.com\/?p=7721\"},\"author\":{\"name\":\"admin\",\"@id\":\"https:\/\/challengeseconomiques.com\/#\/schema\/person\/b4568c9afebc5a9238a771873801e349\"},\"headline\":\"Commandes publiques agricoles : Le minist\u00e8re de l\u2019Agriculture et l\u2019ARCOP posent un acte fort\",\"datePublished\":\"2025-01-30T16:48:45+00:00\",\"dateModified\":\"2025-01-30T16:49:22+00:00\",\"mainEntityOfPage\":{\"@id\":\"https:\/\/challengeseconomiques.com\/?p=7721\"},\"wordCount\":366,\"image\":{\"@id\":\"https:\/\/challengeseconomiques.com\/?p=7721#primaryimage\"},\"thumbnailUrl\":\"https:\/\/challengeseconomiques.com\/wp-content\/uploads\/2025\/01\/ARCOP-696x464-1.jpg\",\"articleSection\":[\"Actualit\u00e9 \u00e9conomique\"],\"inLanguage\":\"fr-FR\"},{\"@type\":\"WebPage\",\"@id\":\"https:\/\/challengeseconomiques.com\/?p=7721\",\"url\":\"https:\/\/challengeseconomiques.com\/?p=7721\",\"name\":\"Commandes publiques agricoles : Le minist\u00e8re de l\u2019Agriculture et l\u2019ARCOP posent un acte fort - challenges economiques\",\"isPartOf\":{\"@id\":\"https:\/\/challengeseconomiques.com\/#website\"},\"primaryImageOfPage\":{\"@id\":\"https:\/\/challengeseconomiques.com\/?p=7721#primaryimage\"},\"image\":{\"@id\":\"https:\/\/challengeseconomiques.com\/?p=7721#primaryimage\"},\"thumbnailUrl\":\"https:\/\/challengeseconomiques.com\/wp-content\/uploads\/2025\/01\/ARCOP-696x464-1.jpg\",\"datePublished\":\"2025-01-30T16:48:45+00:00\",\"dateModified\":\"2025-01-30T16:49:22+00:00\",\"author\":{\"@id\":\"https:\/\/challengeseconomiques.com\/#\/schema\/person\/b4568c9afebc5a9238a771873801e349\"},\"breadcrumb\":{\"@id\":\"https:\/\/challengeseconomiques.com\/?p=7721#breadcrumb\"},\"inLanguage\":\"fr-FR\",\"potentialAction\":[{\"@type\":\"ReadAction\",\"target\":[\"https:\/\/challengeseconomiques.com\/?p=7721\"]}]},{\"@type\":\"ImageObject\",\"inLanguage\":\"fr-FR\",\"@id\":\"https:\/\/challengeseconomiques.com\/?p=7721#primaryimage\",\"url\":\"https:\/\/challengeseconomiques.com\/wp-content\/uploads\/2025\/01\/ARCOP-696x464-1.jpg\",\"contentUrl\":\"https:\/\/challengeseconomiques.com\/wp-content\/uploads\/2025\/01\/ARCOP-696x464-1.jpg\",\"width\":696,\"height\":464},{\"@type\":\"BreadcrumbList\",\"@id\":\"https:\/\/challengeseconomiques.com\/?p=7721#breadcrumb\",\"itemListElement\":[{\"@type\":\"ListItem\",\"position\":1,\"name\":\"Home\",\"item\":\"https:\/\/challengeseconomiques.com\/\"},{\"@type\":\"ListItem\",\"position\":2,\"name\":\"Commandes publiques agricoles : Le minist\u00e8re de l\u2019Agriculture et l\u2019ARCOP posent un acte fort\"}]},{\"@type\":\"WebSite\",\"@id\":\"https:\/\/challengeseconomiques.com\/#website\",\"url\":\"https:\/\/challengeseconomiques.com\/\",\"name\":\"challenges economiques\",\"description\":\"\",\"potentialAction\":[{\"@type\":\"SearchAction\",\"target\":{\"@type\":\"EntryPoint\",\"urlTemplate\":\"https:\/\/challengeseconomiques.com\/?s={search_term_string}\"},\"query-input\":{\"@type\":\"PropertyValueSpecification\",\"valueRequired\":true,\"valueName\":\"search_term_string\"}}],\"inLanguage\":\"fr-FR\"},{\"@type\":\"Person\",\"@id\":\"https:\/\/challengeseconomiques.com\/#\/schema\/person\/b4568c9afebc5a9238a771873801e349\",\"name\":\"admin\",\"image\":{\"@type\":\"ImageObject\",\"inLanguage\":\"fr-FR\",\"@id\":\"https:\/\/challengeseconomiques.com\/#\/schema\/person\/image\/\",\"url\":\"https:\/\/secure.gravatar.com\/avatar\/099e42240b5eea11acdb72751fcce0dd918603f0749d24974b7984ea47ed9fd9?s=96&d=mm&r=g\",\"contentUrl\":\"https:\/\/secure.gravatar.com\/avatar\/099e42240b5eea11acdb72751fcce0dd918603f0749d24974b7984ea47ed9fd9?s=96&d=mm&r=g\",\"caption\":\"admin\"},\"sameAs\":[\"https:\/\/challengeseconomiques.com\"],\"url\":\"https:\/\/challengeseconomiques.com\/?author=1\"}]}<\/script>\n<!-- \/ Yoast SEO plugin. -->","yoast_head_json":{"title":"Commandes publiques agricoles : Le minist\u00e8re de l\u2019Agriculture et l\u2019ARCOP posent un acte fort - challenges economiques","robots":{"index":"index","follow":"follow","max-snippet":"max-snippet:-1","max-image-preview":"max-image-preview:large","max-video-preview":"max-video-preview:-1"},"canonical":"https:\/\/challengeseconomiques.com\/?p=7721","og_locale":"fr_FR","og_type":"article","og_title":"Commandes publiques agricoles : Le minist\u00e8re de l\u2019Agriculture et l\u2019ARCOP posent un acte fort - challenges economiques","og_description":"Dans le cadre des orientations strat\u00e9giques fix\u00e9es par le pr\u00e9sident de la R\u00e9publique, Bassirou Diomaye Faye, sur la rationalisation du budget de l\u2019\u00c9tat et la...","og_url":"https:\/\/challengeseconomiques.com\/?p=7721","og_site_name":"challenges economiques","article_published_time":"2025-01-30T16:48:45+00:00","article_modified_time":"2025-01-30T16:49:22+00:00","og_image":[{"width":696,"height":464,"url":"https:\/\/challengeseconomiques.com\/wp-content\/uploads\/2025\/01\/ARCOP-696x464-1.jpg","type":"image\/jpeg"}],"author":"admin","twitter_card":"summary_large_image","twitter_misc":{"\u00c9crit par":"admin","Dur\u00e9e de lecture estim\u00e9e":"2 minutes"},"schema":{"@context":"https:\/\/schema.org","@graph":[{"@type":"Article","@id":"https:\/\/challengeseconomiques.com\/?p=7721#article","isPartOf":{"@id":"https:\/\/challengeseconomiques.com\/?p=7721"},"author":{"name":"admin","@id":"https:\/\/challengeseconomiques.com\/#\/schema\/person\/b4568c9afebc5a9238a771873801e349"},"headline":"Commandes publiques agricoles : Le minist\u00e8re de l\u2019Agriculture et l\u2019ARCOP posent un acte fort","datePublished":"2025-01-30T16:48:45+00:00","dateModified":"2025-01-30T16:49:22+00:00","mainEntityOfPage":{"@id":"https:\/\/challengeseconomiques.com\/?p=7721"},"wordCount":366,"image":{"@id":"https:\/\/challengeseconomiques.com\/?p=7721#primaryimage"},"thumbnailUrl":"https:\/\/challengeseconomiques.com\/wp-content\/uploads\/2025\/01\/ARCOP-696x464-1.jpg","articleSection":["Actualit\u00e9 \u00e9conomique"],"inLanguage":"fr-FR"},{"@type":"WebPage","@id":"https:\/\/challengeseconomiques.com\/?p=7721","url":"https:\/\/challengeseconomiques.com\/?p=7721","name":"Commandes publiques agricoles : Le minist\u00e8re de l\u2019Agriculture et l\u2019ARCOP posent un acte fort - challenges economiques","isPartOf":{"@id":"https:\/\/challengeseconomiques.com\/#website"},"primaryImageOfPage":{"@id":"https:\/\/challengeseconomiques.com\/?p=7721#primaryimage"},"image":{"@id":"https:\/\/challengeseconomiques.com\/?p=7721#primaryimage"},"thumbnailUrl":"https:\/\/challengeseconomiques.com\/wp-content\/uploads\/2025\/01\/ARCOP-696x464-1.jpg","datePublished":"2025-01-30T16:48:45+00:00","dateModified":"2025-01-30T16:49:22+00:00","author":{"@id":"https:\/\/challengeseconomiques.com\/#\/schema\/person\/b4568c9afebc5a9238a771873801e349"},"breadcrumb":{"@id":"https:\/\/challengeseconomiques.com\/?p=7721#breadcrumb"},"inLanguage":"fr-FR","potentialAction":[{"@type":"ReadAction","target":["https:\/\/challengeseconomiques.com\/?p=7721"]}]},{"@type":"ImageObject","inLanguage":"fr-FR","@id":"https:\/\/challengeseconomiques.com\/?p=7721#primaryimage","url":"https:\/\/challengeseconomiques.com\/wp-content\/uploads\/2025\/01\/ARCOP-696x464-1.jpg","contentUrl":"https:\/\/challengeseconomiques.com\/wp-content\/uploads\/2025\/01\/ARCOP-696x464-1.jpg","width":696,"height":464},{"@type":"BreadcrumbList","@id":"https:\/\/challengeseconomiques.com\/?p=7721#breadcrumb","itemListElement":[{"@type":"ListItem","position":1,"name":"Home","item":"https:\/\/challengeseconomiques.com\/"},{"@type":"ListItem","position":2,"name":"Commandes publiques agricoles : Le minist\u00e8re de l\u2019Agriculture et l\u2019ARCOP posent un acte fort"}]},{"@type":"WebSite","@id":"https:\/\/challengeseconomiques.com\/#website","url":"https:\/\/challengeseconomiques.com\/","name":"challenges economiques","description":"","potentialAction":[{"@type":"SearchAction","target":{"@type":"EntryPoint","urlTemplate":"https:\/\/challengeseconomiques.com\/?s={search_term_string}"},"query-input":{"@type":"PropertyValueSpecification","valueRequired":true,"valueName":"search_term_string"}}],"inLanguage":"fr-FR"},{"@type":"Person","@id":"https:\/\/challengeseconomiques.com\/#\/schema\/person\/b4568c9afebc5a9238a771873801e349","name":"admin","image":{"@type":"ImageObject","inLanguage":"fr-FR","@id":"https:\/\/challengeseconomiques.com\/#\/schema\/person\/image\/","url":"https:\/\/secure.gravatar.com\/avatar\/099e42240b5eea11acdb72751fcce0dd918603f0749d24974b7984ea47ed9fd9?s=96&d=mm&r=g","contentUrl":"https:\/\/secure.gravatar.com\/avatar\/099e42240b5eea11acdb72751fcce0dd918603f0749d24974b7984ea47ed9fd9?s=96&d=mm&r=g","caption":"admin"},"sameAs":["https:\/\/challengeseconomiques.com"],"url":"https:\/\/challengeseconomiques.com\/?author=1"}]}},"jetpack_featured_media_url":"https:\/\/challengeseconomiques.com\/wp-content\/uploads\/2025\/01\/ARCOP-696x464-1.jpg","jetpack_sharing_enabled":true,"_links":{"self":[{"href":"https:\/\/challengeseconomiques.com\/index.php?rest_route=\/wp\/v2\/posts\/7721","targetHints":{"allow":["GET"]}}],"collection":[{"href":"https:\/\/challengeseconomiques.com\/index.php?rest_route=\/wp\/v2\/posts"}],"about":[{"href":"https:\/\/challengeseconomiques.com\/index.php?rest_route=\/wp\/v2\/types\/post"}],"author":[{"embeddable":true,"href":"https:\/\/challengeseconomiques.com\/index.php?rest_route=\/wp\/v2\/users\/1"}],"replies":[{"embeddable":true,"href":"https:\/\/challengeseconomiques.com\/index.php?rest_route=%2Fwp%2Fv2%2Fcomments&post=7721"}],"version-history":[{"count":1,"href":"https:\/\/challengeseconomiques.com\/index.php?rest_route=\/wp\/v2\/posts\/7721\/revisions"}],"predecessor-version":[{"id":7723,"href":"https:\/\/challengeseconomiques.com\/index.php?rest_route=\/wp\/v2\/posts\/7721\/revisions\/7723"}],"wp:featuredmedia":[{"embeddable":true,"href":"https:\/\/challengeseconomiques.com\/index.php?rest_route=\/wp\/v2\/media\/7722"}],"wp:attachment":[{"href":"https:\/\/challengeseconomiques.com\/index.php?rest_route=%2Fwp%2Fv2%2Fmedia&parent=7721"}],"wp:term":[{"taxonomy":"category","embeddable":true,"href":"https:\/\/challengeseconomiques.com\/index.php?rest_route=%2Fwp%2Fv2%2Fcategories&post=7721"},{"taxonomy":"post_tag","embeddable":true,"href":"https:\/\/challengeseconomiques.com\/index.php?rest_route=%2Fwp%2Fv2%2Ftags&post=7721"}],"curies":[{"name":"wp","href":"https:\/\/api.w.org\/{rel}","templated":true}]}}