{"id":7706,"date":"2025-01-28T16:03:51","date_gmt":"2025-01-28T16:03:51","guid":{"rendered":"https:\/\/challengeseconomiques.com\/?p=7706"},"modified":"2025-01-28T14:06:38","modified_gmt":"2025-01-28T14:06:38","slug":"linterconnexion-regionale-et-le-mix-energetique-participeront-a-la-baisse-rapide-du-cout-de-lelectricite-selon-birame-souleye-diop","status":"publish","type":"post","link":"https:\/\/challengeseconomiques.com\/?p=7706","title":{"rendered":"L\u2019interconnexion r\u00e9gionale et le mix \u00e9nerg\u00e9tique participeront \u00e0 \u00ab la baisse rapide \u00bb du co\u00fbt de l\u2019\u00e9lectricit\u00e9, selon Birame Souleye Diop"},"content":{"rendered":"<p>L\u2019interconnexion r\u00e9gionale \u00e0 travers le Syst\u00e8me d\u2019\u00e9change d\u2019\u00e9nergie \u00e9lectrique ouest africain (EEEOA) ou en anglais West African Power Pool (WAPP), combin\u00e9e au mix \u00e9nerg\u00e9tique, permettra une baisse rapide du co\u00fbt de l\u2019\u00e9lectricit\u00e9, a d\u00e9clar\u00e9 le ministre de l\u2019Energie et du P\u00e9trole, Birame Souleye Diop, qui prend part, \u00e0 Dar-es-Salam, en Tanzanie, au Sommet africain de l\u2019\u00e9nergie \u2018\u2019Mission 300\u2019\u2019.<\/p>\n<p>\u2019Le co\u00fbt du transport, de la production de l\u2019\u00e9lectricit\u00e9 est important. On connait la SENELEC comme un exportateur d\u2019\u00e9nergie, donc si \u00e0 travers le West african power Pool (WAPP), on arrive \u00e0 r\u00e9aliser cette interconnexion, il y a fort \u00e0 parier qu\u2019il y aura une baisse du co\u00fbt de l\u2019\u00e9lectricit\u00e9\u2019\u2019, a assur\u00e9 le ministre dans un entretien avec l\u2019APS, lundi, au sortir d\u2019un \u2018\u2019boardroom\u2019\u2019, au Julius Nyererere Convention Centre o\u00f9 il a pr\u00e9sent\u00e9 le \u2018\u2019Pacte national pour l\u2019\u00e9nergie\u2019\u2019 du S\u00e9n\u00e9gal aux partenaires techniques et financiers dont la Banque mondiale, la Banque africaine de d\u00e9veloppement et la Soci\u00e9t\u00e9 financi\u00e8re internationale (SFI).<\/p>\n<p>Le S\u00e9n\u00e9gal a positionn\u00e9 l\u2019\u00e9nergie comme une priorit\u00e9 nationale avec l\u2019objectif d\u2019un acc\u00e8s universel en 2030, a-t-il rappel\u00e9.<\/p>\n<p>\u2018\u2019Ce qu\u2019on cherche \u00e0 r\u00e9aliser, c\u2019est un mix \u00e9nerg\u00e9tique \u00e0 hauteur de 40%. Le but est d\u2019arriver \u00e0 multiplier la contribution de l\u2019\u00e9nergie \u00e9olienne du photovolta\u00efque, de l\u2019hydraulique entre autres, pour arriver \u00e0 une baisse du co\u00fbt de l\u2019\u00e9lectricit\u00e9\u2019\u2019, a t-il fait part.<\/p>\n<p>Pour Birame Souleye Diop venu repr\u00e9senter le chef de l\u2019Etat \u00e0 ce Sommet dont l\u2019ouverture officielle est pr\u00e9vue, ce mardi, la volont\u00e9 du gouvernement, c\u2019est d\u2019arriver \u00e0 r\u00e9aliser un co\u00fbt d\u2019acc\u00e8s de 60 francs le Kwh.<\/p>\n<p>\u00bbLe gouvernement travaille sur cette option et on peut obtenir ce r\u00e9sultat plus t\u00f4t que pr\u00e9vu si nous r\u00e9alisons l\u2019utilisation du gaz en \u00e9nergie de transition\u00a0\u00bb, a t-il soutenu.<\/p>\n<p>Selon lui, le but fondamental, \u00a0\u00bbc\u2019est d\u2019obtenir un acc\u00e8s universel disponible en \u00e9lectricit\u00e9 de qualit\u00e9 \u00e0 un co\u00fbt abordable (\u2026) et couvrir en m\u00eame temps le gap qui existe entre le monde rural et le monde urbain\u2019\u2019.<\/p>\n<p>L\u2019Etat du S\u00e9n\u00e9gal pr\u00e9voit aussi de \u2018\u2019faire participer les priv\u00e9s dans l\u2019investissement, dans la production et la contribution \u00e0 l\u2019acc\u00e8s universel \u00e0 l\u2019\u00e9nergie\u2019\u2019, a dit le ministre.<\/p>\n<p>Sur l\u2019option des organisateurs du Sommet de mettre l\u2019accent sur l\u2019\u00e9nergie comme \u2018\u2019facteur important d\u2019acc\u00e8s aux services sociaux de base pour le d\u00e9veloppement\u2019\u2019, il rappelle qu\u2019en l\u2019absence d\u2019\u00e9lectricit\u00e9, \u00a0\u00bbil n\u2019y a pas de prise en charge sanitaire de qualit\u00e9, encore moins de plateau technique relev\u00e9 dans les structures de sant\u00e9, ni de ressources num\u00e9riques pour les enseignements dans les \u00e9tablissements et dans les foyers\u2019\u2019.<\/p>\n<p>\u2018\u2019Quand on parle d\u2019acc\u00e8s \u00e0 l\u2019\u00e9nergie, ce n\u2019est pas seulement pour les entreprises mais c\u2019est principalement aussi l\u2019acc\u00e8s domestique, les services sociaux de base\u2019\u2019, a t-il dit.<\/p>\n<p>Selon lui, \u00a0\u00bbce point renseigne que l\u2019\u00e9nergie, c\u2019est la source de vie. Le sang qui irrigue la vie des nations. Il n\u2019y aucun secteur qui ne vit de l\u2019\u00e9nergie, de la sant\u00e9 \u00e0 l\u2018\u00e9ducation en passant par le commerce, l\u2019industrie et la vie de tous les jours\u2019\u2019.<\/p>\n<p>Le Syst\u00e8me d\u2019\u00e9change d\u2019\u00e9nergie \u00e9lectrique ouest africain (EEEOA), est une institution sp\u00e9cialis\u00e9e de la Communaut\u00e9 \u00e9conomique des \u00c9tats de l\u2019Afrique de l\u2019Ouest (CEDEAO) qui a pour but d\u2019int\u00e9grer les r\u00e9seaux \u00e9lectriques nationaux dans un march\u00e9 r\u00e9gional unifi\u00e9.<\/p>\n<p>Le Sommet africain de l\u2019\u00e9nergie \u2018\u2019Mission 300\u2019\u2019, qui se tient \u00e0 Dar es-Salaam, r\u00e9unit des leaders de diff\u00e9rents horizons en vue d\u2019acc\u00e9l\u00e9rer l\u2019acc\u00e8s \u00e0 l\u2019\u00e9lectricit\u00e9 pour 300 millions de personnes en Afrique d\u2019ici \u00e0 2030.<\/p>\n<p>La rencontre organis\u00e9e par le gouvernement tanzanien, l\u2019Union africaine, la Banque africaine de d\u00e9veloppement et la Banque mondiale, a pour objectif de stimuler les r\u00e9formes, de mobiliser des financements et de constituer des partenariats pour la transformation \u00e9nerg\u00e9tique de l\u2019Afrique.<\/p>\n<p>Le sommet devrait aboutir \u00e0 deux r\u00e9sultats majeurs : la \u2018\u2019D\u00e9claration de l\u2019\u00e9nergie de Dar es Salaam\u2019\u2019, qui pr\u00e9sente les engagements et actions concr\u00e8tes des gouvernements africains pour r\u00e9former le secteur de l\u2019\u00e9nergie.<\/p>\n<p>Il y aura aussi la premi\u00e8re s\u00e9rie de \u2018\u2019Pactes nationaux pour l\u2019\u00e9nergie\u2019\u2019 qui serviront de feuilles de route avec des objectifs sp\u00e9cifiques pour chaque pays et des \u00e9ch\u00e9ances pour la mise en \u0153uvre des r\u00e9formes\u00a0essentielles.<\/p>\n<p><strong>(APS)<\/strong><\/p>\n","protected":false},"excerpt":{"rendered":"<p>L\u2019interconnexion r\u00e9gionale \u00e0 travers le Syst\u00e8me d\u2019\u00e9change d\u2019\u00e9nergie \u00e9lectrique ouest africain (EEEOA) ou en anglais West African Power Pool (WAPP), combin\u00e9e au mix \u00e9nerg\u00e9tique, permettra&#8230;<\/p>\n","protected":false},"author":1,"featured_media":7584,"comment_status":"closed","ping_status":"open","sticky":false,"template":"","format":"standard","meta":{"_jetpack_memberships_contains_paid_content":false,"footnotes":""},"categories":[23],"tags":[],"class_list":["post-7706","post","type-post","status-publish","format-standard","has-post-thumbnail","hentry","category-a-la-une","wpcat-23-id"],"yoast_head":"<!-- This site is optimized with the Yoast SEO plugin v27.1.1 - https:\/\/yoast.com\/product\/yoast-seo-wordpress\/ -->\n<title>L\u2019interconnexion r\u00e9gionale et le mix \u00e9nerg\u00e9tique participeront \u00e0 \u00ab la baisse rapide \u00bb du co\u00fbt de l\u2019\u00e9lectricit\u00e9, selon Birame Souleye Diop - challenges economiques<\/title>\n<meta name=\"robots\" content=\"index, follow, max-snippet:-1, max-image-preview:large, max-video-preview:-1\" \/>\n<link rel=\"canonical\" href=\"https:\/\/challengeseconomiques.com\/?p=7706\" \/>\n<meta property=\"og:locale\" content=\"fr_FR\" \/>\n<meta property=\"og:type\" content=\"article\" \/>\n<meta property=\"og:title\" content=\"L\u2019interconnexion r\u00e9gionale et le mix \u00e9nerg\u00e9tique participeront \u00e0 \u00ab la baisse rapide \u00bb du co\u00fbt de l\u2019\u00e9lectricit\u00e9, selon Birame Souleye Diop - challenges economiques\" \/>\n<meta property=\"og:description\" content=\"L\u2019interconnexion r\u00e9gionale \u00e0 travers le Syst\u00e8me d\u2019\u00e9change d\u2019\u00e9nergie \u00e9lectrique ouest africain (EEEOA) ou en anglais West African Power Pool (WAPP), combin\u00e9e au mix \u00e9nerg\u00e9tique, permettra...\" \/>\n<meta property=\"og:url\" content=\"https:\/\/challengeseconomiques.com\/?p=7706\" \/>\n<meta property=\"og:site_name\" content=\"challenges economiques\" \/>\n<meta property=\"article:published_time\" content=\"2025-01-28T16:03:51+00:00\" \/>\n<meta property=\"og:image\" content=\"https:\/\/challengeseconomiques.com\/wp-content\/uploads\/2025\/01\/biramesouleydiop.jpg\" \/>\n\t<meta property=\"og:image:width\" content=\"612\" \/>\n\t<meta property=\"og:image:height\" content=\"298\" \/>\n\t<meta property=\"og:image:type\" content=\"image\/jpeg\" \/>\n<meta name=\"author\" content=\"admin\" \/>\n<meta name=\"twitter:card\" content=\"summary_large_image\" \/>\n<meta name=\"twitter:label1\" content=\"\u00c9crit par\" \/>\n\t<meta name=\"twitter:data1\" content=\"admin\" \/>\n\t<meta name=\"twitter:label2\" content=\"Dur\u00e9e de lecture estim\u00e9e\" \/>\n\t<meta name=\"twitter:data2\" content=\"4 minutes\" \/>\n<script type=\"application\/ld+json\" class=\"yoast-schema-graph\">{\"@context\":\"https:\/\/schema.org\",\"@graph\":[{\"@type\":\"Article\",\"@id\":\"https:\/\/challengeseconomiques.com\/?p=7706#article\",\"isPartOf\":{\"@id\":\"https:\/\/challengeseconomiques.com\/?p=7706\"},\"author\":{\"name\":\"admin\",\"@id\":\"https:\/\/challengeseconomiques.com\/#\/schema\/person\/b4568c9afebc5a9238a771873801e349\"},\"headline\":\"L\u2019interconnexion r\u00e9gionale et le mix \u00e9nerg\u00e9tique participeront \u00e0 \u00ab la baisse rapide \u00bb du co\u00fbt de l\u2019\u00e9lectricit\u00e9, selon Birame Souleye Diop\",\"datePublished\":\"2025-01-28T16:03:51+00:00\",\"mainEntityOfPage\":{\"@id\":\"https:\/\/challengeseconomiques.com\/?p=7706\"},\"wordCount\":800,\"image\":{\"@id\":\"https:\/\/challengeseconomiques.com\/?p=7706#primaryimage\"},\"thumbnailUrl\":\"https:\/\/challengeseconomiques.com\/wp-content\/uploads\/2025\/01\/biramesouleydiop.jpg\",\"articleSection\":[\"A la une\"],\"inLanguage\":\"fr-FR\"},{\"@type\":\"WebPage\",\"@id\":\"https:\/\/challengeseconomiques.com\/?p=7706\",\"url\":\"https:\/\/challengeseconomiques.com\/?p=7706\",\"name\":\"L\u2019interconnexion r\u00e9gionale et le mix \u00e9nerg\u00e9tique participeront \u00e0 \u00ab la baisse rapide \u00bb du co\u00fbt de l\u2019\u00e9lectricit\u00e9, selon Birame Souleye Diop - challenges economiques\",\"isPartOf\":{\"@id\":\"https:\/\/challengeseconomiques.com\/#website\"},\"primaryImageOfPage\":{\"@id\":\"https:\/\/challengeseconomiques.com\/?p=7706#primaryimage\"},\"image\":{\"@id\":\"https:\/\/challengeseconomiques.com\/?p=7706#primaryimage\"},\"thumbnailUrl\":\"https:\/\/challengeseconomiques.com\/wp-content\/uploads\/2025\/01\/biramesouleydiop.jpg\",\"datePublished\":\"2025-01-28T16:03:51+00:00\",\"author\":{\"@id\":\"https:\/\/challengeseconomiques.com\/#\/schema\/person\/b4568c9afebc5a9238a771873801e349\"},\"breadcrumb\":{\"@id\":\"https:\/\/challengeseconomiques.com\/?p=7706#breadcrumb\"},\"inLanguage\":\"fr-FR\",\"potentialAction\":[{\"@type\":\"ReadAction\",\"target\":[\"https:\/\/challengeseconomiques.com\/?p=7706\"]}]},{\"@type\":\"ImageObject\",\"inLanguage\":\"fr-FR\",\"@id\":\"https:\/\/challengeseconomiques.com\/?p=7706#primaryimage\",\"url\":\"https:\/\/challengeseconomiques.com\/wp-content\/uploads\/2025\/01\/biramesouleydiop.jpg\",\"contentUrl\":\"https:\/\/challengeseconomiques.com\/wp-content\/uploads\/2025\/01\/biramesouleydiop.jpg\",\"width\":612,\"height\":298},{\"@type\":\"BreadcrumbList\",\"@id\":\"https:\/\/challengeseconomiques.com\/?p=7706#breadcrumb\",\"itemListElement\":[{\"@type\":\"ListItem\",\"position\":1,\"name\":\"Home\",\"item\":\"https:\/\/challengeseconomiques.com\/\"},{\"@type\":\"ListItem\",\"position\":2,\"name\":\"L\u2019interconnexion r\u00e9gionale et le mix \u00e9nerg\u00e9tique participeront \u00e0 \u00ab la baisse rapide \u00bb du co\u00fbt de l\u2019\u00e9lectricit\u00e9, selon Birame Souleye Diop\"}]},{\"@type\":\"WebSite\",\"@id\":\"https:\/\/challengeseconomiques.com\/#website\",\"url\":\"https:\/\/challengeseconomiques.com\/\",\"name\":\"challenges economiques\",\"description\":\"\",\"potentialAction\":[{\"@type\":\"SearchAction\",\"target\":{\"@type\":\"EntryPoint\",\"urlTemplate\":\"https:\/\/challengeseconomiques.com\/?s={search_term_string}\"},\"query-input\":{\"@type\":\"PropertyValueSpecification\",\"valueRequired\":true,\"valueName\":\"search_term_string\"}}],\"inLanguage\":\"fr-FR\"},{\"@type\":\"Person\",\"@id\":\"https:\/\/challengeseconomiques.com\/#\/schema\/person\/b4568c9afebc5a9238a771873801e349\",\"name\":\"admin\",\"image\":{\"@type\":\"ImageObject\",\"inLanguage\":\"fr-FR\",\"@id\":\"https:\/\/challengeseconomiques.com\/#\/schema\/person\/image\/\",\"url\":\"https:\/\/secure.gravatar.com\/avatar\/099e42240b5eea11acdb72751fcce0dd918603f0749d24974b7984ea47ed9fd9?s=96&d=mm&r=g\",\"contentUrl\":\"https:\/\/secure.gravatar.com\/avatar\/099e42240b5eea11acdb72751fcce0dd918603f0749d24974b7984ea47ed9fd9?s=96&d=mm&r=g\",\"caption\":\"admin\"},\"sameAs\":[\"https:\/\/challengeseconomiques.com\"],\"url\":\"https:\/\/challengeseconomiques.com\/?author=1\"}]}<\/script>\n<!-- \/ Yoast SEO plugin. -->","yoast_head_json":{"title":"L\u2019interconnexion r\u00e9gionale et le mix \u00e9nerg\u00e9tique participeront \u00e0 \u00ab la baisse rapide \u00bb du co\u00fbt de l\u2019\u00e9lectricit\u00e9, selon Birame Souleye Diop - challenges economiques","robots":{"index":"index","follow":"follow","max-snippet":"max-snippet:-1","max-image-preview":"max-image-preview:large","max-video-preview":"max-video-preview:-1"},"canonical":"https:\/\/challengeseconomiques.com\/?p=7706","og_locale":"fr_FR","og_type":"article","og_title":"L\u2019interconnexion r\u00e9gionale et le mix \u00e9nerg\u00e9tique participeront \u00e0 \u00ab la baisse rapide \u00bb du co\u00fbt de l\u2019\u00e9lectricit\u00e9, selon Birame Souleye Diop - challenges economiques","og_description":"L\u2019interconnexion r\u00e9gionale \u00e0 travers le Syst\u00e8me d\u2019\u00e9change d\u2019\u00e9nergie \u00e9lectrique ouest africain (EEEOA) ou en anglais West African Power Pool (WAPP), combin\u00e9e au mix \u00e9nerg\u00e9tique, permettra...","og_url":"https:\/\/challengeseconomiques.com\/?p=7706","og_site_name":"challenges economiques","article_published_time":"2025-01-28T16:03:51+00:00","og_image":[{"width":612,"height":298,"url":"https:\/\/challengeseconomiques.com\/wp-content\/uploads\/2025\/01\/biramesouleydiop.jpg","type":"image\/jpeg"}],"author":"admin","twitter_card":"summary_large_image","twitter_misc":{"\u00c9crit par":"admin","Dur\u00e9e de lecture estim\u00e9e":"4 minutes"},"schema":{"@context":"https:\/\/schema.org","@graph":[{"@type":"Article","@id":"https:\/\/challengeseconomiques.com\/?p=7706#article","isPartOf":{"@id":"https:\/\/challengeseconomiques.com\/?p=7706"},"author":{"name":"admin","@id":"https:\/\/challengeseconomiques.com\/#\/schema\/person\/b4568c9afebc5a9238a771873801e349"},"headline":"L\u2019interconnexion r\u00e9gionale et le mix \u00e9nerg\u00e9tique participeront \u00e0 \u00ab la baisse rapide \u00bb du co\u00fbt de l\u2019\u00e9lectricit\u00e9, selon Birame Souleye Diop","datePublished":"2025-01-28T16:03:51+00:00","mainEntityOfPage":{"@id":"https:\/\/challengeseconomiques.com\/?p=7706"},"wordCount":800,"image":{"@id":"https:\/\/challengeseconomiques.com\/?p=7706#primaryimage"},"thumbnailUrl":"https:\/\/challengeseconomiques.com\/wp-content\/uploads\/2025\/01\/biramesouleydiop.jpg","articleSection":["A la une"],"inLanguage":"fr-FR"},{"@type":"WebPage","@id":"https:\/\/challengeseconomiques.com\/?p=7706","url":"https:\/\/challengeseconomiques.com\/?p=7706","name":"L\u2019interconnexion r\u00e9gionale et le mix \u00e9nerg\u00e9tique participeront \u00e0 \u00ab la baisse rapide \u00bb du co\u00fbt de l\u2019\u00e9lectricit\u00e9, selon Birame Souleye Diop - challenges economiques","isPartOf":{"@id":"https:\/\/challengeseconomiques.com\/#website"},"primaryImageOfPage":{"@id":"https:\/\/challengeseconomiques.com\/?p=7706#primaryimage"},"image":{"@id":"https:\/\/challengeseconomiques.com\/?p=7706#primaryimage"},"thumbnailUrl":"https:\/\/challengeseconomiques.com\/wp-content\/uploads\/2025\/01\/biramesouleydiop.jpg","datePublished":"2025-01-28T16:03:51+00:00","author":{"@id":"https:\/\/challengeseconomiques.com\/#\/schema\/person\/b4568c9afebc5a9238a771873801e349"},"breadcrumb":{"@id":"https:\/\/challengeseconomiques.com\/?p=7706#breadcrumb"},"inLanguage":"fr-FR","potentialAction":[{"@type":"ReadAction","target":["https:\/\/challengeseconomiques.com\/?p=7706"]}]},{"@type":"ImageObject","inLanguage":"fr-FR","@id":"https:\/\/challengeseconomiques.com\/?p=7706#primaryimage","url":"https:\/\/challengeseconomiques.com\/wp-content\/uploads\/2025\/01\/biramesouleydiop.jpg","contentUrl":"https:\/\/challengeseconomiques.com\/wp-content\/uploads\/2025\/01\/biramesouleydiop.jpg","width":612,"height":298},{"@type":"BreadcrumbList","@id":"https:\/\/challengeseconomiques.com\/?p=7706#breadcrumb","itemListElement":[{"@type":"ListItem","position":1,"name":"Home","item":"https:\/\/challengeseconomiques.com\/"},{"@type":"ListItem","position":2,"name":"L\u2019interconnexion r\u00e9gionale et le mix \u00e9nerg\u00e9tique participeront \u00e0 \u00ab la baisse rapide \u00bb du co\u00fbt de l\u2019\u00e9lectricit\u00e9, selon Birame Souleye Diop"}]},{"@type":"WebSite","@id":"https:\/\/challengeseconomiques.com\/#website","url":"https:\/\/challengeseconomiques.com\/","name":"challenges economiques","description":"","potentialAction":[{"@type":"SearchAction","target":{"@type":"EntryPoint","urlTemplate":"https:\/\/challengeseconomiques.com\/?s={search_term_string}"},"query-input":{"@type":"PropertyValueSpecification","valueRequired":true,"valueName":"search_term_string"}}],"inLanguage":"fr-FR"},{"@type":"Person","@id":"https:\/\/challengeseconomiques.com\/#\/schema\/person\/b4568c9afebc5a9238a771873801e349","name":"admin","image":{"@type":"ImageObject","inLanguage":"fr-FR","@id":"https:\/\/challengeseconomiques.com\/#\/schema\/person\/image\/","url":"https:\/\/secure.gravatar.com\/avatar\/099e42240b5eea11acdb72751fcce0dd918603f0749d24974b7984ea47ed9fd9?s=96&d=mm&r=g","contentUrl":"https:\/\/secure.gravatar.com\/avatar\/099e42240b5eea11acdb72751fcce0dd918603f0749d24974b7984ea47ed9fd9?s=96&d=mm&r=g","caption":"admin"},"sameAs":["https:\/\/challengeseconomiques.com"],"url":"https:\/\/challengeseconomiques.com\/?author=1"}]}},"jetpack_featured_media_url":"https:\/\/challengeseconomiques.com\/wp-content\/uploads\/2025\/01\/biramesouleydiop.jpg","jetpack_sharing_enabled":true,"_links":{"self":[{"href":"https:\/\/challengeseconomiques.com\/index.php?rest_route=\/wp\/v2\/posts\/7706","targetHints":{"allow":["GET"]}}],"collection":[{"href":"https:\/\/challengeseconomiques.com\/index.php?rest_route=\/wp\/v2\/posts"}],"about":[{"href":"https:\/\/challengeseconomiques.com\/index.php?rest_route=\/wp\/v2\/types\/post"}],"author":[{"embeddable":true,"href":"https:\/\/challengeseconomiques.com\/index.php?rest_route=\/wp\/v2\/users\/1"}],"replies":[{"embeddable":true,"href":"https:\/\/challengeseconomiques.com\/index.php?rest_route=%2Fwp%2Fv2%2Fcomments&post=7706"}],"version-history":[{"count":1,"href":"https:\/\/challengeseconomiques.com\/index.php?rest_route=\/wp\/v2\/posts\/7706\/revisions"}],"predecessor-version":[{"id":7707,"href":"https:\/\/challengeseconomiques.com\/index.php?rest_route=\/wp\/v2\/posts\/7706\/revisions\/7707"}],"wp:featuredmedia":[{"embeddable":true,"href":"https:\/\/challengeseconomiques.com\/index.php?rest_route=\/wp\/v2\/media\/7584"}],"wp:attachment":[{"href":"https:\/\/challengeseconomiques.com\/index.php?rest_route=%2Fwp%2Fv2%2Fmedia&parent=7706"}],"wp:term":[{"taxonomy":"category","embeddable":true,"href":"https:\/\/challengeseconomiques.com\/index.php?rest_route=%2Fwp%2Fv2%2Fcategories&post=7706"},{"taxonomy":"post_tag","embeddable":true,"href":"https:\/\/challengeseconomiques.com\/index.php?rest_route=%2Fwp%2Fv2%2Ftags&post=7706"}],"curies":[{"name":"wp","href":"https:\/\/api.w.org\/{rel}","templated":true}]}}