{"id":7661,"date":"2025-01-22T14:13:00","date_gmt":"2025-01-22T14:13:00","guid":{"rendered":"https:\/\/challengeseconomiques.com\/?p=7661"},"modified":"2025-01-22T14:13:39","modified_gmt":"2025-01-22T14:13:39","slug":"vers-le-lancement-dune-plateforme-nationale-dacces-au-logement","status":"publish","type":"post","link":"https:\/\/challengeseconomiques.com\/?p=7661","title":{"rendered":"Vers le lancement d\u2019une plateforme nationale d\u2019acc\u00e8s au logement"},"content":{"rendered":"<p>Le gouvernement s\u00e9n\u00e9galais mettra prochainement en place une plateforme nationale d\u2019acc\u00e8s au logement, pour permettre aux S\u00e9n\u00e9galais de s\u2019informer de tous les programmes de logement d\u00e9velopp\u00e9s sur les p\u00f4les territoires, a annonc\u00e9 le ministre de l\u2019Urbanisme, des Collectivit\u00e9s territoriales et de l\u2019Am\u00e9nagement des territoires, Balla Moussa Fofana.<\/p>\n<p>\u2018\u2019Notre objectif, c\u2019est de ma\u00eetriser les co\u00fbts de construction d\u2019un logement et de le rendre plus accessibles aux S\u00e9n\u00e9galais. Nous allons d\u00e9velopper une plateforme nationale d\u2019acc\u00e8s au logement, qui va permettre aux S\u00e9n\u00e9galais d\u2019ici et d\u2019ailleurs, de voir tous les programmes de logement que nous sommes en train de d\u00e9velopper sur les p\u00f4les territoires\u2019\u2019, a-t-il indiqu\u00e9.<\/p>\n<p>M. Fofana s\u2019exprimait au terme de la signature d\u2019une convention de partenariat avec Shelter Afrique d\u00e9veloppement Bank, dans le cadre de la politique du gouvernement s\u00e9n\u00e9galais en mati\u00e8re d\u2019habitat.<\/p>\n<p>Il a rappel\u00e9 que le pr\u00e9sident de la R\u00e9publique a plac\u00e9 la question du logement au centre de son projet de d\u00e9veloppement endog\u00e8ne.<\/p>\n<p>\u2018\u2019Aujourd\u2019hui, 54 % des revenus que gagne un S\u00e9n\u00e9galais sont d\u00e9pens\u00e9s dans le loyer. C\u2019est \u00e9norme alors que normalement c\u2019est autour de 30%\u2019\u2019, a-t-il d\u00e9plor\u00e9.<\/p>\n<p>Il a expliqu\u00e9 cette situation par le faible nombre de logements \u20135000 unit\u00e9s\u2014que le S\u00e9n\u00e9gal produit annuellement.<\/p>\n<p>\u2018\u2019Normalement, le besoin croit de plus 20.000 demandes de logements par ann\u00e9e et nous avons un d\u00e9ficit depuis 2013 qui \u00e9tait de 300.000 logements. C\u2019est pour \u00e7a que les S\u00e9n\u00e9galais ont du mal \u00e0 trouver un logement adapt\u00e9 \u00e0 leurs revenus. Donc, notre objectif c\u2019est de r\u00e9sorber un gap de 500.000 logements sur une p\u00e9riode de 10 ans\u2019\u2019, a-t-il avanc\u00e9.<\/p>\n<p>Thierno Habib Hann, le directeur g\u00e9n\u00e9ral de Shelter-Afrique d\u00e9veloppement Bank, a soulign\u00e9 que sa structure s\u2019est engag\u00e9e dans un programme de d\u00e9veloppement du secteur de l\u2019habitat urbain de fa\u00e7on strat\u00e9gique et durable.<\/p>\n<p>\u2018\u2019Nous avons eu avec le ministre des \u00e9changes tr\u00e8s, tr\u00e8s productifs (\u2026). Nous sommes tr\u00e8s heureux de l\u2019accueil. Nous comptons absolument sur le ministre et le gouvernement s\u00e9n\u00e9galais pour la mise en \u0153uvre de notre strat\u00e9gie de d\u00e9veloppement au S\u00e9n\u00e9gal\u2019\u2019, a-t-il indiqu\u00e9.<\/p>\n<p>\u2018\u2019Aujourd\u2019hui, nous sommes une banque de d\u00e9veloppement. Et l\u2019objectif pour nous est de mobiliser des ressources \u00e0 long terme impactant pour nos pays africains. Aujourd\u2019hui, nous avons sign\u00e9 cet accord avec le S\u00e9n\u00e9gal, pour renforcer la mobilisation des ressources pour renforcer le secteur, pour que tous les S\u00e9n\u00e9galais puissent avoir acc\u00e8s \u00e0 un acc\u00e8s au logement\u2019\u2019, a-t-il ajout\u00e9.<\/p>\n<p><strong>(APS) \u2013<\/strong><\/p>\n","protected":false},"excerpt":{"rendered":"<p>Le gouvernement s\u00e9n\u00e9galais mettra prochainement en place une plateforme nationale d\u2019acc\u00e8s au logement, pour permettre aux S\u00e9n\u00e9galais de s\u2019informer de tous les programmes de logement&#8230;<\/p>\n","protected":false},"author":1,"featured_media":7662,"comment_status":"closed","ping_status":"open","sticky":false,"template":"","format":"standard","meta":{"_jetpack_memberships_contains_paid_content":false,"footnotes":""},"categories":[8],"tags":[],"class_list":["post-7661","post","type-post","status-publish","format-standard","has-post-thumbnail","hentry","category-actualite-economique","wpcat-8-id"],"yoast_head":"<!-- This site is optimized with the Yoast SEO plugin v27.1.1 - https:\/\/yoast.com\/product\/yoast-seo-wordpress\/ -->\n<title>Vers le lancement d\u2019une plateforme nationale d\u2019acc\u00e8s au logement - challenges economiques<\/title>\n<meta name=\"robots\" content=\"index, follow, max-snippet:-1, max-image-preview:large, max-video-preview:-1\" \/>\n<link rel=\"canonical\" href=\"https:\/\/challengeseconomiques.com\/?p=7661\" \/>\n<meta property=\"og:locale\" content=\"fr_FR\" \/>\n<meta property=\"og:type\" content=\"article\" \/>\n<meta property=\"og:title\" content=\"Vers le lancement d\u2019une plateforme nationale d\u2019acc\u00e8s au logement - challenges economiques\" \/>\n<meta property=\"og:description\" content=\"Le gouvernement s\u00e9n\u00e9galais mettra prochainement en place une plateforme nationale d\u2019acc\u00e8s au logement, pour permettre aux S\u00e9n\u00e9galais de s\u2019informer de tous les programmes de logement...\" \/>\n<meta property=\"og:url\" content=\"https:\/\/challengeseconomiques.com\/?p=7661\" \/>\n<meta property=\"og:site_name\" content=\"challenges economiques\" \/>\n<meta property=\"article:published_time\" content=\"2025-01-22T14:13:00+00:00\" \/>\n<meta property=\"article:modified_time\" content=\"2025-01-22T14:13:39+00:00\" \/>\n<meta property=\"og:image\" content=\"https:\/\/challengeseconomiques.com\/wp-content\/uploads\/2025\/01\/fofana-850x491-1.webp\" \/>\n\t<meta property=\"og:image:width\" content=\"850\" \/>\n\t<meta property=\"og:image:height\" content=\"491\" \/>\n\t<meta property=\"og:image:type\" content=\"image\/webp\" \/>\n<meta name=\"author\" content=\"admin\" \/>\n<meta name=\"twitter:card\" content=\"summary_large_image\" \/>\n<meta name=\"twitter:label1\" content=\"\u00c9crit par\" \/>\n\t<meta name=\"twitter:data1\" content=\"admin\" \/>\n\t<meta name=\"twitter:label2\" content=\"Dur\u00e9e de lecture estim\u00e9e\" \/>\n\t<meta name=\"twitter:data2\" content=\"2 minutes\" \/>\n<script type=\"application\/ld+json\" class=\"yoast-schema-graph\">{\"@context\":\"https:\/\/schema.org\",\"@graph\":[{\"@type\":\"Article\",\"@id\":\"https:\/\/challengeseconomiques.com\/?p=7661#article\",\"isPartOf\":{\"@id\":\"https:\/\/challengeseconomiques.com\/?p=7661\"},\"author\":{\"name\":\"admin\",\"@id\":\"https:\/\/challengeseconomiques.com\/#\/schema\/person\/b4568c9afebc5a9238a771873801e349\"},\"headline\":\"Vers le lancement d\u2019une plateforme nationale d\u2019acc\u00e8s au logement\",\"datePublished\":\"2025-01-22T14:13:00+00:00\",\"dateModified\":\"2025-01-22T14:13:39+00:00\",\"mainEntityOfPage\":{\"@id\":\"https:\/\/challengeseconomiques.com\/?p=7661\"},\"wordCount\":477,\"image\":{\"@id\":\"https:\/\/challengeseconomiques.com\/?p=7661#primaryimage\"},\"thumbnailUrl\":\"https:\/\/challengeseconomiques.com\/wp-content\/uploads\/2025\/01\/fofana-850x491-1.webp\",\"articleSection\":[\"Actualit\u00e9 \u00e9conomique\"],\"inLanguage\":\"fr-FR\"},{\"@type\":\"WebPage\",\"@id\":\"https:\/\/challengeseconomiques.com\/?p=7661\",\"url\":\"https:\/\/challengeseconomiques.com\/?p=7661\",\"name\":\"Vers le lancement d\u2019une plateforme nationale d\u2019acc\u00e8s au logement - challenges economiques\",\"isPartOf\":{\"@id\":\"https:\/\/challengeseconomiques.com\/#website\"},\"primaryImageOfPage\":{\"@id\":\"https:\/\/challengeseconomiques.com\/?p=7661#primaryimage\"},\"image\":{\"@id\":\"https:\/\/challengeseconomiques.com\/?p=7661#primaryimage\"},\"thumbnailUrl\":\"https:\/\/challengeseconomiques.com\/wp-content\/uploads\/2025\/01\/fofana-850x491-1.webp\",\"datePublished\":\"2025-01-22T14:13:00+00:00\",\"dateModified\":\"2025-01-22T14:13:39+00:00\",\"author\":{\"@id\":\"https:\/\/challengeseconomiques.com\/#\/schema\/person\/b4568c9afebc5a9238a771873801e349\"},\"breadcrumb\":{\"@id\":\"https:\/\/challengeseconomiques.com\/?p=7661#breadcrumb\"},\"inLanguage\":\"fr-FR\",\"potentialAction\":[{\"@type\":\"ReadAction\",\"target\":[\"https:\/\/challengeseconomiques.com\/?p=7661\"]}]},{\"@type\":\"ImageObject\",\"inLanguage\":\"fr-FR\",\"@id\":\"https:\/\/challengeseconomiques.com\/?p=7661#primaryimage\",\"url\":\"https:\/\/challengeseconomiques.com\/wp-content\/uploads\/2025\/01\/fofana-850x491-1.webp\",\"contentUrl\":\"https:\/\/challengeseconomiques.com\/wp-content\/uploads\/2025\/01\/fofana-850x491-1.webp\",\"width\":850,\"height\":491},{\"@type\":\"BreadcrumbList\",\"@id\":\"https:\/\/challengeseconomiques.com\/?p=7661#breadcrumb\",\"itemListElement\":[{\"@type\":\"ListItem\",\"position\":1,\"name\":\"Home\",\"item\":\"https:\/\/challengeseconomiques.com\/\"},{\"@type\":\"ListItem\",\"position\":2,\"name\":\"Vers le lancement d\u2019une plateforme nationale d\u2019acc\u00e8s au logement\"}]},{\"@type\":\"WebSite\",\"@id\":\"https:\/\/challengeseconomiques.com\/#website\",\"url\":\"https:\/\/challengeseconomiques.com\/\",\"name\":\"challenges economiques\",\"description\":\"\",\"potentialAction\":[{\"@type\":\"SearchAction\",\"target\":{\"@type\":\"EntryPoint\",\"urlTemplate\":\"https:\/\/challengeseconomiques.com\/?s={search_term_string}\"},\"query-input\":{\"@type\":\"PropertyValueSpecification\",\"valueRequired\":true,\"valueName\":\"search_term_string\"}}],\"inLanguage\":\"fr-FR\"},{\"@type\":\"Person\",\"@id\":\"https:\/\/challengeseconomiques.com\/#\/schema\/person\/b4568c9afebc5a9238a771873801e349\",\"name\":\"admin\",\"image\":{\"@type\":\"ImageObject\",\"inLanguage\":\"fr-FR\",\"@id\":\"https:\/\/challengeseconomiques.com\/#\/schema\/person\/image\/\",\"url\":\"https:\/\/secure.gravatar.com\/avatar\/099e42240b5eea11acdb72751fcce0dd918603f0749d24974b7984ea47ed9fd9?s=96&d=mm&r=g\",\"contentUrl\":\"https:\/\/secure.gravatar.com\/avatar\/099e42240b5eea11acdb72751fcce0dd918603f0749d24974b7984ea47ed9fd9?s=96&d=mm&r=g\",\"caption\":\"admin\"},\"sameAs\":[\"https:\/\/challengeseconomiques.com\"],\"url\":\"https:\/\/challengeseconomiques.com\/?author=1\"}]}<\/script>\n<!-- \/ Yoast SEO plugin. -->","yoast_head_json":{"title":"Vers le lancement d\u2019une plateforme nationale d\u2019acc\u00e8s au logement - challenges economiques","robots":{"index":"index","follow":"follow","max-snippet":"max-snippet:-1","max-image-preview":"max-image-preview:large","max-video-preview":"max-video-preview:-1"},"canonical":"https:\/\/challengeseconomiques.com\/?p=7661","og_locale":"fr_FR","og_type":"article","og_title":"Vers le lancement d\u2019une plateforme nationale d\u2019acc\u00e8s au logement - challenges economiques","og_description":"Le gouvernement s\u00e9n\u00e9galais mettra prochainement en place une plateforme nationale d\u2019acc\u00e8s au logement, pour permettre aux S\u00e9n\u00e9galais de s\u2019informer de tous les programmes de logement...","og_url":"https:\/\/challengeseconomiques.com\/?p=7661","og_site_name":"challenges economiques","article_published_time":"2025-01-22T14:13:00+00:00","article_modified_time":"2025-01-22T14:13:39+00:00","og_image":[{"width":850,"height":491,"url":"https:\/\/challengeseconomiques.com\/wp-content\/uploads\/2025\/01\/fofana-850x491-1.webp","type":"image\/webp"}],"author":"admin","twitter_card":"summary_large_image","twitter_misc":{"\u00c9crit par":"admin","Dur\u00e9e de lecture estim\u00e9e":"2 minutes"},"schema":{"@context":"https:\/\/schema.org","@graph":[{"@type":"Article","@id":"https:\/\/challengeseconomiques.com\/?p=7661#article","isPartOf":{"@id":"https:\/\/challengeseconomiques.com\/?p=7661"},"author":{"name":"admin","@id":"https:\/\/challengeseconomiques.com\/#\/schema\/person\/b4568c9afebc5a9238a771873801e349"},"headline":"Vers le lancement d\u2019une plateforme nationale d\u2019acc\u00e8s au logement","datePublished":"2025-01-22T14:13:00+00:00","dateModified":"2025-01-22T14:13:39+00:00","mainEntityOfPage":{"@id":"https:\/\/challengeseconomiques.com\/?p=7661"},"wordCount":477,"image":{"@id":"https:\/\/challengeseconomiques.com\/?p=7661#primaryimage"},"thumbnailUrl":"https:\/\/challengeseconomiques.com\/wp-content\/uploads\/2025\/01\/fofana-850x491-1.webp","articleSection":["Actualit\u00e9 \u00e9conomique"],"inLanguage":"fr-FR"},{"@type":"WebPage","@id":"https:\/\/challengeseconomiques.com\/?p=7661","url":"https:\/\/challengeseconomiques.com\/?p=7661","name":"Vers le lancement d\u2019une plateforme nationale d\u2019acc\u00e8s au logement - challenges economiques","isPartOf":{"@id":"https:\/\/challengeseconomiques.com\/#website"},"primaryImageOfPage":{"@id":"https:\/\/challengeseconomiques.com\/?p=7661#primaryimage"},"image":{"@id":"https:\/\/challengeseconomiques.com\/?p=7661#primaryimage"},"thumbnailUrl":"https:\/\/challengeseconomiques.com\/wp-content\/uploads\/2025\/01\/fofana-850x491-1.webp","datePublished":"2025-01-22T14:13:00+00:00","dateModified":"2025-01-22T14:13:39+00:00","author":{"@id":"https:\/\/challengeseconomiques.com\/#\/schema\/person\/b4568c9afebc5a9238a771873801e349"},"breadcrumb":{"@id":"https:\/\/challengeseconomiques.com\/?p=7661#breadcrumb"},"inLanguage":"fr-FR","potentialAction":[{"@type":"ReadAction","target":["https:\/\/challengeseconomiques.com\/?p=7661"]}]},{"@type":"ImageObject","inLanguage":"fr-FR","@id":"https:\/\/challengeseconomiques.com\/?p=7661#primaryimage","url":"https:\/\/challengeseconomiques.com\/wp-content\/uploads\/2025\/01\/fofana-850x491-1.webp","contentUrl":"https:\/\/challengeseconomiques.com\/wp-content\/uploads\/2025\/01\/fofana-850x491-1.webp","width":850,"height":491},{"@type":"BreadcrumbList","@id":"https:\/\/challengeseconomiques.com\/?p=7661#breadcrumb","itemListElement":[{"@type":"ListItem","position":1,"name":"Home","item":"https:\/\/challengeseconomiques.com\/"},{"@type":"ListItem","position":2,"name":"Vers le lancement d\u2019une plateforme nationale d\u2019acc\u00e8s au logement"}]},{"@type":"WebSite","@id":"https:\/\/challengeseconomiques.com\/#website","url":"https:\/\/challengeseconomiques.com\/","name":"challenges economiques","description":"","potentialAction":[{"@type":"SearchAction","target":{"@type":"EntryPoint","urlTemplate":"https:\/\/challengeseconomiques.com\/?s={search_term_string}"},"query-input":{"@type":"PropertyValueSpecification","valueRequired":true,"valueName":"search_term_string"}}],"inLanguage":"fr-FR"},{"@type":"Person","@id":"https:\/\/challengeseconomiques.com\/#\/schema\/person\/b4568c9afebc5a9238a771873801e349","name":"admin","image":{"@type":"ImageObject","inLanguage":"fr-FR","@id":"https:\/\/challengeseconomiques.com\/#\/schema\/person\/image\/","url":"https:\/\/secure.gravatar.com\/avatar\/099e42240b5eea11acdb72751fcce0dd918603f0749d24974b7984ea47ed9fd9?s=96&d=mm&r=g","contentUrl":"https:\/\/secure.gravatar.com\/avatar\/099e42240b5eea11acdb72751fcce0dd918603f0749d24974b7984ea47ed9fd9?s=96&d=mm&r=g","caption":"admin"},"sameAs":["https:\/\/challengeseconomiques.com"],"url":"https:\/\/challengeseconomiques.com\/?author=1"}]}},"jetpack_featured_media_url":"https:\/\/challengeseconomiques.com\/wp-content\/uploads\/2025\/01\/fofana-850x491-1.webp","jetpack_sharing_enabled":true,"_links":{"self":[{"href":"https:\/\/challengeseconomiques.com\/index.php?rest_route=\/wp\/v2\/posts\/7661","targetHints":{"allow":["GET"]}}],"collection":[{"href":"https:\/\/challengeseconomiques.com\/index.php?rest_route=\/wp\/v2\/posts"}],"about":[{"href":"https:\/\/challengeseconomiques.com\/index.php?rest_route=\/wp\/v2\/types\/post"}],"author":[{"embeddable":true,"href":"https:\/\/challengeseconomiques.com\/index.php?rest_route=\/wp\/v2\/users\/1"}],"replies":[{"embeddable":true,"href":"https:\/\/challengeseconomiques.com\/index.php?rest_route=%2Fwp%2Fv2%2Fcomments&post=7661"}],"version-history":[{"count":1,"href":"https:\/\/challengeseconomiques.com\/index.php?rest_route=\/wp\/v2\/posts\/7661\/revisions"}],"predecessor-version":[{"id":7663,"href":"https:\/\/challengeseconomiques.com\/index.php?rest_route=\/wp\/v2\/posts\/7661\/revisions\/7663"}],"wp:featuredmedia":[{"embeddable":true,"href":"https:\/\/challengeseconomiques.com\/index.php?rest_route=\/wp\/v2\/media\/7662"}],"wp:attachment":[{"href":"https:\/\/challengeseconomiques.com\/index.php?rest_route=%2Fwp%2Fv2%2Fmedia&parent=7661"}],"wp:term":[{"taxonomy":"category","embeddable":true,"href":"https:\/\/challengeseconomiques.com\/index.php?rest_route=%2Fwp%2Fv2%2Fcategories&post=7661"},{"taxonomy":"post_tag","embeddable":true,"href":"https:\/\/challengeseconomiques.com\/index.php?rest_route=%2Fwp%2Fv2%2Ftags&post=7661"}],"curies":[{"name":"wp","href":"https:\/\/api.w.org\/{rel}","templated":true}]}}