{"id":7626,"date":"2025-01-16T20:28:57","date_gmt":"2025-01-16T20:28:57","guid":{"rendered":"https:\/\/challengeseconomiques.com\/?p=7626"},"modified":"2025-01-16T20:29:41","modified_gmt":"2025-01-16T20:29:41","slug":"bassirou-diomaye-faye-veut-une-acceleration-de-la-modernisation-du-secteur-des-transports","status":"publish","type":"post","link":"https:\/\/challengeseconomiques.com\/?p=7626","title":{"rendered":"Bassirou Diomaye Faye veut une acc\u00e9l\u00e9ration de la modernisation du secteur des transports"},"content":{"rendered":"<p>Le Pr\u00e9sident de la R\u00e9publique, Bassirou Diomaye Faye a plaid\u00e9 mercredi, en conseil des ministres, pour l\u2019urgence d\u2019acc\u00e9l\u00e9rer la modernisation des transports, dans tous ses compartiments, suite aux conclusions des \u00e9tats g\u00e9n\u00e9raux du secteur.<\/p>\n<p>Ainsi, il a demand\u00e9 au Premier ministre et au ministre des infrastructures et des transports terrestres et a\u00e9riens, de finaliser le plan d\u2019action du gouvernement pour la modernisation des transports terrestres, en tenant compte, dans l\u2019agenda d\u2019ex\u00e9cution, de toutes les contraintes juridiques, logistiques, administratives, fiscales et financi\u00e8res li\u00e9es \u00e0 l\u2019atteinte des objectifs collectifs d\u00e9finis.<\/p>\n<p>Aussi, a-t-il rappel\u00e9 au gouvernement, dans le cadre de l\u2019ex\u00e9cution des mesures d\u2019am\u00e9lioration de la s\u00e9curit\u00e9 routi\u00e8re, la n\u00e9cessit\u00e9 d\u2019adopter un dispositif sp\u00e9cial de r\u00e9glementation de la circulation des cyclomoteurs, conform\u00e9ment au code de la route et aux mesures prescrites pour le transport des personnes dans des zones et localit\u00e9s bien cibl\u00e9es.<\/p>\n<p>Notons que Chef de l\u2019Etat a par ailleurs invit\u00e9 le ministre des infrastructures et des transports terrestres et a\u00e9riens \u00e0 intensifier le processus de renouvellement des gros porteurs, des v\u00e9hicules de transports urbains et interurbains de toutes les cat\u00e9gories.<\/p>\n<p>Pour ce faire, il a demand\u00e9 au gouvernement d\u2019int\u00e9grer le secteur des transports comme domaine prioritaire dans le d\u00e9ploiement des incitations devant promouvoir l\u2019employabilit\u00e9 et l\u2019emploi d\u00e9cent des jeunes.<\/p>\n<p>A ce sujet, le gouvernement devra accentuer le d\u00e9veloppement des instruments de formation professionnelle (des chauffeurs, des m\u00e9caniciens, etc.) et une meilleure s\u00e9curisation \u00ab des emplois informels \u00bb du secteur \u00e0 travers l\u2019organisation des acteurs, leur financement ad\u00e9quat, mais \u00e9galement la conclusion progressive de contrats de travail r\u00e9guliers, assortis d\u2019une couverture sociale syst\u00e9matique.<\/p>\n<p>Il faut aussi signaler que les dispositifs de la convention nationale Etat-Employeur et de la couverture sanitaire universelle doivent \u00eatre mis \u00e0 contribution dans ce sens.<\/p>\n<p><strong>Idrissa GUEYE<\/strong><\/p>\n","protected":false},"excerpt":{"rendered":"<p>Le Pr\u00e9sident de la R\u00e9publique, Bassirou Diomaye Faye a plaid\u00e9 mercredi, en conseil des ministres, pour l\u2019urgence d\u2019acc\u00e9l\u00e9rer la modernisation des transports, dans tous ses&#8230;<\/p>\n","protected":false},"author":1,"featured_media":6632,"comment_status":"closed","ping_status":"open","sticky":false,"template":"","format":"standard","meta":{"_jetpack_memberships_contains_paid_content":false,"footnotes":""},"categories":[23,8],"tags":[],"class_list":["post-7626","post","type-post","status-publish","format-standard","has-post-thumbnail","hentry","category-a-la-une","category-actualite-economique","wpcat-23-id","wpcat-8-id"],"yoast_head":"<!-- This site is optimized with the Yoast SEO plugin v27.1.1 - https:\/\/yoast.com\/product\/yoast-seo-wordpress\/ -->\n<title>Bassirou Diomaye Faye veut une acc\u00e9l\u00e9ration de la modernisation du secteur des transports - challenges economiques<\/title>\n<meta name=\"robots\" content=\"index, follow, max-snippet:-1, max-image-preview:large, max-video-preview:-1\" \/>\n<link rel=\"canonical\" href=\"https:\/\/challengeseconomiques.com\/?p=7626\" \/>\n<meta property=\"og:locale\" content=\"fr_FR\" \/>\n<meta property=\"og:type\" content=\"article\" \/>\n<meta property=\"og:title\" content=\"Bassirou Diomaye Faye veut une acc\u00e9l\u00e9ration de la modernisation du secteur des transports - challenges economiques\" \/>\n<meta property=\"og:description\" content=\"Le Pr\u00e9sident de la R\u00e9publique, Bassirou Diomaye Faye a plaid\u00e9 mercredi, en conseil des ministres, pour l\u2019urgence d\u2019acc\u00e9l\u00e9rer la modernisation des transports, dans tous ses...\" \/>\n<meta property=\"og:url\" content=\"https:\/\/challengeseconomiques.com\/?p=7626\" \/>\n<meta property=\"og:site_name\" content=\"challenges economiques\" \/>\n<meta property=\"article:published_time\" content=\"2025-01-16T20:28:57+00:00\" \/>\n<meta property=\"article:modified_time\" content=\"2025-01-16T20:29:41+00:00\" \/>\n<meta property=\"og:image\" content=\"https:\/\/challengeseconomiques.com\/wp-content\/uploads\/2024\/06\/diomayefayePR.jpg\" \/>\n\t<meta property=\"og:image:width\" content=\"1024\" \/>\n\t<meta property=\"og:image:height\" content=\"768\" \/>\n\t<meta property=\"og:image:type\" content=\"image\/jpeg\" \/>\n<meta name=\"author\" content=\"admin\" \/>\n<meta name=\"twitter:card\" content=\"summary_large_image\" \/>\n<meta name=\"twitter:label1\" content=\"\u00c9crit par\" \/>\n\t<meta name=\"twitter:data1\" content=\"admin\" \/>\n\t<meta name=\"twitter:label2\" content=\"Dur\u00e9e de lecture estim\u00e9e\" \/>\n\t<meta name=\"twitter:data2\" content=\"2 minutes\" \/>\n<script type=\"application\/ld+json\" class=\"yoast-schema-graph\">{\"@context\":\"https:\/\/schema.org\",\"@graph\":[{\"@type\":\"Article\",\"@id\":\"https:\/\/challengeseconomiques.com\/?p=7626#article\",\"isPartOf\":{\"@id\":\"https:\/\/challengeseconomiques.com\/?p=7626\"},\"author\":{\"name\":\"admin\",\"@id\":\"https:\/\/challengeseconomiques.com\/#\/schema\/person\/b4568c9afebc5a9238a771873801e349\"},\"headline\":\"Bassirou Diomaye Faye veut une acc\u00e9l\u00e9ration de la modernisation du secteur des transports\",\"datePublished\":\"2025-01-16T20:28:57+00:00\",\"dateModified\":\"2025-01-16T20:29:41+00:00\",\"mainEntityOfPage\":{\"@id\":\"https:\/\/challengeseconomiques.com\/?p=7626\"},\"wordCount\":346,\"image\":{\"@id\":\"https:\/\/challengeseconomiques.com\/?p=7626#primaryimage\"},\"thumbnailUrl\":\"https:\/\/challengeseconomiques.com\/wp-content\/uploads\/2024\/06\/diomayefayePR.jpg\",\"articleSection\":[\"A la une\",\"Actualit\u00e9 \u00e9conomique\"],\"inLanguage\":\"fr-FR\"},{\"@type\":\"WebPage\",\"@id\":\"https:\/\/challengeseconomiques.com\/?p=7626\",\"url\":\"https:\/\/challengeseconomiques.com\/?p=7626\",\"name\":\"Bassirou Diomaye Faye veut une acc\u00e9l\u00e9ration de la modernisation du secteur des transports - challenges economiques\",\"isPartOf\":{\"@id\":\"https:\/\/challengeseconomiques.com\/#website\"},\"primaryImageOfPage\":{\"@id\":\"https:\/\/challengeseconomiques.com\/?p=7626#primaryimage\"},\"image\":{\"@id\":\"https:\/\/challengeseconomiques.com\/?p=7626#primaryimage\"},\"thumbnailUrl\":\"https:\/\/challengeseconomiques.com\/wp-content\/uploads\/2024\/06\/diomayefayePR.jpg\",\"datePublished\":\"2025-01-16T20:28:57+00:00\",\"dateModified\":\"2025-01-16T20:29:41+00:00\",\"author\":{\"@id\":\"https:\/\/challengeseconomiques.com\/#\/schema\/person\/b4568c9afebc5a9238a771873801e349\"},\"breadcrumb\":{\"@id\":\"https:\/\/challengeseconomiques.com\/?p=7626#breadcrumb\"},\"inLanguage\":\"fr-FR\",\"potentialAction\":[{\"@type\":\"ReadAction\",\"target\":[\"https:\/\/challengeseconomiques.com\/?p=7626\"]}]},{\"@type\":\"ImageObject\",\"inLanguage\":\"fr-FR\",\"@id\":\"https:\/\/challengeseconomiques.com\/?p=7626#primaryimage\",\"url\":\"https:\/\/challengeseconomiques.com\/wp-content\/uploads\/2024\/06\/diomayefayePR.jpg\",\"contentUrl\":\"https:\/\/challengeseconomiques.com\/wp-content\/uploads\/2024\/06\/diomayefayePR.jpg\",\"width\":1024,\"height\":768},{\"@type\":\"BreadcrumbList\",\"@id\":\"https:\/\/challengeseconomiques.com\/?p=7626#breadcrumb\",\"itemListElement\":[{\"@type\":\"ListItem\",\"position\":1,\"name\":\"Home\",\"item\":\"https:\/\/challengeseconomiques.com\/\"},{\"@type\":\"ListItem\",\"position\":2,\"name\":\"Bassirou Diomaye Faye veut une acc\u00e9l\u00e9ration de la modernisation du secteur des transports\"}]},{\"@type\":\"WebSite\",\"@id\":\"https:\/\/challengeseconomiques.com\/#website\",\"url\":\"https:\/\/challengeseconomiques.com\/\",\"name\":\"challenges economiques\",\"description\":\"\",\"potentialAction\":[{\"@type\":\"SearchAction\",\"target\":{\"@type\":\"EntryPoint\",\"urlTemplate\":\"https:\/\/challengeseconomiques.com\/?s={search_term_string}\"},\"query-input\":{\"@type\":\"PropertyValueSpecification\",\"valueRequired\":true,\"valueName\":\"search_term_string\"}}],\"inLanguage\":\"fr-FR\"},{\"@type\":\"Person\",\"@id\":\"https:\/\/challengeseconomiques.com\/#\/schema\/person\/b4568c9afebc5a9238a771873801e349\",\"name\":\"admin\",\"image\":{\"@type\":\"ImageObject\",\"inLanguage\":\"fr-FR\",\"@id\":\"https:\/\/challengeseconomiques.com\/#\/schema\/person\/image\/\",\"url\":\"https:\/\/secure.gravatar.com\/avatar\/099e42240b5eea11acdb72751fcce0dd918603f0749d24974b7984ea47ed9fd9?s=96&d=mm&r=g\",\"contentUrl\":\"https:\/\/secure.gravatar.com\/avatar\/099e42240b5eea11acdb72751fcce0dd918603f0749d24974b7984ea47ed9fd9?s=96&d=mm&r=g\",\"caption\":\"admin\"},\"sameAs\":[\"https:\/\/challengeseconomiques.com\"],\"url\":\"https:\/\/challengeseconomiques.com\/?author=1\"}]}<\/script>\n<!-- \/ Yoast SEO plugin. -->","yoast_head_json":{"title":"Bassirou Diomaye Faye veut une acc\u00e9l\u00e9ration de la modernisation du secteur des transports - challenges economiques","robots":{"index":"index","follow":"follow","max-snippet":"max-snippet:-1","max-image-preview":"max-image-preview:large","max-video-preview":"max-video-preview:-1"},"canonical":"https:\/\/challengeseconomiques.com\/?p=7626","og_locale":"fr_FR","og_type":"article","og_title":"Bassirou Diomaye Faye veut une acc\u00e9l\u00e9ration de la modernisation du secteur des transports - challenges economiques","og_description":"Le Pr\u00e9sident de la R\u00e9publique, Bassirou Diomaye Faye a plaid\u00e9 mercredi, en conseil des ministres, pour l\u2019urgence d\u2019acc\u00e9l\u00e9rer la modernisation des transports, dans tous ses...","og_url":"https:\/\/challengeseconomiques.com\/?p=7626","og_site_name":"challenges economiques","article_published_time":"2025-01-16T20:28:57+00:00","article_modified_time":"2025-01-16T20:29:41+00:00","og_image":[{"width":1024,"height":768,"url":"https:\/\/challengeseconomiques.com\/wp-content\/uploads\/2024\/06\/diomayefayePR.jpg","type":"image\/jpeg"}],"author":"admin","twitter_card":"summary_large_image","twitter_misc":{"\u00c9crit par":"admin","Dur\u00e9e de lecture estim\u00e9e":"2 minutes"},"schema":{"@context":"https:\/\/schema.org","@graph":[{"@type":"Article","@id":"https:\/\/challengeseconomiques.com\/?p=7626#article","isPartOf":{"@id":"https:\/\/challengeseconomiques.com\/?p=7626"},"author":{"name":"admin","@id":"https:\/\/challengeseconomiques.com\/#\/schema\/person\/b4568c9afebc5a9238a771873801e349"},"headline":"Bassirou Diomaye Faye veut une acc\u00e9l\u00e9ration de la modernisation du secteur des transports","datePublished":"2025-01-16T20:28:57+00:00","dateModified":"2025-01-16T20:29:41+00:00","mainEntityOfPage":{"@id":"https:\/\/challengeseconomiques.com\/?p=7626"},"wordCount":346,"image":{"@id":"https:\/\/challengeseconomiques.com\/?p=7626#primaryimage"},"thumbnailUrl":"https:\/\/challengeseconomiques.com\/wp-content\/uploads\/2024\/06\/diomayefayePR.jpg","articleSection":["A la une","Actualit\u00e9 \u00e9conomique"],"inLanguage":"fr-FR"},{"@type":"WebPage","@id":"https:\/\/challengeseconomiques.com\/?p=7626","url":"https:\/\/challengeseconomiques.com\/?p=7626","name":"Bassirou Diomaye Faye veut une acc\u00e9l\u00e9ration de la modernisation du secteur des transports - challenges economiques","isPartOf":{"@id":"https:\/\/challengeseconomiques.com\/#website"},"primaryImageOfPage":{"@id":"https:\/\/challengeseconomiques.com\/?p=7626#primaryimage"},"image":{"@id":"https:\/\/challengeseconomiques.com\/?p=7626#primaryimage"},"thumbnailUrl":"https:\/\/challengeseconomiques.com\/wp-content\/uploads\/2024\/06\/diomayefayePR.jpg","datePublished":"2025-01-16T20:28:57+00:00","dateModified":"2025-01-16T20:29:41+00:00","author":{"@id":"https:\/\/challengeseconomiques.com\/#\/schema\/person\/b4568c9afebc5a9238a771873801e349"},"breadcrumb":{"@id":"https:\/\/challengeseconomiques.com\/?p=7626#breadcrumb"},"inLanguage":"fr-FR","potentialAction":[{"@type":"ReadAction","target":["https:\/\/challengeseconomiques.com\/?p=7626"]}]},{"@type":"ImageObject","inLanguage":"fr-FR","@id":"https:\/\/challengeseconomiques.com\/?p=7626#primaryimage","url":"https:\/\/challengeseconomiques.com\/wp-content\/uploads\/2024\/06\/diomayefayePR.jpg","contentUrl":"https:\/\/challengeseconomiques.com\/wp-content\/uploads\/2024\/06\/diomayefayePR.jpg","width":1024,"height":768},{"@type":"BreadcrumbList","@id":"https:\/\/challengeseconomiques.com\/?p=7626#breadcrumb","itemListElement":[{"@type":"ListItem","position":1,"name":"Home","item":"https:\/\/challengeseconomiques.com\/"},{"@type":"ListItem","position":2,"name":"Bassirou Diomaye Faye veut une acc\u00e9l\u00e9ration de la modernisation du secteur des transports"}]},{"@type":"WebSite","@id":"https:\/\/challengeseconomiques.com\/#website","url":"https:\/\/challengeseconomiques.com\/","name":"challenges economiques","description":"","potentialAction":[{"@type":"SearchAction","target":{"@type":"EntryPoint","urlTemplate":"https:\/\/challengeseconomiques.com\/?s={search_term_string}"},"query-input":{"@type":"PropertyValueSpecification","valueRequired":true,"valueName":"search_term_string"}}],"inLanguage":"fr-FR"},{"@type":"Person","@id":"https:\/\/challengeseconomiques.com\/#\/schema\/person\/b4568c9afebc5a9238a771873801e349","name":"admin","image":{"@type":"ImageObject","inLanguage":"fr-FR","@id":"https:\/\/challengeseconomiques.com\/#\/schema\/person\/image\/","url":"https:\/\/secure.gravatar.com\/avatar\/099e42240b5eea11acdb72751fcce0dd918603f0749d24974b7984ea47ed9fd9?s=96&d=mm&r=g","contentUrl":"https:\/\/secure.gravatar.com\/avatar\/099e42240b5eea11acdb72751fcce0dd918603f0749d24974b7984ea47ed9fd9?s=96&d=mm&r=g","caption":"admin"},"sameAs":["https:\/\/challengeseconomiques.com"],"url":"https:\/\/challengeseconomiques.com\/?author=1"}]}},"jetpack_featured_media_url":"https:\/\/challengeseconomiques.com\/wp-content\/uploads\/2024\/06\/diomayefayePR.jpg","jetpack_sharing_enabled":true,"_links":{"self":[{"href":"https:\/\/challengeseconomiques.com\/index.php?rest_route=\/wp\/v2\/posts\/7626","targetHints":{"allow":["GET"]}}],"collection":[{"href":"https:\/\/challengeseconomiques.com\/index.php?rest_route=\/wp\/v2\/posts"}],"about":[{"href":"https:\/\/challengeseconomiques.com\/index.php?rest_route=\/wp\/v2\/types\/post"}],"author":[{"embeddable":true,"href":"https:\/\/challengeseconomiques.com\/index.php?rest_route=\/wp\/v2\/users\/1"}],"replies":[{"embeddable":true,"href":"https:\/\/challengeseconomiques.com\/index.php?rest_route=%2Fwp%2Fv2%2Fcomments&post=7626"}],"version-history":[{"count":1,"href":"https:\/\/challengeseconomiques.com\/index.php?rest_route=\/wp\/v2\/posts\/7626\/revisions"}],"predecessor-version":[{"id":7627,"href":"https:\/\/challengeseconomiques.com\/index.php?rest_route=\/wp\/v2\/posts\/7626\/revisions\/7627"}],"wp:featuredmedia":[{"embeddable":true,"href":"https:\/\/challengeseconomiques.com\/index.php?rest_route=\/wp\/v2\/media\/6632"}],"wp:attachment":[{"href":"https:\/\/challengeseconomiques.com\/index.php?rest_route=%2Fwp%2Fv2%2Fmedia&parent=7626"}],"wp:term":[{"taxonomy":"category","embeddable":true,"href":"https:\/\/challengeseconomiques.com\/index.php?rest_route=%2Fwp%2Fv2%2Fcategories&post=7626"},{"taxonomy":"post_tag","embeddable":true,"href":"https:\/\/challengeseconomiques.com\/index.php?rest_route=%2Fwp%2Fv2%2Ftags&post=7626"}],"curies":[{"name":"wp","href":"https:\/\/api.w.org\/{rel}","templated":true}]}}